{"id":31192,"date":"2019-02-14T11:10:53","date_gmt":"2019-02-14T08:10:53","guid":{"rendered":"http:\/\/www.tvturk.com\/index.php\/ozel-dehset-veren-kaza-kameralara-yansidi\/"},"modified":"2019-02-14T11:10:56","modified_gmt":"2019-02-14T08:10:56","slug":"ozel-dehset-veren-kaza-kameralara-yansidi","status":"publish","type":"post","link":"http:\/\/www.tvturk.com\/index.php\/ozel-dehset-veren-kaza-kameralara-yansidi\/","title":{"rendered":"(\u00d6zel) Deh\u015fet veren kaza kameralara yans\u0131d\u0131"},"content":{"rendered":"<p>Bursa\u2019n\u0131n \u0130neg\u00f6l il\u00e7esinde meydana gelen trafik kazas\u0131nda 2 ki\u015fi \u00f6l\u00fcmden d\u00f6nerken, o anlar saniye saniye g\u00fcvenlik kameras\u0131na yans\u0131d\u0131.<\/p>\n<p>Kaza, Bursa-Ankara yolunda bulunan bir mobilya AVM \u00f6n\u00fcnde meydana geldi. Bursa\u2019dan \u0130neg\u00f6l istikametine seyir halinde olan Necmettin G\u00fcndo\u011fdu idaresindeki 34 BOA 973 plakal\u0131 otomobil, yol kenar\u0131ndaki mobilya AVM\u2019ye giri\u015f yapt\u0131\u011f\u0131 s\u0131rada arkas\u0131ndan gelen Emir \u00d6zkan\u2019\u0131n kulland\u0131\u011f\u0131 33 EAV 54 motosikletle \u00e7arp\u0131\u015ft\u0131. \u00c7arp\u0131\u015fman\u0131n etkisiyle motosikletle birlikte metrelerce s\u00fcr\u00fcklenen Emir \u00d6zkan ile arkas\u0131nda bulunan Erkan Ye\u015filda\u011f yaraland\u0131. Her iki yaral\u0131 haber verilmesi \u00fczerine kaza yerine gelen sa\u011fl\u0131k ekiplerinin ilk m\u00fcdahalesinin ard\u0131ndan ambulansla Devlet Hastanesi\u2019ne kald\u0131r\u0131larak tedavi alt\u0131na al\u0131nd\u0131lar. Yaral\u0131lar\u0131n sa\u011fl\u0131k durumlar\u0131n\u0131n iyi oldu\u011fu, kazayla ilgili soru\u015fturman\u0131n s\u00fcrd\u00fc\u011f\u00fc \u00f6\u011frenildi.<div class=\"tiled-gallery type-rectangular tiled-gallery-unresized\" data-original-width=\"500\" data-carousel-extra='null' itemscope itemtype=\"http:\/\/schema.org\/ImageGallery\" > <div class=\"gallery-row\" style=\"width: 500px; height: 228px;\" data-original-width=\"500\" data-original-height=\"228\" > <div class=\"gallery-group images-1\" style=\"width: 341px; height: 228px;\" data-original-width=\"341\" data-original-height=\"228\" > <div class=\"tiled-gallery-item tiled-gallery-item-large\" itemprop=\"associatedMedia\" itemscope itemtype=\"http:\/\/schema.org\/ImageObject\"> <a href=\"http:\/\/www.tvturk.com\/index.php\/ozel-dehset-veren-kaza-kameralara-yansidi\/ozel-dehset-veren-kaza-kameralara-yansidi-3\/\" border=\"0\" itemprop=\"url\"> <meta itemprop=\"width\" content=\"337\"> <meta itemprop=\"height\" content=\"224\"> <img decoding=\"async\" class=\"\" data-attachment-id=\"31194\" data-orig-file=\"http:\/\/www.tvturk.com\/wp-content\/uploads\/2019\/02\/ozel-dehset-veren-kaza-kameralara-yansidi_9e90fa4.jpg\" data-orig-size=\"1000,666\" data-comments-opened=\"\" data-image-meta=\"{&quot;aperture&quot;:&quot;0&quot;,&quot;credit&quot;:&quot;IHA&quot;,&quot;camera&quot;:&quot;&quot;,&quot;caption&quot;:&quot;BURSA ANKARA YOLU MOB\\u0130LYA AVM \\u00d6N\\u00dcNDE MEYDANA GELEN TRAF\\u0130K KAZASINDA 2 K\\u0130\\u015e\\u0130 \\u00d6L\\u00dcMDEN D\\u00d6ND\\u00dc.O ANLAR SAN\\u0130YE SAN\\u0130YE G\\u00dcVENL\\u0130K KAMERASINA B\\u00d6YLE YANSIDI. (SEYFETT\\u0130N ARAS\\\/BURSA-\\u0130HA)&quot;,&quot;created_timestamp&quot;:&quot;0&quot;,&quot;copyright&quot;:&quot;\\u0130HLAS HABER AJANSI, www.iha.com.tr&quot;,&quot;focal_length&quot;:&quot;0&quot;,&quot;iso&quot;:&quot;0&quot;,&quot;shutter_speed&quot;:&quot;0&quot;,&quot;title&quot;:&quot;(\\u00d6ZEL) DEH\\u015eET VEREN KAZA KAMERALARA YANSIDI&quot;,&quot;orientation&quot;:&quot;0&quot;}\" data-image-title=\"(\u00d6zel) Deh\u015fet veren kaza kameralara yans\u0131d\u0131\" data-image-description=\"&lt;p&gt;(\u00d6zel) Deh\u015fet veren kaza kameralara yans\u0131d\u0131&lt;\/p&gt; \" data-medium-file=\"https:\/\/i0.wp.com\/www.tvturk.com\/wp-content\/uploads\/2019\/02\/ozel-dehset-veren-kaza-kameralara-yansidi_9e90fa4.jpg?fit=300%2C200\" data-large-file=\"https:\/\/i0.wp.com\/www.tvturk.com\/wp-content\/uploads\/2019\/02\/ozel-dehset-veren-kaza-kameralara-yansidi_9e90fa4.jpg?fit=1000%2C666\" src=\"https:\/\/i0.wp.com\/www.tvturk.com\/wp-content\/uploads\/2019\/02\/ozel-dehset-veren-kaza-kameralara-yansidi_9e90fa4.jpg?w=337&#038;h=224\" srcset=\"https:\/\/i0.wp.com\/www.tvturk.com\/wp-content\/uploads\/2019\/02\/ozel-dehset-veren-kaza-kameralara-yansidi_9e90fa4.jpg?w=1000 1000w, https:\/\/i0.wp.com\/www.tvturk.com\/wp-content\/uploads\/2019\/02\/ozel-dehset-veren-kaza-kameralara-yansidi_9e90fa4.jpg?resize=150%2C100 150w, https:\/\/i0.wp.com\/www.tvturk.com\/wp-content\/uploads\/2019\/02\/ozel-dehset-veren-kaza-kameralara-yansidi_9e90fa4.jpg?resize=300%2C200 300w, https:\/\/i0.wp.com\/www.tvturk.com\/wp-content\/uploads\/2019\/02\/ozel-dehset-veren-kaza-kameralara-yansidi_9e90fa4.jpg?resize=768%2C511 768w, https:\/\/i0.wp.com\/www.tvturk.com\/wp-content\/uploads\/2019\/02\/ozel-dehset-veren-kaza-kameralara-yansidi_9e90fa4.jpg?resize=170%2C113 170w, https:\/\/i0.wp.com\/www.tvturk.com\/wp-content\/uploads\/2019\/02\/ozel-dehset-veren-kaza-kameralara-yansidi_9e90fa4.jpg?resize=120%2C80 120w\" width=\"337\" height=\"224\" loading=\"lazy\" data-original-width=\"337\" data-original-height=\"224\" itemprop=\"http:\/\/schema.org\/image\" title=\"(\u00d6zel) Deh\u015fet veren kaza kameralara yans\u0131d\u0131\" alt=\"(\u00d6zel) Deh\u015fet veren kaza kameralara yans\u0131d\u0131\" style=\"width: 337px; height: 224px;\" \/> <\/a> <\/div> <\/div> <!-- close group --> <div class=\"gallery-group images-2\" style=\"width: 159px; height: 228px;\" data-original-width=\"159\" data-original-height=\"228\" > <div class=\"tiled-gallery-item tiled-gallery-item-small\" itemprop=\"associatedMedia\" itemscope itemtype=\"http:\/\/schema.org\/ImageObject\"> <a href=\"http:\/\/www.tvturk.com\/index.php\/ozel-dehset-veren-kaza-kameralara-yansidi\/ozel-dehset-veren-kaza-kameralara-yansidi-4\/\" border=\"0\" itemprop=\"url\"> <meta itemprop=\"width\" content=\"155\"> <meta itemprop=\"height\" content=\"103\"> <img decoding=\"async\" class=\"\" data-attachment-id=\"31195\" data-orig-file=\"http:\/\/www.tvturk.com\/wp-content\/uploads\/2019\/02\/ozel-dehset-veren-kaza-kameralara-yansidi_5352088.jpg\" data-orig-size=\"1000,666\" data-comments-opened=\"\" data-image-meta=\"{&quot;aperture&quot;:&quot;0&quot;,&quot;credit&quot;:&quot;IHA&quot;,&quot;camera&quot;:&quot;&quot;,&quot;caption&quot;:&quot;BURSA ANKARA YOLU MOB\\u0130LYA AVM \\u00d6N\\u00dcNDE MEYDANA GELEN TRAF\\u0130K KAZASINDA 2 K\\u0130\\u015e\\u0130 \\u00d6L\\u00dcMDEN D\\u00d6ND\\u00dc.O ANLAR SAN\\u0130YE SAN\\u0130YE G\\u00dcVENL\\u0130K KAMERASINA B\\u00d6YLE YANSIDI. (SEYFETT\\u0130N ARAS\\\/BURSA-\\u0130HA)&quot;,&quot;created_timestamp&quot;:&quot;0&quot;,&quot;copyright&quot;:&quot;\\u0130HLAS HABER AJANSI, www.iha.com.tr&quot;,&quot;focal_length&quot;:&quot;0&quot;,&quot;iso&quot;:&quot;0&quot;,&quot;shutter_speed&quot;:&quot;0&quot;,&quot;title&quot;:&quot;(\\u00d6ZEL) DEH\\u015eET VEREN KAZA KAMERALARA YANSIDI&quot;,&quot;orientation&quot;:&quot;0&quot;}\" data-image-title=\"(\u00d6zel) Deh\u015fet veren kaza kameralara yans\u0131d\u0131\" data-image-description=\"&lt;p&gt;(\u00d6zel) Deh\u015fet veren kaza kameralara yans\u0131d\u0131&lt;\/p&gt; \" data-medium-file=\"https:\/\/i0.wp.com\/www.tvturk.com\/wp-content\/uploads\/2019\/02\/ozel-dehset-veren-kaza-kameralara-yansidi_5352088.jpg?fit=300%2C200\" data-large-file=\"https:\/\/i0.wp.com\/www.tvturk.com\/wp-content\/uploads\/2019\/02\/ozel-dehset-veren-kaza-kameralara-yansidi_5352088.jpg?fit=1000%2C666\" src=\"https:\/\/i0.wp.com\/www.tvturk.com\/wp-content\/uploads\/2019\/02\/ozel-dehset-veren-kaza-kameralara-yansidi_5352088.jpg?w=155&#038;h=103\" srcset=\"https:\/\/i0.wp.com\/www.tvturk.com\/wp-content\/uploads\/2019\/02\/ozel-dehset-veren-kaza-kameralara-yansidi_5352088.jpg?w=1000 1000w, https:\/\/i0.wp.com\/www.tvturk.com\/wp-content\/uploads\/2019\/02\/ozel-dehset-veren-kaza-kameralara-yansidi_5352088.jpg?resize=150%2C100 150w, https:\/\/i0.wp.com\/www.tvturk.com\/wp-content\/uploads\/2019\/02\/ozel-dehset-veren-kaza-kameralara-yansidi_5352088.jpg?resize=300%2C200 300w, https:\/\/i0.wp.com\/www.tvturk.com\/wp-content\/uploads\/2019\/02\/ozel-dehset-veren-kaza-kameralara-yansidi_5352088.jpg?resize=768%2C511 768w, https:\/\/i0.wp.com\/www.tvturk.com\/wp-content\/uploads\/2019\/02\/ozel-dehset-veren-kaza-kameralara-yansidi_5352088.jpg?resize=170%2C113 170w, https:\/\/i0.wp.com\/www.tvturk.com\/wp-content\/uploads\/2019\/02\/ozel-dehset-veren-kaza-kameralara-yansidi_5352088.jpg?resize=120%2C80 120w\" width=\"155\" height=\"103\" loading=\"lazy\" data-original-width=\"155\" data-original-height=\"103\" itemprop=\"http:\/\/schema.org\/image\" title=\"(\u00d6zel) Deh\u015fet veren kaza kameralara yans\u0131d\u0131\" alt=\"(\u00d6zel) Deh\u015fet veren kaza kameralara yans\u0131d\u0131\" style=\"width: 155px; height: 103px;\" \/> <\/a> <\/div> <div class=\"tiled-gallery-item tiled-gallery-item-small\" itemprop=\"associatedMedia\" itemscope itemtype=\"http:\/\/schema.org\/ImageObject\"> <a href=\"http:\/\/www.tvturk.com\/index.php\/ozel-dehset-veren-kaza-kameralara-yansidi\/ozel-dehset-veren-kaza-kameralara-yansidi-5\/\" border=\"0\" itemprop=\"url\"> <meta itemprop=\"width\" content=\"155\"> <meta itemprop=\"height\" content=\"117\"> <img decoding=\"async\" class=\"\" data-attachment-id=\"31196\" data-orig-file=\"http:\/\/www.tvturk.com\/wp-content\/uploads\/2019\/02\/ozel-dehset-veren-kaza-kameralara-yansidi_e2b6d13.jpg\" data-orig-size=\"640,480\" data-comments-opened=\"\" data-image-meta=\"{&quot;aperture&quot;:&quot;2.4&quot;,&quot;credit&quot;:&quot;IHA&quot;,&quot;camera&quot;:&quot;DCR-SR58E&quot;,&quot;caption&quot;:&quot;BURSA ANKARA YOLU MOB\\u0130LYA AVM \\u00d6N\\u00dcNDE MEYDANA GELEN TRAF\\u0130K KAZASINDA 2 K\\u0130\\u015e\\u0130 \\u00d6L\\u00dcMDEN D\\u00d6ND\\u00dc.O ANLAR SAN\\u0130YE SAN\\u0130YE G\\u00dcVENL\\u0130K KAMERASINA B\\u00d6YLE YANSIDI. (SEYFETT\\u0130N ARAS\\\/BURSA-\\u0130HA)&quot;,&quot;created_timestamp&quot;:&quot;1549716909&quot;,&quot;copyright&quot;:&quot;\\u0130HLAS HABER AJANSI, www.iha.com.tr&quot;,&quot;focal_length&quot;:&quot;1.8&quot;,&quot;iso&quot;:&quot;0&quot;,&quot;shutter_speed&quot;:&quot;0.0033333333333333&quot;,&quot;title&quot;:&quot;(\\u00d6ZEL) DEH\\u015eET VEREN KAZA KAMERALARA YANSIDI&quot;,&quot;orientation&quot;:&quot;1&quot;}\" data-image-title=\"(\u00d6zel) Deh\u015fet veren kaza kameralara yans\u0131d\u0131\" data-image-description=\"&lt;p&gt;(\u00d6zel) Deh\u015fet veren kaza kameralara yans\u0131d\u0131&lt;\/p&gt; \" data-medium-file=\"https:\/\/i0.wp.com\/www.tvturk.com\/wp-content\/uploads\/2019\/02\/ozel-dehset-veren-kaza-kameralara-yansidi_e2b6d13.jpg?fit=300%2C225\" data-large-file=\"https:\/\/i0.wp.com\/www.tvturk.com\/wp-content\/uploads\/2019\/02\/ozel-dehset-veren-kaza-kameralara-yansidi_e2b6d13.jpg?fit=640%2C480\" src=\"https:\/\/i0.wp.com\/www.tvturk.com\/wp-content\/uploads\/2019\/02\/ozel-dehset-veren-kaza-kameralara-yansidi_e2b6d13.jpg?w=155&#038;h=117\" srcset=\"https:\/\/i0.wp.com\/www.tvturk.com\/wp-content\/uploads\/2019\/02\/ozel-dehset-veren-kaza-kameralara-yansidi_e2b6d13.jpg?w=640 640w, https:\/\/i0.wp.com\/www.tvturk.com\/wp-content\/uploads\/2019\/02\/ozel-dehset-veren-kaza-kameralara-yansidi_e2b6d13.jpg?resize=150%2C113 150w, https:\/\/i0.wp.com\/www.tvturk.com\/wp-content\/uploads\/2019\/02\/ozel-dehset-veren-kaza-kameralara-yansidi_e2b6d13.jpg?resize=300%2C225 300w\" width=\"155\" height=\"117\" loading=\"lazy\" data-original-width=\"155\" data-original-height=\"117\" itemprop=\"http:\/\/schema.org\/image\" title=\"(\u00d6zel) Deh\u015fet veren kaza kameralara yans\u0131d\u0131\" alt=\"(\u00d6zel) Deh\u015fet veren kaza kameralara yans\u0131d\u0131\" style=\"width: 155px; height: 117px;\" \/> <\/a> <\/div> <\/div> <!-- close group --> <\/div> <!-- close row --> <div class=\"gallery-row\" style=\"width: 500px; height: 283px;\" data-original-width=\"500\" data-original-height=\"283\" > <div class=\"gallery-group images-1\" style=\"width: 500px; height: 283px;\" data-original-width=\"500\" data-original-height=\"283\" > <div class=\"tiled-gallery-item tiled-gallery-item-large\" itemprop=\"associatedMedia\" itemscope itemtype=\"http:\/\/schema.org\/ImageObject\"> <a href=\"http:\/\/www.tvturk.com\/index.php\/ozel-dehset-veren-kaza-kameralara-yansidi\/ozel-dehset-veren-kaza-kameralara-yansidi-6\/\" border=\"0\" itemprop=\"url\"> <meta itemprop=\"width\" content=\"496\"> <meta itemprop=\"height\" content=\"279\"> <img decoding=\"async\" class=\"\" data-attachment-id=\"31197\" data-orig-file=\"http:\/\/www.tvturk.com\/wp-content\/uploads\/2019\/02\/ozel-dehset-veren-kaza-kameralara-yansidi_a22728b.jpg\" data-orig-size=\"1000,562\" data-comments-opened=\"\" data-image-meta=\"{&quot;aperture&quot;:&quot;0&quot;,&quot;credit&quot;:&quot;IHA&quot;,&quot;camera&quot;:&quot;&quot;,&quot;caption&quot;:&quot;BURSA ANKARA YOLU MOB\\u0130LYA AVM \\u00d6N\\u00dcNDE MEYDANA GELEN TRAF\\u0130K KAZASINDA 2 K\\u0130\\u015e\\u0130 \\u00d6L\\u00dcMDEN D\\u00d6ND\\u00dc.O ANLAR SAN\\u0130YE SAN\\u0130YE G\\u00dcVENL\\u0130K KAMERASINA B\\u00d6YLE YANSIDI. (SEYFETT\\u0130N ARAS\\\/BURSA-\\u0130HA)&quot;,&quot;created_timestamp&quot;:&quot;0&quot;,&quot;copyright&quot;:&quot;\\u0130HLAS HABER AJANSI, www.iha.com.tr&quot;,&quot;focal_length&quot;:&quot;0&quot;,&quot;iso&quot;:&quot;0&quot;,&quot;shutter_speed&quot;:&quot;0&quot;,&quot;title&quot;:&quot;(\\u00d6ZEL) DEH\\u015eET VEREN KAZA KAMERALARA YANSIDI&quot;,&quot;orientation&quot;:&quot;0&quot;}\" data-image-title=\"(\u00d6zel) Deh\u015fet veren kaza kameralara yans\u0131d\u0131\" data-image-description=\"&lt;p&gt;(\u00d6zel) Deh\u015fet veren kaza kameralara yans\u0131d\u0131&lt;\/p&gt; \" data-medium-file=\"https:\/\/i0.wp.com\/www.tvturk.com\/wp-content\/uploads\/2019\/02\/ozel-dehset-veren-kaza-kameralara-yansidi_a22728b.jpg?fit=300%2C169\" data-large-file=\"https:\/\/i0.wp.com\/www.tvturk.com\/wp-content\/uploads\/2019\/02\/ozel-dehset-veren-kaza-kameralara-yansidi_a22728b.jpg?fit=1000%2C562\" src=\"https:\/\/i0.wp.com\/www.tvturk.com\/wp-content\/uploads\/2019\/02\/ozel-dehset-veren-kaza-kameralara-yansidi_a22728b.jpg?w=496&#038;h=279\" srcset=\"https:\/\/i0.wp.com\/www.tvturk.com\/wp-content\/uploads\/2019\/02\/ozel-dehset-veren-kaza-kameralara-yansidi_a22728b.jpg?w=1000 1000w, https:\/\/i0.wp.com\/www.tvturk.com\/wp-content\/uploads\/2019\/02\/ozel-dehset-veren-kaza-kameralara-yansidi_a22728b.jpg?resize=150%2C84 150w, https:\/\/i0.wp.com\/www.tvturk.com\/wp-content\/uploads\/2019\/02\/ozel-dehset-veren-kaza-kameralara-yansidi_a22728b.jpg?resize=300%2C169 300w, https:\/\/i0.wp.com\/www.tvturk.com\/wp-content\/uploads\/2019\/02\/ozel-dehset-veren-kaza-kameralara-yansidi_a22728b.jpg?resize=768%2C432 768w, https:\/\/i0.wp.com\/www.tvturk.com\/wp-content\/uploads\/2019\/02\/ozel-dehset-veren-kaza-kameralara-yansidi_a22728b.jpg?resize=200%2C113 200w\" width=\"496\" height=\"279\" loading=\"lazy\" data-original-width=\"496\" data-original-height=\"279\" itemprop=\"http:\/\/schema.org\/image\" title=\"(\u00d6zel) Deh\u015fet veren kaza kameralara yans\u0131d\u0131\" alt=\"(\u00d6zel) Deh\u015fet veren kaza kameralara yans\u0131d\u0131\" style=\"width: 496px; height: 279px;\" \/> <\/a> <\/div> <\/div> <!-- close group --> <\/div> <!-- close row --> <\/div><\/p>\n","protected":false},"excerpt":{"rendered":"<p>BURSA ANKARA YOLU MOB\u0130LYA AVM \u00d6N\u00dcNDE MEYDANA GELEN TRAF\u0130K KAZASINDA 2 K\u0130\u015e\u0130 \u00d6L\u00dcMDEN D\u00d6ND\u00dc.O ANLAR SAN\u0130YE SAN\u0130YE G\u00dcVENL\u0130K KAMERASINA B\u00d6YLE YANSIDI.<\/p>\n","protected":false},"author":1,"featured_media":31193,"comment_status":"closed","ping_status":"open","sticky":false,"template":"","format":"standard","meta":{"jetpack_post_was_ever_published":false,"_jetpack_newsletter_access":"","_jetpack_dont_email_post_to_subs":false,"_jetpack_newsletter_tier_id":0,"_jetpack_memberships_contains_paywalled_content":false,"_jetpack_memberships_contains_paid_content":false,"footnotes":"","jetpack_publicize_message":"","jetpack_publicize_feature_enabled":true,"jetpack_social_post_already_shared":false,"jetpack_social_options":{"image_generator_settings":{"template":"highway","default_image_id":0,"font":"","enabled":false},"version":2}},"categories":[655],"tags":[1073,4744,6032,852,5726,1948],"class_list":["post-31192","post","type-post","status-publish","format-standard","has-post-thumbnail","hentry","category-son-dakika","tag-ozel","tag-dehset","tag-kameralara","tag-kaza","tag-veren","tag-yansidi"],"jetpack_publicize_connections":[],"jetpack_featured_media_url":"https:\/\/i0.wp.com\/www.tvturk.com\/wp-content\/uploads\/2019\/02\/ozel-dehset-veren-kaza-kameralara-yansidi_2f3c7e1.jpg?fit=1000%2C601","jetpack_sharing_enabled":true,"jetpack_shortlink":"https:\/\/wp.me\/paKIfm-876","_links":{"self":[{"href":"http:\/\/www.tvturk.com\/index.php\/wp-json\/wp\/v2\/posts\/31192","targetHints":{"allow":["GET"]}}],"collection":[{"href":"http:\/\/www.tvturk.com\/index.php\/wp-json\/wp\/v2\/posts"}],"about":[{"href":"http:\/\/www.tvturk.com\/index.php\/wp-json\/wp\/v2\/types\/post"}],"author":[{"embeddable":true,"href":"http:\/\/www.tvturk.com\/index.php\/wp-json\/wp\/v2\/users\/1"}],"replies":[{"embeddable":true,"href":"http:\/\/www.tvturk.com\/index.php\/wp-json\/wp\/v2\/comments?post=31192"}],"version-history":[{"count":1,"href":"http:\/\/www.tvturk.com\/index.php\/wp-json\/wp\/v2\/posts\/31192\/revisions"}],"predecessor-version":[{"id":31198,"href":"http:\/\/www.tvturk.com\/index.php\/wp-json\/wp\/v2\/posts\/31192\/revisions\/31198"}],"wp:featuredmedia":[{"embeddable":true,"href":"http:\/\/www.tvturk.com\/index.php\/wp-json\/wp\/v2\/media\/31193"}],"wp:attachment":[{"href":"http:\/\/www.tvturk.com\/index.php\/wp-json\/wp\/v2\/media?parent=31192"}],"wp:term":[{"taxonomy":"category","embeddable":true,"href":"http:\/\/www.tvturk.com\/index.php\/wp-json\/wp\/v2\/categories?post=31192"},{"taxonomy":"post_tag","embeddable":true,"href":"http:\/\/www.tvturk.com\/index.php\/wp-json\/wp\/v2\/tags?post=31192"}],"curies":[{"name":"wp","href":"https:\/\/api.w.org\/{rel}","templated":true}]}}