{"id":31217,"date":"2019-02-14T11:11:08","date_gmt":"2019-02-14T08:11:08","guid":{"rendered":"http:\/\/www.tvturk.com\/index.php\/istanbulda-gobeklitepe-fotograf-sergisi\/"},"modified":"2019-02-14T11:11:12","modified_gmt":"2019-02-14T08:11:12","slug":"istanbulda-gobeklitepe-fotograf-sergisi","status":"publish","type":"post","link":"http:\/\/www.tvturk.com\/index.php\/istanbulda-gobeklitepe-fotograf-sergisi\/","title":{"rendered":"\u0130stanbul\u2019da G\u00f6beklitepe foto\u011fraf sergisi"},"content":{"rendered":"<p>Haliliye Belediyesi, 12 bin y\u0131ll\u0131k tarihi ile Unesco D\u00fcnya Miras\u0131 Kal\u0131c\u0131 Listesinde yer alan ve Cumhurba\u015fkan\u0131 Recep Tayyip Erdo\u011fan taraf\u0131ndan 2019 y\u0131l\u0131 olarak ilan edilen Haliliye \u0130l\u00e7esindeki G\u00f6beklitepe\u2019nin tan\u0131t\u0131m\u0131 ile ilgili mega \u015fehir olan \u0130stanbul\u2019da G\u00f6beklitepe Foto\u011fraf Sergisi a\u00e7t\u0131. Serginin resmi a\u00e7\u0131l\u0131\u015f\u0131nda konu\u015fan Belediye Ba\u015fkan Fevzi Demirkol, \u201cD\u00fcnyan\u0131n t\u00fcm \u00fclkelerine mensup insanlar\u0131n ge\u00e7ti\u011fi bu alanda G\u00f6beklitepe\u2019yi tan\u0131t\u0131yoruz\u201d dedi.<\/p>\n<p>G\u00f6beklitepe\u2019nin tan\u0131t\u0131m\u0131 ile ilgili ulusal ve uluslararas\u0131 alanlarda bir \u00e7ok \u00e7al\u0131\u015fma yaparak, turistlerin ilgisini \u015eanl\u0131urfa ve G\u00f6beklitepe\u2019ye \u00e7eken Belediye Ba\u015fkan\u0131 Fevzi Demirkol, 2019 y\u0131l\u0131n\u0131n G\u00f6beklitepe y\u0131l\u0131 olarak ilan edilmesiyle birlikte yeni bir \u00e7al\u0131\u015fmaya daha imza att\u0131. Ba\u015fkan Demirkol\u2019un talimatlar\u0131 ile yap\u0131lan haz\u0131rl\u0131k sonucu mega \u015fehir \u0130stanbul\u2019da g\u00fcnl\u00fck 700 bin ki\u015finin u\u011frad\u0131\u011f\u0131 Yeni Kap\u0131 Metro \u0130stasyonu Sergi Alan\u0131nda G\u00f6beklitepe Foto\u011fraf Sergisi a\u00e7\u0131ld\u0131.<\/p>\n<p>4- 17 \u015eubat 2019 tarihleri aras\u0131nda ziyarete a\u00e7\u0131lan G\u00f6beklitepe Foto\u011fraf Sergisinin d\u00fczenlenen resmi a\u00e7\u0131l\u0131\u015f program\u0131na Ba\u015fkan Fevzi Demirkol, \u0130stanbul \u015eanl\u0131urfa Dayan\u0131\u015fma Derne\u011fi Ba\u015fkan\u0131 M\u00fcsl\u00fcm Kayacan, STK ba\u015fkanlar\u0131 ve \u015eanl\u0131urfal\u0131lar kat\u0131ld\u0131. Programda konu\u015fan Demirkol, G\u00f6beklitepe\u2019nin tan\u0131t\u0131m\u0131 ile ilgili yapt\u0131klar\u0131 \u00e7al\u0131\u015fmalar ile turistlerin ilgisini \u015eanl\u0131urfa\u2019ya \u00e7ekmeye \u00e7al\u0131\u015ft\u0131klar\u0131n\u0131 s\u00f6yledi. G\u00f6beklitepe\u2019nin hem Unesco D\u00fcnya Miras\u0131 Kal\u0131c\u0131 Listesine girmesi hem de Cumhurba\u015fkan\u0131 Recep Tayyip Erdo\u011fan taraf\u0131ndan 2019 y\u0131l\u0131 olarak ilan edilmesi istikametlerinin do\u011fru oldu\u011funun g\u00f6stergesi oldu\u011funu anlatan Ba\u015fkan Demirkol, \u201cG\u00f6beklitepe Foto\u011fraf Sergisini, \u015eanl\u0131urfa\u2019n\u0131n d\u0131\u015f\u0131nda \u0130stanbul\u2019da yo\u011fun bir sirk\u00fclasyonun oldu\u011fu Yeni Kap\u0131 Metro \u0130stasyonunda a\u00e7t\u0131k. D\u00fcnyan\u0131n t\u00fcm \u00fclkelerine mensup insanlar\u0131n ge\u00e7ti\u011fi bu alanda G\u00f6beklitepe\u2019yi tan\u0131t\u0131yoruz. Bilindi\u011fi gibi G\u00f6beklitepe, d\u00fcnyan\u0131n bilinen en eski tarihi eseri. G\u00f6beklitepe\u2019nin tan\u0131t\u0131m\u0131 ile ilgili 2014 y\u0131l\u0131ndan bug\u00fcne ulusal ve uluslararas\u0131 alanlarda \u00e7al\u0131\u015fmalar yapt\u0131k. \u0130stikametimiz do\u011fruydu, 2018 y\u0131l\u0131nda G\u00f6beklitepe, Unesco taraf\u0131ndan D\u00fcnya Miras\u0131 Kal\u0131c\u0131 Listesinde yer ald\u0131 ve Cumhurba\u015fkan\u0131m\u0131z Recep Tayyip Erdo\u011fan taraf\u0131ndan 2019 y\u0131l\u0131 olarak ilan edildi. Bu sayede \u015eanl\u0131urfa\u2019m\u0131za ilgili daha da artt\u0131\u201d diye konu\u015ftu.<\/p>\n<p>Demirkol\u2019un konu\u015fmas\u0131n\u0131n ard\u0131ndan davetliler, a\u00e7\u0131l\u0131\u015f\u0131 yap\u0131lan foto\u011fraf sergisini gezdi.<div class=\"tiled-gallery type-rectangular tiled-gallery-unresized\" data-original-width=\"500\" data-carousel-extra='null' itemscope itemtype=\"http:\/\/schema.org\/ImageGallery\" > <div class=\"gallery-row\" style=\"width: 500px; height: 218px;\" data-original-width=\"500\" data-original-height=\"218\" > <div class=\"gallery-group images-1\" style=\"width: 334px; height: 218px;\" data-original-width=\"334\" data-original-height=\"218\" > <div class=\"tiled-gallery-item tiled-gallery-item-large\" itemprop=\"associatedMedia\" itemscope itemtype=\"http:\/\/schema.org\/ImageObject\"> <a href=\"http:\/\/www.tvturk.com\/index.php\/istanbulda-gobeklitepe-fotograf-sergisi\/istanbulda-gobeklitepe-fotograf-sergisi-3\/\" border=\"0\" itemprop=\"url\"> <meta itemprop=\"width\" content=\"330\"> <meta itemprop=\"height\" content=\"214\"> <img decoding=\"async\" class=\"\" data-attachment-id=\"31219\" data-orig-file=\"http:\/\/www.tvturk.com\/wp-content\/uploads\/2019\/02\/istanbulda-gobeklitepe-fotograf-sergisi_30b6420.jpg\" data-orig-size=\"1000,650\" data-comments-opened=\"\" data-image-meta=\"{&quot;aperture&quot;:&quot;0&quot;,&quot;credit&quot;:&quot;IHA&quot;,&quot;camera&quot;:&quot;&quot;,&quot;caption&quot;:&quot;\\u0130STANBUL\\u2019DA G\\u00d6BEKL\\u0130TEPE FOTO\\u011eRAF SERG\\u0130S\\u0130 (\\u0130HA\\\/\\u015eANLIURFA-\\u0130HA)&quot;,&quot;created_timestamp&quot;:&quot;0&quot;,&quot;copyright&quot;:&quot;\\u0130HLAS HABER AJANSI, www.iha.com.tr&quot;,&quot;focal_length&quot;:&quot;0&quot;,&quot;iso&quot;:&quot;0&quot;,&quot;shutter_speed&quot;:&quot;0&quot;,&quot;title&quot;:&quot;\\u0130STANBUL\\u2019DA G\\u00d6BEKL\\u0130TEPE FOTO\\u011eRAF SERG\\u0130S\\u0130&quot;,&quot;orientation&quot;:&quot;0&quot;}\" data-image-title=\"\u0130stanbul\u2019da G\u00f6beklitepe foto\u011fraf sergisi\" data-image-description=\"&lt;p&gt;\u0130stanbul\u2019da G\u00f6beklitepe foto\u011fraf sergisi&lt;\/p&gt; \" data-medium-file=\"https:\/\/i0.wp.com\/www.tvturk.com\/wp-content\/uploads\/2019\/02\/istanbulda-gobeklitepe-fotograf-sergisi_30b6420.jpg?fit=300%2C195\" data-large-file=\"https:\/\/i0.wp.com\/www.tvturk.com\/wp-content\/uploads\/2019\/02\/istanbulda-gobeklitepe-fotograf-sergisi_30b6420.jpg?fit=1000%2C650\" src=\"https:\/\/i0.wp.com\/www.tvturk.com\/wp-content\/uploads\/2019\/02\/istanbulda-gobeklitepe-fotograf-sergisi_30b6420.jpg?w=330&#038;h=214\" srcset=\"https:\/\/i0.wp.com\/www.tvturk.com\/wp-content\/uploads\/2019\/02\/istanbulda-gobeklitepe-fotograf-sergisi_30b6420.jpg?w=1000 1000w, https:\/\/i0.wp.com\/www.tvturk.com\/wp-content\/uploads\/2019\/02\/istanbulda-gobeklitepe-fotograf-sergisi_30b6420.jpg?resize=150%2C98 150w, https:\/\/i0.wp.com\/www.tvturk.com\/wp-content\/uploads\/2019\/02\/istanbulda-gobeklitepe-fotograf-sergisi_30b6420.jpg?resize=300%2C195 300w, https:\/\/i0.wp.com\/www.tvturk.com\/wp-content\/uploads\/2019\/02\/istanbulda-gobeklitepe-fotograf-sergisi_30b6420.jpg?resize=768%2C499 768w, https:\/\/i0.wp.com\/www.tvturk.com\/wp-content\/uploads\/2019\/02\/istanbulda-gobeklitepe-fotograf-sergisi_30b6420.jpg?resize=510%2C330 510w\" width=\"330\" height=\"214\" loading=\"lazy\" data-original-width=\"330\" data-original-height=\"214\" itemprop=\"http:\/\/schema.org\/image\" title=\"\u0130stanbul\u2019da G\u00f6beklitepe foto\u011fraf sergisi\" alt=\"\u0130stanbul\u2019da G\u00f6beklitepe foto\u011fraf sergisi\" style=\"width: 330px; height: 214px;\" \/> <\/a> <\/div> <\/div> <!-- close group --> <div class=\"gallery-group images-2\" style=\"width: 166px; height: 218px;\" data-original-width=\"166\" data-original-height=\"218\" > <div class=\"tiled-gallery-item tiled-gallery-item-small\" itemprop=\"associatedMedia\" itemscope itemtype=\"http:\/\/schema.org\/ImageObject\"> <a href=\"http:\/\/www.tvturk.com\/index.php\/istanbulda-gobeklitepe-fotograf-sergisi\/istanbulda-gobeklitepe-fotograf-sergisi-4\/\" border=\"0\" itemprop=\"url\"> <meta itemprop=\"width\" content=\"162\"> <meta itemprop=\"height\" content=\"103\"> <img decoding=\"async\" class=\"\" data-attachment-id=\"31220\" data-orig-file=\"http:\/\/www.tvturk.com\/wp-content\/uploads\/2019\/02\/istanbulda-gobeklitepe-fotograf-sergisi_0ad31c4.jpg\" data-orig-size=\"1000,639\" data-comments-opened=\"\" data-image-meta=\"{&quot;aperture&quot;:&quot;0&quot;,&quot;credit&quot;:&quot;IHA&quot;,&quot;camera&quot;:&quot;&quot;,&quot;caption&quot;:&quot;\\u0130STANBUL\\u2019DA G\\u00d6BEKL\\u0130TEPE FOTO\\u011eRAF SERG\\u0130S\\u0130 (\\u0130HA\\\/\\u015eANLIURFA-\\u0130HA)&quot;,&quot;created_timestamp&quot;:&quot;0&quot;,&quot;copyright&quot;:&quot;\\u0130HLAS HABER AJANSI, www.iha.com.tr&quot;,&quot;focal_length&quot;:&quot;0&quot;,&quot;iso&quot;:&quot;0&quot;,&quot;shutter_speed&quot;:&quot;0&quot;,&quot;title&quot;:&quot;\\u0130STANBUL\\u2019DA G\\u00d6BEKL\\u0130TEPE FOTO\\u011eRAF SERG\\u0130S\\u0130&quot;,&quot;orientation&quot;:&quot;0&quot;}\" data-image-title=\"\u0130stanbul\u2019da G\u00f6beklitepe foto\u011fraf sergisi\" data-image-description=\"&lt;p&gt;\u0130stanbul\u2019da G\u00f6beklitepe foto\u011fraf sergisi&lt;\/p&gt; \" data-medium-file=\"https:\/\/i0.wp.com\/www.tvturk.com\/wp-content\/uploads\/2019\/02\/istanbulda-gobeklitepe-fotograf-sergisi_0ad31c4.jpg?fit=300%2C192\" data-large-file=\"https:\/\/i0.wp.com\/www.tvturk.com\/wp-content\/uploads\/2019\/02\/istanbulda-gobeklitepe-fotograf-sergisi_0ad31c4.jpg?fit=1000%2C639\" src=\"https:\/\/i0.wp.com\/www.tvturk.com\/wp-content\/uploads\/2019\/02\/istanbulda-gobeklitepe-fotograf-sergisi_0ad31c4.jpg?w=162&#038;h=103\" srcset=\"https:\/\/i0.wp.com\/www.tvturk.com\/wp-content\/uploads\/2019\/02\/istanbulda-gobeklitepe-fotograf-sergisi_0ad31c4.jpg?w=1000 1000w, https:\/\/i0.wp.com\/www.tvturk.com\/wp-content\/uploads\/2019\/02\/istanbulda-gobeklitepe-fotograf-sergisi_0ad31c4.jpg?resize=150%2C96 150w, https:\/\/i0.wp.com\/www.tvturk.com\/wp-content\/uploads\/2019\/02\/istanbulda-gobeklitepe-fotograf-sergisi_0ad31c4.jpg?resize=300%2C192 300w, https:\/\/i0.wp.com\/www.tvturk.com\/wp-content\/uploads\/2019\/02\/istanbulda-gobeklitepe-fotograf-sergisi_0ad31c4.jpg?resize=768%2C491 768w, https:\/\/i0.wp.com\/www.tvturk.com\/wp-content\/uploads\/2019\/02\/istanbulda-gobeklitepe-fotograf-sergisi_0ad31c4.jpg?resize=460%2C290 460w\" width=\"162\" height=\"103\" loading=\"lazy\" data-original-width=\"162\" data-original-height=\"103\" itemprop=\"http:\/\/schema.org\/image\" title=\"\u0130stanbul\u2019da G\u00f6beklitepe foto\u011fraf sergisi\" alt=\"\u0130stanbul\u2019da G\u00f6beklitepe foto\u011fraf sergisi\" style=\"width: 162px; height: 103px;\" \/> <\/a> <\/div> <div class=\"tiled-gallery-item tiled-gallery-item-small\" itemprop=\"associatedMedia\" itemscope itemtype=\"http:\/\/schema.org\/ImageObject\"> <a href=\"http:\/\/www.tvturk.com\/index.php\/istanbulda-gobeklitepe-fotograf-sergisi\/istanbulda-gobeklitepe-fotograf-sergisi-5\/\" border=\"0\" itemprop=\"url\"> <meta itemprop=\"width\" content=\"162\"> <meta itemprop=\"height\" content=\"107\"> <img decoding=\"async\" class=\"\" data-attachment-id=\"31221\" data-orig-file=\"http:\/\/www.tvturk.com\/wp-content\/uploads\/2019\/02\/istanbulda-gobeklitepe-fotograf-sergisi_8ffa703.jpg\" data-orig-size=\"1000,658\" data-comments-opened=\"\" data-image-meta=\"{&quot;aperture&quot;:&quot;0&quot;,&quot;credit&quot;:&quot;IHA&quot;,&quot;camera&quot;:&quot;&quot;,&quot;caption&quot;:&quot;\\u0130STANBUL\\u2019DA G\\u00d6BEKL\\u0130TEPE FOTO\\u011eRAF SERG\\u0130S\\u0130 (\\u0130HA\\\/\\u015eANLIURFA-\\u0130HA)&quot;,&quot;created_timestamp&quot;:&quot;0&quot;,&quot;copyright&quot;:&quot;\\u0130HLAS HABER AJANSI, www.iha.com.tr&quot;,&quot;focal_length&quot;:&quot;0&quot;,&quot;iso&quot;:&quot;0&quot;,&quot;shutter_speed&quot;:&quot;0&quot;,&quot;title&quot;:&quot;\\u0130STANBUL\\u2019DA G\\u00d6BEKL\\u0130TEPE FOTO\\u011eRAF SERG\\u0130S\\u0130&quot;,&quot;orientation&quot;:&quot;0&quot;}\" data-image-title=\"\u0130stanbul\u2019da G\u00f6beklitepe foto\u011fraf sergisi\" data-image-description=\"&lt;p&gt;\u0130stanbul\u2019da G\u00f6beklitepe foto\u011fraf sergisi&lt;\/p&gt; \" data-medium-file=\"https:\/\/i0.wp.com\/www.tvturk.com\/wp-content\/uploads\/2019\/02\/istanbulda-gobeklitepe-fotograf-sergisi_8ffa703.jpg?fit=300%2C197\" data-large-file=\"https:\/\/i0.wp.com\/www.tvturk.com\/wp-content\/uploads\/2019\/02\/istanbulda-gobeklitepe-fotograf-sergisi_8ffa703.jpg?fit=1000%2C658\" src=\"https:\/\/i0.wp.com\/www.tvturk.com\/wp-content\/uploads\/2019\/02\/istanbulda-gobeklitepe-fotograf-sergisi_8ffa703.jpg?w=162&#038;h=107\" srcset=\"https:\/\/i0.wp.com\/www.tvturk.com\/wp-content\/uploads\/2019\/02\/istanbulda-gobeklitepe-fotograf-sergisi_8ffa703.jpg?w=1000 1000w, https:\/\/i0.wp.com\/www.tvturk.com\/wp-content\/uploads\/2019\/02\/istanbulda-gobeklitepe-fotograf-sergisi_8ffa703.jpg?resize=150%2C99 150w, https:\/\/i0.wp.com\/www.tvturk.com\/wp-content\/uploads\/2019\/02\/istanbulda-gobeklitepe-fotograf-sergisi_8ffa703.jpg?resize=300%2C200 300w, https:\/\/i0.wp.com\/www.tvturk.com\/wp-content\/uploads\/2019\/02\/istanbulda-gobeklitepe-fotograf-sergisi_8ffa703.jpg?resize=768%2C505 768w, https:\/\/i0.wp.com\/www.tvturk.com\/wp-content\/uploads\/2019\/02\/istanbulda-gobeklitepe-fotograf-sergisi_8ffa703.jpg?resize=170%2C113 170w, https:\/\/i0.wp.com\/www.tvturk.com\/wp-content\/uploads\/2019\/02\/istanbulda-gobeklitepe-fotograf-sergisi_8ffa703.jpg?resize=120%2C80 120w\" width=\"162\" height=\"107\" loading=\"lazy\" data-original-width=\"162\" data-original-height=\"107\" itemprop=\"http:\/\/schema.org\/image\" title=\"\u0130stanbul\u2019da G\u00f6beklitepe foto\u011fraf sergisi\" alt=\"\u0130stanbul\u2019da G\u00f6beklitepe foto\u011fraf sergisi\" style=\"width: 162px; height: 107px;\" \/> <\/a> <\/div> <\/div> <!-- close group --> <\/div> <!-- close row --> <div class=\"gallery-row\" style=\"width: 500px; height: 334px;\" data-original-width=\"500\" data-original-height=\"334\" > <div class=\"gallery-group images-1\" style=\"width: 500px; height: 334px;\" data-original-width=\"500\" data-original-height=\"334\" > <div class=\"tiled-gallery-item tiled-gallery-item-large\" itemprop=\"associatedMedia\" itemscope itemtype=\"http:\/\/schema.org\/ImageObject\"> <a href=\"http:\/\/www.tvturk.com\/index.php\/istanbulda-gobeklitepe-fotograf-sergisi\/istanbulda-gobeklitepe-fotograf-sergisi-6\/\" border=\"0\" itemprop=\"url\"> <meta itemprop=\"width\" content=\"496\"> <meta itemprop=\"height\" content=\"330\"> <img decoding=\"async\" class=\"\" data-attachment-id=\"31222\" data-orig-file=\"http:\/\/www.tvturk.com\/wp-content\/uploads\/2019\/02\/istanbulda-gobeklitepe-fotograf-sergisi_7ab1ccb.jpg\" data-orig-size=\"1000,666\" data-comments-opened=\"\" data-image-meta=\"{&quot;aperture&quot;:&quot;0&quot;,&quot;credit&quot;:&quot;IHA&quot;,&quot;camera&quot;:&quot;&quot;,&quot;caption&quot;:&quot;\\u0130STANBUL\\u2019DA G\\u00d6BEKL\\u0130TEPE FOTO\\u011eRAF SERG\\u0130S\\u0130 (\\u0130HA\\\/\\u015eANLIURFA-\\u0130HA)&quot;,&quot;created_timestamp&quot;:&quot;0&quot;,&quot;copyright&quot;:&quot;\\u0130HLAS HABER AJANSI, www.iha.com.tr&quot;,&quot;focal_length&quot;:&quot;0&quot;,&quot;iso&quot;:&quot;0&quot;,&quot;shutter_speed&quot;:&quot;0&quot;,&quot;title&quot;:&quot;\\u0130STANBUL\\u2019DA G\\u00d6BEKL\\u0130TEPE FOTO\\u011eRAF SERG\\u0130S\\u0130&quot;,&quot;orientation&quot;:&quot;0&quot;}\" data-image-title=\"\u0130stanbul\u2019da G\u00f6beklitepe foto\u011fraf sergisi\" data-image-description=\"&lt;p&gt;\u0130stanbul\u2019da G\u00f6beklitepe foto\u011fraf sergisi&lt;\/p&gt; \" data-medium-file=\"https:\/\/i0.wp.com\/www.tvturk.com\/wp-content\/uploads\/2019\/02\/istanbulda-gobeklitepe-fotograf-sergisi_7ab1ccb.jpg?fit=300%2C200\" data-large-file=\"https:\/\/i0.wp.com\/www.tvturk.com\/wp-content\/uploads\/2019\/02\/istanbulda-gobeklitepe-fotograf-sergisi_7ab1ccb.jpg?fit=1000%2C666\" src=\"https:\/\/i0.wp.com\/www.tvturk.com\/wp-content\/uploads\/2019\/02\/istanbulda-gobeklitepe-fotograf-sergisi_7ab1ccb.jpg?w=496&#038;h=330\" srcset=\"https:\/\/i0.wp.com\/www.tvturk.com\/wp-content\/uploads\/2019\/02\/istanbulda-gobeklitepe-fotograf-sergisi_7ab1ccb.jpg?w=1000 1000w, https:\/\/i0.wp.com\/www.tvturk.com\/wp-content\/uploads\/2019\/02\/istanbulda-gobeklitepe-fotograf-sergisi_7ab1ccb.jpg?resize=150%2C100 150w, https:\/\/i0.wp.com\/www.tvturk.com\/wp-content\/uploads\/2019\/02\/istanbulda-gobeklitepe-fotograf-sergisi_7ab1ccb.jpg?resize=300%2C200 300w, https:\/\/i0.wp.com\/www.tvturk.com\/wp-content\/uploads\/2019\/02\/istanbulda-gobeklitepe-fotograf-sergisi_7ab1ccb.jpg?resize=768%2C511 768w, https:\/\/i0.wp.com\/www.tvturk.com\/wp-content\/uploads\/2019\/02\/istanbulda-gobeklitepe-fotograf-sergisi_7ab1ccb.jpg?resize=170%2C113 170w, https:\/\/i0.wp.com\/www.tvturk.com\/wp-content\/uploads\/2019\/02\/istanbulda-gobeklitepe-fotograf-sergisi_7ab1ccb.jpg?resize=120%2C80 120w\" width=\"496\" height=\"330\" loading=\"lazy\" data-original-width=\"496\" data-original-height=\"330\" itemprop=\"http:\/\/schema.org\/image\" title=\"\u0130stanbul\u2019da G\u00f6beklitepe foto\u011fraf sergisi\" alt=\"\u0130stanbul\u2019da G\u00f6beklitepe foto\u011fraf sergisi\" style=\"width: 496px; height: 330px;\" \/> <\/a> <\/div> <\/div> <!-- close group --> <\/div> <!-- close row --> <\/div><\/p>\n","protected":false},"excerpt":{"rendered":"<p>\u0130STANBUL\u2019DA G\u00d6BEKL\u0130TEPE FOTO\u011eRAF SERG\u0130S\u0130<\/p>\n","protected":false},"author":1,"featured_media":31218,"comment_status":"closed","ping_status":"open","sticky":false,"template":"","format":"standard","meta":{"jetpack_post_was_ever_published":false,"_jetpack_newsletter_access":"","_jetpack_dont_email_post_to_subs":false,"_jetpack_newsletter_tier_id":0,"_jetpack_memberships_contains_paywalled_content":false,"_jetpack_memberships_contains_paid_content":false,"footnotes":"","jetpack_publicize_message":"","jetpack_publicize_feature_enabled":true,"jetpack_social_post_already_shared":false,"jetpack_social_options":{"image_generator_settings":{"template":"highway","default_image_id":0,"font":"","enabled":false},"version":2}},"categories":[655],"tags":[5874,7657,1268,1335],"class_list":["post-31217","post","type-post","status-publish","format-standard","has-post-thumbnail","hentry","category-son-dakika","tag-fotograf","tag-gobeklitepe","tag-istanbulda","tag-sergisi"],"jetpack_publicize_connections":[],"jetpack_featured_media_url":"https:\/\/i0.wp.com\/www.tvturk.com\/wp-content\/uploads\/2019\/02\/istanbulda-gobeklitepe-fotograf-sergisi_7b63637.jpg?fit=1000%2C715","jetpack_sharing_enabled":true,"jetpack_shortlink":"https:\/\/wp.me\/paKIfm-87v","_links":{"self":[{"href":"http:\/\/www.tvturk.com\/index.php\/wp-json\/wp\/v2\/posts\/31217","targetHints":{"allow":["GET"]}}],"collection":[{"href":"http:\/\/www.tvturk.com\/index.php\/wp-json\/wp\/v2\/posts"}],"about":[{"href":"http:\/\/www.tvturk.com\/index.php\/wp-json\/wp\/v2\/types\/post"}],"author":[{"embeddable":true,"href":"http:\/\/www.tvturk.com\/index.php\/wp-json\/wp\/v2\/users\/1"}],"replies":[{"embeddable":true,"href":"http:\/\/www.tvturk.com\/index.php\/wp-json\/wp\/v2\/comments?post=31217"}],"version-history":[{"count":1,"href":"http:\/\/www.tvturk.com\/index.php\/wp-json\/wp\/v2\/posts\/31217\/revisions"}],"predecessor-version":[{"id":31223,"href":"http:\/\/www.tvturk.com\/index.php\/wp-json\/wp\/v2\/posts\/31217\/revisions\/31223"}],"wp:featuredmedia":[{"embeddable":true,"href":"http:\/\/www.tvturk.com\/index.php\/wp-json\/wp\/v2\/media\/31218"}],"wp:attachment":[{"href":"http:\/\/www.tvturk.com\/index.php\/wp-json\/wp\/v2\/media?parent=31217"}],"wp:term":[{"taxonomy":"category","embeddable":true,"href":"http:\/\/www.tvturk.com\/index.php\/wp-json\/wp\/v2\/categories?post=31217"},{"taxonomy":"post_tag","embeddable":true,"href":"http:\/\/www.tvturk.com\/index.php\/wp-json\/wp\/v2\/tags?post=31217"}],"curies":[{"name":"wp","href":"https:\/\/api.w.org\/{rel}","templated":true}]}}