{"id":31371,"date":"2019-02-14T11:31:39","date_gmt":"2019-02-14T08:31:39","guid":{"rendered":"http:\/\/www.tvturk.com\/index.php\/ozel-haber-turkiyede-daha-buyugu-yok\/"},"modified":"2019-02-14T11:31:45","modified_gmt":"2019-02-14T08:31:45","slug":"ozel-haber-turkiyede-daha-buyugu-yok","status":"publish","type":"post","link":"http:\/\/www.tvturk.com\/index.php\/ozel-haber-turkiyede-daha-buyugu-yok\/","title":{"rendered":"(\u00d6zel Haber) T\u00fcrkiye\u2019de daha b\u00fcy\u00fc\u011f\u00fc yok"},"content":{"rendered":"<p>Malatya\u2019da \u00f6n\u00fcm\u00fczdeki g\u00fcnlerde a\u00e7\u0131lmas\u0131 planlanan Radyo ve Gramofon M\u00fczesi ziyaret\u00e7ilerini a\u011f\u0131rlamaya ba\u015flad\u0131. Yo\u011fun ilgi g\u00f6ren m\u00fczede ziyaret\u00e7iler hem tarih yolculu\u011fu yap\u0131yor hem de m\u00fczik dinlemenin keyfini s\u00fcr\u00fcyor.<\/p>\n<p>Malatya B\u00fcy\u00fck\u015fehir Belediyesince yapt\u0131r\u0131lan Foto\u011fraf Makinas\u0131 M\u00fczesinin ard\u0131ndan hizmete giren Radyo ve Gramofon M\u00fczesi \u015fimdiden ses getirmeyi ba\u015fard\u0131. Tarihi havas\u0131yla ziyaret\u00e7ileri i\u00e7ine \u00e7eken m\u00fcze radyo ve gramofonun zaman i\u00e7inde ge\u00e7irdi\u011fi de\u011fi\u015fimi g\u00f6zler \u00f6n\u00fcne seriyor.<\/p>\n<p>703 par\u00e7a bulunuyor<\/p>\n<p>Eski Malatya evlerine uygun \u015fekilde in\u015fa edilen ve \u00f6n\u00fcm\u00fczdeki g\u00fcnlerde resmi olarak a\u00e7\u0131lmas\u0131 planlanan m\u00fczede toplam 703 adet radyo, mikrofon ve gramofon yer al\u0131yor. 1800\u2019l\u00fc y\u0131llara ait gramofonlar ve 1900\u2019l\u00fc y\u0131llara ait radyolar\u0131n da sergilendi\u011fi m\u00fczede geli\u015fen teknoloji ortam\u0131 ve k\u00fcreselle\u015fen d\u00fcnyada \u00e7ocuk ve gen\u00e7lere sanat, k\u00fclt\u00fcr alan\u0131nda nostaljik ve e\u011fitici bilgiler sunulmas\u0131 hedefleniyor.<\/p>\n<p>M\u00fcze hakk\u0131nda bilgi veren m\u00fcze sorumlusu Baki Tamer Sel\u00e7uk, m\u00fczenin Eyl\u00fcl 2018\u2019den beri vatanda\u015flar\u0131n hizmetine a\u00e7\u0131ld\u0131\u011f\u0131n\u0131 ancak \u015fu anda resmi olarak a\u00e7\u0131lmad\u0131\u011f\u0131n\u0131 ifade ederek m\u00fczede toplamda 703 par\u00e7a radyo gramofon, mikrofon ve eski radyolar\u0131n oldu\u011funu s\u00f6yledi. Sel\u00e7uk, \u201cKronolojik olarak 1890\u2019l\u0131 y\u0131llardan g\u00fcn\u00fcm\u00fcze kadar s\u00fcrecin nas\u0131l i\u015flendi\u011fi ve de\u011fi\u015fimin nas\u0131l ya\u015fand\u0131\u011f\u0131 burada anlat\u0131l\u0131yor. Burada en ilgin par\u00e7am\u0131z olarak 1890 model bir laternam\u0131z var, 1920\u2019li y\u0131llara ait de radyomuz var\u201d dedi.<\/p>\n<p>Hen\u00fcz resmi a\u00e7\u0131l\u0131\u015f yap\u0131lmamas\u0131na ra\u011fmen umduklar\u0131n\u0131n \u00e7ok \u00fczerinde bir ilgi oldu\u011funu ifade eden Sel\u00e7uk, \u201c\u00d6nce Foto\u011fraf Makinas\u0131 M\u00fczesini kurduk bu m\u00fcze ilgi g\u00f6r\u00fcnce 2. ihtisas m\u00fczesi olarak radyo ve gramofon m\u00fczesini kurmaya kara verdik. \u015eu an \u00f6n\u00fcm\u00fczde ba\u015fka projeler de var \u015fimdi onlar\u0131n isimlerini vermeyeyim s\u00fcrpriz olsun\u201d diye konu\u015ftu.<div class=\"tiled-gallery type-rectangular tiled-gallery-unresized\" data-original-width=\"500\" data-carousel-extra='null' itemscope itemtype=\"http:\/\/schema.org\/ImageGallery\" > <div class=\"gallery-row\" style=\"width: 500px; height: 251px;\" data-original-width=\"500\" data-original-height=\"251\" > <div class=\"gallery-group images-1\" style=\"width: 334px; height: 251px;\" data-original-width=\"334\" data-original-height=\"251\" > <div class=\"tiled-gallery-item tiled-gallery-item-large\" itemprop=\"associatedMedia\" itemscope itemtype=\"http:\/\/schema.org\/ImageObject\"> <a href=\"http:\/\/www.tvturk.com\/index.php\/ozel-haber-turkiyede-daha-buyugu-yok\/ozel-haber-turkiyede-daha-buyugu-yok-3\/\" border=\"0\" itemprop=\"url\"> <meta itemprop=\"width\" content=\"330\"> <meta itemprop=\"height\" content=\"247\"> <img decoding=\"async\" class=\"\" data-attachment-id=\"31373\" data-orig-file=\"http:\/\/www.tvturk.com\/wp-content\/uploads\/2019\/02\/ozel-haber-turkiyede-daha-buyugu-yok_96643cb.jpg\" data-orig-size=\"1000,750\" data-comments-opened=\"\" data-image-meta=\"{&quot;aperture&quot;:&quot;0&quot;,&quot;credit&quot;:&quot;IHA&quot;,&quot;camera&quot;:&quot;&quot;,&quot;caption&quot;:&quot;MALATYA\\u2019DA \\u00d6N\\u00dcM\\u00dcZDEK\\u0130 G\\u00dcNLERDE A\\u00c7ILMASI PLANLANAN RADYO VE GRAMOFON M\\u00dcZES\\u0130 Z\\u0130YARET\\u00c7\\u0130LER\\u0130N\\u0130 A\\u011eIRLAMAYA BA\\u015eLADI. YO\\u011eUN \\u0130LG\\u0130 G\\u00d6REN M\\u00dcZEDE Z\\u0130YARET\\u00c7\\u0130LER HEM RUHUNU D\\u0130NLEND\\u0130R\\u0130YOR HEM DE TAR\\u0130HE YOLCULUK YAPIYOR. (BARI\\u015e T\\u00dcREL - NUMAN G\\u00dcDER\\\/MALATYA-\\u0130HA)&quot;,&quot;created_timestamp&quot;:&quot;0&quot;,&quot;copyright&quot;:&quot;\\u0130HLAS HABER AJANSI, www.iha.com.tr&quot;,&quot;focal_length&quot;:&quot;0&quot;,&quot;iso&quot;:&quot;0&quot;,&quot;shutter_speed&quot;:&quot;0&quot;,&quot;title&quot;:&quot;(\\u00d6ZEL HABER) T\\u00dcRK\\u0130YE\\u2019DE DAHA B\\u00dcY\\u00dc\\u011e\\u00dc YOK BU M\\u00dcZEY\\u0130 Z\\u0130YARET EDENLER HEM TAR\\u0130H YOLCULU\\u011eUNA \\u00c7IKIYOR HEM DE M\\u00dcZ\\u0130K D\\u0130NL\\u0130YOR 1800\\u2019L\\u00dc YILLARA A\\u0130T GRAMOFONLARIN YER ALDI\\u011eI M\\u00dcZE YO\\u011eUN \\u0130LG\\u0130 G\\u00d6R\\u00dcYOR&quot;,&quot;orientation&quot;:&quot;0&quot;}\" data-image-title=\"(\u00d6zel Haber) T\u00fcrkiye\u2019de daha b\u00fcy\u00fc\u011f\u00fc yok\" data-image-description=\"&lt;p&gt;(\u00d6zel Haber) T\u00fcrkiye\u2019de daha b\u00fcy\u00fc\u011f\u00fc yok&lt;\/p&gt; \" data-medium-file=\"https:\/\/i0.wp.com\/www.tvturk.com\/wp-content\/uploads\/2019\/02\/ozel-haber-turkiyede-daha-buyugu-yok_96643cb.jpg?fit=300%2C225\" data-large-file=\"https:\/\/i0.wp.com\/www.tvturk.com\/wp-content\/uploads\/2019\/02\/ozel-haber-turkiyede-daha-buyugu-yok_96643cb.jpg?fit=1000%2C750\" src=\"https:\/\/i0.wp.com\/www.tvturk.com\/wp-content\/uploads\/2019\/02\/ozel-haber-turkiyede-daha-buyugu-yok_96643cb.jpg?w=330&#038;h=247\" srcset=\"https:\/\/i0.wp.com\/www.tvturk.com\/wp-content\/uploads\/2019\/02\/ozel-haber-turkiyede-daha-buyugu-yok_96643cb.jpg?w=1000 1000w, https:\/\/i0.wp.com\/www.tvturk.com\/wp-content\/uploads\/2019\/02\/ozel-haber-turkiyede-daha-buyugu-yok_96643cb.jpg?resize=150%2C113 150w, https:\/\/i0.wp.com\/www.tvturk.com\/wp-content\/uploads\/2019\/02\/ozel-haber-turkiyede-daha-buyugu-yok_96643cb.jpg?resize=300%2C225 300w, https:\/\/i0.wp.com\/www.tvturk.com\/wp-content\/uploads\/2019\/02\/ozel-haber-turkiyede-daha-buyugu-yok_96643cb.jpg?resize=768%2C576 768w\" width=\"330\" height=\"247\" loading=\"lazy\" data-original-width=\"330\" data-original-height=\"247\" itemprop=\"http:\/\/schema.org\/image\" title=\"(\u00d6zel Haber) T\u00fcrkiye\u2019de daha b\u00fcy\u00fc\u011f\u00fc yok\" alt=\"(\u00d6zel Haber) T\u00fcrkiye\u2019de daha b\u00fcy\u00fc\u011f\u00fc yok\" style=\"width: 330px; height: 247px;\" \/> <\/a> <\/div> <\/div> <!-- close group --> <div class=\"gallery-group images-2\" style=\"width: 166px; height: 251px;\" data-original-width=\"166\" data-original-height=\"251\" > <div class=\"tiled-gallery-item tiled-gallery-item-small\" itemprop=\"associatedMedia\" itemscope itemtype=\"http:\/\/schema.org\/ImageObject\"> <a href=\"http:\/\/www.tvturk.com\/index.php\/ozel-haber-turkiyede-daha-buyugu-yok\/ozel-haber-turkiyede-daha-buyugu-yok-4\/\" border=\"0\" itemprop=\"url\"> <meta itemprop=\"width\" content=\"162\"> <meta itemprop=\"height\" content=\"122\"> <img decoding=\"async\" class=\"\" data-attachment-id=\"31374\" data-orig-file=\"http:\/\/www.tvturk.com\/wp-content\/uploads\/2019\/02\/ozel-haber-turkiyede-daha-buyugu-yok_c1e107f.jpg\" data-orig-size=\"1000,750\" data-comments-opened=\"\" data-image-meta=\"{&quot;aperture&quot;:&quot;0&quot;,&quot;credit&quot;:&quot;IHA&quot;,&quot;camera&quot;:&quot;&quot;,&quot;caption&quot;:&quot;MALATYA\\u2019DA \\u00d6N\\u00dcM\\u00dcZDEK\\u0130 G\\u00dcNLERDE A\\u00c7ILMASI PLANLANAN RADYO VE GRAMOFON M\\u00dcZES\\u0130 Z\\u0130YARET\\u00c7\\u0130LER\\u0130N\\u0130 A\\u011eIRLAMAYA BA\\u015eLADI. YO\\u011eUN \\u0130LG\\u0130 G\\u00d6REN M\\u00dcZEDE Z\\u0130YARET\\u00c7\\u0130LER HEM RUHUNU D\\u0130NLEND\\u0130R\\u0130YOR HEM DE TAR\\u0130HE YOLCULUK YAPIYOR. (BARI\\u015e T\\u00dcREL - NUMAN G\\u00dcDER\\\/MALATYA-\\u0130HA)&quot;,&quot;created_timestamp&quot;:&quot;0&quot;,&quot;copyright&quot;:&quot;\\u0130HLAS HABER AJANSI, www.iha.com.tr&quot;,&quot;focal_length&quot;:&quot;0&quot;,&quot;iso&quot;:&quot;0&quot;,&quot;shutter_speed&quot;:&quot;0&quot;,&quot;title&quot;:&quot;(\\u00d6ZEL HABER) T\\u00dcRK\\u0130YE\\u2019DE DAHA B\\u00dcY\\u00dc\\u011e\\u00dc YOK BU M\\u00dcZEY\\u0130 Z\\u0130YARET EDENLER HEM TAR\\u0130H YOLCULU\\u011eUNA \\u00c7IKIYOR HEM DE M\\u00dcZ\\u0130K D\\u0130NL\\u0130YOR 1800\\u2019L\\u00dc YILLARA A\\u0130T GRAMOFONLARIN YER ALDI\\u011eI M\\u00dcZE YO\\u011eUN \\u0130LG\\u0130 G\\u00d6R\\u00dcYOR&quot;,&quot;orientation&quot;:&quot;0&quot;}\" data-image-title=\"(\u00d6zel Haber) T\u00fcrkiye\u2019de daha b\u00fcy\u00fc\u011f\u00fc yok\" data-image-description=\"&lt;p&gt;(\u00d6zel Haber) T\u00fcrkiye\u2019de daha b\u00fcy\u00fc\u011f\u00fc yok&lt;\/p&gt; \" data-medium-file=\"https:\/\/i0.wp.com\/www.tvturk.com\/wp-content\/uploads\/2019\/02\/ozel-haber-turkiyede-daha-buyugu-yok_c1e107f.jpg?fit=300%2C225\" data-large-file=\"https:\/\/i0.wp.com\/www.tvturk.com\/wp-content\/uploads\/2019\/02\/ozel-haber-turkiyede-daha-buyugu-yok_c1e107f.jpg?fit=1000%2C750\" src=\"https:\/\/i0.wp.com\/www.tvturk.com\/wp-content\/uploads\/2019\/02\/ozel-haber-turkiyede-daha-buyugu-yok_c1e107f.jpg?w=162&#038;h=122\" srcset=\"https:\/\/i0.wp.com\/www.tvturk.com\/wp-content\/uploads\/2019\/02\/ozel-haber-turkiyede-daha-buyugu-yok_c1e107f.jpg?w=1000 1000w, https:\/\/i0.wp.com\/www.tvturk.com\/wp-content\/uploads\/2019\/02\/ozel-haber-turkiyede-daha-buyugu-yok_c1e107f.jpg?resize=150%2C113 150w, https:\/\/i0.wp.com\/www.tvturk.com\/wp-content\/uploads\/2019\/02\/ozel-haber-turkiyede-daha-buyugu-yok_c1e107f.jpg?resize=300%2C225 300w, https:\/\/i0.wp.com\/www.tvturk.com\/wp-content\/uploads\/2019\/02\/ozel-haber-turkiyede-daha-buyugu-yok_c1e107f.jpg?resize=768%2C576 768w\" width=\"162\" height=\"122\" loading=\"lazy\" data-original-width=\"162\" data-original-height=\"122\" itemprop=\"http:\/\/schema.org\/image\" title=\"(\u00d6zel Haber) T\u00fcrkiye\u2019de daha b\u00fcy\u00fc\u011f\u00fc yok\" alt=\"(\u00d6zel Haber) T\u00fcrkiye\u2019de daha b\u00fcy\u00fc\u011f\u00fc yok\" style=\"width: 162px; height: 122px;\" \/> <\/a> <\/div> <div class=\"tiled-gallery-item tiled-gallery-item-small\" itemprop=\"associatedMedia\" itemscope itemtype=\"http:\/\/schema.org\/ImageObject\"> <a href=\"http:\/\/www.tvturk.com\/index.php\/ozel-haber-turkiyede-daha-buyugu-yok\/ozel-haber-turkiyede-daha-buyugu-yok-5\/\" border=\"0\" itemprop=\"url\"> <meta itemprop=\"width\" content=\"162\"> <meta itemprop=\"height\" content=\"121\"> <img decoding=\"async\" class=\"\" data-attachment-id=\"31375\" data-orig-file=\"http:\/\/www.tvturk.com\/wp-content\/uploads\/2019\/02\/ozel-haber-turkiyede-daha-buyugu-yok_cf8c531.jpg\" data-orig-size=\"1000,750\" data-comments-opened=\"\" data-image-meta=\"{&quot;aperture&quot;:&quot;0&quot;,&quot;credit&quot;:&quot;IHA&quot;,&quot;camera&quot;:&quot;&quot;,&quot;caption&quot;:&quot;MALATYA\\u2019DA \\u00d6N\\u00dcM\\u00dcZDEK\\u0130 G\\u00dcNLERDE A\\u00c7ILMASI PLANLANAN RADYO VE GRAMOFON M\\u00dcZES\\u0130 Z\\u0130YARET\\u00c7\\u0130LER\\u0130N\\u0130 A\\u011eIRLAMAYA BA\\u015eLADI. YO\\u011eUN \\u0130LG\\u0130 G\\u00d6REN M\\u00dcZEDE Z\\u0130YARET\\u00c7\\u0130LER HEM RUHUNU D\\u0130NLEND\\u0130R\\u0130YOR HEM DE TAR\\u0130HE YOLCULUK YAPIYOR. (BARI\\u015e T\\u00dcREL - NUMAN G\\u00dcDER\\\/MALATYA-\\u0130HA)&quot;,&quot;created_timestamp&quot;:&quot;0&quot;,&quot;copyright&quot;:&quot;\\u0130HLAS HABER AJANSI, www.iha.com.tr&quot;,&quot;focal_length&quot;:&quot;0&quot;,&quot;iso&quot;:&quot;0&quot;,&quot;shutter_speed&quot;:&quot;0&quot;,&quot;title&quot;:&quot;(\\u00d6ZEL HABER) T\\u00dcRK\\u0130YE\\u2019DE DAHA B\\u00dcY\\u00dc\\u011e\\u00dc YOK BU M\\u00dcZEY\\u0130 Z\\u0130YARET EDENLER HEM TAR\\u0130H YOLCULU\\u011eUNA \\u00c7IKIYOR HEM DE M\\u00dcZ\\u0130K D\\u0130NL\\u0130YOR 1800\\u2019L\\u00dc YILLARA A\\u0130T GRAMOFONLARIN YER ALDI\\u011eI M\\u00dcZE YO\\u011eUN \\u0130LG\\u0130 G\\u00d6R\\u00dcYOR&quot;,&quot;orientation&quot;:&quot;0&quot;}\" data-image-title=\"(\u00d6zel Haber) T\u00fcrkiye\u2019de daha b\u00fcy\u00fc\u011f\u00fc yok\" data-image-description=\"&lt;p&gt;(\u00d6zel Haber) T\u00fcrkiye\u2019de daha b\u00fcy\u00fc\u011f\u00fc yok&lt;\/p&gt; \" data-medium-file=\"https:\/\/i0.wp.com\/www.tvturk.com\/wp-content\/uploads\/2019\/02\/ozel-haber-turkiyede-daha-buyugu-yok_cf8c531.jpg?fit=300%2C225\" data-large-file=\"https:\/\/i0.wp.com\/www.tvturk.com\/wp-content\/uploads\/2019\/02\/ozel-haber-turkiyede-daha-buyugu-yok_cf8c531.jpg?fit=1000%2C750\" src=\"https:\/\/i0.wp.com\/www.tvturk.com\/wp-content\/uploads\/2019\/02\/ozel-haber-turkiyede-daha-buyugu-yok_cf8c531.jpg?w=162&#038;h=121\" srcset=\"https:\/\/i0.wp.com\/www.tvturk.com\/wp-content\/uploads\/2019\/02\/ozel-haber-turkiyede-daha-buyugu-yok_cf8c531.jpg?w=1000 1000w, https:\/\/i0.wp.com\/www.tvturk.com\/wp-content\/uploads\/2019\/02\/ozel-haber-turkiyede-daha-buyugu-yok_cf8c531.jpg?resize=150%2C113 150w, https:\/\/i0.wp.com\/www.tvturk.com\/wp-content\/uploads\/2019\/02\/ozel-haber-turkiyede-daha-buyugu-yok_cf8c531.jpg?resize=300%2C225 300w, https:\/\/i0.wp.com\/www.tvturk.com\/wp-content\/uploads\/2019\/02\/ozel-haber-turkiyede-daha-buyugu-yok_cf8c531.jpg?resize=768%2C576 768w\" width=\"162\" height=\"121\" loading=\"lazy\" data-original-width=\"162\" data-original-height=\"121\" itemprop=\"http:\/\/schema.org\/image\" title=\"(\u00d6zel Haber) T\u00fcrkiye\u2019de daha b\u00fcy\u00fc\u011f\u00fc yok\" alt=\"(\u00d6zel Haber) T\u00fcrkiye\u2019de daha b\u00fcy\u00fc\u011f\u00fc yok\" style=\"width: 162px; height: 121px;\" \/> <\/a> <\/div> <\/div> <!-- close group --> <\/div> <!-- close row --> <div class=\"gallery-row\" style=\"width: 500px; height: 126px;\" data-original-width=\"500\" data-original-height=\"126\" > <div class=\"gallery-group images-1\" style=\"width: 167px; height: 126px;\" data-original-width=\"167\" data-original-height=\"126\" > <div class=\"tiled-gallery-item tiled-gallery-item-small\" itemprop=\"associatedMedia\" itemscope itemtype=\"http:\/\/schema.org\/ImageObject\"> <a href=\"http:\/\/www.tvturk.com\/index.php\/ozel-haber-turkiyede-daha-buyugu-yok\/ozel-haber-turkiyede-daha-buyugu-yok-6\/\" border=\"0\" itemprop=\"url\"> <meta itemprop=\"width\" content=\"163\"> <meta itemprop=\"height\" content=\"122\"> <img decoding=\"async\" class=\"\" data-attachment-id=\"31376\" data-orig-file=\"http:\/\/www.tvturk.com\/wp-content\/uploads\/2019\/02\/ozel-haber-turkiyede-daha-buyugu-yok_ea3bec5.jpg\" data-orig-size=\"1000,750\" data-comments-opened=\"\" data-image-meta=\"{&quot;aperture&quot;:&quot;0&quot;,&quot;credit&quot;:&quot;IHA&quot;,&quot;camera&quot;:&quot;&quot;,&quot;caption&quot;:&quot;MALATYA\\u2019DA \\u00d6N\\u00dcM\\u00dcZDEK\\u0130 G\\u00dcNLERDE A\\u00c7ILMASI PLANLANAN RADYO VE GRAMOFON M\\u00dcZES\\u0130 Z\\u0130YARET\\u00c7\\u0130LER\\u0130N\\u0130 A\\u011eIRLAMAYA BA\\u015eLADI. YO\\u011eUN \\u0130LG\\u0130 G\\u00d6REN M\\u00dcZEDE Z\\u0130YARET\\u00c7\\u0130LER HEM RUHUNU D\\u0130NLEND\\u0130R\\u0130YOR HEM DE TAR\\u0130HE YOLCULUK YAPIYOR. (BARI\\u015e T\\u00dcREL - NUMAN G\\u00dcDER\\\/MALATYA-\\u0130HA)&quot;,&quot;created_timestamp&quot;:&quot;0&quot;,&quot;copyright&quot;:&quot;\\u0130HLAS HABER AJANSI, www.iha.com.tr&quot;,&quot;focal_length&quot;:&quot;0&quot;,&quot;iso&quot;:&quot;0&quot;,&quot;shutter_speed&quot;:&quot;0&quot;,&quot;title&quot;:&quot;(\\u00d6ZEL HABER) T\\u00dcRK\\u0130YE\\u2019DE DAHA B\\u00dcY\\u00dc\\u011e\\u00dc YOK BU M\\u00dcZEY\\u0130 Z\\u0130YARET EDENLER HEM TAR\\u0130H YOLCULU\\u011eUNA \\u00c7IKIYOR HEM DE M\\u00dcZ\\u0130K D\\u0130NL\\u0130YOR 1800\\u2019L\\u00dc YILLARA A\\u0130T GRAMOFONLARIN YER ALDI\\u011eI M\\u00dcZE YO\\u011eUN \\u0130LG\\u0130 G\\u00d6R\\u00dcYOR&quot;,&quot;orientation&quot;:&quot;0&quot;}\" data-image-title=\"(\u00d6zel Haber) T\u00fcrkiye\u2019de daha b\u00fcy\u00fc\u011f\u00fc yok\" data-image-description=\"&lt;p&gt;(\u00d6zel Haber) T\u00fcrkiye\u2019de daha b\u00fcy\u00fc\u011f\u00fc yok&lt;\/p&gt; \" data-medium-file=\"https:\/\/i0.wp.com\/www.tvturk.com\/wp-content\/uploads\/2019\/02\/ozel-haber-turkiyede-daha-buyugu-yok_ea3bec5.jpg?fit=300%2C225\" data-large-file=\"https:\/\/i0.wp.com\/www.tvturk.com\/wp-content\/uploads\/2019\/02\/ozel-haber-turkiyede-daha-buyugu-yok_ea3bec5.jpg?fit=1000%2C750\" src=\"https:\/\/i0.wp.com\/www.tvturk.com\/wp-content\/uploads\/2019\/02\/ozel-haber-turkiyede-daha-buyugu-yok_ea3bec5.jpg?w=163&#038;h=122\" srcset=\"https:\/\/i0.wp.com\/www.tvturk.com\/wp-content\/uploads\/2019\/02\/ozel-haber-turkiyede-daha-buyugu-yok_ea3bec5.jpg?w=1000 1000w, https:\/\/i0.wp.com\/www.tvturk.com\/wp-content\/uploads\/2019\/02\/ozel-haber-turkiyede-daha-buyugu-yok_ea3bec5.jpg?resize=150%2C113 150w, https:\/\/i0.wp.com\/www.tvturk.com\/wp-content\/uploads\/2019\/02\/ozel-haber-turkiyede-daha-buyugu-yok_ea3bec5.jpg?resize=300%2C225 300w, https:\/\/i0.wp.com\/www.tvturk.com\/wp-content\/uploads\/2019\/02\/ozel-haber-turkiyede-daha-buyugu-yok_ea3bec5.jpg?resize=768%2C576 768w\" width=\"163\" height=\"122\" loading=\"lazy\" data-original-width=\"163\" data-original-height=\"122\" itemprop=\"http:\/\/schema.org\/image\" title=\"(\u00d6zel Haber) T\u00fcrkiye\u2019de daha b\u00fcy\u00fc\u011f\u00fc yok\" alt=\"(\u00d6zel Haber) T\u00fcrkiye\u2019de daha b\u00fcy\u00fc\u011f\u00fc yok\" style=\"width: 163px; height: 122px;\" \/> <\/a> <\/div> <\/div> <!-- close group --> <div class=\"gallery-group images-1\" style=\"width: 167px; height: 126px;\" data-original-width=\"167\" data-original-height=\"126\" > <div class=\"tiled-gallery-item tiled-gallery-item-small\" itemprop=\"associatedMedia\" itemscope itemtype=\"http:\/\/schema.org\/ImageObject\"> <a href=\"http:\/\/www.tvturk.com\/index.php\/ozel-haber-turkiyede-daha-buyugu-yok\/ozel-haber-turkiyede-daha-buyugu-yok-7\/\" border=\"0\" itemprop=\"url\"> <meta itemprop=\"width\" content=\"163\"> <meta itemprop=\"height\" content=\"122\"> <img decoding=\"async\" class=\"\" data-attachment-id=\"31377\" data-orig-file=\"http:\/\/www.tvturk.com\/wp-content\/uploads\/2019\/02\/ozel-haber-turkiyede-daha-buyugu-yok_20e7b5e.jpg\" data-orig-size=\"1000,750\" data-comments-opened=\"\" data-image-meta=\"{&quot;aperture&quot;:&quot;0&quot;,&quot;credit&quot;:&quot;IHA&quot;,&quot;camera&quot;:&quot;&quot;,&quot;caption&quot;:&quot;MALATYA\\u2019DA \\u00d6N\\u00dcM\\u00dcZDEK\\u0130 G\\u00dcNLERDE A\\u00c7ILMASI PLANLANAN RADYO VE GRAMOFON M\\u00dcZES\\u0130 Z\\u0130YARET\\u00c7\\u0130LER\\u0130N\\u0130 A\\u011eIRLAMAYA BA\\u015eLADI. YO\\u011eUN \\u0130LG\\u0130 G\\u00d6REN M\\u00dcZEDE Z\\u0130YARET\\u00c7\\u0130LER HEM RUHUNU D\\u0130NLEND\\u0130R\\u0130YOR HEM DE TAR\\u0130HE YOLCULUK YAPIYOR. (BARI\\u015e T\\u00dcREL - NUMAN G\\u00dcDER\\\/MALATYA-\\u0130HA)&quot;,&quot;created_timestamp&quot;:&quot;0&quot;,&quot;copyright&quot;:&quot;\\u0130HLAS HABER AJANSI, www.iha.com.tr&quot;,&quot;focal_length&quot;:&quot;0&quot;,&quot;iso&quot;:&quot;0&quot;,&quot;shutter_speed&quot;:&quot;0&quot;,&quot;title&quot;:&quot;(\\u00d6ZEL HABER) T\\u00dcRK\\u0130YE\\u2019DE DAHA B\\u00dcY\\u00dc\\u011e\\u00dc YOK BU M\\u00dcZEY\\u0130 Z\\u0130YARET EDENLER HEM TAR\\u0130H YOLCULU\\u011eUNA \\u00c7IKIYOR HEM DE M\\u00dcZ\\u0130K D\\u0130NL\\u0130YOR 1800\\u2019L\\u00dc YILLARA A\\u0130T GRAMOFONLARIN YER ALDI\\u011eI M\\u00dcZE YO\\u011eUN \\u0130LG\\u0130 G\\u00d6R\\u00dcYOR&quot;,&quot;orientation&quot;:&quot;0&quot;}\" data-image-title=\"(\u00d6zel Haber) T\u00fcrkiye\u2019de daha b\u00fcy\u00fc\u011f\u00fc yok\" data-image-description=\"&lt;p&gt;(\u00d6zel Haber) T\u00fcrkiye\u2019de daha b\u00fcy\u00fc\u011f\u00fc yok&lt;\/p&gt; \" data-medium-file=\"https:\/\/i0.wp.com\/www.tvturk.com\/wp-content\/uploads\/2019\/02\/ozel-haber-turkiyede-daha-buyugu-yok_20e7b5e.jpg?fit=300%2C225\" data-large-file=\"https:\/\/i0.wp.com\/www.tvturk.com\/wp-content\/uploads\/2019\/02\/ozel-haber-turkiyede-daha-buyugu-yok_20e7b5e.jpg?fit=1000%2C750\" src=\"https:\/\/i0.wp.com\/www.tvturk.com\/wp-content\/uploads\/2019\/02\/ozel-haber-turkiyede-daha-buyugu-yok_20e7b5e.jpg?w=163&#038;h=122\" srcset=\"https:\/\/i0.wp.com\/www.tvturk.com\/wp-content\/uploads\/2019\/02\/ozel-haber-turkiyede-daha-buyugu-yok_20e7b5e.jpg?w=1000 1000w, https:\/\/i0.wp.com\/www.tvturk.com\/wp-content\/uploads\/2019\/02\/ozel-haber-turkiyede-daha-buyugu-yok_20e7b5e.jpg?resize=150%2C113 150w, https:\/\/i0.wp.com\/www.tvturk.com\/wp-content\/uploads\/2019\/02\/ozel-haber-turkiyede-daha-buyugu-yok_20e7b5e.jpg?resize=300%2C225 300w, https:\/\/i0.wp.com\/www.tvturk.com\/wp-content\/uploads\/2019\/02\/ozel-haber-turkiyede-daha-buyugu-yok_20e7b5e.jpg?resize=768%2C576 768w\" width=\"163\" height=\"122\" loading=\"lazy\" data-original-width=\"163\" data-original-height=\"122\" itemprop=\"http:\/\/schema.org\/image\" title=\"(\u00d6zel Haber) T\u00fcrkiye\u2019de daha b\u00fcy\u00fc\u011f\u00fc yok\" alt=\"(\u00d6zel Haber) T\u00fcrkiye\u2019de daha b\u00fcy\u00fc\u011f\u00fc yok\" style=\"width: 163px; height: 122px;\" \/> <\/a> <\/div> <\/div> <!-- close group --> <div class=\"gallery-group images-1\" style=\"width: 166px; height: 126px;\" data-original-width=\"166\" data-original-height=\"126\" > <div class=\"tiled-gallery-item tiled-gallery-item-small\" itemprop=\"associatedMedia\" itemscope itemtype=\"http:\/\/schema.org\/ImageObject\"> <a href=\"http:\/\/www.tvturk.com\/index.php\/ozel-haber-turkiyede-daha-buyugu-yok\/ozel-haber-turkiyede-daha-buyugu-yok-8\/\" border=\"0\" itemprop=\"url\"> <meta itemprop=\"width\" content=\"162\"> <meta itemprop=\"height\" content=\"122\"> <img decoding=\"async\" class=\"\" data-attachment-id=\"31378\" data-orig-file=\"http:\/\/www.tvturk.com\/wp-content\/uploads\/2019\/02\/ozel-haber-turkiyede-daha-buyugu-yok_1843ad7.jpg\" data-orig-size=\"1000,750\" data-comments-opened=\"\" data-image-meta=\"{&quot;aperture&quot;:&quot;0&quot;,&quot;credit&quot;:&quot;IHA&quot;,&quot;camera&quot;:&quot;&quot;,&quot;caption&quot;:&quot;MALATYA\\u2019DA \\u00d6N\\u00dcM\\u00dcZDEK\\u0130 G\\u00dcNLERDE A\\u00c7ILMASI PLANLANAN RADYO VE GRAMOFON M\\u00dcZES\\u0130 Z\\u0130YARET\\u00c7\\u0130LER\\u0130N\\u0130 A\\u011eIRLAMAYA BA\\u015eLADI. YO\\u011eUN \\u0130LG\\u0130 G\\u00d6REN M\\u00dcZEDE Z\\u0130YARET\\u00c7\\u0130LER HEM RUHUNU D\\u0130NLEND\\u0130R\\u0130YOR HEM DE TAR\\u0130HE YOLCULUK YAPIYOR. (BARI\\u015e T\\u00dcREL - NUMAN G\\u00dcDER\\\/MALATYA-\\u0130HA)&quot;,&quot;created_timestamp&quot;:&quot;0&quot;,&quot;copyright&quot;:&quot;\\u0130HLAS HABER AJANSI, www.iha.com.tr&quot;,&quot;focal_length&quot;:&quot;0&quot;,&quot;iso&quot;:&quot;0&quot;,&quot;shutter_speed&quot;:&quot;0&quot;,&quot;title&quot;:&quot;(\\u00d6ZEL HABER) T\\u00dcRK\\u0130YE\\u2019DE DAHA B\\u00dcY\\u00dc\\u011e\\u00dc YOK BU M\\u00dcZEY\\u0130 Z\\u0130YARET EDENLER HEM TAR\\u0130H YOLCULU\\u011eUNA \\u00c7IKIYOR HEM DE M\\u00dcZ\\u0130K D\\u0130NL\\u0130YOR 1800\\u2019L\\u00dc YILLARA A\\u0130T GRAMOFONLARIN YER ALDI\\u011eI M\\u00dcZE YO\\u011eUN \\u0130LG\\u0130 G\\u00d6R\\u00dcYOR&quot;,&quot;orientation&quot;:&quot;0&quot;}\" data-image-title=\"(\u00d6zel Haber) T\u00fcrkiye\u2019de daha b\u00fcy\u00fc\u011f\u00fc yok\" data-image-description=\"&lt;p&gt;(\u00d6zel Haber) T\u00fcrkiye\u2019de daha b\u00fcy\u00fc\u011f\u00fc yok&lt;\/p&gt; \" data-medium-file=\"https:\/\/i0.wp.com\/www.tvturk.com\/wp-content\/uploads\/2019\/02\/ozel-haber-turkiyede-daha-buyugu-yok_1843ad7.jpg?fit=300%2C225\" data-large-file=\"https:\/\/i0.wp.com\/www.tvturk.com\/wp-content\/uploads\/2019\/02\/ozel-haber-turkiyede-daha-buyugu-yok_1843ad7.jpg?fit=1000%2C750\" src=\"https:\/\/i0.wp.com\/www.tvturk.com\/wp-content\/uploads\/2019\/02\/ozel-haber-turkiyede-daha-buyugu-yok_1843ad7.jpg?w=162&#038;h=122\" srcset=\"https:\/\/i0.wp.com\/www.tvturk.com\/wp-content\/uploads\/2019\/02\/ozel-haber-turkiyede-daha-buyugu-yok_1843ad7.jpg?w=1000 1000w, https:\/\/i0.wp.com\/www.tvturk.com\/wp-content\/uploads\/2019\/02\/ozel-haber-turkiyede-daha-buyugu-yok_1843ad7.jpg?resize=150%2C113 150w, https:\/\/i0.wp.com\/www.tvturk.com\/wp-content\/uploads\/2019\/02\/ozel-haber-turkiyede-daha-buyugu-yok_1843ad7.jpg?resize=300%2C225 300w, https:\/\/i0.wp.com\/www.tvturk.com\/wp-content\/uploads\/2019\/02\/ozel-haber-turkiyede-daha-buyugu-yok_1843ad7.jpg?resize=768%2C576 768w\" width=\"162\" height=\"122\" loading=\"lazy\" data-original-width=\"162\" data-original-height=\"122\" itemprop=\"http:\/\/schema.org\/image\" title=\"(\u00d6zel Haber) T\u00fcrkiye\u2019de daha b\u00fcy\u00fc\u011f\u00fc yok\" alt=\"(\u00d6zel Haber) T\u00fcrkiye\u2019de daha b\u00fcy\u00fc\u011f\u00fc yok\" style=\"width: 162px; height: 122px;\" \/> <\/a> <\/div> <\/div> <!-- close group --> <\/div> <!-- close row --> <\/div><\/p>\n","protected":false},"excerpt":{"rendered":"<p>MALATYA\u2019DA \u00d6N\u00dcM\u00dcZDEK\u0130 G\u00dcNLERDE A\u00c7ILMASI PLANLANAN RADYO VE GRAMOFON M\u00dcZES\u0130 Z\u0130YARET\u00c7\u0130LER\u0130N\u0130 A\u011eIRLAMAYA BA\u015eLADI. YO\u011eUN \u0130LG\u0130 G\u00d6REN M\u00dcZEDE Z\u0130YARET\u00c7\u0130LER HEM RUHUNU D\u0130NLEND\u0130R\u0130YOR HEM DE TAR\u0130HE YOLCULUK YAPIYOR.<\/p>\n","protected":false},"author":1,"featured_media":31372,"comment_status":"closed","ping_status":"open","sticky":false,"template":"","format":"standard","meta":{"jetpack_post_was_ever_published":false,"_jetpack_newsletter_access":"","_jetpack_dont_email_post_to_subs":false,"_jetpack_newsletter_tier_id":0,"_jetpack_memberships_contains_paywalled_content":false,"_jetpack_memberships_contains_paid_content":false,"footnotes":"","jetpack_publicize_message":"","jetpack_publicize_feature_enabled":true,"jetpack_social_post_already_shared":false,"jetpack_social_options":{"image_generator_settings":{"template":"highway","default_image_id":0,"font":"","enabled":false},"version":2}},"categories":[656],"tags":[1073,10127,1018,1545,2383,664],"class_list":["post-31371","post","type-post","status-publish","format-standard","has-post-thumbnail","hentry","category-kultur-sanat","tag-ozel","tag-buyugu","tag-daha","tag-haber","tag-turkiyede","tag-yok"],"jetpack_publicize_connections":[],"jetpack_featured_media_url":"https:\/\/i0.wp.com\/www.tvturk.com\/wp-content\/uploads\/2019\/02\/ozel-haber-turkiyede-daha-buyugu-yok_c8844ba.jpg?fit=1000%2C750","jetpack_sharing_enabled":true,"jetpack_shortlink":"https:\/\/wp.me\/paKIfm-89Z","_links":{"self":[{"href":"http:\/\/www.tvturk.com\/index.php\/wp-json\/wp\/v2\/posts\/31371","targetHints":{"allow":["GET"]}}],"collection":[{"href":"http:\/\/www.tvturk.com\/index.php\/wp-json\/wp\/v2\/posts"}],"about":[{"href":"http:\/\/www.tvturk.com\/index.php\/wp-json\/wp\/v2\/types\/post"}],"author":[{"embeddable":true,"href":"http:\/\/www.tvturk.com\/index.php\/wp-json\/wp\/v2\/users\/1"}],"replies":[{"embeddable":true,"href":"http:\/\/www.tvturk.com\/index.php\/wp-json\/wp\/v2\/comments?post=31371"}],"version-history":[{"count":1,"href":"http:\/\/www.tvturk.com\/index.php\/wp-json\/wp\/v2\/posts\/31371\/revisions"}],"predecessor-version":[{"id":31379,"href":"http:\/\/www.tvturk.com\/index.php\/wp-json\/wp\/v2\/posts\/31371\/revisions\/31379"}],"wp:featuredmedia":[{"embeddable":true,"href":"http:\/\/www.tvturk.com\/index.php\/wp-json\/wp\/v2\/media\/31372"}],"wp:attachment":[{"href":"http:\/\/www.tvturk.com\/index.php\/wp-json\/wp\/v2\/media?parent=31371"}],"wp:term":[{"taxonomy":"category","embeddable":true,"href":"http:\/\/www.tvturk.com\/index.php\/wp-json\/wp\/v2\/categories?post=31371"},{"taxonomy":"post_tag","embeddable":true,"href":"http:\/\/www.tvturk.com\/index.php\/wp-json\/wp\/v2\/tags?post=31371"}],"curies":[{"name":"wp","href":"https:\/\/api.w.org\/{rel}","templated":true}]}}