{"id":31445,"date":"2019-02-14T11:51:01","date_gmt":"2019-02-14T08:51:01","guid":{"rendered":"http:\/\/www.tvturk.com\/index.php\/feto-suphelileri-adliyeye-sevk-edildi\/"},"modified":"2019-02-14T11:51:01","modified_gmt":"2019-02-14T08:51:01","slug":"feto-suphelileri-adliyeye-sevk-edildi","status":"publish","type":"post","link":"http:\/\/www.tvturk.com\/index.php\/feto-suphelileri-adliyeye-sevk-edildi\/","title":{"rendered":"FET\u00d6 \u015f\u00fcphelileri Adliyeye sevk edildi"},"content":{"rendered":"<p>Ankara Cumhuriyet Ba\u015fsavc\u0131l\u0131\u011f\u0131nca 2010\u2019daki komiser yard\u0131mc\u0131l\u0131\u011f\u0131na ge\u00e7i\u015f s\u0131nav\u0131na y\u00f6nelik 76 ilde ba\u015flat\u0131lan FET\u00d6 soru\u015fturmas\u0131 kapsam\u0131nda Ni\u011fde\u2019de g\u00f6zalt\u0131na al\u0131nan 3 zanl\u0131 adliyeye sevk edildi.<\/p>\n<p>\u0130l Emniyet M\u00fcd\u00fcrl\u00fc\u011f\u00fc Ka\u00e7ak\u00e7\u0131l\u0131k ve Organize Su\u00e7larla M\u00fccadele \u015eubesi ekiplerince g\u00f6zalt\u0131na al\u0131nan meslekten ihra\u00e7 edilmi\u015f 3 komiser yard\u0131mc\u0131s\u0131n\u0131n emniyetteki i\u015flemleri tamamland\u0131.<\/p>\n<p>Zanl\u0131lar, i\u015flemlerinin ard\u0131ndan adliyeye sevk edildi.<\/p>\n<p>Ankara Cumhuriyet Ba\u015fsavc\u0131l\u0131\u011f\u0131nca ba\u015flat\u0131lan soru\u015fturma kapsam\u0131nda, 2010\u2019daki Polislikten Komiserli\u011fe Ge\u00e7i\u015f S\u0131nav\u0131\u2019nda FET\u00d6 \u00fcyelerinin yaz\u0131l\u0131 s\u0131nav \u00f6ncesinde sorulara eri\u015ferek bunlar\u0131 \u00f6rg\u00fct mensuplar\u0131na verdiklerinin tespiti \u00fczerine, d\u00fcn 76 ilde e\u015f zamanl\u0131 operasyon ba\u015flat\u0131lm\u0131\u015f, Ni\u011fde\u2019de 3 \u015f\u00fcpheli g\u00f6zalt\u0131na al\u0131nm\u0131\u015ft\u0131.<\/p>\n","protected":false},"excerpt":{"rendered":"<p>ANKARA CUMHUR\u0130YET BA\u015eSAVCILI\u011eINCA 2010&#8217;DAK\u0130 KOM\u0130SER YARDIMCILI\u011eINA GE\u00c7\u0130\u015e SINAVINA Y\u00d6NEL\u0130K 76 \u0130LDE BA\u015eLATILAN FET\u00d6 SORU\u015eTURMASI KAPSAMINDA N\u0130\u011eDE&#8217;DE G\u00d6ZALTINA ALINAN 3 ZANLI ADL\u0130YEYE SEVK ED\u0130LD\u0130<\/p>\n","protected":false},"author":1,"featured_media":31446,"comment_status":"closed","ping_status":"open","sticky":false,"template":"","format":"standard","meta":{"jetpack_post_was_ever_published":false,"_jetpack_newsletter_access":"","_jetpack_dont_email_post_to_subs":false,"_jetpack_newsletter_tier_id":0,"_jetpack_memberships_contains_paywalled_content":false,"_jetpack_memberships_contains_paid_content":false,"footnotes":"","jetpack_publicize_message":"","jetpack_publicize_feature_enabled":true,"jetpack_social_post_already_shared":false,"jetpack_social_options":{"image_generator_settings":{"template":"highway","default_image_id":0,"font":"","enabled":false},"version":2}},"categories":[655],"tags":[2394,857,2866,856,5196],"class_list":["post-31445","post","type-post","status-publish","format-standard","has-post-thumbnail","hentry","category-son-dakika","tag-adliyeye","tag-edildi","tag-feto","tag-sevk","tag-suphelileri"],"jetpack_publicize_connections":[],"jetpack_featured_media_url":"https:\/\/i0.wp.com\/www.tvturk.com\/wp-content\/uploads\/2019\/02\/feto-suphelileri-adliyeye-sevk-edildi_3670e18.jpg?fit=1000%2C666","jetpack_sharing_enabled":true,"jetpack_shortlink":"https:\/\/wp.me\/paKIfm-8bb","_links":{"self":[{"href":"http:\/\/www.tvturk.com\/index.php\/wp-json\/wp\/v2\/posts\/31445","targetHints":{"allow":["GET"]}}],"collection":[{"href":"http:\/\/www.tvturk.com\/index.php\/wp-json\/wp\/v2\/posts"}],"about":[{"href":"http:\/\/www.tvturk.com\/index.php\/wp-json\/wp\/v2\/types\/post"}],"author":[{"embeddable":true,"href":"http:\/\/www.tvturk.com\/index.php\/wp-json\/wp\/v2\/users\/1"}],"replies":[{"embeddable":true,"href":"http:\/\/www.tvturk.com\/index.php\/wp-json\/wp\/v2\/comments?post=31445"}],"version-history":[{"count":0,"href":"http:\/\/www.tvturk.com\/index.php\/wp-json\/wp\/v2\/posts\/31445\/revisions"}],"wp:featuredmedia":[{"embeddable":true,"href":"http:\/\/www.tvturk.com\/index.php\/wp-json\/wp\/v2\/media\/31446"}],"wp:attachment":[{"href":"http:\/\/www.tvturk.com\/index.php\/wp-json\/wp\/v2\/media?parent=31445"}],"wp:term":[{"taxonomy":"category","embeddable":true,"href":"http:\/\/www.tvturk.com\/index.php\/wp-json\/wp\/v2\/categories?post=31445"},{"taxonomy":"post_tag","embeddable":true,"href":"http:\/\/www.tvturk.com\/index.php\/wp-json\/wp\/v2\/tags?post=31445"}],"curies":[{"name":"wp","href":"https:\/\/api.w.org\/{rel}","templated":true}]}}