{"id":31614,"date":"2019-02-14T12:11:27","date_gmt":"2019-02-14T09:11:27","guid":{"rendered":"http:\/\/www.tvturk.com\/index.php\/nato-savunma-bakanlari-toplantisinin-2nci-oturumu-basladi\/"},"modified":"2019-02-14T12:11:30","modified_gmt":"2019-02-14T09:11:30","slug":"nato-savunma-bakanlari-toplantisinin-2nci-oturumu-basladi","status":"publish","type":"post","link":"http:\/\/www.tvturk.com\/index.php\/nato-savunma-bakanlari-toplantisinin-2nci-oturumu-basladi\/","title":{"rendered":"NATO Savunma Bakanlar\u0131 Toplant\u0131s\u0131\u2019n\u0131n 2\u2019nci oturumu ba\u015flad\u0131"},"content":{"rendered":"<p>NATO Savunma Bakanlar\u0131 Toplant\u0131s\u0131\u2019nda ikinci g\u00fcn oturumu ba\u015flad\u0131. D\u00fcn ba\u015flayan g\u00f6r\u00fc\u015fmelerde Irak, Kosova ve Afganistan\u2019daki son durum, savunma harcamalar\u0131 ve Rusya\u2019n\u0131n Orta Menzilli N\u00fckleer Kuvvetler Anla\u015fmas\u0131\u2019n\u0131 (INF) ihlali masaya yat\u0131r\u0131lacak.<\/p>\n<p>Rusya\u2019n\u0131n Orta Menzilli N\u00fckleer Kuvvetler Anla\u015fmas\u0131\u2019n\u0131 (INF) ihlali \u00fczerine ABD\u2019nin anla\u015fmadan \u00e7ekilme karar\u0131, yeni bir so\u011fuk sava\u015f d\u00f6nemi haz\u0131rl\u0131klar\u0131na sebep oldu. D\u00fcn Bel\u00e7ika\u2019n\u0131n Br\u00fcksel \u015fehrinde toplanan NATO Savunma Bakanlar\u0131, INF\u2019siz bir d\u00fcnya i\u00e7in yap\u0131lacak haz\u0131rl\u0131klar\u0131 g\u00f6r\u00fc\u015f\u00fcyor. NATO Genel Sekreteri Jens Stoltenberg, toplant\u0131 \u00f6ncesi yapt\u0131\u011f\u0131 a\u00e7\u0131l\u0131\u015f konu\u015fmas\u0131nda, \u201cAfganistan\u2019daki g\u00f6revimiz y\u00fcksek \u00f6nem ta\u015f\u0131yor. Afganistan\u2019daki birliklerimizi desteklemeye ve e\u011fitmeye devam edece\u011fiz. Irak\u2019ta yeni e\u011fitim g\u00f6revi ba\u015flatm\u0131\u015ft\u0131k. Irak\u2019ta DEA\u015e\u2019\u0131n tekrar peyda olmayaca\u011f\u0131ndan emin olmak i\u00e7in Irak\u2019a yard\u0131m edece\u011fiz. B\u00fct\u00fcn Bat\u0131 Balkan B\u00f6lgesinin g\u00fcvenli\u011finden emin olaca\u011f\u0131z, Kosova\u2019daki g\u00fcvenlik g\u00fc\u00e7lerimizin entegrasyonundan da emin olaca\u011f\u0131z\u201d ifadelerini kulland\u0131.<\/p>\n<p>Stoltenberg d\u00fcn toplant\u0131lar\u0131n ard\u0131ndan yapt\u0131\u011f\u0131 a\u00e7\u0131klama, Rusya\u2019n\u0131n \u00fcretti\u011fi orta menzilli n\u00fckleer f\u00fczelerin hi\u00e7bir alarm vermeden Avrupa\u2019ya ula\u015fabilece\u011fini s\u00f6ylemi\u015fti. Stoltenberg, NATO kuvvetlerinin acil bir durum kar\u015f\u0131s\u0131nda 30 g\u00fcnden daha k\u0131sa s\u00fcre i\u00e7erisinde 30 u\u00e7ak filosu, 30 sava\u015f gemisi ve 30 askeri birli\u011fe eri\u015fimi i\u00e7in haz\u0131rl\u0131klara ba\u015flad\u0131klar\u0131n\u0131 s\u00f6ylemi\u015fti.<div class=\"tiled-gallery type-rectangular tiled-gallery-unresized\" data-original-width=\"500\" data-carousel-extra='null' itemscope itemtype=\"http:\/\/schema.org\/ImageGallery\" > <div class=\"gallery-row\" style=\"width: 500px; height: 167px;\" data-original-width=\"500\" data-original-height=\"167\" > <div class=\"gallery-group images-1\" style=\"width: 251px; height: 167px;\" data-original-width=\"251\" data-original-height=\"167\" > <div class=\"tiled-gallery-item tiled-gallery-item-small\" itemprop=\"associatedMedia\" itemscope itemtype=\"http:\/\/schema.org\/ImageObject\"> <a href=\"http:\/\/www.tvturk.com\/index.php\/nato-savunma-bakanlari-toplantisinin-2nci-oturumu-basladi\/nato-savunma-bakanlari-toplantisinin-2nci-oturumu-basladi-3\/\" border=\"0\" itemprop=\"url\"> <meta itemprop=\"width\" content=\"247\"> <meta itemprop=\"height\" content=\"163\"> <img decoding=\"async\" class=\"\" data-attachment-id=\"31616\" data-orig-file=\"http:\/\/www.tvturk.com\/wp-content\/uploads\/2019\/02\/nato-savunma-bakanlari-toplantisinin-2nci-oturumu-basladi_5eda80c.jpg\" data-orig-size=\"1000,658\" data-comments-opened=\"\" data-image-meta=\"{&quot;aperture&quot;:&quot;0&quot;,&quot;credit&quot;:&quot;IHA&quot;,&quot;camera&quot;:&quot;&quot;,&quot;caption&quot;:&quot;NATO SAVUNMA BAKANLARI TOPLANTISI\\u2019NDA \\u0130K\\u0130NC\\u0130 G\\u00dcN OTURUMU BA\\u015eLADI. D\\u00dcN BA\\u015eLAYAN G\\u00d6R\\u00dc\\u015eMELERDE IRAK, KOSOVA VE AFGAN\\u0130STAN\\u2019DAK\\u0130 SON DURUM, SAVUNMA HARCAMALARI VE RUSYA\\u2019NIN ORTA MENZ\\u0130LL\\u0130 N\\u00dcKLEER KUVVETLER ANLA\\u015eMASI\\u2019NI (INF) \\u0130HLAL\\u0130 MASAYA YATIRILACAK. (EPA\\\/BR\\u00dcKSEL-\\u0130HA)&quot;,&quot;created_timestamp&quot;:&quot;0&quot;,&quot;copyright&quot;:&quot;\\u0130HLAS HABER AJANSI, www.iha.com.tr&quot;,&quot;focal_length&quot;:&quot;0&quot;,&quot;iso&quot;:&quot;0&quot;,&quot;shutter_speed&quot;:&quot;0&quot;,&quot;title&quot;:&quot;NATO SAVUNMA BAKANLARI TOPLANTISI\\u2019NIN 2\\u2019NC\\u0130 OTURUMU BA\\u015eLADI \\u0022NATO INF\\u0027S\\u0130Z B\\u0130R D\\u00dcNYAYA HAZIRLANIYOR\\u0022&quot;,&quot;orientation&quot;:&quot;0&quot;}\" data-image-title=\"NATO Savunma Bakanlar\u0131 Toplant\u0131s\u0131\u2019n\u0131n 2\u2019nci oturumu ba\u015flad\u0131\" data-image-description=\"&lt;p&gt;NATO Savunma Bakanlar\u0131 Toplant\u0131s\u0131\u2019n\u0131n 2\u2019nci oturumu ba\u015flad\u0131&lt;\/p&gt; \" data-medium-file=\"https:\/\/i0.wp.com\/www.tvturk.com\/wp-content\/uploads\/2019\/02\/nato-savunma-bakanlari-toplantisinin-2nci-oturumu-basladi_5eda80c.jpg?fit=300%2C197\" data-large-file=\"https:\/\/i0.wp.com\/www.tvturk.com\/wp-content\/uploads\/2019\/02\/nato-savunma-bakanlari-toplantisinin-2nci-oturumu-basladi_5eda80c.jpg?fit=1000%2C658\" src=\"https:\/\/i0.wp.com\/www.tvturk.com\/wp-content\/uploads\/2019\/02\/nato-savunma-bakanlari-toplantisinin-2nci-oturumu-basladi_5eda80c.jpg?w=247&#038;h=163\" srcset=\"https:\/\/i0.wp.com\/www.tvturk.com\/wp-content\/uploads\/2019\/02\/nato-savunma-bakanlari-toplantisinin-2nci-oturumu-basladi_5eda80c.jpg?w=1000 1000w, https:\/\/i0.wp.com\/www.tvturk.com\/wp-content\/uploads\/2019\/02\/nato-savunma-bakanlari-toplantisinin-2nci-oturumu-basladi_5eda80c.jpg?resize=150%2C99 150w, https:\/\/i0.wp.com\/www.tvturk.com\/wp-content\/uploads\/2019\/02\/nato-savunma-bakanlari-toplantisinin-2nci-oturumu-basladi_5eda80c.jpg?resize=300%2C197 300w, https:\/\/i0.wp.com\/www.tvturk.com\/wp-content\/uploads\/2019\/02\/nato-savunma-bakanlari-toplantisinin-2nci-oturumu-basladi_5eda80c.jpg?resize=768%2C505 768w, https:\/\/i0.wp.com\/www.tvturk.com\/wp-content\/uploads\/2019\/02\/nato-savunma-bakanlari-toplantisinin-2nci-oturumu-basladi_5eda80c.jpg?resize=170%2C113 170w, https:\/\/i0.wp.com\/www.tvturk.com\/wp-content\/uploads\/2019\/02\/nato-savunma-bakanlari-toplantisinin-2nci-oturumu-basladi_5eda80c.jpg?resize=120%2C80 120w\" width=\"247\" height=\"163\" loading=\"lazy\" data-original-width=\"247\" data-original-height=\"163\" itemprop=\"http:\/\/schema.org\/image\" title=\"NATO Savunma Bakanlar\u0131 Toplant\u0131s\u0131\u2019n\u0131n 2\u2019nci oturumu ba\u015flad\u0131\" alt=\"NATO Savunma Bakanlar\u0131 Toplant\u0131s\u0131\u2019n\u0131n 2\u2019nci oturumu ba\u015flad\u0131\" style=\"width: 247px; height: 163px;\" \/> <\/a> <\/div> <\/div> <!-- close group --> <div class=\"gallery-group images-1\" style=\"width: 249px; height: 167px;\" data-original-width=\"249\" data-original-height=\"167\" > <div class=\"tiled-gallery-item tiled-gallery-item-small\" itemprop=\"associatedMedia\" itemscope itemtype=\"http:\/\/schema.org\/ImageObject\"> <a href=\"http:\/\/www.tvturk.com\/index.php\/nato-savunma-bakanlari-toplantisinin-2nci-oturumu-basladi\/nato-savunma-bakanlari-toplantisinin-2nci-oturumu-basladi-4\/\" border=\"0\" itemprop=\"url\"> <meta itemprop=\"width\" content=\"245\"> <meta itemprop=\"height\" content=\"163\"> <img decoding=\"async\" class=\"\" data-attachment-id=\"31617\" data-orig-file=\"http:\/\/www.tvturk.com\/wp-content\/uploads\/2019\/02\/nato-savunma-bakanlari-toplantisinin-2nci-oturumu-basladi_00279ee.jpg\" data-orig-size=\"1000,666\" data-comments-opened=\"\" data-image-meta=\"{&quot;aperture&quot;:&quot;0&quot;,&quot;credit&quot;:&quot;IHA&quot;,&quot;camera&quot;:&quot;&quot;,&quot;caption&quot;:&quot;NATO SAVUNMA BAKANLARI TOPLANTISI\\u2019NDA \\u0130K\\u0130NC\\u0130 G\\u00dcN OTURUMU BA\\u015eLADI. D\\u00dcN BA\\u015eLAYAN G\\u00d6R\\u00dc\\u015eMELERDE IRAK, KOSOVA VE AFGAN\\u0130STAN\\u2019DAK\\u0130 SON DURUM, SAVUNMA HARCAMALARI VE RUSYA\\u2019NIN ORTA MENZ\\u0130LL\\u0130 N\\u00dcKLEER KUVVETLER ANLA\\u015eMASI\\u2019NI (INF) \\u0130HLAL\\u0130 MASAYA YATIRILACAK. (\\u0130HA\\\/BR\\u00dcKSEL-\\u0130HA)&quot;,&quot;created_timestamp&quot;:&quot;0&quot;,&quot;copyright&quot;:&quot;\\u0130HLAS HABER AJANSI, www.iha.com.tr&quot;,&quot;focal_length&quot;:&quot;0&quot;,&quot;iso&quot;:&quot;0&quot;,&quot;shutter_speed&quot;:&quot;0&quot;,&quot;title&quot;:&quot;NATO SAVUNMA BAKANLARI TOPLANTISI\\u2019NIN 2\\u2019NC\\u0130 OTURUMU BA\\u015eLADI \\u0022NATO INF\\u0027S\\u0130Z B\\u0130R D\\u00dcNYAYA HAZIRLANIYOR\\u0022&quot;,&quot;orientation&quot;:&quot;0&quot;}\" data-image-title=\"NATO Savunma Bakanlar\u0131 Toplant\u0131s\u0131\u2019n\u0131n 2\u2019nci oturumu ba\u015flad\u0131\" data-image-description=\"&lt;p&gt;NATO Savunma Bakanlar\u0131 Toplant\u0131s\u0131\u2019n\u0131n 2\u2019nci oturumu ba\u015flad\u0131&lt;\/p&gt; \" data-medium-file=\"https:\/\/i0.wp.com\/www.tvturk.com\/wp-content\/uploads\/2019\/02\/nato-savunma-bakanlari-toplantisinin-2nci-oturumu-basladi_00279ee.jpg?fit=300%2C200\" data-large-file=\"https:\/\/i0.wp.com\/www.tvturk.com\/wp-content\/uploads\/2019\/02\/nato-savunma-bakanlari-toplantisinin-2nci-oturumu-basladi_00279ee.jpg?fit=1000%2C666\" src=\"https:\/\/i0.wp.com\/www.tvturk.com\/wp-content\/uploads\/2019\/02\/nato-savunma-bakanlari-toplantisinin-2nci-oturumu-basladi_00279ee.jpg?w=245&#038;h=163\" srcset=\"https:\/\/i0.wp.com\/www.tvturk.com\/wp-content\/uploads\/2019\/02\/nato-savunma-bakanlari-toplantisinin-2nci-oturumu-basladi_00279ee.jpg?w=1000 1000w, https:\/\/i0.wp.com\/www.tvturk.com\/wp-content\/uploads\/2019\/02\/nato-savunma-bakanlari-toplantisinin-2nci-oturumu-basladi_00279ee.jpg?resize=150%2C100 150w, https:\/\/i0.wp.com\/www.tvturk.com\/wp-content\/uploads\/2019\/02\/nato-savunma-bakanlari-toplantisinin-2nci-oturumu-basladi_00279ee.jpg?resize=300%2C200 300w, https:\/\/i0.wp.com\/www.tvturk.com\/wp-content\/uploads\/2019\/02\/nato-savunma-bakanlari-toplantisinin-2nci-oturumu-basladi_00279ee.jpg?resize=768%2C511 768w, https:\/\/i0.wp.com\/www.tvturk.com\/wp-content\/uploads\/2019\/02\/nato-savunma-bakanlari-toplantisinin-2nci-oturumu-basladi_00279ee.jpg?resize=170%2C113 170w, https:\/\/i0.wp.com\/www.tvturk.com\/wp-content\/uploads\/2019\/02\/nato-savunma-bakanlari-toplantisinin-2nci-oturumu-basladi_00279ee.jpg?resize=120%2C80 120w\" width=\"245\" height=\"163\" loading=\"lazy\" data-original-width=\"245\" data-original-height=\"163\" itemprop=\"http:\/\/schema.org\/image\" title=\"NATO Savunma Bakanlar\u0131 Toplant\u0131s\u0131\u2019n\u0131n 2\u2019nci oturumu ba\u015flad\u0131\" alt=\"NATO Savunma Bakanlar\u0131 Toplant\u0131s\u0131\u2019n\u0131n 2\u2019nci oturumu ba\u015flad\u0131\" style=\"width: 245px; height: 163px;\" \/> <\/a> <\/div> <\/div> <!-- close group --> <\/div> <!-- close row --> <\/div><\/p>\n","protected":false},"excerpt":{"rendered":"<p>NATO SAVUNMA BAKANLARI TOPLANTISI\u2019NDA \u0130K\u0130NC\u0130 G\u00dcN OTURUMU BA\u015eLADI. D\u00dcN BA\u015eLAYAN G\u00d6R\u00dc\u015eMELERDE IRAK, KOSOVA VE AFGAN\u0130STAN\u2019DAK\u0130 SON DURUM, SAVUNMA HARCAMALARI VE RUSYA\u2019NIN ORTA MENZ\u0130LL\u0130 N\u00dcKLEER KUVVETLER ANLA\u015eMASI\u2019NI (INF) \u0130HLAL\u0130 MASAYA YATIRILACAK.<\/p>\n","protected":false},"author":1,"featured_media":31615,"comment_status":"closed","ping_status":"open","sticky":false,"template":"","format":"standard","meta":{"jetpack_post_was_ever_published":false,"_jetpack_newsletter_access":"","_jetpack_dont_email_post_to_subs":false,"_jetpack_newsletter_tier_id":0,"_jetpack_memberships_contains_paywalled_content":false,"_jetpack_memberships_contains_paid_content":false,"footnotes":"","jetpack_publicize_message":"","jetpack_publicize_feature_enabled":true,"jetpack_social_post_already_shared":false,"jetpack_social_options":{"image_generator_settings":{"template":"highway","default_image_id":0,"font":"","enabled":false},"version":2}},"categories":[9],"tags":[1384,4939,55,4799,12411,33,12410],"class_list":["post-31614","post","type-post","status-publish","format-standard","has-post-thumbnail","hentry","category-siyaset","tag-2nci","tag-bakanlari","tag-basladi","tag-nato","tag-oturumu","tag-savunma","tag-toplantisinin"],"jetpack_publicize_connections":[],"jetpack_featured_media_url":"https:\/\/i0.wp.com\/www.tvturk.com\/wp-content\/uploads\/2019\/02\/nato-savunma-bakanlari-toplantisinin-2nci-oturumu-basladi_4567e1b.jpg?fit=1000%2C646","jetpack_sharing_enabled":true,"jetpack_shortlink":"https:\/\/wp.me\/paKIfm-8dU","_links":{"self":[{"href":"http:\/\/www.tvturk.com\/index.php\/wp-json\/wp\/v2\/posts\/31614","targetHints":{"allow":["GET"]}}],"collection":[{"href":"http:\/\/www.tvturk.com\/index.php\/wp-json\/wp\/v2\/posts"}],"about":[{"href":"http:\/\/www.tvturk.com\/index.php\/wp-json\/wp\/v2\/types\/post"}],"author":[{"embeddable":true,"href":"http:\/\/www.tvturk.com\/index.php\/wp-json\/wp\/v2\/users\/1"}],"replies":[{"embeddable":true,"href":"http:\/\/www.tvturk.com\/index.php\/wp-json\/wp\/v2\/comments?post=31614"}],"version-history":[{"count":1,"href":"http:\/\/www.tvturk.com\/index.php\/wp-json\/wp\/v2\/posts\/31614\/revisions"}],"predecessor-version":[{"id":31618,"href":"http:\/\/www.tvturk.com\/index.php\/wp-json\/wp\/v2\/posts\/31614\/revisions\/31618"}],"wp:featuredmedia":[{"embeddable":true,"href":"http:\/\/www.tvturk.com\/index.php\/wp-json\/wp\/v2\/media\/31615"}],"wp:attachment":[{"href":"http:\/\/www.tvturk.com\/index.php\/wp-json\/wp\/v2\/media?parent=31614"}],"wp:term":[{"taxonomy":"category","embeddable":true,"href":"http:\/\/www.tvturk.com\/index.php\/wp-json\/wp\/v2\/categories?post=31614"},{"taxonomy":"post_tag","embeddable":true,"href":"http:\/\/www.tvturk.com\/index.php\/wp-json\/wp\/v2\/tags?post=31614"}],"curies":[{"name":"wp","href":"https:\/\/api.w.org\/{rel}","templated":true}]}}