{"id":31798,"date":"2019-02-14T12:41:05","date_gmt":"2019-02-14T09:41:05","guid":{"rendered":"http:\/\/www.tvturk.com\/index.php\/vatan-asktan-ustundur-diyerek-sevgililer-gununde-sehitligi-ziyaret-ettiler\/"},"modified":"2019-02-14T12:41:09","modified_gmt":"2019-02-14T09:41:09","slug":"vatan-asktan-ustundur-diyerek-sevgililer-gununde-sehitligi-ziyaret-ettiler","status":"publish","type":"post","link":"http:\/\/www.tvturk.com\/index.php\/vatan-asktan-ustundur-diyerek-sevgililer-gununde-sehitligi-ziyaret-ettiler\/","title":{"rendered":"\u2019Vatan a\u015fktan \u00fcst\u00fcnd\u00fcr\u2019 diyerek Sevgililer G\u00fcn\u00fc\u2019nde \u015fehitli\u011fi ziyaret ettiler"},"content":{"rendered":"<p>Turgutlu Belediyesi E\u011fitim ve Gen\u00e7lik Merkezi \u00f6\u011frencileriyle Cahit G\u00f6nl\u00fcbol Mesleki ve Teknik Anadolu Lisesi \u00f6\u011frencileri, 14 \u015eubat Sevgililer G\u00fcn\u00fc\u2019nde fark\u0131ndal\u0131k olu\u015fturarak Turgutlu \u015eehitli\u011fi\u2019ni ziyaret etti. \u015eehitlerimizin ebedi istirahatgahlar\u0131na \u00e7i\u00e7ek b\u0131rakan \u00f6\u011frenciler, vatan\u0131 u\u011fruna can\u0131n\u0131 veren aziz \u015fehitleri dualarla yad etti.<\/p>\n<p>Turgutlu Belediyesi Sosyal \u0130\u015fler M\u00fcd\u00fcrl\u00fc\u011f\u00fc, 14 \u015eubat Sevgililer G\u00fcn\u00fc dolay\u0131s\u0131yla ger\u00e7ekle\u015ftirdi\u011fi etkinlik vesilesiyle \u00f6\u011frencileri Turgutlu \u015eehitli\u011fi\u2019nde bir araya getirdi. Turgutlu Belediyesi E\u011fitim ve Gen\u00e7lik Merkezi (TURBEM) \u00f6\u011frencileri ile Cahit G\u00f6nl\u00fcbol Mesleki ve Teknik Anadolu Lisesi \u00f6\u011frencilerinden olu\u015fan heyet, \u015fehitlerimizin ebedi istirahatgahlar\u0131n\u0131 ziyaret ederek dua edip, kabirlerine \u00e7i\u00e7ek b\u0131rakt\u0131. Etkinli\u011fe Sosyal \u0130\u015fler M\u00fcd\u00fcr\u00fc Metin Akg\u00fcl ile Turgutlu \u00dclk\u00fc Ocaklar\u0131 Ba\u015fkan\u0131 Cemal G\u00fcrefe de e\u015flik etti.<\/p>\n<p>14 \u015eubat\u2019ta Turgutlu\u2019da fark\u0131ndal\u0131k olu\u015fturmalar\u0131ndan dolay\u0131 t\u00fcm \u00f6\u011frencileri kutlayan Turgutlu Belediye Ba\u015fkan\u0131 Turgay \u015eirin, \u201cAziz \u015fehitlerimize olan ahde vefam\u0131z\u0131 ne kadar ifade etsek o kadar az kal\u0131r. B\u00f6ylesi bir g\u00fcnde \u015fehitli\u011fe ko\u015fan t\u00fcm evlatlar\u0131m\u0131z\u0131 can-\u0131 g\u00f6n\u00fclden kutluyorum. Aziz \u015fehitlerimiz bizler i\u00e7in, vatan\u0131m\u0131z i\u00e7in g\u00f6z\u00fcn\u00fc k\u0131rpmadan kahramanca \u015fehit oldu. Kur\u2019an\u0131 Kerim\u2019de de ge\u00e7ti\u011fi \u00fczere \u2018Allah yolunda \u00f6ld\u00fcr\u00fclenler i\u00e7in \u00f6l\u00fcler demeyin. Hay\u0131r, onlar diridirler, fakat siz bilemezsiniz\u2019. Evet onlar bizim kahraman evlatlar\u0131m\u0131z. Bizler de \u2018vatan a\u015fktan \u00fcst\u00fcnd\u00fcr\u2019 dedik. B\u00f6yle anlaml\u0131 bir g\u00fcnde onlar\u0131 yaln\u0131z b\u0131rakmak istemedik\u201d dedi.<\/p>\n<p>B\u00f6yle bir etkinli\u011fe \u00f6nc\u00fc olmalar\u0131ndan dolay\u0131 Turgutlu Belediye Ba\u015fkan\u0131 Turgay \u015eirin\u2019e te\u015fekk\u00fcr eden \u00f6\u011frenciler de \u015fehitlerimizi rahmet ve minnetle yad etti.<div class=\"tiled-gallery type-rectangular tiled-gallery-unresized\" data-original-width=\"500\" data-carousel-extra='null' itemscope itemtype=\"http:\/\/schema.org\/ImageGallery\" > <div class=\"gallery-row\" style=\"width: 500px; height: 224px;\" data-original-width=\"500\" data-original-height=\"224\" > <div class=\"gallery-group images-1\" style=\"width: 334px; height: 224px;\" data-original-width=\"334\" data-original-height=\"224\" > <div class=\"tiled-gallery-item tiled-gallery-item-large\" itemprop=\"associatedMedia\" itemscope itemtype=\"http:\/\/schema.org\/ImageObject\"> <a href=\"http:\/\/www.tvturk.com\/index.php\/vatan-asktan-ustundur-diyerek-sevgililer-gununde-sehitligi-ziyaret-ettiler\/vatan-asktan-ustundur-diyerek-sevgililer-gununde-sehitligi-ziyaret-ettiler-3\/\" border=\"0\" itemprop=\"url\"> <meta itemprop=\"width\" content=\"330\"> <meta itemprop=\"height\" content=\"220\"> <img decoding=\"async\" class=\"\" data-attachment-id=\"31800\" data-orig-file=\"http:\/\/www.tvturk.com\/wp-content\/uploads\/2019\/02\/vatan-asktan-ustundur-diyerek-sevgililer-gununde-sehitligi-ziyaret-ettiler_135b436.jpg\" data-orig-size=\"1000,666\" data-comments-opened=\"\" data-image-meta=\"{&quot;aperture&quot;:&quot;0&quot;,&quot;credit&quot;:&quot;IHA&quot;,&quot;camera&quot;:&quot;&quot;,&quot;caption&quot;:&quot;TURGUTLU BELED\\u0130YES\\u0130 E\\u011e\\u0130T\\u0130M VE GEN\\u00c7L\\u0130K MERKEZ\\u0130 \\u00d6\\u011eRENC\\u0130LER\\u0130YLE CAH\\u0130T G\\u00d6NL\\u00dcBOL MESLEK\\u0130 VE TEKN\\u0130K ANADOLU L\\u0130SES\\u0130 \\u00d6\\u011eRENC\\u0130LER\\u0130, 14 \\u015eUBAT SEVG\\u0130L\\u0130LER G\\u00dcN\\u00dc\\u2019NDE FARKINDALIK OLU\\u015eTURARAK TURGUTLU \\u015eEH\\u0130TL\\u0130\\u011e\\u0130\\u2019N\\u0130 Z\\u0130YARET ETT\\u0130. \\u015eEH\\u0130TLER\\u0130M\\u0130Z\\u0130N EBED\\u0130 \\u0130ST\\u0130RAHATGAHLARINA \\u00c7\\u0130\\u00c7EK BIRAKAN \\u00d6\\u011eRENC\\u0130LER, VATANI U\\u011eRUNA CANINI VEREN AZ\\u0130Z \\u015eEH\\u0130TLER\\u0130 DUALARLA YAD ETT\\u0130. (\\u0130HA\\\/MAN\\u0130SA-\\u0130HA)&quot;,&quot;created_timestamp&quot;:&quot;0&quot;,&quot;copyright&quot;:&quot;\\u0130HLAS HABER AJANSI, www.iha.com.tr&quot;,&quot;focal_length&quot;:&quot;0&quot;,&quot;iso&quot;:&quot;0&quot;,&quot;shutter_speed&quot;:&quot;0&quot;,&quot;title&quot;:&quot;\\u0027VATAN A\\u015eKTAN \\u00dcST\\u00dcND\\u00dcR\\u0027 D\\u0130YEREK SEVG\\u0130L\\u0130LER G\\u00dcN\\u00dc\\u0027NDE \\u015eEH\\u0130TL\\u0130\\u011e\\u0130 Z\\u0130YARET ETT\\u0130LER&quot;,&quot;orientation&quot;:&quot;0&quot;}\" data-image-title=\"\u2019Vatan a\u015fktan \u00fcst\u00fcnd\u00fcr\u2019 diyerek Sevgililer G\u00fcn\u00fc\u2019nde \u015fehitli\u011fi ziyaret ettiler\" data-image-description=\"&lt;p&gt;\u2019Vatan a\u015fktan \u00fcst\u00fcnd\u00fcr\u2019 diyerek Sevgililer G\u00fcn\u00fc\u2019nde \u015fehitli\u011fi ziyaret ettiler&lt;\/p&gt; \" data-medium-file=\"https:\/\/i0.wp.com\/www.tvturk.com\/wp-content\/uploads\/2019\/02\/vatan-asktan-ustundur-diyerek-sevgililer-gununde-sehitligi-ziyaret-ettiler_135b436.jpg?fit=300%2C200\" data-large-file=\"https:\/\/i0.wp.com\/www.tvturk.com\/wp-content\/uploads\/2019\/02\/vatan-asktan-ustundur-diyerek-sevgililer-gununde-sehitligi-ziyaret-ettiler_135b436.jpg?fit=1000%2C666\" src=\"https:\/\/i0.wp.com\/www.tvturk.com\/wp-content\/uploads\/2019\/02\/vatan-asktan-ustundur-diyerek-sevgililer-gununde-sehitligi-ziyaret-ettiler_135b436.jpg?w=330&#038;h=220\" srcset=\"https:\/\/i0.wp.com\/www.tvturk.com\/wp-content\/uploads\/2019\/02\/vatan-asktan-ustundur-diyerek-sevgililer-gununde-sehitligi-ziyaret-ettiler_135b436.jpg?w=1000 1000w, https:\/\/i0.wp.com\/www.tvturk.com\/wp-content\/uploads\/2019\/02\/vatan-asktan-ustundur-diyerek-sevgililer-gununde-sehitligi-ziyaret-ettiler_135b436.jpg?resize=150%2C100 150w, https:\/\/i0.wp.com\/www.tvturk.com\/wp-content\/uploads\/2019\/02\/vatan-asktan-ustundur-diyerek-sevgililer-gununde-sehitligi-ziyaret-ettiler_135b436.jpg?resize=300%2C200 300w, https:\/\/i0.wp.com\/www.tvturk.com\/wp-content\/uploads\/2019\/02\/vatan-asktan-ustundur-diyerek-sevgililer-gununde-sehitligi-ziyaret-ettiler_135b436.jpg?resize=768%2C511 768w, https:\/\/i0.wp.com\/www.tvturk.com\/wp-content\/uploads\/2019\/02\/vatan-asktan-ustundur-diyerek-sevgililer-gununde-sehitligi-ziyaret-ettiler_135b436.jpg?resize=170%2C113 170w, https:\/\/i0.wp.com\/www.tvturk.com\/wp-content\/uploads\/2019\/02\/vatan-asktan-ustundur-diyerek-sevgililer-gununde-sehitligi-ziyaret-ettiler_135b436.jpg?resize=120%2C80 120w\" width=\"330\" height=\"220\" loading=\"lazy\" data-original-width=\"330\" data-original-height=\"220\" itemprop=\"http:\/\/schema.org\/image\" title=\"\u2019Vatan a\u015fktan \u00fcst\u00fcnd\u00fcr\u2019 diyerek Sevgililer G\u00fcn\u00fc\u2019nde \u015fehitli\u011fi ziyaret ettiler\" alt=\"\u2019Vatan a\u015fktan \u00fcst\u00fcnd\u00fcr\u2019 diyerek Sevgililer G\u00fcn\u00fc\u2019nde \u015fehitli\u011fi ziyaret ettiler\" style=\"width: 330px; height: 220px;\" \/> <\/a> <\/div> <\/div> <!-- close group --> <div class=\"gallery-group images-2\" style=\"width: 166px; height: 224px;\" data-original-width=\"166\" data-original-height=\"224\" > <div class=\"tiled-gallery-item tiled-gallery-item-small\" itemprop=\"associatedMedia\" itemscope itemtype=\"http:\/\/schema.org\/ImageObject\"> <a href=\"http:\/\/www.tvturk.com\/index.php\/vatan-asktan-ustundur-diyerek-sevgililer-gununde-sehitligi-ziyaret-ettiler\/vatan-asktan-ustundur-diyerek-sevgililer-gununde-sehitligi-ziyaret-ettiler-4\/\" border=\"0\" itemprop=\"url\"> <meta itemprop=\"width\" content=\"162\"> <meta itemprop=\"height\" content=\"108\"> <img decoding=\"async\" class=\"\" data-attachment-id=\"31801\" data-orig-file=\"http:\/\/www.tvturk.com\/wp-content\/uploads\/2019\/02\/vatan-asktan-ustundur-diyerek-sevgililer-gununde-sehitligi-ziyaret-ettiler_ef7311b.jpg\" data-orig-size=\"1000,666\" data-comments-opened=\"\" data-image-meta=\"{&quot;aperture&quot;:&quot;0&quot;,&quot;credit&quot;:&quot;IHA&quot;,&quot;camera&quot;:&quot;&quot;,&quot;caption&quot;:&quot;TURGUTLU BELED\\u0130YES\\u0130 E\\u011e\\u0130T\\u0130M VE GEN\\u00c7L\\u0130K MERKEZ\\u0130 \\u00d6\\u011eRENC\\u0130LER\\u0130YLE CAH\\u0130T G\\u00d6NL\\u00dcBOL MESLEK\\u0130 VE TEKN\\u0130K ANADOLU L\\u0130SES\\u0130 \\u00d6\\u011eRENC\\u0130LER\\u0130, 14 \\u015eUBAT SEVG\\u0130L\\u0130LER G\\u00dcN\\u00dc\\u2019NDE FARKINDALIK OLU\\u015eTURARAK TURGUTLU \\u015eEH\\u0130TL\\u0130\\u011e\\u0130\\u2019N\\u0130 Z\\u0130YARET ETT\\u0130. \\u015eEH\\u0130TLER\\u0130M\\u0130Z\\u0130N EBED\\u0130 \\u0130ST\\u0130RAHATGAHLARINA \\u00c7\\u0130\\u00c7EK BIRAKAN \\u00d6\\u011eRENC\\u0130LER, VATANI U\\u011eRUNA CANINI VEREN AZ\\u0130Z \\u015eEH\\u0130TLER\\u0130 DUALARLA YAD ETT\\u0130. (\\u0130HA\\\/MAN\\u0130SA-\\u0130HA)&quot;,&quot;created_timestamp&quot;:&quot;0&quot;,&quot;copyright&quot;:&quot;\\u0130HLAS HABER AJANSI, www.iha.com.tr&quot;,&quot;focal_length&quot;:&quot;0&quot;,&quot;iso&quot;:&quot;0&quot;,&quot;shutter_speed&quot;:&quot;0&quot;,&quot;title&quot;:&quot;\\u0027VATAN A\\u015eKTAN \\u00dcST\\u00dcND\\u00dcR\\u0027 D\\u0130YEREK SEVG\\u0130L\\u0130LER G\\u00dcN\\u00dc\\u0027NDE \\u015eEH\\u0130TL\\u0130\\u011e\\u0130 Z\\u0130YARET ETT\\u0130LER&quot;,&quot;orientation&quot;:&quot;0&quot;}\" data-image-title=\"\u2019Vatan a\u015fktan \u00fcst\u00fcnd\u00fcr\u2019 diyerek Sevgililer G\u00fcn\u00fc\u2019nde \u015fehitli\u011fi ziyaret ettiler\" data-image-description=\"&lt;p&gt;\u2019Vatan a\u015fktan \u00fcst\u00fcnd\u00fcr\u2019 diyerek Sevgililer G\u00fcn\u00fc\u2019nde \u015fehitli\u011fi ziyaret ettiler&lt;\/p&gt; \" data-medium-file=\"https:\/\/i0.wp.com\/www.tvturk.com\/wp-content\/uploads\/2019\/02\/vatan-asktan-ustundur-diyerek-sevgililer-gununde-sehitligi-ziyaret-ettiler_ef7311b.jpg?fit=300%2C200\" data-large-file=\"https:\/\/i0.wp.com\/www.tvturk.com\/wp-content\/uploads\/2019\/02\/vatan-asktan-ustundur-diyerek-sevgililer-gununde-sehitligi-ziyaret-ettiler_ef7311b.jpg?fit=1000%2C666\" src=\"https:\/\/i0.wp.com\/www.tvturk.com\/wp-content\/uploads\/2019\/02\/vatan-asktan-ustundur-diyerek-sevgililer-gununde-sehitligi-ziyaret-ettiler_ef7311b.jpg?w=162&#038;h=108\" srcset=\"https:\/\/i0.wp.com\/www.tvturk.com\/wp-content\/uploads\/2019\/02\/vatan-asktan-ustundur-diyerek-sevgililer-gununde-sehitligi-ziyaret-ettiler_ef7311b.jpg?w=1000 1000w, https:\/\/i0.wp.com\/www.tvturk.com\/wp-content\/uploads\/2019\/02\/vatan-asktan-ustundur-diyerek-sevgililer-gununde-sehitligi-ziyaret-ettiler_ef7311b.jpg?resize=150%2C100 150w, https:\/\/i0.wp.com\/www.tvturk.com\/wp-content\/uploads\/2019\/02\/vatan-asktan-ustundur-diyerek-sevgililer-gununde-sehitligi-ziyaret-ettiler_ef7311b.jpg?resize=300%2C200 300w, https:\/\/i0.wp.com\/www.tvturk.com\/wp-content\/uploads\/2019\/02\/vatan-asktan-ustundur-diyerek-sevgililer-gununde-sehitligi-ziyaret-ettiler_ef7311b.jpg?resize=768%2C511 768w, https:\/\/i0.wp.com\/www.tvturk.com\/wp-content\/uploads\/2019\/02\/vatan-asktan-ustundur-diyerek-sevgililer-gununde-sehitligi-ziyaret-ettiler_ef7311b.jpg?resize=170%2C113 170w, https:\/\/i0.wp.com\/www.tvturk.com\/wp-content\/uploads\/2019\/02\/vatan-asktan-ustundur-diyerek-sevgililer-gununde-sehitligi-ziyaret-ettiler_ef7311b.jpg?resize=120%2C80 120w\" width=\"162\" height=\"108\" loading=\"lazy\" data-original-width=\"162\" data-original-height=\"108\" itemprop=\"http:\/\/schema.org\/image\" title=\"\u2019Vatan a\u015fktan \u00fcst\u00fcnd\u00fcr\u2019 diyerek Sevgililer G\u00fcn\u00fc\u2019nde \u015fehitli\u011fi ziyaret ettiler\" alt=\"\u2019Vatan a\u015fktan \u00fcst\u00fcnd\u00fcr\u2019 diyerek Sevgililer G\u00fcn\u00fc\u2019nde \u015fehitli\u011fi ziyaret ettiler\" style=\"width: 162px; height: 108px;\" \/> <\/a> <\/div> <div class=\"tiled-gallery-item tiled-gallery-item-small\" itemprop=\"associatedMedia\" itemscope itemtype=\"http:\/\/schema.org\/ImageObject\"> <a href=\"http:\/\/www.tvturk.com\/index.php\/vatan-asktan-ustundur-diyerek-sevgililer-gununde-sehitligi-ziyaret-ettiler\/vatan-asktan-ustundur-diyerek-sevgililer-gununde-sehitligi-ziyaret-ettiler-5\/\" border=\"0\" itemprop=\"url\"> <meta itemprop=\"width\" content=\"162\"> <meta itemprop=\"height\" content=\"108\"> <img decoding=\"async\" class=\"\" data-attachment-id=\"31802\" data-orig-file=\"http:\/\/www.tvturk.com\/wp-content\/uploads\/2019\/02\/vatan-asktan-ustundur-diyerek-sevgililer-gununde-sehitligi-ziyaret-ettiler_1f73e9d.jpg\" data-orig-size=\"1000,666\" data-comments-opened=\"\" data-image-meta=\"{&quot;aperture&quot;:&quot;0&quot;,&quot;credit&quot;:&quot;IHA&quot;,&quot;camera&quot;:&quot;&quot;,&quot;caption&quot;:&quot;TURGUTLU BELED\\u0130YES\\u0130 E\\u011e\\u0130T\\u0130M VE GEN\\u00c7L\\u0130K MERKEZ\\u0130 \\u00d6\\u011eRENC\\u0130LER\\u0130YLE CAH\\u0130T G\\u00d6NL\\u00dcBOL MESLEK\\u0130 VE TEKN\\u0130K ANADOLU L\\u0130SES\\u0130 \\u00d6\\u011eRENC\\u0130LER\\u0130, 14 \\u015eUBAT SEVG\\u0130L\\u0130LER G\\u00dcN\\u00dc\\u2019NDE FARKINDALIK OLU\\u015eTURARAK TURGUTLU \\u015eEH\\u0130TL\\u0130\\u011e\\u0130\\u2019N\\u0130 Z\\u0130YARET ETT\\u0130. \\u015eEH\\u0130TLER\\u0130M\\u0130Z\\u0130N EBED\\u0130 \\u0130ST\\u0130RAHATGAHLARINA \\u00c7\\u0130\\u00c7EK BIRAKAN \\u00d6\\u011eRENC\\u0130LER, VATANI U\\u011eRUNA CANINI VEREN AZ\\u0130Z \\u015eEH\\u0130TLER\\u0130 DUALARLA YAD ETT\\u0130. (\\u0130HA\\\/MAN\\u0130SA-\\u0130HA)&quot;,&quot;created_timestamp&quot;:&quot;0&quot;,&quot;copyright&quot;:&quot;\\u0130HLAS HABER AJANSI, www.iha.com.tr&quot;,&quot;focal_length&quot;:&quot;0&quot;,&quot;iso&quot;:&quot;0&quot;,&quot;shutter_speed&quot;:&quot;0&quot;,&quot;title&quot;:&quot;\\u0027VATAN A\\u015eKTAN \\u00dcST\\u00dcND\\u00dcR\\u0027 D\\u0130YEREK SEVG\\u0130L\\u0130LER G\\u00dcN\\u00dc\\u0027NDE \\u015eEH\\u0130TL\\u0130\\u011e\\u0130 Z\\u0130YARET ETT\\u0130LER&quot;,&quot;orientation&quot;:&quot;0&quot;}\" data-image-title=\"\u2019Vatan a\u015fktan \u00fcst\u00fcnd\u00fcr\u2019 diyerek Sevgililer G\u00fcn\u00fc\u2019nde \u015fehitli\u011fi ziyaret ettiler\" data-image-description=\"&lt;p&gt;\u2019Vatan a\u015fktan \u00fcst\u00fcnd\u00fcr\u2019 diyerek Sevgililer G\u00fcn\u00fc\u2019nde \u015fehitli\u011fi ziyaret ettiler&lt;\/p&gt; \" data-medium-file=\"https:\/\/i0.wp.com\/www.tvturk.com\/wp-content\/uploads\/2019\/02\/vatan-asktan-ustundur-diyerek-sevgililer-gununde-sehitligi-ziyaret-ettiler_1f73e9d.jpg?fit=300%2C200\" data-large-file=\"https:\/\/i0.wp.com\/www.tvturk.com\/wp-content\/uploads\/2019\/02\/vatan-asktan-ustundur-diyerek-sevgililer-gununde-sehitligi-ziyaret-ettiler_1f73e9d.jpg?fit=1000%2C666\" src=\"https:\/\/i0.wp.com\/www.tvturk.com\/wp-content\/uploads\/2019\/02\/vatan-asktan-ustundur-diyerek-sevgililer-gununde-sehitligi-ziyaret-ettiler_1f73e9d.jpg?w=162&#038;h=108\" srcset=\"https:\/\/i0.wp.com\/www.tvturk.com\/wp-content\/uploads\/2019\/02\/vatan-asktan-ustundur-diyerek-sevgililer-gununde-sehitligi-ziyaret-ettiler_1f73e9d.jpg?w=1000 1000w, https:\/\/i0.wp.com\/www.tvturk.com\/wp-content\/uploads\/2019\/02\/vatan-asktan-ustundur-diyerek-sevgililer-gununde-sehitligi-ziyaret-ettiler_1f73e9d.jpg?resize=150%2C100 150w, https:\/\/i0.wp.com\/www.tvturk.com\/wp-content\/uploads\/2019\/02\/vatan-asktan-ustundur-diyerek-sevgililer-gununde-sehitligi-ziyaret-ettiler_1f73e9d.jpg?resize=300%2C200 300w, https:\/\/i0.wp.com\/www.tvturk.com\/wp-content\/uploads\/2019\/02\/vatan-asktan-ustundur-diyerek-sevgililer-gununde-sehitligi-ziyaret-ettiler_1f73e9d.jpg?resize=768%2C511 768w, https:\/\/i0.wp.com\/www.tvturk.com\/wp-content\/uploads\/2019\/02\/vatan-asktan-ustundur-diyerek-sevgililer-gununde-sehitligi-ziyaret-ettiler_1f73e9d.jpg?resize=170%2C113 170w, https:\/\/i0.wp.com\/www.tvturk.com\/wp-content\/uploads\/2019\/02\/vatan-asktan-ustundur-diyerek-sevgililer-gununde-sehitligi-ziyaret-ettiler_1f73e9d.jpg?resize=120%2C80 120w\" width=\"162\" height=\"108\" loading=\"lazy\" data-original-width=\"162\" data-original-height=\"108\" itemprop=\"http:\/\/schema.org\/image\" title=\"\u2019Vatan a\u015fktan \u00fcst\u00fcnd\u00fcr\u2019 diyerek Sevgililer G\u00fcn\u00fc\u2019nde \u015fehitli\u011fi ziyaret ettiler\" alt=\"\u2019Vatan a\u015fktan \u00fcst\u00fcnd\u00fcr\u2019 diyerek Sevgililer G\u00fcn\u00fc\u2019nde \u015fehitli\u011fi ziyaret ettiler\" style=\"width: 162px; height: 108px;\" \/> <\/a> <\/div> <\/div> <!-- close group --> <\/div> <!-- close row --> <div class=\"gallery-row\" style=\"width: 500px; height: 334px;\" data-original-width=\"500\" data-original-height=\"334\" > <div class=\"gallery-group images-1\" style=\"width: 500px; height: 334px;\" data-original-width=\"500\" data-original-height=\"334\" > <div class=\"tiled-gallery-item tiled-gallery-item-large\" itemprop=\"associatedMedia\" itemscope itemtype=\"http:\/\/schema.org\/ImageObject\"> <a href=\"http:\/\/www.tvturk.com\/index.php\/vatan-asktan-ustundur-diyerek-sevgililer-gununde-sehitligi-ziyaret-ettiler\/vatan-asktan-ustundur-diyerek-sevgililer-gununde-sehitligi-ziyaret-ettiler-6\/\" border=\"0\" itemprop=\"url\"> <meta itemprop=\"width\" content=\"496\"> <meta itemprop=\"height\" content=\"330\"> <img decoding=\"async\" class=\"\" data-attachment-id=\"31803\" data-orig-file=\"http:\/\/www.tvturk.com\/wp-content\/uploads\/2019\/02\/vatan-asktan-ustundur-diyerek-sevgililer-gununde-sehitligi-ziyaret-ettiler_e2b6d13.jpg\" data-orig-size=\"1000,666\" data-comments-opened=\"\" data-image-meta=\"{&quot;aperture&quot;:&quot;0&quot;,&quot;credit&quot;:&quot;IHA&quot;,&quot;camera&quot;:&quot;&quot;,&quot;caption&quot;:&quot;TURGUTLU BELED\\u0130YES\\u0130 E\\u011e\\u0130T\\u0130M VE GEN\\u00c7L\\u0130K MERKEZ\\u0130 \\u00d6\\u011eRENC\\u0130LER\\u0130YLE CAH\\u0130T G\\u00d6NL\\u00dcBOL MESLEK\\u0130 VE TEKN\\u0130K ANADOLU L\\u0130SES\\u0130 \\u00d6\\u011eRENC\\u0130LER\\u0130, 14 \\u015eUBAT SEVG\\u0130L\\u0130LER G\\u00dcN\\u00dc\\u2019NDE FARKINDALIK OLU\\u015eTURARAK TURGUTLU \\u015eEH\\u0130TL\\u0130\\u011e\\u0130\\u2019N\\u0130 Z\\u0130YARET ETT\\u0130. \\u015eEH\\u0130TLER\\u0130M\\u0130Z\\u0130N EBED\\u0130 \\u0130ST\\u0130RAHATGAHLARINA \\u00c7\\u0130\\u00c7EK BIRAKAN \\u00d6\\u011eRENC\\u0130LER, VATANI U\\u011eRUNA CANINI VEREN AZ\\u0130Z \\u015eEH\\u0130TLER\\u0130 DUALARLA YAD ETT\\u0130. (\\u0130HA\\\/MAN\\u0130SA-\\u0130HA)&quot;,&quot;created_timestamp&quot;:&quot;0&quot;,&quot;copyright&quot;:&quot;\\u0130HLAS HABER AJANSI, www.iha.com.tr&quot;,&quot;focal_length&quot;:&quot;0&quot;,&quot;iso&quot;:&quot;0&quot;,&quot;shutter_speed&quot;:&quot;0&quot;,&quot;title&quot;:&quot;\\u0027VATAN A\\u015eKTAN \\u00dcST\\u00dcND\\u00dcR\\u0027 D\\u0130YEREK SEVG\\u0130L\\u0130LER G\\u00dcN\\u00dc\\u0027NDE \\u015eEH\\u0130TL\\u0130\\u011e\\u0130 Z\\u0130YARET ETT\\u0130LER&quot;,&quot;orientation&quot;:&quot;0&quot;}\" data-image-title=\"\u2019Vatan a\u015fktan \u00fcst\u00fcnd\u00fcr\u2019 diyerek Sevgililer G\u00fcn\u00fc\u2019nde \u015fehitli\u011fi ziyaret ettiler\" data-image-description=\"&lt;p&gt;\u2019Vatan a\u015fktan \u00fcst\u00fcnd\u00fcr\u2019 diyerek Sevgililer G\u00fcn\u00fc\u2019nde \u015fehitli\u011fi ziyaret ettiler&lt;\/p&gt; \" data-medium-file=\"https:\/\/i0.wp.com\/www.tvturk.com\/wp-content\/uploads\/2019\/02\/vatan-asktan-ustundur-diyerek-sevgililer-gununde-sehitligi-ziyaret-ettiler_e2b6d13.jpg?fit=300%2C200\" data-large-file=\"https:\/\/i0.wp.com\/www.tvturk.com\/wp-content\/uploads\/2019\/02\/vatan-asktan-ustundur-diyerek-sevgililer-gununde-sehitligi-ziyaret-ettiler_e2b6d13.jpg?fit=1000%2C666\" src=\"https:\/\/i0.wp.com\/www.tvturk.com\/wp-content\/uploads\/2019\/02\/vatan-asktan-ustundur-diyerek-sevgililer-gununde-sehitligi-ziyaret-ettiler_e2b6d13.jpg?w=496&#038;h=330\" srcset=\"https:\/\/i0.wp.com\/www.tvturk.com\/wp-content\/uploads\/2019\/02\/vatan-asktan-ustundur-diyerek-sevgililer-gununde-sehitligi-ziyaret-ettiler_e2b6d13.jpg?w=1000 1000w, https:\/\/i0.wp.com\/www.tvturk.com\/wp-content\/uploads\/2019\/02\/vatan-asktan-ustundur-diyerek-sevgililer-gununde-sehitligi-ziyaret-ettiler_e2b6d13.jpg?resize=150%2C100 150w, https:\/\/i0.wp.com\/www.tvturk.com\/wp-content\/uploads\/2019\/02\/vatan-asktan-ustundur-diyerek-sevgililer-gununde-sehitligi-ziyaret-ettiler_e2b6d13.jpg?resize=300%2C200 300w, https:\/\/i0.wp.com\/www.tvturk.com\/wp-content\/uploads\/2019\/02\/vatan-asktan-ustundur-diyerek-sevgililer-gununde-sehitligi-ziyaret-ettiler_e2b6d13.jpg?resize=768%2C511 768w, https:\/\/i0.wp.com\/www.tvturk.com\/wp-content\/uploads\/2019\/02\/vatan-asktan-ustundur-diyerek-sevgililer-gununde-sehitligi-ziyaret-ettiler_e2b6d13.jpg?resize=170%2C113 170w, https:\/\/i0.wp.com\/www.tvturk.com\/wp-content\/uploads\/2019\/02\/vatan-asktan-ustundur-diyerek-sevgililer-gununde-sehitligi-ziyaret-ettiler_e2b6d13.jpg?resize=120%2C80 120w\" width=\"496\" height=\"330\" loading=\"lazy\" data-original-width=\"496\" data-original-height=\"330\" itemprop=\"http:\/\/schema.org\/image\" title=\"\u2019Vatan a\u015fktan \u00fcst\u00fcnd\u00fcr\u2019 diyerek Sevgililer G\u00fcn\u00fc\u2019nde \u015fehitli\u011fi ziyaret ettiler\" alt=\"\u2019Vatan a\u015fktan \u00fcst\u00fcnd\u00fcr\u2019 diyerek Sevgililer G\u00fcn\u00fc\u2019nde \u015fehitli\u011fi ziyaret ettiler\" style=\"width: 496px; height: 330px;\" \/> <\/a> <\/div> <\/div> <!-- close group --> <\/div> <!-- close row --> <\/div><\/p>\n","protected":false},"excerpt":{"rendered":"<p>TURGUTLU BELED\u0130YES\u0130 E\u011e\u0130T\u0130M VE GEN\u00c7L\u0130K MERKEZ\u0130 \u00d6\u011eRENC\u0130LER\u0130YLE CAH\u0130T G\u00d6NL\u00dcBOL MESLEK\u0130 VE TEKN\u0130K ANADOLU L\u0130SES\u0130 \u00d6\u011eRENC\u0130LER\u0130, 14 \u015eUBAT SEVG\u0130L\u0130LER G\u00dcN\u00dc\u2019NDE FARKINDALIK OLU\u015eTURARAK TURGUTLU \u015eEH\u0130TL\u0130\u011e\u0130\u2019N\u0130 Z\u0130YARET ETT\u0130. \u015eEH\u0130TLER\u0130M\u0130Z\u0130N EBED\u0130 \u0130ST\u0130RAHATGAHLARINA \u00c7\u0130\u00c7EK BIRAKAN \u00d6\u011eRENC\u0130LER, VATANI U\u011eRUNA CANINI VEREN AZ\u0130Z \u015eEH\u0130TLER\u0130 DUALARLA YAD ETT\u0130.<\/p>\n","protected":false},"author":1,"featured_media":31799,"comment_status":"closed","ping_status":"open","sticky":false,"template":"","format":"standard","meta":{"jetpack_post_was_ever_published":false,"_jetpack_newsletter_access":"","_jetpack_dont_email_post_to_subs":false,"_jetpack_newsletter_tier_id":0,"_jetpack_memberships_contains_paywalled_content":false,"_jetpack_memberships_contains_paid_content":false,"footnotes":"","jetpack_publicize_message":"","jetpack_publicize_feature_enabled":true,"jetpack_social_post_already_shared":false,"jetpack_social_options":{"image_generator_settings":{"template":"highway","default_image_id":0,"font":"","enabled":false},"version":2}},"categories":[655],"tags":[12454,12343,2739,2246,12456,1702,12455,4708,150],"class_list":["post-31798","post","type-post","status-publish","format-standard","has-post-thumbnail","hentry","category-son-dakika","tag-asktan","tag-diyerek","tag-ettiler","tag-gununde","tag-sehitligi","tag-sevgililer","tag-ustundur","tag-vatan","tag-ziyaret"],"jetpack_publicize_connections":[],"jetpack_featured_media_url":"https:\/\/i0.wp.com\/www.tvturk.com\/wp-content\/uploads\/2019\/02\/vatan-asktan-ustundur-diyerek-sevgililer-gununde-sehitligi-ziyaret-ettiler_ecca5ed.jpg?fit=1000%2C666","jetpack_sharing_enabled":true,"jetpack_shortlink":"https:\/\/wp.me\/paKIfm-8gS","_links":{"self":[{"href":"http:\/\/www.tvturk.com\/index.php\/wp-json\/wp\/v2\/posts\/31798","targetHints":{"allow":["GET"]}}],"collection":[{"href":"http:\/\/www.tvturk.com\/index.php\/wp-json\/wp\/v2\/posts"}],"about":[{"href":"http:\/\/www.tvturk.com\/index.php\/wp-json\/wp\/v2\/types\/post"}],"author":[{"embeddable":true,"href":"http:\/\/www.tvturk.com\/index.php\/wp-json\/wp\/v2\/users\/1"}],"replies":[{"embeddable":true,"href":"http:\/\/www.tvturk.com\/index.php\/wp-json\/wp\/v2\/comments?post=31798"}],"version-history":[{"count":1,"href":"http:\/\/www.tvturk.com\/index.php\/wp-json\/wp\/v2\/posts\/31798\/revisions"}],"predecessor-version":[{"id":31804,"href":"http:\/\/www.tvturk.com\/index.php\/wp-json\/wp\/v2\/posts\/31798\/revisions\/31804"}],"wp:featuredmedia":[{"embeddable":true,"href":"http:\/\/www.tvturk.com\/index.php\/wp-json\/wp\/v2\/media\/31799"}],"wp:attachment":[{"href":"http:\/\/www.tvturk.com\/index.php\/wp-json\/wp\/v2\/media?parent=31798"}],"wp:term":[{"taxonomy":"category","embeddable":true,"href":"http:\/\/www.tvturk.com\/index.php\/wp-json\/wp\/v2\/categories?post=31798"},{"taxonomy":"post_tag","embeddable":true,"href":"http:\/\/www.tvturk.com\/index.php\/wp-json\/wp\/v2\/tags?post=31798"}],"curies":[{"name":"wp","href":"https:\/\/api.w.org\/{rel}","templated":true}]}}