{"id":31842,"date":"2019-02-14T12:51:11","date_gmt":"2019-02-14T09:51:11","guid":{"rendered":"http:\/\/www.tvturk.com\/index.php\/kemeri-vuran-hortumun-yeni-goruntuleri-ortaya-cikti\/"},"modified":"2019-02-14T12:51:14","modified_gmt":"2019-02-14T09:51:14","slug":"kemeri-vuran-hortumun-yeni-goruntuleri-ortaya-cikti","status":"publish","type":"post","link":"http:\/\/www.tvturk.com\/index.php\/kemeri-vuran-hortumun-yeni-goruntuleri-ortaya-cikti\/","title":{"rendered":"Kemer\u2019i vuran hortumun yeni g\u00f6r\u00fcnt\u00fcleri ortaya \u00e7\u0131kt\u0131"},"content":{"rendered":"<p>Antalya\u2019n\u0131n Kemer il\u00e7esinde meydana gelen hortum felaketinde kaybolan 20 ya\u015f\u0131ndaki \u00fcniversite \u00f6\u011frencisi Buse Acar\u2019\u0131 22 g\u00fcnd\u00fcr arama \u00e7al\u0131\u015fmalar\u0131 devam ederken, hortumun ya\u015fand\u0131\u011f\u0131 anlara ait yeni g\u00f6r\u00fcnt\u00fcler ortaya \u00e7\u0131kt\u0131.<\/p>\n<p>Edinilen bilgiye g\u00f6re, Kemer il\u00e7esinde 24 Ocak\u2019ta ya\u015fanan hortum felaketinde, i\u00e7inde oldu\u011fu arac\u0131n s\u00fcr\u00fcklendi\u011fi derede kaybolan Kader Buse Acar (20), \u00e7ok say\u0131da ekibin kat\u0131l\u0131m\u0131yla ger\u00e7ekle\u015ftirilen arama \u00e7al\u0131\u015fmalar\u0131na ra\u011fmen bulunamad\u0131. Kemer K\u00fc\u00e7\u00fck Sanayi Sitesi i\u00e7inde ortal\u0131\u011f\u0131 birbirine katan hortumun bir g\u00f6r\u00fcnt\u00fcs\u00fc bir esnaf taraf\u0131ndan \u00e7ekilmi\u015f ve yay\u0131nlanm\u0131\u015ft\u0131. Ya\u015fanan felaket s\u0131ras\u0131nda sanayi sitesinde bulunan bir vatanda\u015f taraf\u0131ndan \u00e7ekilen yeni g\u00f6r\u00fcnt\u00fcde, hortumun Buse\u2019nin annesiyle birlikte bulundu\u011fu otomobili etkiledi\u011fi noktan\u0131n \u00fczerinde oldu\u011fu ve korkun\u00e7 u\u011fultularla her \u015feyi havaland\u0131rd\u0131\u011f\u0131 g\u00f6r\u00fcl\u00fcyor. Buse Acar\u2019\u0131n bu anlarda hortuma kap\u0131larak herhangi bir y\u00f6ne savrulma ihtimali akla gelirken, hortum g\u00f6r\u00fcnt\u00fcs\u00fcn\u00fcn \u00e7ekildi\u011fi noktan\u0131n, Buse\u2019nin babas\u0131n\u0131n i\u015fyerinin tam arkas\u0131nda oldu\u011fu g\u00f6r\u00fcl\u00fcyor.<\/p>\n<p>\u00d6te yandan, Kemer Sanayi Sitesi\u2019ndeki i\u015fyerlerine ait az say\u0131da g\u00f6r\u00fcnt\u00fclerden birinde insanlar\u0131n panikle korunmaya \u00e7al\u0131\u015ft\u0131klar\u0131 g\u00f6r\u00fcnt\u00fcler de ortaya \u00e7\u0131kt\u0131. Bu g\u00f6r\u00fcnt\u00fclerde, hortumu fark eden insanlar\u0131n kulaklar\u0131n\u0131 t\u0131kayarak yere \u00e7\u00f6meldikleri, ka\u00e7maya \u00e7al\u0131\u015ft\u0131klar\u0131, f\u0131rt\u0131nan\u0131n g\u00fcvenlik kameralar\u0131n\u0131n y\u00f6n\u00fcn\u00fc \u00e7evirmesi, hortumun ortas\u0131nda kalan bir otomobilin savrulan e\u015fyalarla zarara u\u011framas\u0131 g\u00f6r\u00fcl\u00fcyor.<\/p>\n<p>Kemer K\u00fc\u00e7\u00fck Sanayi Sitesi\u2019nin g\u00fcvenlik kameralar\u0131 ve baz\u0131 i\u015fyerindeki kameralar, hortum \u00c7amyuva Mahallesi Sar\u0131\u00f6ren mevkiini vurdu\u011fu s\u0131rada devrilen y\u00fcksek gerilim hatlar\u0131 y\u00fcz\u00fcnden ya\u015fanan elektrik kesintisi sebebiyle devre d\u0131\u015f\u0131 kalm\u0131\u015ft\u0131.<div class=\"tiled-gallery type-rectangular tiled-gallery-unresized\" data-original-width=\"500\" data-carousel-extra='null' itemscope itemtype=\"http:\/\/schema.org\/ImageGallery\" > <div class=\"gallery-row\" style=\"width: 500px; height: 574px;\" data-original-width=\"500\" data-original-height=\"574\" > <div class=\"gallery-group images-3\" style=\"width: 299px; height: 574px;\" data-original-width=\"299\" data-original-height=\"574\" > <div class=\"tiled-gallery-item tiled-gallery-item-large\" itemprop=\"associatedMedia\" itemscope itemtype=\"http:\/\/schema.org\/ImageObject\"> <a href=\"http:\/\/www.tvturk.com\/index.php\/kemeri-vuran-hortumun-yeni-goruntuleri-ortaya-cikti\/kemeri-vuran-hortumun-yeni-goruntuleri-ortaya-cikti-3\/\" border=\"0\" itemprop=\"url\"> <meta itemprop=\"width\" content=\"295\"> <meta itemprop=\"height\" content=\"197\"> <img decoding=\"async\" class=\"\" data-attachment-id=\"31844\" data-orig-file=\"http:\/\/www.tvturk.com\/wp-content\/uploads\/2019\/02\/kemeri-vuran-hortumun-yeni-goruntuleri-ortaya-cikti_adb18e4.jpg\" data-orig-size=\"1000,666\" data-comments-opened=\"\" data-image-meta=\"{&quot;aperture&quot;:&quot;0&quot;,&quot;credit&quot;:&quot;IHA&quot;,&quot;camera&quot;:&quot;&quot;,&quot;caption&quot;:&quot;KEMER \\u0130L\\u00c7ES\\u0130NDE, 24 OCAK\\u0027TA YA\\u015eANAN HORTUM FELAKET\\u0130NDE, \\u0130\\u00c7\\u0130NDE OLDU\\u011eU ARACIN S\\u00dcR\\u00dcKLEND\\u0130\\u011e\\u0130 DEREDE KAYBOLAN KADER BUSE ACAR (20),\\u00c7OK SAYIDA EK\\u0130B\\u0130N KATILIMIYLA GER\\u00c7EKLE\\u015eT\\u0130R\\u0130LEN ARAMA \\u00c7ALI\\u015eMALARINA RA\\u011eMEN BULUNAMADI (\\u0130HA\\\/ANTALYA-\\u0130HA)&quot;,&quot;created_timestamp&quot;:&quot;0&quot;,&quot;copyright&quot;:&quot;\\u0130HLAS HABER AJANSI, www.iha.com.tr&quot;,&quot;focal_length&quot;:&quot;0&quot;,&quot;iso&quot;:&quot;0&quot;,&quot;shutter_speed&quot;:&quot;0&quot;,&quot;title&quot;:&quot;KEMER\\u0027\\u0130 VURAN HORTUMUN YEN\\u0130 G\\u00d6R\\u00dcNT\\u00dcLER\\u0130 ORTAYA \\u00c7IKTI&quot;,&quot;orientation&quot;:&quot;0&quot;}\" data-image-title=\"Kemer\u2019i vuran hortumun yeni g\u00f6r\u00fcnt\u00fcleri ortaya \u00e7\u0131kt\u0131\" data-image-description=\"&lt;p&gt;Kemer\u2019i vuran hortumun yeni g\u00f6r\u00fcnt\u00fcleri ortaya \u00e7\u0131kt\u0131&lt;\/p&gt; \" data-medium-file=\"https:\/\/i0.wp.com\/www.tvturk.com\/wp-content\/uploads\/2019\/02\/kemeri-vuran-hortumun-yeni-goruntuleri-ortaya-cikti_adb18e4.jpg?fit=300%2C200\" data-large-file=\"https:\/\/i0.wp.com\/www.tvturk.com\/wp-content\/uploads\/2019\/02\/kemeri-vuran-hortumun-yeni-goruntuleri-ortaya-cikti_adb18e4.jpg?fit=1000%2C666\" src=\"https:\/\/i0.wp.com\/www.tvturk.com\/wp-content\/uploads\/2019\/02\/kemeri-vuran-hortumun-yeni-goruntuleri-ortaya-cikti_adb18e4.jpg?w=295&#038;h=197\" srcset=\"https:\/\/i0.wp.com\/www.tvturk.com\/wp-content\/uploads\/2019\/02\/kemeri-vuran-hortumun-yeni-goruntuleri-ortaya-cikti_adb18e4.jpg?w=1000 1000w, https:\/\/i0.wp.com\/www.tvturk.com\/wp-content\/uploads\/2019\/02\/kemeri-vuran-hortumun-yeni-goruntuleri-ortaya-cikti_adb18e4.jpg?resize=150%2C100 150w, https:\/\/i0.wp.com\/www.tvturk.com\/wp-content\/uploads\/2019\/02\/kemeri-vuran-hortumun-yeni-goruntuleri-ortaya-cikti_adb18e4.jpg?resize=300%2C200 300w, https:\/\/i0.wp.com\/www.tvturk.com\/wp-content\/uploads\/2019\/02\/kemeri-vuran-hortumun-yeni-goruntuleri-ortaya-cikti_adb18e4.jpg?resize=768%2C511 768w, https:\/\/i0.wp.com\/www.tvturk.com\/wp-content\/uploads\/2019\/02\/kemeri-vuran-hortumun-yeni-goruntuleri-ortaya-cikti_adb18e4.jpg?resize=170%2C113 170w, https:\/\/i0.wp.com\/www.tvturk.com\/wp-content\/uploads\/2019\/02\/kemeri-vuran-hortumun-yeni-goruntuleri-ortaya-cikti_adb18e4.jpg?resize=120%2C80 120w\" width=\"295\" height=\"197\" loading=\"lazy\" data-original-width=\"295\" data-original-height=\"197\" itemprop=\"http:\/\/schema.org\/image\" title=\"Kemer\u2019i vuran hortumun yeni g\u00f6r\u00fcnt\u00fcleri ortaya \u00e7\u0131kt\u0131\" alt=\"Kemer\u2019i vuran hortumun yeni g\u00f6r\u00fcnt\u00fcleri ortaya \u00e7\u0131kt\u0131\" style=\"width: 295px; height: 197px;\" \/> <\/a> <\/div> <div class=\"tiled-gallery-item tiled-gallery-item-large\" itemprop=\"associatedMedia\" itemscope itemtype=\"http:\/\/schema.org\/ImageObject\"> <a href=\"http:\/\/www.tvturk.com\/index.php\/kemeri-vuran-hortumun-yeni-goruntuleri-ortaya-cikti\/kemeri-vuran-hortumun-yeni-goruntuleri-ortaya-cikti-4\/\" border=\"0\" itemprop=\"url\"> <meta itemprop=\"width\" content=\"295\"> <meta itemprop=\"height\" content=\"170\"> <img decoding=\"async\" class=\"\" data-attachment-id=\"31845\" data-orig-file=\"http:\/\/www.tvturk.com\/wp-content\/uploads\/2019\/02\/kemeri-vuran-hortumun-yeni-goruntuleri-ortaya-cikti_456e2fe.jpg\" data-orig-size=\"768,442\" data-comments-opened=\"\" data-image-meta=\"{&quot;aperture&quot;:&quot;0&quot;,&quot;credit&quot;:&quot;IHA&quot;,&quot;camera&quot;:&quot;&quot;,&quot;caption&quot;:&quot;KEMER\\u0027\\u0130 VURAN HORTUMUN YEN\\u0130 G\\u00d6R\\u00dcNT\\u00dcLER\\u0130 ORTAYA \\u00c7IKTI. (\\u0130HA\\\/ANTALYA-\\u0130HA)&quot;,&quot;created_timestamp&quot;:&quot;1550177280&quot;,&quot;copyright&quot;:&quot;\\u0130HLAS HABER AJANSI, www.iha.com.tr&quot;,&quot;focal_length&quot;:&quot;0&quot;,&quot;iso&quot;:&quot;0&quot;,&quot;shutter_speed&quot;:&quot;0&quot;,&quot;title&quot;:&quot;KEMER\\u0027\\u0130 VURAN HORTUMUN YEN\\u0130 G\\u00d6R\\u00dcNT\\u00dcLER\\u0130 ORTAYA \\u00c7IKTI&quot;,&quot;orientation&quot;:&quot;1&quot;}\" data-image-title=\"Kemer\u2019i vuran hortumun yeni g\u00f6r\u00fcnt\u00fcleri ortaya \u00e7\u0131kt\u0131\" data-image-description=\"&lt;p&gt;Kemer\u2019i vuran hortumun yeni g\u00f6r\u00fcnt\u00fcleri ortaya \u00e7\u0131kt\u0131&lt;\/p&gt; \" data-medium-file=\"https:\/\/i0.wp.com\/www.tvturk.com\/wp-content\/uploads\/2019\/02\/kemeri-vuran-hortumun-yeni-goruntuleri-ortaya-cikti_456e2fe.jpg?fit=300%2C173\" data-large-file=\"https:\/\/i0.wp.com\/www.tvturk.com\/wp-content\/uploads\/2019\/02\/kemeri-vuran-hortumun-yeni-goruntuleri-ortaya-cikti_456e2fe.jpg?fit=768%2C442\" src=\"https:\/\/i0.wp.com\/www.tvturk.com\/wp-content\/uploads\/2019\/02\/kemeri-vuran-hortumun-yeni-goruntuleri-ortaya-cikti_456e2fe.jpg?w=295&#038;h=170\" srcset=\"https:\/\/i0.wp.com\/www.tvturk.com\/wp-content\/uploads\/2019\/02\/kemeri-vuran-hortumun-yeni-goruntuleri-ortaya-cikti_456e2fe.jpg?w=768 768w, https:\/\/i0.wp.com\/www.tvturk.com\/wp-content\/uploads\/2019\/02\/kemeri-vuran-hortumun-yeni-goruntuleri-ortaya-cikti_456e2fe.jpg?resize=150%2C86 150w, https:\/\/i0.wp.com\/www.tvturk.com\/wp-content\/uploads\/2019\/02\/kemeri-vuran-hortumun-yeni-goruntuleri-ortaya-cikti_456e2fe.jpg?resize=300%2C173 300w, https:\/\/i0.wp.com\/www.tvturk.com\/wp-content\/uploads\/2019\/02\/kemeri-vuran-hortumun-yeni-goruntuleri-ortaya-cikti_456e2fe.jpg?resize=380%2C220 380w\" width=\"295\" height=\"170\" loading=\"lazy\" data-original-width=\"295\" data-original-height=\"170\" itemprop=\"http:\/\/schema.org\/image\" title=\"Kemer\u2019i vuran hortumun yeni g\u00f6r\u00fcnt\u00fcleri ortaya \u00e7\u0131kt\u0131\" alt=\"Kemer\u2019i vuran hortumun yeni g\u00f6r\u00fcnt\u00fcleri ortaya \u00e7\u0131kt\u0131\" style=\"width: 295px; height: 170px;\" \/> <\/a> <\/div> <div class=\"tiled-gallery-item tiled-gallery-item-large\" itemprop=\"associatedMedia\" itemscope itemtype=\"http:\/\/schema.org\/ImageObject\"> <a href=\"http:\/\/www.tvturk.com\/index.php\/kemeri-vuran-hortumun-yeni-goruntuleri-ortaya-cikti\/kemeri-vuran-hortumun-yeni-goruntuleri-ortaya-cikti-5\/\" border=\"0\" itemprop=\"url\"> <meta itemprop=\"width\" content=\"295\"> <meta itemprop=\"height\" content=\"195\"> <img decoding=\"async\" class=\"\" data-attachment-id=\"31846\" data-orig-file=\"http:\/\/www.tvturk.com\/wp-content\/uploads\/2019\/02\/kemeri-vuran-hortumun-yeni-goruntuleri-ortaya-cikti_1111d2d.jpg\" data-orig-size=\"768,508\" data-comments-opened=\"\" data-image-meta=\"{&quot;aperture&quot;:&quot;0&quot;,&quot;credit&quot;:&quot;IHA&quot;,&quot;camera&quot;:&quot;&quot;,&quot;caption&quot;:&quot;AW622587&quot;,&quot;created_timestamp&quot;:&quot;1550148480&quot;,&quot;copyright&quot;:&quot;\\u0130HLAS HABER AJANSI, www.iha.com.tr&quot;,&quot;focal_length&quot;:&quot;0&quot;,&quot;iso&quot;:&quot;0&quot;,&quot;shutter_speed&quot;:&quot;0&quot;,&quot;title&quot;:&quot;AW622587&quot;,&quot;orientation&quot;:&quot;1&quot;}\" data-image-title=\"Kemer\u2019i vuran hortumun yeni g\u00f6r\u00fcnt\u00fcleri ortaya \u00e7\u0131kt\u0131\" data-image-description=\"&lt;p&gt;Kemer\u2019i vuran hortumun yeni g\u00f6r\u00fcnt\u00fcleri ortaya \u00e7\u0131kt\u0131&lt;\/p&gt; \" data-medium-file=\"https:\/\/i0.wp.com\/www.tvturk.com\/wp-content\/uploads\/2019\/02\/kemeri-vuran-hortumun-yeni-goruntuleri-ortaya-cikti_1111d2d.jpg?fit=300%2C198\" data-large-file=\"https:\/\/i0.wp.com\/www.tvturk.com\/wp-content\/uploads\/2019\/02\/kemeri-vuran-hortumun-yeni-goruntuleri-ortaya-cikti_1111d2d.jpg?fit=768%2C508\" src=\"https:\/\/i0.wp.com\/www.tvturk.com\/wp-content\/uploads\/2019\/02\/kemeri-vuran-hortumun-yeni-goruntuleri-ortaya-cikti_1111d2d.jpg?w=295&#038;h=195\" srcset=\"https:\/\/i0.wp.com\/www.tvturk.com\/wp-content\/uploads\/2019\/02\/kemeri-vuran-hortumun-yeni-goruntuleri-ortaya-cikti_1111d2d.jpg?w=768 768w, https:\/\/i0.wp.com\/www.tvturk.com\/wp-content\/uploads\/2019\/02\/kemeri-vuran-hortumun-yeni-goruntuleri-ortaya-cikti_1111d2d.jpg?resize=150%2C99 150w, https:\/\/i0.wp.com\/www.tvturk.com\/wp-content\/uploads\/2019\/02\/kemeri-vuran-hortumun-yeni-goruntuleri-ortaya-cikti_1111d2d.jpg?resize=300%2C198 300w, https:\/\/i0.wp.com\/www.tvturk.com\/wp-content\/uploads\/2019\/02\/kemeri-vuran-hortumun-yeni-goruntuleri-ortaya-cikti_1111d2d.jpg?resize=170%2C113 170w, https:\/\/i0.wp.com\/www.tvturk.com\/wp-content\/uploads\/2019\/02\/kemeri-vuran-hortumun-yeni-goruntuleri-ortaya-cikti_1111d2d.jpg?resize=120%2C80 120w\" width=\"295\" height=\"195\" loading=\"lazy\" data-original-width=\"295\" data-original-height=\"195\" itemprop=\"http:\/\/schema.org\/image\" title=\"Kemer\u2019i vuran hortumun yeni g\u00f6r\u00fcnt\u00fcleri ortaya \u00e7\u0131kt\u0131\" alt=\"Kemer\u2019i vuran hortumun yeni g\u00f6r\u00fcnt\u00fcleri ortaya \u00e7\u0131kt\u0131\" style=\"width: 295px; height: 195px;\" \/> <\/a> <\/div> <\/div> <!-- close group --> <div class=\"gallery-group images-1\" style=\"width: 201px; height: 574px;\" data-original-width=\"201\" data-original-height=\"574\" > <div class=\"tiled-gallery-item tiled-gallery-item-small\" itemprop=\"associatedMedia\" itemscope itemtype=\"http:\/\/schema.org\/ImageObject\"> <a href=\"http:\/\/www.tvturk.com\/index.php\/kemeri-vuran-hortumun-yeni-goruntuleri-ortaya-cikti\/kemeri-vuran-hortumun-yeni-goruntuleri-ortaya-cikti-6\/\" border=\"0\" itemprop=\"url\"> <meta itemprop=\"width\" content=\"197\"> <meta itemprop=\"height\" content=\"570\"> <img decoding=\"async\" class=\"\" data-attachment-id=\"31847\" data-orig-file=\"http:\/\/www.tvturk.com\/wp-content\/uploads\/2019\/02\/kemeri-vuran-hortumun-yeni-goruntuleri-ortaya-cikti_bbba95c.jpg\" data-orig-size=\"300,869\" data-comments-opened=\"\" data-image-meta=\"{&quot;aperture&quot;:&quot;0&quot;,&quot;credit&quot;:&quot;IHA&quot;,&quot;camera&quot;:&quot;&quot;,&quot;caption&quot;:&quot;KEMER \\u0130L\\u00c7ES\\u0130NDE, 24 OCAK\\u0027TA YA\\u015eANAN HORTUM FELAKET\\u0130NDE, \\u0130\\u00c7\\u0130NDE OLDU\\u011eU ARACIN S\\u00dcR\\u00dcKLEND\\u0130\\u011e\\u0130 DEREDE KAYBOLAN KADER BUSE ACAR (20),\\u00c7OK SAYIDA EK\\u0130B\\u0130N KATILIMIYLA GER\\u00c7EKLE\\u015eT\\u0130R\\u0130LEN ARAMA \\u00c7ALI\\u015eMALARINA RA\\u011eMEN BULUNAMADI (\\u0130HA\\\/ANTALYA-\\u0130HA)&quot;,&quot;created_timestamp&quot;:&quot;1550177280&quot;,&quot;copyright&quot;:&quot;\\u0130HLAS HABER AJANSI, www.iha.com.tr&quot;,&quot;focal_length&quot;:&quot;0&quot;,&quot;iso&quot;:&quot;0&quot;,&quot;shutter_speed&quot;:&quot;0&quot;,&quot;title&quot;:&quot;KEMER\\u0027\\u0130 VURAN HORTUMUN YEN\\u0130 G\\u00d6R\\u00dcNT\\u00dcLER\\u0130 ORTAYA \\u00c7IKTI&quot;,&quot;orientation&quot;:&quot;0&quot;}\" data-image-title=\"Kemer\u2019i vuran hortumun yeni g\u00f6r\u00fcnt\u00fcleri ortaya \u00e7\u0131kt\u0131\" data-image-description=\"&lt;p&gt;Kemer\u2019i vuran hortumun yeni g\u00f6r\u00fcnt\u00fcleri ortaya \u00e7\u0131kt\u0131&lt;\/p&gt; \" data-medium-file=\"https:\/\/i0.wp.com\/www.tvturk.com\/wp-content\/uploads\/2019\/02\/kemeri-vuran-hortumun-yeni-goruntuleri-ortaya-cikti_bbba95c.jpg?fit=104%2C300\" data-large-file=\"https:\/\/i0.wp.com\/www.tvturk.com\/wp-content\/uploads\/2019\/02\/kemeri-vuran-hortumun-yeni-goruntuleri-ortaya-cikti_bbba95c.jpg?fit=300%2C869\" src=\"https:\/\/i0.wp.com\/www.tvturk.com\/wp-content\/uploads\/2019\/02\/kemeri-vuran-hortumun-yeni-goruntuleri-ortaya-cikti_bbba95c.jpg?w=197&#038;h=570\" srcset=\"https:\/\/i0.wp.com\/www.tvturk.com\/wp-content\/uploads\/2019\/02\/kemeri-vuran-hortumun-yeni-goruntuleri-ortaya-cikti_bbba95c.jpg?w=300 300w, https:\/\/i0.wp.com\/www.tvturk.com\/wp-content\/uploads\/2019\/02\/kemeri-vuran-hortumun-yeni-goruntuleri-ortaya-cikti_bbba95c.jpg?resize=52%2C150 52w, https:\/\/i0.wp.com\/www.tvturk.com\/wp-content\/uploads\/2019\/02\/kemeri-vuran-hortumun-yeni-goruntuleri-ortaya-cikti_bbba95c.jpg?resize=104%2C300 104w\" width=\"197\" height=\"570\" loading=\"lazy\" data-original-width=\"197\" data-original-height=\"570\" itemprop=\"http:\/\/schema.org\/image\" title=\"Kemer\u2019i vuran hortumun yeni g\u00f6r\u00fcnt\u00fcleri ortaya \u00e7\u0131kt\u0131\" alt=\"Kemer\u2019i vuran hortumun yeni g\u00f6r\u00fcnt\u00fcleri ortaya \u00e7\u0131kt\u0131\" style=\"width: 197px; height: 570px;\" \/> <\/a> <\/div> <\/div> <!-- close group --> <\/div> <!-- close row --> <\/div><\/p>\n","protected":false},"excerpt":{"rendered":"<p>KEMER \u0130L\u00c7ES\u0130NDE, 24 OCAK&#8217;TA YA\u015eANAN HORTUM FELAKET\u0130NDE, \u0130\u00c7\u0130NDE OLDU\u011eU ARACIN S\u00dcR\u00dcKLEND\u0130\u011e\u0130 DEREDE KAYBOLAN KADER BUSE ACAR (20),\u00c7OK SAYIDA EK\u0130B\u0130N KATILIMIYLA GER\u00c7EKLE\u015eT\u0130R\u0130LEN ARAMA \u00c7ALI\u015eMALARINA RA\u011eMEN BULUNAMADI<\/p>\n","protected":false},"author":1,"featured_media":31843,"comment_status":"closed","ping_status":"open","sticky":false,"template":"","format":"standard","meta":{"jetpack_post_was_ever_published":false,"_jetpack_newsletter_access":"","_jetpack_dont_email_post_to_subs":false,"_jetpack_newsletter_tier_id":0,"_jetpack_memberships_contains_paywalled_content":false,"_jetpack_memberships_contains_paid_content":false,"footnotes":"","jetpack_publicize_message":"","jetpack_publicize_feature_enabled":true,"jetpack_social_post_already_shared":false,"jetpack_social_options":{"image_generator_settings":{"template":"highway","default_image_id":0,"font":"","enabled":false},"version":2}},"categories":[655],"tags":[1202,8844,2805,10402,1201,4442,87],"class_list":["post-31842","post","type-post","status-publish","format-standard","has-post-thumbnail","hentry","category-son-dakika","tag-cikti","tag-goruntuleri","tag-hortumun","tag-kemeri","tag-ortaya","tag-vuran","tag-yeni"],"jetpack_publicize_connections":[],"jetpack_featured_media_url":"https:\/\/i0.wp.com\/www.tvturk.com\/wp-content\/uploads\/2019\/02\/kemeri-vuran-hortumun-yeni-goruntuleri-ortaya-cikti_15286ba.jpg?fit=1000%2C666","jetpack_sharing_enabled":true,"jetpack_shortlink":"https:\/\/wp.me\/paKIfm-8hA","_links":{"self":[{"href":"http:\/\/www.tvturk.com\/index.php\/wp-json\/wp\/v2\/posts\/31842","targetHints":{"allow":["GET"]}}],"collection":[{"href":"http:\/\/www.tvturk.com\/index.php\/wp-json\/wp\/v2\/posts"}],"about":[{"href":"http:\/\/www.tvturk.com\/index.php\/wp-json\/wp\/v2\/types\/post"}],"author":[{"embeddable":true,"href":"http:\/\/www.tvturk.com\/index.php\/wp-json\/wp\/v2\/users\/1"}],"replies":[{"embeddable":true,"href":"http:\/\/www.tvturk.com\/index.php\/wp-json\/wp\/v2\/comments?post=31842"}],"version-history":[{"count":1,"href":"http:\/\/www.tvturk.com\/index.php\/wp-json\/wp\/v2\/posts\/31842\/revisions"}],"predecessor-version":[{"id":31848,"href":"http:\/\/www.tvturk.com\/index.php\/wp-json\/wp\/v2\/posts\/31842\/revisions\/31848"}],"wp:featuredmedia":[{"embeddable":true,"href":"http:\/\/www.tvturk.com\/index.php\/wp-json\/wp\/v2\/media\/31843"}],"wp:attachment":[{"href":"http:\/\/www.tvturk.com\/index.php\/wp-json\/wp\/v2\/media?parent=31842"}],"wp:term":[{"taxonomy":"category","embeddable":true,"href":"http:\/\/www.tvturk.com\/index.php\/wp-json\/wp\/v2\/categories?post=31842"},{"taxonomy":"post_tag","embeddable":true,"href":"http:\/\/www.tvturk.com\/index.php\/wp-json\/wp\/v2\/tags?post=31842"}],"curies":[{"name":"wp","href":"https:\/\/api.w.org\/{rel}","templated":true}]}}