{"id":31983,"date":"2019-02-14T13:21:03","date_gmt":"2019-02-14T10:21:03","guid":{"rendered":"http:\/\/www.tvturk.com\/index.php\/ilac-sektoru-akademiklesiyor\/"},"modified":"2019-02-14T13:21:03","modified_gmt":"2019-02-14T10:21:03","slug":"ilac-sektoru-akademiklesiyor","status":"publish","type":"post","link":"http:\/\/www.tvturk.com\/index.php\/ilac-sektoru-akademiklesiyor\/","title":{"rendered":"\u0130la\u00e7 sekt\u00f6r\u00fc akademikle\u015fiyor"},"content":{"rendered":"<p>\u0130la\u00e7 geli\u015ftirmeye akademik bir boyut kazand\u0131racak olan Farmas\u00f6tik T\u0131p e\u011fitimi, Bah\u00e7e\u015fehir \u00dcniversitesi\u2019nde (BAU) y\u00fcksek lisans e\u011fitimi ile ba\u015fl\u0131yor. \u0130la\u00e7 firmalar\u0131n\u0131n \u00f6zellikle medikal m\u00fcd\u00fcr istihdam\u0131nda s\u0131k\u0131nt\u0131 ya\u015fand\u0131\u011f\u0131n\u0131 belirten Dr. \u00d6\u011fr. \u00dcyesi Fatih \u00d6zdener, bu alanda e\u011fitimli ki\u015filerin i\u015f ba\u015fvurular\u0131nda b\u00fcy\u00fck avantaj sa\u011flayaca\u011f\u0131n\u0131 belirtti.<\/p>\n<p>T\u00fcrkiye\u2019de ila\u00e7 sekt\u00f6r\u00fcnde at\u0131lan ad\u0131mlar, t\u00fcm h\u0131z\u0131yla devam ederken \u00fcretilebilecek ila\u00e7 miktar\u0131n\u0131n y\u0131ll\u0131k tutar\u0131 6.1 milyar TL olarak \u00f6ng\u00f6r\u00fclmekte. \u0130la\u00e7 firmalar\u0131n\u0131n medikal departmanlar\u0131n\u0131n alt\u0131nda istihdam edilecek ki\u015filerin e\u011fitimine y\u00f6nelik hayata ge\u00e7irilen BAU Farmas\u00f6tik T\u0131p Y\u00fcksek Lisans e\u011fitimi, bu anlamda sekt\u00f6rde donan\u0131ml\u0131 i\u015f g\u00fcc\u00fcn\u00fc artt\u0131rmay\u0131 hedefliyor.<\/p>\n<p>\u00c7ok uluslu firmalar\u0131n T\u00fcrkiye i\u00e7indeki faaliyetlerinde medikal departman\u0131 zorunlulu\u011funa de\u011finen BAU Farmas\u00f6tik T\u0131p Y\u00fcksek Lisans Program\u0131 Koordinat\u00f6r\u00fc Dr. \u00d6\u011fr. \u00dcyesi Fatih \u00d6zdener, firmalar\u0131n T\u00fcrkiye\u2019de yapt\u0131\u011f\u0131 operasyonlar\u0131n b\u00fcy\u00fckl\u00fc\u011f\u00fcne g\u00f6re medikal \u00e7al\u0131\u015fan\u0131 oldu\u011funu ve bu alanda e\u011fitimli ki\u015filerin \u00f6ncelikli olaca\u011f\u0131n\u0131 s\u00f6yledi.<\/p>\n<p>\u00c7ok uluslu firmalar\u0131n T\u00fcrkiye\u2019deki faaliyetleri \u00f6nemli<\/p>\n<p>\u0130lac\u0131n geli\u015ftirilmesi, \u00fcretimi, g\u00fcvenirlili\u011fi ve markete \u00e7\u0131kt\u0131ktan sonra kullan\u0131m\u0131n\u0131n yayg\u0131nla\u015ft\u0131r\u0131lmas\u0131, ayn\u0131 zamanda da b\u00fct\u00fcn bu sistemlerin kalitesinin sa\u011fland\u0131\u011f\u0131 bir bilim dal\u0131 olan Farm\u00f6sik T\u0131p ile ilgili Dr. \u00d6\u011fr. \u00dcyesi Fatih \u00d6zdener, \u015funlar\u0131 s\u00f6yledi: \u201cGlobal ila\u00e7 firmalar\u0131n\u0131n T\u00fcrkiye\u2019de bir bran\u015flar\u0131 olur. B\u00f6yle bir firma T\u00fcrkiye i\u00e7inde operasyonlar yaparken bir medikal departmana sahip olmak zorunda. Medikal m\u00fcd\u00fcr\u00fc ve belli bir yap\u0131lanmas\u0131 olmak zorunda. Yerli firmalar i\u00e7in de bu ge\u00e7erli. Bu yap\u0131lanman\u0131n i\u00e7inde; \u0130la\u00e7 g\u00fcvenirlili\u011fi uzman\u0131, klinik ara\u015ft\u0131rma uzmanlar\u0131, klinik m\u00fcd\u00fcrler ve kalite ile denetim fonksiyonlar\u0131 olmak zorunda. Firman\u0131n, T\u00fcrkiye\u2019de yapt\u0131\u011f\u0131 operasyonlar\u0131n b\u00fcy\u00fckl\u00fc\u011f\u00fcne ba\u011fl\u0131 olarak bu departman\u0131n alt\u0131nda istihdam etti\u011fi ki\u015fi say\u0131s\u0131 da art\u0131yor veya azal\u0131yor. E\u011fer b\u00fcy\u00fck bir firmaysa bu firman\u0131n T\u00fcrkiye\u2019de marketi b\u00fcy\u00fckse 50\u2019ye hatta 100\u2019e varan medikal \u00e7al\u0131\u015fan\u0131 olabiliyor. Bunlar\u0131n bir k\u0131sm\u0131 giri\u015f seviyesi bir k\u0131sm\u0131 orta seviye bir k\u0131sm\u0131 da y\u00fcksek seviye (y\u00f6netici) \u015feklinde yap\u0131lanmakta.\u201d<\/p>\n<p>\u201cB\u00fcy\u00fck ila\u00e7 firmalar\u0131, medikal m\u00fcd\u00fcr bulmakta zorlan\u0131yor\u201d<\/p>\n<p>B\u00fcy\u00fck ila\u00e7 firmalar\u0131n\u0131n \u00f6zellikle medikal m\u00fcd\u00fcr istihdam\u0131nda zorland\u0131klar\u0131n\u0131n alt\u0131n\u0131 \u00e7izen \u00d6zdener, \u201cB\u00fcy\u00fck ila\u00e7 firmalar\u0131n\u0131n, kalifiye bir elaman bulmas\u0131 olduk\u00e7a zor. Belli e\u011fitimlerden ge\u00e7mi\u015f ki\u015filere ula\u015fmaya \u00e7al\u0131\u015f\u0131yorlar. Buna ula\u015famad\u0131klar\u0131 i\u00e7in birbirlerinden transfer yapma yoluyla b\u00f6yle bir k\u0131s\u0131tl\u0131 havuz i\u00e7inde elemanla \u00e7al\u0131\u015f\u0131yorlar. Bizim master program\u0131m\u0131z\u0131n hedefi, medikal departmanlar\u0131n alt\u0131nda istihdam edilecek ki\u015filere y\u00f6nelik bir e\u011fitim program\u0131. Bunun i\u00e7inde ila\u00e7 g\u00fcvenli\u011fi, kaliteyi ve medikal marketing\u2019i kapsayan dersler de var. Bu programa gelen ki\u015filer, \u00f6ncelikle bu bilgileri bizden elde ediyor olacaklar. Dolay\u0131s\u0131yla ila\u00e7 firmalar\u0131 i\u00e7inde d\u00fczen olu\u015fturacaklar\u201d ifadelerini kulland\u0131.<\/p>\n<p>\u201cMezun ki\u015fi yar\u0131\u015fta avantaj sa\u011fl\u0131yor\u201d<\/p>\n<p>Bu e\u011fitimin T\u00fcrkiye\u2019ye olacak katk\u0131lar\u0131ndan bahseden \u00d6zdener, sa\u011flanan istihdam sayesinde yurt d\u0131\u015f\u0131na gidecek elamanlar\u0131n da yeti\u015ftirilece\u011fini ve bunun da i\u015f havuzuna katk\u0131da bulunaca\u011f\u0131n\u0131 ifade etti. \u00d6zdener, \u201cBir taraftan firmalar\u0131n T\u00fcrkiye i\u00e7indeki operasyonlar\u0131 kolayla\u015f\u0131rken, bir taraftan da ila\u00e7 firmalar\u0131n\u0131n i\u00e7ine akademi girmi\u015f oluyor ve kar\u015f\u0131l\u0131kl\u0131 etkile\u015fim ger\u00e7ekle\u015fiyor. Bu bir akademi ve end\u00fcstri i\u015f birli\u011fi gibi bir \u015fey ayn\u0131 zamanda. Aday bizim program\u0131m\u0131zdan mezun olarak kendisine kompetitif bir avantaj sa\u011flam\u0131\u015f oluyor. Hi\u00e7 ila\u00e7 firmas\u0131n\u0131 bilmeyen, firmadaki yap\u0131lanmay\u0131 bilmeyen bir ki\u015fi ile ila\u00e7 firmas\u0131ndaki yap\u0131lanmay\u0131 formal bir bilgi olarak alm\u0131\u015f bir ki\u015fi ile aras\u0131nda i\u015f ba\u015fvurular\u0131nda b\u00fcy\u00fck fark olaca\u011f\u0131n\u0131 d\u00fc\u015f\u00fcn\u00fcyoruz\u201d dedi.<\/p>\n<p>Son olarak d\u00fcnyada bu tarz e\u011fitimlerin \u00f6rnekleri olmakla beraber, say\u0131s\u0131n\u0131n az oldu\u011funu belirten \u00d6zdener, Farmas\u00f6tik T\u0131p Y\u00fcksek Lisans program\u0131na kay\u0131tlar\u0131n devam etti\u011fini s\u00f6yledi.<\/p>\n<p>Farmos\u00f6tik T\u0131p Y\u00fcksek Lisans Program\u0131 hakk\u0131nda<\/p>\n<p>Farmas\u00f6tik T\u0131p Y\u00fcksek Lisans Program\u0131, T\u00fcrk\u00e7e\/Tezli bir program. \u0130la\u00e7 geli\u015ftirilmesi ve insanl\u0131\u011fa sunulmas\u0131, hem geli\u015ftirme s\u00fcre\u00e7leri hem de uluslararas\u0131 d\u00fczenlemeler a\u00e7\u0131s\u0131ndan bilgi birikimi gerektirmektedir. Programda; \u0130la\u00e7 Ar-Ge\u2019si ve \u0130la\u00e7 Farmas\u00f6tik T\u0131p\u0131 da dahil olmak \u00fczere ruhsatland\u0131rma ve pazarlama sonras\u0131 s\u00fcre\u00e7leri de i\u00e7erisine alan konular bir b\u00fct\u00fcnl\u00fck i\u00e7inde ele al\u0131n\u0131yor. B\u00f6ylelikle, hem ila\u00e7 end\u00fcstrisi hem de akademi i\u00e7in bilgi ve insan kayna\u011f\u0131 kapasitelerinin artt\u0131r\u0131lmas\u0131 ama\u00e7lanmaktad\u0131r.<\/p>\n","protected":false},"excerpt":{"rendered":"<p>\u00c7OK ULUSLU F\u0130RMALARIN T\u00dcRK\u0130YE \u0130\u00c7\u0130NDEK\u0130 FAAL\u0130YETLER\u0130NDE MED\u0130KAL DEPARTMANI ZORUNLULU\u011eUNA DE\u011e\u0130NEN BAU FARMAS\u00d6T\u0130K TIP Y\u00dcKSEK L\u0130SANS PROGRAMI KOORD\u0130NAT\u00d6R\u00dc DR. \u00d6\u011eR. \u00dcYES\u0130 FAT\u0130H \u00d6ZDENER, F\u0130RMALARIN T\u00dcRK\u0130YE\u2019DE YAPTI\u011eI OPERASYONLARIN B\u00dcY\u00dcKL\u00dc\u011e\u00dcNE G\u00d6RE MED\u0130KAL \u00c7ALI\u015eANI OLDU\u011eUNU VE BU ALANDA E\u011e\u0130T\u0130ML\u0130 K\u0130\u015e\u0130LER\u0130N \u00d6NCEL\u0130KL\u0130 OLACA\u011eINI S\u00d6YLED\u0130.<\/p>\n","protected":false},"author":1,"featured_media":31984,"comment_status":"closed","ping_status":"open","sticky":false,"template":"","format":"standard","meta":{"jetpack_post_was_ever_published":false,"_jetpack_newsletter_access":"","_jetpack_dont_email_post_to_subs":false,"_jetpack_newsletter_tier_id":0,"_jetpack_memberships_contains_paywalled_content":false,"_jetpack_memberships_contains_paid_content":false,"footnotes":"","jetpack_publicize_message":"","jetpack_publicize_feature_enabled":true,"jetpack_social_post_already_shared":false,"jetpack_social_options":{"image_generator_settings":{"template":"highway","default_image_id":0,"font":"","enabled":false},"version":2}},"categories":[655],"tags":[12503,3712,301],"class_list":["post-31983","post","type-post","status-publish","format-standard","has-post-thumbnail","hentry","category-son-dakika","tag-akademiklesiyor","tag-ilac","tag-sektoru"],"jetpack_publicize_connections":[],"jetpack_featured_media_url":"https:\/\/i0.wp.com\/www.tvturk.com\/wp-content\/uploads\/2019\/02\/ilac-sektoru-akademiklesiyor_e3a5f46.jpg?fit=373%2C373","jetpack_sharing_enabled":true,"jetpack_shortlink":"https:\/\/wp.me\/paKIfm-8jR","_links":{"self":[{"href":"http:\/\/www.tvturk.com\/index.php\/wp-json\/wp\/v2\/posts\/31983","targetHints":{"allow":["GET"]}}],"collection":[{"href":"http:\/\/www.tvturk.com\/index.php\/wp-json\/wp\/v2\/posts"}],"about":[{"href":"http:\/\/www.tvturk.com\/index.php\/wp-json\/wp\/v2\/types\/post"}],"author":[{"embeddable":true,"href":"http:\/\/www.tvturk.com\/index.php\/wp-json\/wp\/v2\/users\/1"}],"replies":[{"embeddable":true,"href":"http:\/\/www.tvturk.com\/index.php\/wp-json\/wp\/v2\/comments?post=31983"}],"version-history":[{"count":0,"href":"http:\/\/www.tvturk.com\/index.php\/wp-json\/wp\/v2\/posts\/31983\/revisions"}],"wp:featuredmedia":[{"embeddable":true,"href":"http:\/\/www.tvturk.com\/index.php\/wp-json\/wp\/v2\/media\/31984"}],"wp:attachment":[{"href":"http:\/\/www.tvturk.com\/index.php\/wp-json\/wp\/v2\/media?parent=31983"}],"wp:term":[{"taxonomy":"category","embeddable":true,"href":"http:\/\/www.tvturk.com\/index.php\/wp-json\/wp\/v2\/categories?post=31983"},{"taxonomy":"post_tag","embeddable":true,"href":"http:\/\/www.tvturk.com\/index.php\/wp-json\/wp\/v2\/tags?post=31983"}],"curies":[{"name":"wp","href":"https:\/\/api.w.org\/{rel}","templated":true}]}}