{"id":32349,"date":"2019-02-14T14:31:32","date_gmt":"2019-02-14T11:31:32","guid":{"rendered":"http:\/\/www.tvturk.com\/index.php\/fenerbahce-konyaspor-maci-hazirliklarini-surdurdu\/"},"modified":"2019-02-14T14:31:38","modified_gmt":"2019-02-14T11:31:38","slug":"fenerbahce-konyaspor-maci-hazirliklarini-surdurdu","status":"publish","type":"post","link":"http:\/\/www.tvturk.com\/index.php\/fenerbahce-konyaspor-maci-hazirliklarini-surdurdu\/","title":{"rendered":"Fenerbah\u00e7e, Konyaspor ma\u00e7\u0131 haz\u0131rl\u0131klar\u0131n\u0131 s\u00fcrd\u00fcrd\u00fc"},"content":{"rendered":"<p>Fenerbah\u00e7e, Spor Toto S\u00fcper Lig\u2019in 22. haftas\u0131nda cumartesi g\u00fcn\u00fc Atiker Konyaspor ile evinde oynayaca\u011f\u0131 ma\u00e7\u0131n haz\u0131rl\u0131klar\u0131n\u0131 bug\u00fcn yapt\u0131\u011f\u0131 antrenmanla s\u00fcrd\u00fcrd\u00fc.<\/p>\n<p>Can Bartu Tesisleri\u2019nde, Teknik Direkt\u00f6r Ersun Yanal y\u00f6netimindeki antrenman saat 11.00\u2019de ba\u015flad\u0131. Salonda yap\u0131lan egzersiz hareketlerinin ard\u0131ndan \u00fcst sahada ger\u00e7ekle\u015ftirilen antrenman, \u0131s\u0131nma ve koordinasyon hareketleriyle devam etti. 5\u2019e 2 top kapma ve pas \u00e7al\u0131\u015fmas\u0131n\u0131n ard\u0131ndan aktif dinlenmeye y\u00f6nelik \u00e7al\u0131\u015fmalarla antrenman tamamland\u0131.<\/p>\n<p>Sar\u0131-lacivertliler, haz\u0131rl\u0131klar\u0131n\u0131 yar\u0131n yapaca\u011f\u0131 antrenmanla tamamlayacak.<div class=\"tiled-gallery type-rectangular tiled-gallery-unresized\" data-original-width=\"500\" data-carousel-extra='null' itemscope itemtype=\"http:\/\/schema.org\/ImageGallery\" > <div class=\"gallery-row\" style=\"width: 500px; height: 265px;\" data-original-width=\"500\" data-original-height=\"265\" > <div class=\"gallery-group images-1\" style=\"width: 332px; height: 265px;\" data-original-width=\"332\" data-original-height=\"265\" > <div class=\"tiled-gallery-item tiled-gallery-item-large\" itemprop=\"associatedMedia\" itemscope itemtype=\"http:\/\/schema.org\/ImageObject\"> <a href=\"http:\/\/www.tvturk.com\/index.php\/fenerbahce-konyaspor-maci-hazirliklarini-surdurdu\/fenerbahce-konyaspor-maci-hazirliklarini-surdurdu-3\/\" border=\"0\" itemprop=\"url\"> <meta itemprop=\"width\" content=\"328\"> <meta itemprop=\"height\" content=\"261\"> <img decoding=\"async\" class=\"\" data-attachment-id=\"32351\" data-orig-file=\"http:\/\/www.tvturk.com\/wp-content\/uploads\/2019\/02\/fenerbahce-konyaspor-maci-hazirliklarini-surdurdu_76c8e72.jpg\" data-orig-size=\"1000,796\" data-comments-opened=\"\" data-image-meta=\"{&quot;aperture&quot;:&quot;0&quot;,&quot;credit&quot;:&quot;IHA&quot;,&quot;camera&quot;:&quot;&quot;,&quot;caption&quot;:&quot;FENERBAH\\u00c7E, SPOR TOTO S\\u00dcPER L\\u0130G\\u0027\\u0130N 22. HAFTASINDA CUMARTES\\u0130 G\\u00dcN\\u00dc AT\\u0130KER KONYASPOR \\u0130LE EV\\u0130NDE OYNAYACA\\u011eI MA\\u00c7IN HAZIRLIKLARINI BUG\\u00dcN YAPTI\\u011eI ANTRENMANLA S\\u00dcRD\\u00dcRD\\u00dc. (\\u0130HA\\\/\\u0130STANBUL-WWW.FENERBAHCE.ORG)&quot;,&quot;created_timestamp&quot;:&quot;0&quot;,&quot;copyright&quot;:&quot;\\u0130HLAS HABER AJANSI, www.iha.com.tr&quot;,&quot;focal_length&quot;:&quot;0&quot;,&quot;iso&quot;:&quot;0&quot;,&quot;shutter_speed&quot;:&quot;0&quot;,&quot;title&quot;:&quot;FENERBAH\\u00c7E, KONYASPOR MA\\u00c7I HAZIRLIKLARINI S\\u00dcRD\\u00dcRD\\u00dc&quot;,&quot;orientation&quot;:&quot;0&quot;}\" data-image-title=\"Fenerbah\u00e7e, Konyaspor ma\u00e7\u0131 haz\u0131rl\u0131klar\u0131n\u0131 s\u00fcrd\u00fcrd\u00fc\" data-image-description=\"&lt;p&gt;Fenerbah\u00e7e, Konyaspor ma\u00e7\u0131 haz\u0131rl\u0131klar\u0131n\u0131 s\u00fcrd\u00fcrd\u00fc&lt;\/p&gt; \" data-medium-file=\"https:\/\/i0.wp.com\/www.tvturk.com\/wp-content\/uploads\/2019\/02\/fenerbahce-konyaspor-maci-hazirliklarini-surdurdu_76c8e72.jpg?fit=300%2C239\" data-large-file=\"https:\/\/i0.wp.com\/www.tvturk.com\/wp-content\/uploads\/2019\/02\/fenerbahce-konyaspor-maci-hazirliklarini-surdurdu_76c8e72.jpg?fit=1000%2C796\" src=\"https:\/\/i0.wp.com\/www.tvturk.com\/wp-content\/uploads\/2019\/02\/fenerbahce-konyaspor-maci-hazirliklarini-surdurdu_76c8e72.jpg?w=328&#038;h=261\" srcset=\"https:\/\/i0.wp.com\/www.tvturk.com\/wp-content\/uploads\/2019\/02\/fenerbahce-konyaspor-maci-hazirliklarini-surdurdu_76c8e72.jpg?w=1000 1000w, https:\/\/i0.wp.com\/www.tvturk.com\/wp-content\/uploads\/2019\/02\/fenerbahce-konyaspor-maci-hazirliklarini-surdurdu_76c8e72.jpg?resize=150%2C119 150w, https:\/\/i0.wp.com\/www.tvturk.com\/wp-content\/uploads\/2019\/02\/fenerbahce-konyaspor-maci-hazirliklarini-surdurdu_76c8e72.jpg?resize=300%2C239 300w, https:\/\/i0.wp.com\/www.tvturk.com\/wp-content\/uploads\/2019\/02\/fenerbahce-konyaspor-maci-hazirliklarini-surdurdu_76c8e72.jpg?resize=768%2C611 768w\" width=\"328\" height=\"261\" loading=\"lazy\" data-original-width=\"328\" data-original-height=\"261\" itemprop=\"http:\/\/schema.org\/image\" title=\"Fenerbah\u00e7e, Konyaspor ma\u00e7\u0131 haz\u0131rl\u0131klar\u0131n\u0131 s\u00fcrd\u00fcrd\u00fc\" alt=\"Fenerbah\u00e7e, Konyaspor ma\u00e7\u0131 haz\u0131rl\u0131klar\u0131n\u0131 s\u00fcrd\u00fcrd\u00fc\" style=\"width: 328px; height: 261px;\" \/> <\/a> <\/div> <\/div> <!-- close group --> <div class=\"gallery-group images-2\" style=\"width: 168px; height: 265px;\" data-original-width=\"168\" data-original-height=\"265\" > <div class=\"tiled-gallery-item tiled-gallery-item-small\" itemprop=\"associatedMedia\" itemscope itemtype=\"http:\/\/schema.org\/ImageObject\"> <a href=\"http:\/\/www.tvturk.com\/index.php\/fenerbahce-konyaspor-maci-hazirliklarini-surdurdu\/fenerbahce-konyaspor-maci-hazirliklarini-surdurdu-4\/\" border=\"0\" itemprop=\"url\"> <meta itemprop=\"width\" content=\"164\"> <meta itemprop=\"height\" content=\"118\"> <img decoding=\"async\" class=\"\" data-attachment-id=\"32352\" data-orig-file=\"http:\/\/www.tvturk.com\/wp-content\/uploads\/2019\/02\/fenerbahce-konyaspor-maci-hazirliklarini-surdurdu_cdd970f.jpg\" data-orig-size=\"1000,719\" data-comments-opened=\"\" data-image-meta=\"{&quot;aperture&quot;:&quot;0&quot;,&quot;credit&quot;:&quot;IHA&quot;,&quot;camera&quot;:&quot;&quot;,&quot;caption&quot;:&quot;FENERBAH\\u00c7E, SPOR TOTO S\\u00dcPER L\\u0130G\\u0027\\u0130N 22. HAFTASINDA CUMARTES\\u0130 G\\u00dcN\\u00dc AT\\u0130KER KONYASPOR \\u0130LE EV\\u0130NDE OYNAYACA\\u011eI MA\\u00c7IN HAZIRLIKLARINI BUG\\u00dcN YAPTI\\u011eI ANTRENMANLA S\\u00dcRD\\u00dcRD\\u00dc. (\\u0130HA\\\/\\u0130STANBUL-WWW.FENERBAHCE.ORG)&quot;,&quot;created_timestamp&quot;:&quot;0&quot;,&quot;copyright&quot;:&quot;\\u0130HLAS HABER AJANSI, www.iha.com.tr&quot;,&quot;focal_length&quot;:&quot;0&quot;,&quot;iso&quot;:&quot;0&quot;,&quot;shutter_speed&quot;:&quot;0&quot;,&quot;title&quot;:&quot;FENERBAH\\u00c7E, KONYASPOR MA\\u00c7I HAZIRLIKLARINI S\\u00dcRD\\u00dcRD\\u00dc&quot;,&quot;orientation&quot;:&quot;0&quot;}\" data-image-title=\"Fenerbah\u00e7e, Konyaspor ma\u00e7\u0131 haz\u0131rl\u0131klar\u0131n\u0131 s\u00fcrd\u00fcrd\u00fc\" data-image-description=\"&lt;p&gt;Fenerbah\u00e7e, Konyaspor ma\u00e7\u0131 haz\u0131rl\u0131klar\u0131n\u0131 s\u00fcrd\u00fcrd\u00fc&lt;\/p&gt; \" data-medium-file=\"https:\/\/i0.wp.com\/www.tvturk.com\/wp-content\/uploads\/2019\/02\/fenerbahce-konyaspor-maci-hazirliklarini-surdurdu_cdd970f.jpg?fit=300%2C216\" data-large-file=\"https:\/\/i0.wp.com\/www.tvturk.com\/wp-content\/uploads\/2019\/02\/fenerbahce-konyaspor-maci-hazirliklarini-surdurdu_cdd970f.jpg?fit=1000%2C719\" src=\"https:\/\/i0.wp.com\/www.tvturk.com\/wp-content\/uploads\/2019\/02\/fenerbahce-konyaspor-maci-hazirliklarini-surdurdu_cdd970f.jpg?w=164&#038;h=118\" srcset=\"https:\/\/i0.wp.com\/www.tvturk.com\/wp-content\/uploads\/2019\/02\/fenerbahce-konyaspor-maci-hazirliklarini-surdurdu_cdd970f.jpg?w=1000 1000w, https:\/\/i0.wp.com\/www.tvturk.com\/wp-content\/uploads\/2019\/02\/fenerbahce-konyaspor-maci-hazirliklarini-surdurdu_cdd970f.jpg?resize=150%2C108 150w, https:\/\/i0.wp.com\/www.tvturk.com\/wp-content\/uploads\/2019\/02\/fenerbahce-konyaspor-maci-hazirliklarini-surdurdu_cdd970f.jpg?resize=300%2C216 300w, https:\/\/i0.wp.com\/www.tvturk.com\/wp-content\/uploads\/2019\/02\/fenerbahce-konyaspor-maci-hazirliklarini-surdurdu_cdd970f.jpg?resize=768%2C552 768w\" width=\"164\" height=\"118\" loading=\"lazy\" data-original-width=\"164\" data-original-height=\"118\" itemprop=\"http:\/\/schema.org\/image\" title=\"Fenerbah\u00e7e, Konyaspor ma\u00e7\u0131 haz\u0131rl\u0131klar\u0131n\u0131 s\u00fcrd\u00fcrd\u00fc\" alt=\"Fenerbah\u00e7e, Konyaspor ma\u00e7\u0131 haz\u0131rl\u0131klar\u0131n\u0131 s\u00fcrd\u00fcrd\u00fc\" style=\"width: 164px; height: 118px;\" \/> <\/a> <\/div> <div class=\"tiled-gallery-item tiled-gallery-item-small\" itemprop=\"associatedMedia\" itemscope itemtype=\"http:\/\/schema.org\/ImageObject\"> <a href=\"http:\/\/www.tvturk.com\/index.php\/fenerbahce-konyaspor-maci-hazirliklarini-surdurdu\/fenerbahce-konyaspor-maci-hazirliklarini-surdurdu-5\/\" border=\"0\" itemprop=\"url\"> <meta itemprop=\"width\" content=\"164\"> <meta itemprop=\"height\" content=\"139\"> <img decoding=\"async\" class=\"\" data-attachment-id=\"32353\" data-orig-file=\"http:\/\/www.tvturk.com\/wp-content\/uploads\/2019\/02\/fenerbahce-konyaspor-maci-hazirliklarini-surdurdu_bcd5962.jpg\" data-orig-size=\"1000,844\" data-comments-opened=\"\" data-image-meta=\"{&quot;aperture&quot;:&quot;0&quot;,&quot;credit&quot;:&quot;IHA&quot;,&quot;camera&quot;:&quot;&quot;,&quot;caption&quot;:&quot;\\u0022AYEW VE SOLDADO NE\\u015eEL\\u0130YD\\u0130\\u0022: FENERBAH\\u00c7E, SPOR TOTO S\\u00dcPER L\\u0130G\\u0027\\u0130N 22. HAFTASINDA CUMARTES\\u0130 G\\u00dcN\\u00dc AT\\u0130KER KONYASPOR \\u0130LE EV\\u0130NDE OYNAYACA\\u011eI MA\\u00c7IN HAZIRLIKLARINI BUG\\u00dcN YAPTI\\u011eI ANTRENMANLA S\\u00dcRD\\u00dcRD\\u00dc. (\\u0130HA\\\/\\u0130STANBUL-WWW.FENERBAHCE.ORG)&quot;,&quot;created_timestamp&quot;:&quot;0&quot;,&quot;copyright&quot;:&quot;\\u0130HLAS HABER AJANSI, www.iha.com.tr&quot;,&quot;focal_length&quot;:&quot;0&quot;,&quot;iso&quot;:&quot;0&quot;,&quot;shutter_speed&quot;:&quot;0&quot;,&quot;title&quot;:&quot;FENERBAH\\u00c7E, KONYASPOR MA\\u00c7I HAZIRLIKLARINI S\\u00dcRD\\u00dcRD\\u00dc&quot;,&quot;orientation&quot;:&quot;0&quot;}\" data-image-title=\"Fenerbah\u00e7e, Konyaspor ma\u00e7\u0131 haz\u0131rl\u0131klar\u0131n\u0131 s\u00fcrd\u00fcrd\u00fc\" data-image-description=\"&lt;p&gt;Fenerbah\u00e7e, Konyaspor ma\u00e7\u0131 haz\u0131rl\u0131klar\u0131n\u0131 s\u00fcrd\u00fcrd\u00fc&lt;\/p&gt; \" data-medium-file=\"https:\/\/i0.wp.com\/www.tvturk.com\/wp-content\/uploads\/2019\/02\/fenerbahce-konyaspor-maci-hazirliklarini-surdurdu_bcd5962.jpg?fit=300%2C253\" data-large-file=\"https:\/\/i0.wp.com\/www.tvturk.com\/wp-content\/uploads\/2019\/02\/fenerbahce-konyaspor-maci-hazirliklarini-surdurdu_bcd5962.jpg?fit=1000%2C844\" src=\"https:\/\/i0.wp.com\/www.tvturk.com\/wp-content\/uploads\/2019\/02\/fenerbahce-konyaspor-maci-hazirliklarini-surdurdu_bcd5962.jpg?w=164&#038;h=139\" srcset=\"https:\/\/i0.wp.com\/www.tvturk.com\/wp-content\/uploads\/2019\/02\/fenerbahce-konyaspor-maci-hazirliklarini-surdurdu_bcd5962.jpg?w=1000 1000w, https:\/\/i0.wp.com\/www.tvturk.com\/wp-content\/uploads\/2019\/02\/fenerbahce-konyaspor-maci-hazirliklarini-surdurdu_bcd5962.jpg?resize=150%2C127 150w, https:\/\/i0.wp.com\/www.tvturk.com\/wp-content\/uploads\/2019\/02\/fenerbahce-konyaspor-maci-hazirliklarini-surdurdu_bcd5962.jpg?resize=300%2C253 300w, https:\/\/i0.wp.com\/www.tvturk.com\/wp-content\/uploads\/2019\/02\/fenerbahce-konyaspor-maci-hazirliklarini-surdurdu_bcd5962.jpg?resize=768%2C648 768w\" width=\"164\" height=\"139\" loading=\"lazy\" data-original-width=\"164\" data-original-height=\"139\" itemprop=\"http:\/\/schema.org\/image\" title=\"Fenerbah\u00e7e, Konyaspor ma\u00e7\u0131 haz\u0131rl\u0131klar\u0131n\u0131 s\u00fcrd\u00fcrd\u00fc\" alt=\"Fenerbah\u00e7e, Konyaspor ma\u00e7\u0131 haz\u0131rl\u0131klar\u0131n\u0131 s\u00fcrd\u00fcrd\u00fc\" style=\"width: 164px; height: 139px;\" \/> <\/a> <\/div> <\/div> <!-- close group --> <\/div> <!-- close row --> <div class=\"gallery-row\" style=\"width: 500px; height: 86px;\" data-original-width=\"500\" data-original-height=\"86\" > <div class=\"gallery-group images-1\" style=\"width: 106px; height: 86px;\" data-original-width=\"106\" data-original-height=\"86\" > <div class=\"tiled-gallery-item tiled-gallery-item-small\" itemprop=\"associatedMedia\" itemscope itemtype=\"http:\/\/schema.org\/ImageObject\"> <a href=\"http:\/\/www.tvturk.com\/index.php\/fenerbahce-konyaspor-maci-hazirliklarini-surdurdu\/fenerbahce-konyaspor-maci-hazirliklarini-surdurdu-6\/\" border=\"0\" itemprop=\"url\"> <meta itemprop=\"width\" content=\"102\"> <meta itemprop=\"height\" content=\"82\"> <img decoding=\"async\" class=\"\" data-attachment-id=\"32354\" data-orig-file=\"http:\/\/www.tvturk.com\/wp-content\/uploads\/2019\/02\/fenerbahce-konyaspor-maci-hazirliklarini-surdurdu_3069a43.jpg\" data-orig-size=\"1000,797\" data-comments-opened=\"\" data-image-meta=\"{&quot;aperture&quot;:&quot;0&quot;,&quot;credit&quot;:&quot;IHA&quot;,&quot;camera&quot;:&quot;&quot;,&quot;caption&quot;:&quot;\\u0022\\u0130SLAM SL\\u0130MAN\\u0130 VE NAB\\u0130L D\\u0130RAR ANTRENMANDA\\u0022: FENERBAH\\u00c7E, SPOR TOTO S\\u00dcPER L\\u0130G\\u0027\\u0130N 22. HAFTASINDA CUMARTES\\u0130 G\\u00dcN\\u00dc AT\\u0130KER KONYASPOR \\u0130LE EV\\u0130NDE OYNAYACA\\u011eI MA\\u00c7IN HAZIRLIKLARINI BUG\\u00dcN YAPTI\\u011eI ANTRENMANLA S\\u00dcRD\\u00dcRD\\u00dc. (\\u0130HA\\\/\\u0130STANBUL-WWW.FENERBAHCE.ORG)&quot;,&quot;created_timestamp&quot;:&quot;0&quot;,&quot;copyright&quot;:&quot;\\u0130HLAS HABER AJANSI, www.iha.com.tr&quot;,&quot;focal_length&quot;:&quot;0&quot;,&quot;iso&quot;:&quot;0&quot;,&quot;shutter_speed&quot;:&quot;0&quot;,&quot;title&quot;:&quot;FENERBAH\\u00c7E, KONYASPOR MA\\u00c7I HAZIRLIKLARINI S\\u00dcRD\\u00dcRD\\u00dc&quot;,&quot;orientation&quot;:&quot;0&quot;}\" data-image-title=\"Fenerbah\u00e7e, Konyaspor ma\u00e7\u0131 haz\u0131rl\u0131klar\u0131n\u0131 s\u00fcrd\u00fcrd\u00fc\" data-image-description=\"&lt;p&gt;Fenerbah\u00e7e, Konyaspor ma\u00e7\u0131 haz\u0131rl\u0131klar\u0131n\u0131 s\u00fcrd\u00fcrd\u00fc&lt;\/p&gt; \" data-medium-file=\"https:\/\/i0.wp.com\/www.tvturk.com\/wp-content\/uploads\/2019\/02\/fenerbahce-konyaspor-maci-hazirliklarini-surdurdu_3069a43.jpg?fit=300%2C239\" data-large-file=\"https:\/\/i0.wp.com\/www.tvturk.com\/wp-content\/uploads\/2019\/02\/fenerbahce-konyaspor-maci-hazirliklarini-surdurdu_3069a43.jpg?fit=1000%2C797\" src=\"https:\/\/i0.wp.com\/www.tvturk.com\/wp-content\/uploads\/2019\/02\/fenerbahce-konyaspor-maci-hazirliklarini-surdurdu_3069a43.jpg?w=102&#038;h=82\" srcset=\"https:\/\/i0.wp.com\/www.tvturk.com\/wp-content\/uploads\/2019\/02\/fenerbahce-konyaspor-maci-hazirliklarini-surdurdu_3069a43.jpg?w=1000 1000w, https:\/\/i0.wp.com\/www.tvturk.com\/wp-content\/uploads\/2019\/02\/fenerbahce-konyaspor-maci-hazirliklarini-surdurdu_3069a43.jpg?resize=150%2C120 150w, https:\/\/i0.wp.com\/www.tvturk.com\/wp-content\/uploads\/2019\/02\/fenerbahce-konyaspor-maci-hazirliklarini-surdurdu_3069a43.jpg?resize=300%2C239 300w, https:\/\/i0.wp.com\/www.tvturk.com\/wp-content\/uploads\/2019\/02\/fenerbahce-konyaspor-maci-hazirliklarini-surdurdu_3069a43.jpg?resize=768%2C612 768w\" width=\"102\" height=\"82\" loading=\"lazy\" data-original-width=\"102\" data-original-height=\"82\" itemprop=\"http:\/\/schema.org\/image\" title=\"Fenerbah\u00e7e, Konyaspor ma\u00e7\u0131 haz\u0131rl\u0131klar\u0131n\u0131 s\u00fcrd\u00fcrd\u00fc\" alt=\"Fenerbah\u00e7e, Konyaspor ma\u00e7\u0131 haz\u0131rl\u0131klar\u0131n\u0131 s\u00fcrd\u00fcrd\u00fc\" style=\"width: 102px; height: 82px;\" \/> <\/a> <\/div> <\/div> <!-- close group --> <div class=\"gallery-group images-1\" style=\"width: 123px; height: 86px;\" data-original-width=\"123\" data-original-height=\"86\" > <div class=\"tiled-gallery-item tiled-gallery-item-small\" itemprop=\"associatedMedia\" itemscope itemtype=\"http:\/\/schema.org\/ImageObject\"> <a href=\"http:\/\/www.tvturk.com\/index.php\/fenerbahce-konyaspor-maci-hazirliklarini-surdurdu\/fenerbahce-konyaspor-maci-hazirliklarini-surdurdu-7\/\" border=\"0\" itemprop=\"url\"> <meta itemprop=\"width\" content=\"119\"> <meta itemprop=\"height\" content=\"82\"> <img decoding=\"async\" class=\"\" data-attachment-id=\"32355\" data-orig-file=\"http:\/\/www.tvturk.com\/wp-content\/uploads\/2019\/02\/fenerbahce-konyaspor-maci-hazirliklarini-surdurdu_bbd480e.jpg\" data-orig-size=\"1000,686\" data-comments-opened=\"\" data-image-meta=\"{&quot;aperture&quot;:&quot;0&quot;,&quot;credit&quot;:&quot;IHA&quot;,&quot;camera&quot;:&quot;&quot;,&quot;caption&quot;:&quot;FENERBAH\\u00c7E, SPOR TOTO S\\u00dcPER L\\u0130G\\u0027\\u0130N 22. HAFTASINDA CUMARTES\\u0130 G\\u00dcN\\u00dc AT\\u0130KER KONYASPOR \\u0130LE EV\\u0130NDE OYNAYACA\\u011eI MA\\u00c7IN HAZIRLIKLARINI BUG\\u00dcN YAPTI\\u011eI ANTRENMANLA S\\u00dcRD\\u00dcRD\\u00dc. (\\u0130HA\\\/\\u0130STANBUL-WWW.FENERBAHCE.ORG)&quot;,&quot;created_timestamp&quot;:&quot;0&quot;,&quot;copyright&quot;:&quot;\\u0130HLAS HABER AJANSI, www.iha.com.tr&quot;,&quot;focal_length&quot;:&quot;0&quot;,&quot;iso&quot;:&quot;0&quot;,&quot;shutter_speed&quot;:&quot;0&quot;,&quot;title&quot;:&quot;FENERBAH\\u00c7E, KONYASPOR MA\\u00c7I HAZIRLIKLARINI S\\u00dcRD\\u00dcRD\\u00dc&quot;,&quot;orientation&quot;:&quot;0&quot;}\" data-image-title=\"Fenerbah\u00e7e, Konyaspor ma\u00e7\u0131 haz\u0131rl\u0131klar\u0131n\u0131 s\u00fcrd\u00fcrd\u00fc\" data-image-description=\"&lt;p&gt;Fenerbah\u00e7e, Konyaspor ma\u00e7\u0131 haz\u0131rl\u0131klar\u0131n\u0131 s\u00fcrd\u00fcrd\u00fc&lt;\/p&gt; \" data-medium-file=\"https:\/\/i0.wp.com\/www.tvturk.com\/wp-content\/uploads\/2019\/02\/fenerbahce-konyaspor-maci-hazirliklarini-surdurdu_bbd480e.jpg?fit=300%2C206\" data-large-file=\"https:\/\/i0.wp.com\/www.tvturk.com\/wp-content\/uploads\/2019\/02\/fenerbahce-konyaspor-maci-hazirliklarini-surdurdu_bbd480e.jpg?fit=1000%2C686\" src=\"https:\/\/i0.wp.com\/www.tvturk.com\/wp-content\/uploads\/2019\/02\/fenerbahce-konyaspor-maci-hazirliklarini-surdurdu_bbd480e.jpg?w=119&#038;h=82\" srcset=\"https:\/\/i0.wp.com\/www.tvturk.com\/wp-content\/uploads\/2019\/02\/fenerbahce-konyaspor-maci-hazirliklarini-surdurdu_bbd480e.jpg?w=1000 1000w, https:\/\/i0.wp.com\/www.tvturk.com\/wp-content\/uploads\/2019\/02\/fenerbahce-konyaspor-maci-hazirliklarini-surdurdu_bbd480e.jpg?resize=150%2C103 150w, https:\/\/i0.wp.com\/www.tvturk.com\/wp-content\/uploads\/2019\/02\/fenerbahce-konyaspor-maci-hazirliklarini-surdurdu_bbd480e.jpg?resize=300%2C206 300w, https:\/\/i0.wp.com\/www.tvturk.com\/wp-content\/uploads\/2019\/02\/fenerbahce-konyaspor-maci-hazirliklarini-surdurdu_bbd480e.jpg?resize=768%2C527 768w, https:\/\/i0.wp.com\/www.tvturk.com\/wp-content\/uploads\/2019\/02\/fenerbahce-konyaspor-maci-hazirliklarini-surdurdu_bbd480e.jpg?resize=80%2C55 80w\" width=\"119\" height=\"82\" loading=\"lazy\" data-original-width=\"119\" data-original-height=\"82\" itemprop=\"http:\/\/schema.org\/image\" title=\"Fenerbah\u00e7e, Konyaspor ma\u00e7\u0131 haz\u0131rl\u0131klar\u0131n\u0131 s\u00fcrd\u00fcrd\u00fc\" alt=\"Fenerbah\u00e7e, Konyaspor ma\u00e7\u0131 haz\u0131rl\u0131klar\u0131n\u0131 s\u00fcrd\u00fcrd\u00fc\" style=\"width: 119px; height: 82px;\" \/> <\/a> <\/div> <\/div> <!-- close group --> <div class=\"gallery-group images-1\" style=\"width: 99px; height: 86px;\" data-original-width=\"99\" data-original-height=\"86\" > <div class=\"tiled-gallery-item tiled-gallery-item-small\" itemprop=\"associatedMedia\" itemscope itemtype=\"http:\/\/schema.org\/ImageObject\"> <a href=\"http:\/\/www.tvturk.com\/index.php\/fenerbahce-konyaspor-maci-hazirliklarini-surdurdu\/fenerbahce-konyaspor-maci-hazirliklarini-surdurdu-8\/\" border=\"0\" itemprop=\"url\"> <meta itemprop=\"width\" content=\"95\"> <meta itemprop=\"height\" content=\"82\"> <img decoding=\"async\" class=\"\" data-attachment-id=\"32356\" data-orig-file=\"http:\/\/www.tvturk.com\/wp-content\/uploads\/2019\/02\/fenerbahce-konyaspor-maci-hazirliklarini-surdurdu_b864598.jpg\" data-orig-size=\"1000,856\" data-comments-opened=\"\" data-image-meta=\"{&quot;aperture&quot;:&quot;0&quot;,&quot;credit&quot;:&quot;IHA&quot;,&quot;camera&quot;:&quot;&quot;,&quot;caption&quot;:&quot;FENERBAH\\u00c7E, SPOR TOTO S\\u00dcPER L\\u0130G\\u0027\\u0130N 22. HAFTASINDA CUMARTES\\u0130 G\\u00dcN\\u00dc AT\\u0130KER KONYASPOR \\u0130LE EV\\u0130NDE OYNAYACA\\u011eI MA\\u00c7IN HAZIRLIKLARINI TEKN\\u0130K D\\u0130REKT\\u00d6R ERSUN YANAL Y\\u00d6NET\\u0130M\\u0130NDE YAPTI\\u011eI ANTRENMANLA S\\u00dcRD\\u00dcRD\\u00dc. (\\u0130HA\\\/\\u0130STANBUL-WWW.FENERBAHCE.ORG)&quot;,&quot;created_timestamp&quot;:&quot;0&quot;,&quot;copyright&quot;:&quot;\\u0130HLAS HABER AJANSI, www.iha.com.tr&quot;,&quot;focal_length&quot;:&quot;0&quot;,&quot;iso&quot;:&quot;0&quot;,&quot;shutter_speed&quot;:&quot;0&quot;,&quot;title&quot;:&quot;FENERBAH\\u00c7E, KONYASPOR MA\\u00c7I HAZIRLIKLARINI S\\u00dcRD\\u00dcRD\\u00dc&quot;,&quot;orientation&quot;:&quot;0&quot;}\" data-image-title=\"Fenerbah\u00e7e, Konyaspor ma\u00e7\u0131 haz\u0131rl\u0131klar\u0131n\u0131 s\u00fcrd\u00fcrd\u00fc\" data-image-description=\"&lt;p&gt;Fenerbah\u00e7e, Konyaspor ma\u00e7\u0131 haz\u0131rl\u0131klar\u0131n\u0131 s\u00fcrd\u00fcrd\u00fc&lt;\/p&gt; \" data-medium-file=\"https:\/\/i0.wp.com\/www.tvturk.com\/wp-content\/uploads\/2019\/02\/fenerbahce-konyaspor-maci-hazirliklarini-surdurdu_b864598.jpg?fit=300%2C257\" data-large-file=\"https:\/\/i0.wp.com\/www.tvturk.com\/wp-content\/uploads\/2019\/02\/fenerbahce-konyaspor-maci-hazirliklarini-surdurdu_b864598.jpg?fit=1000%2C856\" src=\"https:\/\/i0.wp.com\/www.tvturk.com\/wp-content\/uploads\/2019\/02\/fenerbahce-konyaspor-maci-hazirliklarini-surdurdu_b864598.jpg?w=95&#038;h=82\" srcset=\"https:\/\/i0.wp.com\/www.tvturk.com\/wp-content\/uploads\/2019\/02\/fenerbahce-konyaspor-maci-hazirliklarini-surdurdu_b864598.jpg?w=1000 1000w, https:\/\/i0.wp.com\/www.tvturk.com\/wp-content\/uploads\/2019\/02\/fenerbahce-konyaspor-maci-hazirliklarini-surdurdu_b864598.jpg?resize=150%2C128 150w, https:\/\/i0.wp.com\/www.tvturk.com\/wp-content\/uploads\/2019\/02\/fenerbahce-konyaspor-maci-hazirliklarini-surdurdu_b864598.jpg?resize=300%2C257 300w, https:\/\/i0.wp.com\/www.tvturk.com\/wp-content\/uploads\/2019\/02\/fenerbahce-konyaspor-maci-hazirliklarini-surdurdu_b864598.jpg?resize=768%2C657 768w\" width=\"95\" height=\"82\" loading=\"lazy\" data-original-width=\"95\" data-original-height=\"82\" itemprop=\"http:\/\/schema.org\/image\" title=\"Fenerbah\u00e7e, Konyaspor ma\u00e7\u0131 haz\u0131rl\u0131klar\u0131n\u0131 s\u00fcrd\u00fcrd\u00fc\" alt=\"Fenerbah\u00e7e, Konyaspor ma\u00e7\u0131 haz\u0131rl\u0131klar\u0131n\u0131 s\u00fcrd\u00fcrd\u00fc\" style=\"width: 95px; height: 82px;\" \/> <\/a> <\/div> <\/div> <!-- close group --> <div class=\"gallery-group images-1\" style=\"width: 172px; height: 86px;\" data-original-width=\"172\" data-original-height=\"86\" > <div class=\"tiled-gallery-item tiled-gallery-item-small\" itemprop=\"associatedMedia\" itemscope itemtype=\"http:\/\/schema.org\/ImageObject\"> <a href=\"http:\/\/www.tvturk.com\/index.php\/fenerbahce-konyaspor-maci-hazirliklarini-surdurdu\/fenerbahce-konyaspor-maci-hazirliklarini-surdurdu-9\/\" border=\"0\" itemprop=\"url\"> <meta itemprop=\"width\" content=\"168\"> <meta itemprop=\"height\" content=\"82\"> <img decoding=\"async\" class=\"\" data-attachment-id=\"32357\" data-orig-file=\"http:\/\/www.tvturk.com\/wp-content\/uploads\/2019\/02\/fenerbahce-konyaspor-maci-hazirliklarini-surdurdu_aeeae15.jpg\" data-orig-size=\"1000,486\" data-comments-opened=\"\" data-image-meta=\"{&quot;aperture&quot;:&quot;0&quot;,&quot;credit&quot;:&quot;IHA&quot;,&quot;camera&quot;:&quot;&quot;,&quot;caption&quot;:&quot;FENERBAH\\u00c7E, SPOR TOTO S\\u00dcPER L\\u0130G\\u0027\\u0130N 22. HAFTASINDA CUMARTES\\u0130 G\\u00dcN\\u00dc AT\\u0130KER KONYASPOR \\u0130LE EV\\u0130NDE OYNAYACA\\u011eI MA\\u00c7IN HAZIRLIKLARINI BUG\\u00dcN YAPTI\\u011eI ANTRENMANLA S\\u00dcRD\\u00dcRD\\u00dc. (\\u0130HA\\\/\\u0130STANBUL-WWW.FENERBAHCE.ORG)&quot;,&quot;created_timestamp&quot;:&quot;0&quot;,&quot;copyright&quot;:&quot;\\u0130HLAS HABER AJANSI, www.iha.com.tr&quot;,&quot;focal_length&quot;:&quot;0&quot;,&quot;iso&quot;:&quot;0&quot;,&quot;shutter_speed&quot;:&quot;0&quot;,&quot;title&quot;:&quot;FENERBAH\\u00c7E, KONYASPOR MA\\u00c7I HAZIRLIKLARINI S\\u00dcRD\\u00dcRD\\u00dc&quot;,&quot;orientation&quot;:&quot;0&quot;}\" data-image-title=\"Fenerbah\u00e7e, Konyaspor ma\u00e7\u0131 haz\u0131rl\u0131klar\u0131n\u0131 s\u00fcrd\u00fcrd\u00fc\" data-image-description=\"&lt;p&gt;Fenerbah\u00e7e, Konyaspor ma\u00e7\u0131 haz\u0131rl\u0131klar\u0131n\u0131 s\u00fcrd\u00fcrd\u00fc&lt;\/p&gt; \" data-medium-file=\"https:\/\/i0.wp.com\/www.tvturk.com\/wp-content\/uploads\/2019\/02\/fenerbahce-konyaspor-maci-hazirliklarini-surdurdu_aeeae15.jpg?fit=300%2C146\" data-large-file=\"https:\/\/i0.wp.com\/www.tvturk.com\/wp-content\/uploads\/2019\/02\/fenerbahce-konyaspor-maci-hazirliklarini-surdurdu_aeeae15.jpg?fit=1000%2C486\" src=\"https:\/\/i0.wp.com\/www.tvturk.com\/wp-content\/uploads\/2019\/02\/fenerbahce-konyaspor-maci-hazirliklarini-surdurdu_aeeae15.jpg?w=168&#038;h=82\" srcset=\"https:\/\/i0.wp.com\/www.tvturk.com\/wp-content\/uploads\/2019\/02\/fenerbahce-konyaspor-maci-hazirliklarini-surdurdu_aeeae15.jpg?w=1000 1000w, https:\/\/i0.wp.com\/www.tvturk.com\/wp-content\/uploads\/2019\/02\/fenerbahce-konyaspor-maci-hazirliklarini-surdurdu_aeeae15.jpg?resize=150%2C73 150w, https:\/\/i0.wp.com\/www.tvturk.com\/wp-content\/uploads\/2019\/02\/fenerbahce-konyaspor-maci-hazirliklarini-surdurdu_aeeae15.jpg?resize=300%2C146 300w, https:\/\/i0.wp.com\/www.tvturk.com\/wp-content\/uploads\/2019\/02\/fenerbahce-konyaspor-maci-hazirliklarini-surdurdu_aeeae15.jpg?resize=768%2C373 768w\" width=\"168\" height=\"82\" loading=\"lazy\" data-original-width=\"168\" data-original-height=\"82\" itemprop=\"http:\/\/schema.org\/image\" title=\"Fenerbah\u00e7e, Konyaspor ma\u00e7\u0131 haz\u0131rl\u0131klar\u0131n\u0131 s\u00fcrd\u00fcrd\u00fc\" alt=\"Fenerbah\u00e7e, Konyaspor ma\u00e7\u0131 haz\u0131rl\u0131klar\u0131n\u0131 s\u00fcrd\u00fcrd\u00fc\" style=\"width: 168px; height: 82px;\" \/> <\/a> <\/div> <\/div> <!-- close group --> <\/div> <!-- close row --> <\/div><\/p>\n","protected":false},"excerpt":{"rendered":"<p>FENERBAH\u00c7E, SPOR TOTO S\u00dcPER L\u0130G&#8217;\u0130N 22. HAFTASINDA CUMARTES\u0130 G\u00dcN\u00dc AT\u0130KER KONYASPOR \u0130LE EV\u0130NDE OYNAYACA\u011eI MA\u00c7IN HAZIRLIKLARINI BUG\u00dcN YAPTI\u011eI ANTRENMANLA S\u00dcRD\u00dcRD\u00dc.<\/p>\n","protected":false},"author":1,"featured_media":32350,"comment_status":"closed","ping_status":"open","sticky":false,"template":"","format":"standard","meta":{"jetpack_post_was_ever_published":false,"_jetpack_newsletter_access":"","_jetpack_dont_email_post_to_subs":false,"_jetpack_newsletter_tier_id":0,"_jetpack_memberships_contains_paywalled_content":false,"_jetpack_memberships_contains_paid_content":false,"footnotes":"","jetpack_publicize_message":"","jetpack_publicize_feature_enabled":true,"jetpack_social_post_already_shared":false,"jetpack_social_options":{"image_generator_settings":{"template":"highway","default_image_id":0,"font":"","enabled":false},"version":2}},"categories":[657],"tags":[2626,2628,3505,777,2629],"class_list":["post-32349","post","type-post","status-publish","format-standard","has-post-thumbnail","hentry","category-spor","tag-fenerbahce","tag-hazirliklarini","tag-konyaspor","tag-maci","tag-surdurdu"],"jetpack_publicize_connections":[],"jetpack_featured_media_url":"https:\/\/i0.wp.com\/www.tvturk.com\/wp-content\/uploads\/2019\/02\/fenerbahce-konyaspor-maci-hazirliklarini-surdurdu_7ed1010.jpg?fit=1000%2C680","jetpack_sharing_enabled":true,"jetpack_shortlink":"https:\/\/wp.me\/paKIfm-8pL","_links":{"self":[{"href":"http:\/\/www.tvturk.com\/index.php\/wp-json\/wp\/v2\/posts\/32349","targetHints":{"allow":["GET"]}}],"collection":[{"href":"http:\/\/www.tvturk.com\/index.php\/wp-json\/wp\/v2\/posts"}],"about":[{"href":"http:\/\/www.tvturk.com\/index.php\/wp-json\/wp\/v2\/types\/post"}],"author":[{"embeddable":true,"href":"http:\/\/www.tvturk.com\/index.php\/wp-json\/wp\/v2\/users\/1"}],"replies":[{"embeddable":true,"href":"http:\/\/www.tvturk.com\/index.php\/wp-json\/wp\/v2\/comments?post=32349"}],"version-history":[{"count":1,"href":"http:\/\/www.tvturk.com\/index.php\/wp-json\/wp\/v2\/posts\/32349\/revisions"}],"predecessor-version":[{"id":32358,"href":"http:\/\/www.tvturk.com\/index.php\/wp-json\/wp\/v2\/posts\/32349\/revisions\/32358"}],"wp:featuredmedia":[{"embeddable":true,"href":"http:\/\/www.tvturk.com\/index.php\/wp-json\/wp\/v2\/media\/32350"}],"wp:attachment":[{"href":"http:\/\/www.tvturk.com\/index.php\/wp-json\/wp\/v2\/media?parent=32349"}],"wp:term":[{"taxonomy":"category","embeddable":true,"href":"http:\/\/www.tvturk.com\/index.php\/wp-json\/wp\/v2\/categories?post=32349"},{"taxonomy":"post_tag","embeddable":true,"href":"http:\/\/www.tvturk.com\/index.php\/wp-json\/wp\/v2\/tags?post=32349"}],"curies":[{"name":"wp","href":"https:\/\/api.w.org\/{rel}","templated":true}]}}