{"id":32364,"date":"2019-02-14T14:31:42","date_gmt":"2019-02-14T11:31:42","guid":{"rendered":"http:\/\/www.tvturk.com\/index.php\/cizrede-ogrencilere-yonelik-mesleki-kariyer-ve-meslek-tanitim-programi-duzenlendi\/"},"modified":"2019-02-14T14:31:45","modified_gmt":"2019-02-14T11:31:45","slug":"cizrede-ogrencilere-yonelik-mesleki-kariyer-ve-meslek-tanitim-programi-duzenlendi","status":"publish","type":"post","link":"http:\/\/www.tvturk.com\/index.php\/cizrede-ogrencilere-yonelik-mesleki-kariyer-ve-meslek-tanitim-programi-duzenlendi\/","title":{"rendered":"Cizre\u2019de \u00f6\u011frencilere y\u00f6nelik mesleki kariyer ve meslek tan\u0131t\u0131m program\u0131 d\u00fczenlendi"},"content":{"rendered":"<p>\u015e\u0131rnak\u2019\u0131n Cizre il\u00e7esinde, lise \u00f6\u011frencilerine y\u00f6nelik mesleki kariyer ve meslek tan\u0131t\u0131m etkinli\u011fi d\u00fczenlendi.<\/p>\n<p>K\u0131z\u0131lay Cizre \u015eubesi\u2019nin \u015fenlendirme projesi kapsam\u0131nda ger\u00e7ekle\u015ftirdi\u011fi meslekleri kariyer ve meslek sahiplerini tan\u0131t\u0131m projesi Fettah Kadooglu Anadolu Lisesi\u2019nde d\u00fczenlendi. End\u00fcstri m\u00fchendisi Kamile Canbay, in\u015faat m\u00fchendisi Muzaffer \u0130\u015flek, eczac\u0131 Azize G\u00f6kalp ve g\u00f6z hastal\u0131klar\u0131 uzman\u0131 Op. Dr. Mehmet Hidayetullah Erzen\u2019in konu\u015fmac\u0131 olarak kat\u0131ld\u0131\u011f\u0131 programda lise \u00f6\u011frencilerine y\u00f6nelik meslek hayatlar\u0131na ula\u015fmalar\u0131nda ya\u015fad\u0131klar\u0131 s\u0131k\u0131nt\u0131lar, \u00e7al\u0131\u015fma ortamlar\u0131, \u00fcniversite e\u011fitiminin \u00f6nemi ve \u00fcniversite se\u00e7imi ile ilgili \u00f6\u011frencilere bilgi verildi.<\/p>\n<p>Meslek uzmanlar\u0131 kendi meslekleri ile ilgili bilgileri ve deneyimlerini payla\u015f\u0131rken, gen\u00e7ler de meslekler hakk\u0131nda merak ettikleri sorular\u0131 sordu.<div class=\"tiled-gallery type-rectangular tiled-gallery-unresized\" data-original-width=\"500\" data-carousel-extra='null' itemscope itemtype=\"http:\/\/schema.org\/ImageGallery\" > <div class=\"gallery-row\" style=\"width: 500px; height: 168px;\" data-original-width=\"500\" data-original-height=\"168\" > <div class=\"gallery-group images-1\" style=\"width: 250px; height: 168px;\" data-original-width=\"250\" data-original-height=\"168\" > <div class=\"tiled-gallery-item tiled-gallery-item-small\" itemprop=\"associatedMedia\" itemscope itemtype=\"http:\/\/schema.org\/ImageObject\"> <a href=\"http:\/\/www.tvturk.com\/index.php\/cizrede-ogrencilere-yonelik-mesleki-kariyer-ve-meslek-tanitim-programi-duzenlendi\/cizrede-ogrencilere-yonelik-mesleki-kariyer-ve-meslek-tanitim-programi-duzenlendi-3\/\" border=\"0\" itemprop=\"url\"> <meta itemprop=\"width\" content=\"246\"> <meta itemprop=\"height\" content=\"164\"> <img decoding=\"async\" class=\"\" data-attachment-id=\"32366\" data-orig-file=\"http:\/\/www.tvturk.com\/wp-content\/uploads\/2019\/02\/cizrede-ogrencilere-yonelik-mesleki-kariyer-ve-meslek-tanitim-programi-duzenlendi_e9225fc.jpg\" data-orig-size=\"1000,666\" data-comments-opened=\"\" data-image-meta=\"{&quot;aperture&quot;:&quot;0&quot;,&quot;credit&quot;:&quot;IHA&quot;,&quot;camera&quot;:&quot;&quot;,&quot;caption&quot;:&quot;\\u015eIRNAK\\u2019IN C\\u0130ZRE \\u0130L\\u00c7ES\\u0130NDE, L\\u0130SE \\u00d6\\u011eRENC\\u0130LER\\u0130NE Y\\u00d6NEL\\u0130K MESLEK\\u0130 KAR\\u0130YER VE MESLEK TANITIM ETK\\u0130NL\\u0130\\u011e\\u0130 D\\u00dcZENLEND\\u0130. (AB\\u0130D\\u0130N YEL\\\/\\u015eIRNAK-\\u0130HA)&quot;,&quot;created_timestamp&quot;:&quot;0&quot;,&quot;copyright&quot;:&quot;\\u0130HLAS HABER AJANSI, www.iha.com.tr&quot;,&quot;focal_length&quot;:&quot;0&quot;,&quot;iso&quot;:&quot;0&quot;,&quot;shutter_speed&quot;:&quot;0&quot;,&quot;title&quot;:&quot;C\\u0130ZRE\\u0027DE \\u00d6\\u011eRENC\\u0130LERE Y\\u00d6NEL\\u0130K MESLEK\\u0130 KAR\\u0130YER VE MESLEK TANITIM PROGRAMI D\\u00dcZENLEND\\u0130&quot;,&quot;orientation&quot;:&quot;0&quot;}\" data-image-title=\"Cizre\u2019de \u00f6\u011frencilere y\u00f6nelik mesleki kariyer ve meslek tan\u0131t\u0131m program\u0131 d\u00fczenlendi\" data-image-description=\"&lt;p&gt;Cizre\u2019de \u00f6\u011frencilere y\u00f6nelik mesleki kariyer ve meslek tan\u0131t\u0131m program\u0131 d\u00fczenlendi&lt;\/p&gt; \" data-medium-file=\"https:\/\/i0.wp.com\/www.tvturk.com\/wp-content\/uploads\/2019\/02\/cizrede-ogrencilere-yonelik-mesleki-kariyer-ve-meslek-tanitim-programi-duzenlendi_e9225fc.jpg?fit=300%2C200\" data-large-file=\"https:\/\/i0.wp.com\/www.tvturk.com\/wp-content\/uploads\/2019\/02\/cizrede-ogrencilere-yonelik-mesleki-kariyer-ve-meslek-tanitim-programi-duzenlendi_e9225fc.jpg?fit=1000%2C666\" src=\"https:\/\/i0.wp.com\/www.tvturk.com\/wp-content\/uploads\/2019\/02\/cizrede-ogrencilere-yonelik-mesleki-kariyer-ve-meslek-tanitim-programi-duzenlendi_e9225fc.jpg?w=246&#038;h=164\" srcset=\"https:\/\/i0.wp.com\/www.tvturk.com\/wp-content\/uploads\/2019\/02\/cizrede-ogrencilere-yonelik-mesleki-kariyer-ve-meslek-tanitim-programi-duzenlendi_e9225fc.jpg?w=1000 1000w, https:\/\/i0.wp.com\/www.tvturk.com\/wp-content\/uploads\/2019\/02\/cizrede-ogrencilere-yonelik-mesleki-kariyer-ve-meslek-tanitim-programi-duzenlendi_e9225fc.jpg?resize=150%2C100 150w, https:\/\/i0.wp.com\/www.tvturk.com\/wp-content\/uploads\/2019\/02\/cizrede-ogrencilere-yonelik-mesleki-kariyer-ve-meslek-tanitim-programi-duzenlendi_e9225fc.jpg?resize=300%2C200 300w, https:\/\/i0.wp.com\/www.tvturk.com\/wp-content\/uploads\/2019\/02\/cizrede-ogrencilere-yonelik-mesleki-kariyer-ve-meslek-tanitim-programi-duzenlendi_e9225fc.jpg?resize=768%2C511 768w, https:\/\/i0.wp.com\/www.tvturk.com\/wp-content\/uploads\/2019\/02\/cizrede-ogrencilere-yonelik-mesleki-kariyer-ve-meslek-tanitim-programi-duzenlendi_e9225fc.jpg?resize=170%2C113 170w, https:\/\/i0.wp.com\/www.tvturk.com\/wp-content\/uploads\/2019\/02\/cizrede-ogrencilere-yonelik-mesleki-kariyer-ve-meslek-tanitim-programi-duzenlendi_e9225fc.jpg?resize=120%2C80 120w\" width=\"246\" height=\"164\" loading=\"lazy\" data-original-width=\"246\" data-original-height=\"164\" itemprop=\"http:\/\/schema.org\/image\" title=\"Cizre\u2019de \u00f6\u011frencilere y\u00f6nelik mesleki kariyer ve meslek tan\u0131t\u0131m program\u0131 d\u00fczenlendi\" alt=\"Cizre\u2019de \u00f6\u011frencilere y\u00f6nelik mesleki kariyer ve meslek tan\u0131t\u0131m program\u0131 d\u00fczenlendi\" style=\"width: 246px; height: 164px;\" \/> <\/a> <\/div> <\/div> <!-- close group --> <div class=\"gallery-group images-1\" style=\"width: 250px; height: 168px;\" data-original-width=\"250\" data-original-height=\"168\" > <div class=\"tiled-gallery-item tiled-gallery-item-small\" itemprop=\"associatedMedia\" itemscope itemtype=\"http:\/\/schema.org\/ImageObject\"> <a href=\"http:\/\/www.tvturk.com\/index.php\/cizrede-ogrencilere-yonelik-mesleki-kariyer-ve-meslek-tanitim-programi-duzenlendi\/cizrede-ogrencilere-yonelik-mesleki-kariyer-ve-meslek-tanitim-programi-duzenlendi-4\/\" border=\"0\" itemprop=\"url\"> <meta itemprop=\"width\" content=\"246\"> <meta itemprop=\"height\" content=\"164\"> <img decoding=\"async\" class=\"\" data-attachment-id=\"32367\" data-orig-file=\"http:\/\/www.tvturk.com\/wp-content\/uploads\/2019\/02\/cizrede-ogrencilere-yonelik-mesleki-kariyer-ve-meslek-tanitim-programi-duzenlendi_002963a.jpg\" data-orig-size=\"1000,666\" data-comments-opened=\"\" data-image-meta=\"{&quot;aperture&quot;:&quot;0&quot;,&quot;credit&quot;:&quot;IHA&quot;,&quot;camera&quot;:&quot;&quot;,&quot;caption&quot;:&quot;\\u015eIRNAK\\u2019IN C\\u0130ZRE \\u0130L\\u00c7ES\\u0130NDE, L\\u0130SE \\u00d6\\u011eRENC\\u0130LER\\u0130NE Y\\u00d6NEL\\u0130K MESLEK\\u0130 KAR\\u0130YER VE MESLEK TANITIM ETK\\u0130NL\\u0130\\u011e\\u0130 D\\u00dcZENLEND\\u0130. (AB\\u0130D\\u0130N YEL\\\/\\u015eIRNAK-\\u0130HA)&quot;,&quot;created_timestamp&quot;:&quot;0&quot;,&quot;copyright&quot;:&quot;\\u0130HLAS HABER AJANSI, www.iha.com.tr&quot;,&quot;focal_length&quot;:&quot;0&quot;,&quot;iso&quot;:&quot;0&quot;,&quot;shutter_speed&quot;:&quot;0&quot;,&quot;title&quot;:&quot;C\\u0130ZRE\\u0027DE \\u00d6\\u011eRENC\\u0130LERE Y\\u00d6NEL\\u0130K MESLEK\\u0130 KAR\\u0130YER VE MESLEK TANITIM PROGRAMI D\\u00dcZENLEND\\u0130&quot;,&quot;orientation&quot;:&quot;0&quot;}\" data-image-title=\"Cizre\u2019de \u00f6\u011frencilere y\u00f6nelik mesleki kariyer ve meslek tan\u0131t\u0131m program\u0131 d\u00fczenlendi\" data-image-description=\"&lt;p&gt;Cizre\u2019de \u00f6\u011frencilere y\u00f6nelik mesleki kariyer ve meslek tan\u0131t\u0131m program\u0131 d\u00fczenlendi&lt;\/p&gt; \" data-medium-file=\"https:\/\/i0.wp.com\/www.tvturk.com\/wp-content\/uploads\/2019\/02\/cizrede-ogrencilere-yonelik-mesleki-kariyer-ve-meslek-tanitim-programi-duzenlendi_002963a.jpg?fit=300%2C200\" data-large-file=\"https:\/\/i0.wp.com\/www.tvturk.com\/wp-content\/uploads\/2019\/02\/cizrede-ogrencilere-yonelik-mesleki-kariyer-ve-meslek-tanitim-programi-duzenlendi_002963a.jpg?fit=1000%2C666\" src=\"https:\/\/i0.wp.com\/www.tvturk.com\/wp-content\/uploads\/2019\/02\/cizrede-ogrencilere-yonelik-mesleki-kariyer-ve-meslek-tanitim-programi-duzenlendi_002963a.jpg?w=246&#038;h=164\" srcset=\"https:\/\/i0.wp.com\/www.tvturk.com\/wp-content\/uploads\/2019\/02\/cizrede-ogrencilere-yonelik-mesleki-kariyer-ve-meslek-tanitim-programi-duzenlendi_002963a.jpg?w=1000 1000w, https:\/\/i0.wp.com\/www.tvturk.com\/wp-content\/uploads\/2019\/02\/cizrede-ogrencilere-yonelik-mesleki-kariyer-ve-meslek-tanitim-programi-duzenlendi_002963a.jpg?resize=150%2C100 150w, https:\/\/i0.wp.com\/www.tvturk.com\/wp-content\/uploads\/2019\/02\/cizrede-ogrencilere-yonelik-mesleki-kariyer-ve-meslek-tanitim-programi-duzenlendi_002963a.jpg?resize=300%2C200 300w, https:\/\/i0.wp.com\/www.tvturk.com\/wp-content\/uploads\/2019\/02\/cizrede-ogrencilere-yonelik-mesleki-kariyer-ve-meslek-tanitim-programi-duzenlendi_002963a.jpg?resize=768%2C511 768w, https:\/\/i0.wp.com\/www.tvturk.com\/wp-content\/uploads\/2019\/02\/cizrede-ogrencilere-yonelik-mesleki-kariyer-ve-meslek-tanitim-programi-duzenlendi_002963a.jpg?resize=170%2C113 170w, https:\/\/i0.wp.com\/www.tvturk.com\/wp-content\/uploads\/2019\/02\/cizrede-ogrencilere-yonelik-mesleki-kariyer-ve-meslek-tanitim-programi-duzenlendi_002963a.jpg?resize=120%2C80 120w\" width=\"246\" height=\"164\" loading=\"lazy\" data-original-width=\"246\" data-original-height=\"164\" itemprop=\"http:\/\/schema.org\/image\" title=\"Cizre\u2019de \u00f6\u011frencilere y\u00f6nelik mesleki kariyer ve meslek tan\u0131t\u0131m program\u0131 d\u00fczenlendi\" alt=\"Cizre\u2019de \u00f6\u011frencilere y\u00f6nelik mesleki kariyer ve meslek tan\u0131t\u0131m program\u0131 d\u00fczenlendi\" style=\"width: 246px; height: 164px;\" \/> <\/a> <\/div> <\/div> <!-- close group --> <\/div> <!-- close row --> <\/div><\/p>\n","protected":false},"excerpt":{"rendered":"<p>\u015eIRNAK\u2019IN C\u0130ZRE \u0130L\u00c7ES\u0130NDE, L\u0130SE \u00d6\u011eRENC\u0130LER\u0130NE Y\u00d6NEL\u0130K MESLEK\u0130 KAR\u0130YER VE MESLEK TANITIM ETK\u0130NL\u0130\u011e\u0130 D\u00dcZENLEND\u0130.<\/p>\n","protected":false},"author":1,"featured_media":32365,"comment_status":"closed","ping_status":"open","sticky":false,"template":"","format":"standard","meta":{"jetpack_post_was_ever_published":false,"_jetpack_newsletter_access":"","_jetpack_dont_email_post_to_subs":false,"_jetpack_newsletter_tier_id":0,"_jetpack_memberships_contains_paywalled_content":false,"_jetpack_memberships_contains_paid_content":false,"footnotes":"","jetpack_publicize_message":"","jetpack_publicize_feature_enabled":true,"jetpack_social_post_already_shared":false,"jetpack_social_options":{"image_generator_settings":{"template":"highway","default_image_id":0,"font":"","enabled":false},"version":2}},"categories":[659],"tags":[65,2202,4508,4030,6605,2208,1999,2221,1843],"class_list":["post-32364","post","type-post","status-publish","format-standard","has-post-thumbnail","hentry","category-egitim","tag-cizrede","tag-duzenlendi","tag-kariyer","tag-meslek","tag-mesleki","tag-ogrencilere","tag-programi","tag-tanitim","tag-yonelik"],"jetpack_publicize_connections":[],"jetpack_featured_media_url":"https:\/\/i0.wp.com\/www.tvturk.com\/wp-content\/uploads\/2019\/02\/cizrede-ogrencilere-yonelik-mesleki-kariyer-ve-meslek-tanitim-programi-duzenlendi_15286ba.jpg?fit=1000%2C666","jetpack_sharing_enabled":true,"jetpack_shortlink":"https:\/\/wp.me\/paKIfm-8q0","_links":{"self":[{"href":"http:\/\/www.tvturk.com\/index.php\/wp-json\/wp\/v2\/posts\/32364","targetHints":{"allow":["GET"]}}],"collection":[{"href":"http:\/\/www.tvturk.com\/index.php\/wp-json\/wp\/v2\/posts"}],"about":[{"href":"http:\/\/www.tvturk.com\/index.php\/wp-json\/wp\/v2\/types\/post"}],"author":[{"embeddable":true,"href":"http:\/\/www.tvturk.com\/index.php\/wp-json\/wp\/v2\/users\/1"}],"replies":[{"embeddable":true,"href":"http:\/\/www.tvturk.com\/index.php\/wp-json\/wp\/v2\/comments?post=32364"}],"version-history":[{"count":1,"href":"http:\/\/www.tvturk.com\/index.php\/wp-json\/wp\/v2\/posts\/32364\/revisions"}],"predecessor-version":[{"id":32368,"href":"http:\/\/www.tvturk.com\/index.php\/wp-json\/wp\/v2\/posts\/32364\/revisions\/32368"}],"wp:featuredmedia":[{"embeddable":true,"href":"http:\/\/www.tvturk.com\/index.php\/wp-json\/wp\/v2\/media\/32365"}],"wp:attachment":[{"href":"http:\/\/www.tvturk.com\/index.php\/wp-json\/wp\/v2\/media?parent=32364"}],"wp:term":[{"taxonomy":"category","embeddable":true,"href":"http:\/\/www.tvturk.com\/index.php\/wp-json\/wp\/v2\/categories?post=32364"},{"taxonomy":"post_tag","embeddable":true,"href":"http:\/\/www.tvturk.com\/index.php\/wp-json\/wp\/v2\/tags?post=32364"}],"curies":[{"name":"wp","href":"https:\/\/api.w.org\/{rel}","templated":true}]}}