{"id":32377,"date":"2019-02-14T14:41:29","date_gmt":"2019-02-14T11:41:29","guid":{"rendered":"http:\/\/www.tvturk.com\/index.php\/siirtte-kirmizi-listede-aranan-terorist-icin-hazirlanan-siginak-imha-edildi\/"},"modified":"2019-02-14T14:41:33","modified_gmt":"2019-02-14T11:41:33","slug":"siirtte-kirmizi-listede-aranan-terorist-icin-hazirlanan-siginak-imha-edildi","status":"publish","type":"post","link":"http:\/\/www.tvturk.com\/index.php\/siirtte-kirmizi-listede-aranan-terorist-icin-hazirlanan-siginak-imha-edildi\/","title":{"rendered":"Siirt\u2019te k\u0131rm\u0131z\u0131 listede aranan ter\u00f6rist i\u00e7in haz\u0131rlanan s\u0131\u011f\u0131nak imha edildi"},"content":{"rendered":"<p>Siirt\u2019in Pervari il\u00e7e k\u0131rsal\u0131nda d\u00fczenlenen operasyonda, k\u0131rm\u0131z\u0131 listede aranan bir ter\u00f6rist i\u00e7in haz\u0131rlanan 7 odal\u0131 3 giri\u015f \u00e7\u0131k\u0131\u015f\u0131 olan, 20-15 ki\u015filik s\u0131\u011f\u0131nak, bar\u0131nak imha edildi. Mevzi noktalar\u0131nda \u00e7ok say\u0131da m\u00fchimmat ele ge\u00e7irildi.<\/p>\n<p>Siirt Valili\u011fi\u2019nden yap\u0131lan a\u00e7\u0131klamada, Siirt \u0130l Jandarma Komutanl\u0131\u011f\u0131\u2019nca, jandarma \u00f6zel harekat ve jandarma komando birlikleri taraf\u0131ndan \u015eehit Jandarma uzman \u00c7avu\u015f Faruk Y\u00fcksel Operasyonu\u2019nun icra edildi\u011fi belirtildi. A\u00e7\u0131klamada, &#8220;Ger\u00e7ekle\u015ftirilen operasyon kapsam\u0131nda k\u0131rm\u0131z\u0131 listede aranan bir ter\u00f6rist i\u00e7in haz\u0131rlanan  7 odal\u0131 3 adet giri\u015f \u00e7\u0131k\u0131\u015f\u0131 olan 15-20 ki\u015filik bir s\u0131\u011f\u0131nak olmak \u00fczere toplamda 15 adet s\u0131\u011f\u0131nak bar\u0131nak ve mevzi noktalar\u0131, 2 adet da\u011f bisikleti, 7 adet b\u00fcy\u00fck t\u00fcp, bir adet t\u00fcp ba\u015fl\u0131\u011f\u0131, 23 adet pil, 3 adet pil blo\u011fu, 8 adet pil kutusu, bir adet not defteri, 4 adet ter\u00f6rist k\u0131yafeti, bir adet \u015femsiye, 2 adet mekap ayakkab\u0131, 2 adet uyku tulumu, 2 adet mavi branda, 35 metre naylon, 10 metre pan\u00e7o, bir adet elektrik band\u0131, 2 adet tencere, 2 adet d\u00fcd\u00fckl\u00fc tencere ve bol miktarda ya\u015fam g\u0131da malzemesi ile \u00e7ok say\u0131da \u00f6rg\u00fctsel dok\u00fcman ele ge\u00e7irilmi\u015ftir. Tespit edilen s\u0131\u011f\u0131nak bar\u0131naklar kullan\u0131lmaz hale getirilmi\u015f ve bulunan malzemelerden delil niteli\u011fi ta\u015f\u0131yanlar muhafaza alt\u0131na al\u0131narak, di\u011fer malzemeler yetkili Cumhuriyet Ba\u015fsavc\u0131s\u0131n\u0131n talimat\u0131 ile olay mahallinde imha edilmi\u015ftir&#8221; denildi.<div class=\"tiled-gallery type-rectangular tiled-gallery-unresized\" data-original-width=\"500\" data-carousel-extra='null' itemscope itemtype=\"http:\/\/schema.org\/ImageGallery\" > <div class=\"gallery-row\" style=\"width: 500px; height: 245px;\" data-original-width=\"500\" data-original-height=\"245\" > <div class=\"gallery-group images-1\" style=\"width: 500px; height: 245px;\" data-original-width=\"500\" data-original-height=\"245\" > <div class=\"tiled-gallery-item tiled-gallery-item-large\" itemprop=\"associatedMedia\" itemscope itemtype=\"http:\/\/schema.org\/ImageObject\"> <a href=\"http:\/\/www.tvturk.com\/index.php\/siirtte-kirmizi-listede-aranan-terorist-icin-hazirlanan-siginak-imha-edildi\/siirtte-kirmizi-listede-aranan-terorist-icin-hazirlanan-siginak-imha-edildi-3\/\" border=\"0\" itemprop=\"url\"> <meta itemprop=\"width\" content=\"496\"> <meta itemprop=\"height\" content=\"241\"> <img decoding=\"async\" class=\"\" data-attachment-id=\"32379\" data-orig-file=\"http:\/\/www.tvturk.com\/wp-content\/uploads\/2019\/02\/siirtte-kirmizi-listede-aranan-terorist-icin-hazirlanan-siginak-imha-edildi_584fced.jpg\" data-orig-size=\"1000,485\" data-comments-opened=\"\" data-image-meta=\"{&quot;aperture&quot;:&quot;0&quot;,&quot;credit&quot;:&quot;IHA&quot;,&quot;camera&quot;:&quot;&quot;,&quot;caption&quot;:&quot;S\\u0130\\u0130RT\\u2019\\u0130N PERVAR\\u0130 \\u0130L\\u00c7E KIRSALINDA D\\u00dcZENLENEN OPERASYONDA, KIRMIZI L\\u0130STEDE ARANAN B\\u0130R TER\\u00d6R\\u0130ST \\u0130\\u00c7\\u0130N HAZIRLANAN 7 ODALI 3 G\\u0130R\\u0130\\u015e \\u00c7IKI\\u015eI OLAN, 20-15 K\\u0130\\u015e\\u0130L\\u0130K SI\\u011eINAK, BARINAK \\u0130MHA ED\\u0130LD\\u0130. MEVZ\\u0130 NOKTALARINDA \\u00c7OK SAYIDA M\\u00dcH\\u0130MMAT ELE GE\\u00c7\\u0130R\\u0130LD\\u0130. (SELAM\\u0130 DEN\\u0130Z\\\/S\\u0130\\u0130RT-\\u0130HA)&quot;,&quot;created_timestamp&quot;:&quot;0&quot;,&quot;copyright&quot;:&quot;\\u0130HLAS HABER AJANSI, www.iha.com.tr&quot;,&quot;focal_length&quot;:&quot;0&quot;,&quot;iso&quot;:&quot;0&quot;,&quot;shutter_speed&quot;:&quot;0&quot;,&quot;title&quot;:&quot;S\\u0130\\u0130RT\\u0027TE KIRMIZI L\\u0130STEDE ARANAN TER\\u00d6R\\u0130ST \\u0130\\u00c7\\u0130N HAZIRLANAN SI\\u011eINAK \\u0130MHA ED\\u0130LD\\u0130&quot;,&quot;orientation&quot;:&quot;0&quot;}\" data-image-title=\"Siirt\u2019te k\u0131rm\u0131z\u0131 listede aranan ter\u00f6rist i\u00e7in haz\u0131rlanan s\u0131\u011f\u0131nak imha edildi\" data-image-description=\"&lt;p&gt;Siirt\u2019te k\u0131rm\u0131z\u0131 listede aranan ter\u00f6rist i\u00e7in haz\u0131rlanan s\u0131\u011f\u0131nak imha edildi&lt;\/p&gt; \" data-medium-file=\"https:\/\/i0.wp.com\/www.tvturk.com\/wp-content\/uploads\/2019\/02\/siirtte-kirmizi-listede-aranan-terorist-icin-hazirlanan-siginak-imha-edildi_584fced.jpg?fit=300%2C146\" data-large-file=\"https:\/\/i0.wp.com\/www.tvturk.com\/wp-content\/uploads\/2019\/02\/siirtte-kirmizi-listede-aranan-terorist-icin-hazirlanan-siginak-imha-edildi_584fced.jpg?fit=1000%2C485\" src=\"https:\/\/i0.wp.com\/www.tvturk.com\/wp-content\/uploads\/2019\/02\/siirtte-kirmizi-listede-aranan-terorist-icin-hazirlanan-siginak-imha-edildi_584fced.jpg?w=496&#038;h=241\" srcset=\"https:\/\/i0.wp.com\/www.tvturk.com\/wp-content\/uploads\/2019\/02\/siirtte-kirmizi-listede-aranan-terorist-icin-hazirlanan-siginak-imha-edildi_584fced.jpg?w=1000 1000w, https:\/\/i0.wp.com\/www.tvturk.com\/wp-content\/uploads\/2019\/02\/siirtte-kirmizi-listede-aranan-terorist-icin-hazirlanan-siginak-imha-edildi_584fced.jpg?resize=150%2C73 150w, https:\/\/i0.wp.com\/www.tvturk.com\/wp-content\/uploads\/2019\/02\/siirtte-kirmizi-listede-aranan-terorist-icin-hazirlanan-siginak-imha-edildi_584fced.jpg?resize=300%2C146 300w, https:\/\/i0.wp.com\/www.tvturk.com\/wp-content\/uploads\/2019\/02\/siirtte-kirmizi-listede-aranan-terorist-icin-hazirlanan-siginak-imha-edildi_584fced.jpg?resize=768%2C372 768w\" width=\"496\" height=\"241\" loading=\"lazy\" data-original-width=\"496\" data-original-height=\"241\" itemprop=\"http:\/\/schema.org\/image\" title=\"Siirt\u2019te k\u0131rm\u0131z\u0131 listede aranan ter\u00f6rist i\u00e7in haz\u0131rlanan s\u0131\u011f\u0131nak imha edildi\" alt=\"Siirt\u2019te k\u0131rm\u0131z\u0131 listede aranan ter\u00f6rist i\u00e7in haz\u0131rlanan s\u0131\u011f\u0131nak imha edildi\" style=\"width: 496px; height: 241px;\" \/> <\/a> <\/div> <\/div> <!-- close group --> <\/div> <!-- close row --> <div class=\"gallery-row\" style=\"width: 500px; height: 204px;\" data-original-width=\"500\" data-original-height=\"204\" > <div class=\"gallery-group images-1\" style=\"width: 192px; height: 204px;\" data-original-width=\"192\" data-original-height=\"204\" > <div class=\"tiled-gallery-item tiled-gallery-item-small\" itemprop=\"associatedMedia\" itemscope itemtype=\"http:\/\/schema.org\/ImageObject\"> <a href=\"http:\/\/www.tvturk.com\/index.php\/siirtte-kirmizi-listede-aranan-terorist-icin-hazirlanan-siginak-imha-edildi\/siirtte-kirmizi-listede-aranan-terorist-icin-hazirlanan-siginak-imha-edildi-4\/\" border=\"0\" itemprop=\"url\"> <meta itemprop=\"width\" content=\"188\"> <meta itemprop=\"height\" content=\"200\"> <img decoding=\"async\" class=\"\" data-attachment-id=\"32380\" data-orig-file=\"http:\/\/www.tvturk.com\/wp-content\/uploads\/2019\/02\/siirtte-kirmizi-listede-aranan-terorist-icin-hazirlanan-siginak-imha-edildi_17b5793.jpg\" data-orig-size=\"768,819\" data-comments-opened=\"\" data-image-meta=\"{&quot;aperture&quot;:&quot;0&quot;,&quot;credit&quot;:&quot;IHA&quot;,&quot;camera&quot;:&quot;&quot;,&quot;caption&quot;:&quot;S\\u0130\\u0130RT\\u2019\\u0130N PERVAR\\u0130 \\u0130L\\u00c7E KIRSALINDA D\\u00dcZENLENEN OPERASYONDA, KIRMIZI L\\u0130STEDE ARANAN B\\u0130R TER\\u00d6R\\u0130ST \\u0130\\u00c7\\u0130N HAZIRLANAN 7 ODALI 3 G\\u0130R\\u0130\\u015e \\u00c7IKI\\u015eI OLAN, 20-15 K\\u0130\\u015e\\u0130L\\u0130K SI\\u011eINAK, BARINAK \\u0130MHA ED\\u0130LD\\u0130. MEVZ\\u0130 NOKTALARINDA \\u00c7OK SAYIDA M\\u00dcH\\u0130MMAT ELE GE\\u00c7\\u0130R\\u0130LD\\u0130. (SELAM\\u0130 DEN\\u0130Z\\\/S\\u0130\\u0130RT-\\u0130HA)&quot;,&quot;created_timestamp&quot;:&quot;0&quot;,&quot;copyright&quot;:&quot;\\u0130HLAS HABER AJANSI, www.iha.com.tr&quot;,&quot;focal_length&quot;:&quot;0&quot;,&quot;iso&quot;:&quot;0&quot;,&quot;shutter_speed&quot;:&quot;0&quot;,&quot;title&quot;:&quot;S\\u0130\\u0130RT\\u0027TE KIRMIZI L\\u0130STEDE ARANAN TER\\u00d6R\\u0130ST \\u0130\\u00c7\\u0130N HAZIRLANAN SI\\u011eINAK \\u0130MHA ED\\u0130LD\\u0130&quot;,&quot;orientation&quot;:&quot;0&quot;}\" data-image-title=\"Siirt\u2019te k\u0131rm\u0131z\u0131 listede aranan ter\u00f6rist i\u00e7in haz\u0131rlanan s\u0131\u011f\u0131nak imha edildi\" data-image-description=\"&lt;p&gt;Siirt\u2019te k\u0131rm\u0131z\u0131 listede aranan ter\u00f6rist i\u00e7in haz\u0131rlanan s\u0131\u011f\u0131nak imha edildi&lt;\/p&gt; \" data-medium-file=\"https:\/\/i0.wp.com\/www.tvturk.com\/wp-content\/uploads\/2019\/02\/siirtte-kirmizi-listede-aranan-terorist-icin-hazirlanan-siginak-imha-edildi_17b5793.jpg?fit=281%2C300\" data-large-file=\"https:\/\/i0.wp.com\/www.tvturk.com\/wp-content\/uploads\/2019\/02\/siirtte-kirmizi-listede-aranan-terorist-icin-hazirlanan-siginak-imha-edildi_17b5793.jpg?fit=768%2C819\" src=\"https:\/\/i0.wp.com\/www.tvturk.com\/wp-content\/uploads\/2019\/02\/siirtte-kirmizi-listede-aranan-terorist-icin-hazirlanan-siginak-imha-edildi_17b5793.jpg?w=188&#038;h=200\" srcset=\"https:\/\/i0.wp.com\/www.tvturk.com\/wp-content\/uploads\/2019\/02\/siirtte-kirmizi-listede-aranan-terorist-icin-hazirlanan-siginak-imha-edildi_17b5793.jpg?w=768 768w, https:\/\/i0.wp.com\/www.tvturk.com\/wp-content\/uploads\/2019\/02\/siirtte-kirmizi-listede-aranan-terorist-icin-hazirlanan-siginak-imha-edildi_17b5793.jpg?resize=141%2C150 141w, https:\/\/i0.wp.com\/www.tvturk.com\/wp-content\/uploads\/2019\/02\/siirtte-kirmizi-listede-aranan-terorist-icin-hazirlanan-siginak-imha-edildi_17b5793.jpg?resize=281%2C300 281w\" width=\"188\" height=\"200\" loading=\"lazy\" data-original-width=\"188\" data-original-height=\"200\" itemprop=\"http:\/\/schema.org\/image\" title=\"Siirt\u2019te k\u0131rm\u0131z\u0131 listede aranan ter\u00f6rist i\u00e7in haz\u0131rlanan s\u0131\u011f\u0131nak imha edildi\" alt=\"Siirt\u2019te k\u0131rm\u0131z\u0131 listede aranan ter\u00f6rist i\u00e7in haz\u0131rlanan s\u0131\u011f\u0131nak imha edildi\" style=\"width: 188px; height: 200px;\" \/> <\/a> <\/div> <\/div> <!-- close group --> <div class=\"gallery-group images-1\" style=\"width: 154px; height: 204px;\" data-original-width=\"154\" data-original-height=\"204\" > <div class=\"tiled-gallery-item tiled-gallery-item-small\" itemprop=\"associatedMedia\" itemscope itemtype=\"http:\/\/schema.org\/ImageObject\"> <a href=\"http:\/\/www.tvturk.com\/index.php\/siirtte-kirmizi-listede-aranan-terorist-icin-hazirlanan-siginak-imha-edildi\/siirtte-kirmizi-listede-aranan-terorist-icin-hazirlanan-siginak-imha-edildi-5\/\" border=\"0\" itemprop=\"url\"> <meta itemprop=\"width\" content=\"150\"> <meta itemprop=\"height\" content=\"200\"> <img decoding=\"async\" class=\"\" data-attachment-id=\"32381\" data-orig-file=\"http:\/\/www.tvturk.com\/wp-content\/uploads\/2019\/02\/siirtte-kirmizi-listede-aranan-terorist-icin-hazirlanan-siginak-imha-edildi_93be8c7.jpg\" data-orig-size=\"750,1000\" data-comments-opened=\"\" data-image-meta=\"{&quot;aperture&quot;:&quot;0&quot;,&quot;credit&quot;:&quot;IHA&quot;,&quot;camera&quot;:&quot;&quot;,&quot;caption&quot;:&quot;S\\u0130\\u0130RT\\u2019\\u0130N PERVAR\\u0130 \\u0130L\\u00c7E KIRSALINDA D\\u00dcZENLENEN OPERASYONDA, KIRMIZI L\\u0130STEDE ARANAN B\\u0130R TER\\u00d6R\\u0130ST \\u0130\\u00c7\\u0130N HAZIRLANAN 7 ODALI 3 G\\u0130R\\u0130\\u015e \\u00c7IKI\\u015eI OLAN, 20-15 K\\u0130\\u015e\\u0130L\\u0130K SI\\u011eINAK, BARINAK \\u0130MHA ED\\u0130LD\\u0130. MEVZ\\u0130 NOKTALARINDA \\u00c7OK SAYIDA M\\u00dcH\\u0130MMAT ELE GE\\u00c7\\u0130R\\u0130LD\\u0130. (SELAM\\u0130 DEN\\u0130Z\\\/S\\u0130\\u0130RT-\\u0130HA)&quot;,&quot;created_timestamp&quot;:&quot;0&quot;,&quot;copyright&quot;:&quot;\\u0130HLAS HABER AJANSI, www.iha.com.tr&quot;,&quot;focal_length&quot;:&quot;0&quot;,&quot;iso&quot;:&quot;0&quot;,&quot;shutter_speed&quot;:&quot;0&quot;,&quot;title&quot;:&quot;S\\u0130\\u0130RT\\u0027TE KIRMIZI L\\u0130STEDE ARANAN TER\\u00d6R\\u0130ST \\u0130\\u00c7\\u0130N HAZIRLANAN SI\\u011eINAK \\u0130MHA ED\\u0130LD\\u0130&quot;,&quot;orientation&quot;:&quot;0&quot;}\" data-image-title=\"Siirt\u2019te k\u0131rm\u0131z\u0131 listede aranan ter\u00f6rist i\u00e7in haz\u0131rlanan s\u0131\u011f\u0131nak imha edildi\" data-image-description=\"&lt;p&gt;Siirt\u2019te k\u0131rm\u0131z\u0131 listede aranan ter\u00f6rist i\u00e7in haz\u0131rlanan s\u0131\u011f\u0131nak imha edildi&lt;\/p&gt; \" data-medium-file=\"https:\/\/i0.wp.com\/www.tvturk.com\/wp-content\/uploads\/2019\/02\/siirtte-kirmizi-listede-aranan-terorist-icin-hazirlanan-siginak-imha-edildi_93be8c7.jpg?fit=225%2C300\" data-large-file=\"https:\/\/i0.wp.com\/www.tvturk.com\/wp-content\/uploads\/2019\/02\/siirtte-kirmizi-listede-aranan-terorist-icin-hazirlanan-siginak-imha-edildi_93be8c7.jpg?fit=750%2C1000\" src=\"https:\/\/i0.wp.com\/www.tvturk.com\/wp-content\/uploads\/2019\/02\/siirtte-kirmizi-listede-aranan-terorist-icin-hazirlanan-siginak-imha-edildi_93be8c7.jpg?w=150&#038;h=200\" srcset=\"https:\/\/i0.wp.com\/www.tvturk.com\/wp-content\/uploads\/2019\/02\/siirtte-kirmizi-listede-aranan-terorist-icin-hazirlanan-siginak-imha-edildi_93be8c7.jpg?w=750 750w, https:\/\/i0.wp.com\/www.tvturk.com\/wp-content\/uploads\/2019\/02\/siirtte-kirmizi-listede-aranan-terorist-icin-hazirlanan-siginak-imha-edildi_93be8c7.jpg?resize=113%2C150 113w, https:\/\/i0.wp.com\/www.tvturk.com\/wp-content\/uploads\/2019\/02\/siirtte-kirmizi-listede-aranan-terorist-icin-hazirlanan-siginak-imha-edildi_93be8c7.jpg?resize=225%2C300 225w\" width=\"150\" height=\"200\" loading=\"lazy\" data-original-width=\"150\" data-original-height=\"200\" itemprop=\"http:\/\/schema.org\/image\" title=\"Siirt\u2019te k\u0131rm\u0131z\u0131 listede aranan ter\u00f6rist i\u00e7in haz\u0131rlanan s\u0131\u011f\u0131nak imha edildi\" alt=\"Siirt\u2019te k\u0131rm\u0131z\u0131 listede aranan ter\u00f6rist i\u00e7in haz\u0131rlanan s\u0131\u011f\u0131nak imha edildi\" style=\"width: 150px; height: 200px;\" \/> <\/a> <\/div> <\/div> <!-- close group --> <div class=\"gallery-group images-1\" style=\"width: 154px; height: 204px;\" data-original-width=\"154\" data-original-height=\"204\" > <div class=\"tiled-gallery-item tiled-gallery-item-small\" itemprop=\"associatedMedia\" itemscope itemtype=\"http:\/\/schema.org\/ImageObject\"> <a href=\"http:\/\/www.tvturk.com\/index.php\/siirtte-kirmizi-listede-aranan-terorist-icin-hazirlanan-siginak-imha-edildi\/siirtte-kirmizi-listede-aranan-terorist-icin-hazirlanan-siginak-imha-edildi-6\/\" border=\"0\" itemprop=\"url\"> <meta itemprop=\"width\" content=\"150\"> <meta itemprop=\"height\" content=\"200\"> <img decoding=\"async\" class=\"\" data-attachment-id=\"32382\" data-orig-file=\"http:\/\/www.tvturk.com\/wp-content\/uploads\/2019\/02\/siirtte-kirmizi-listede-aranan-terorist-icin-hazirlanan-siginak-imha-edildi_e9225fc.jpg\" data-orig-size=\"750,1000\" data-comments-opened=\"\" data-image-meta=\"{&quot;aperture&quot;:&quot;0&quot;,&quot;credit&quot;:&quot;IHA&quot;,&quot;camera&quot;:&quot;&quot;,&quot;caption&quot;:&quot;S\\u0130\\u0130RT\\u2019\\u0130N PERVAR\\u0130 \\u0130L\\u00c7E KIRSALINDA D\\u00dcZENLENEN OPERASYONDA, KIRMIZI L\\u0130STEDE ARANAN B\\u0130R TER\\u00d6R\\u0130ST \\u0130\\u00c7\\u0130N HAZIRLANAN 7 ODALI 3 G\\u0130R\\u0130\\u015e \\u00c7IKI\\u015eI OLAN, 20-15 K\\u0130\\u015e\\u0130L\\u0130K SI\\u011eINAK, BARINAK \\u0130MHA ED\\u0130LD\\u0130. MEVZ\\u0130 NOKTALARINDA \\u00c7OK SAYIDA M\\u00dcH\\u0130MMAT ELE GE\\u00c7\\u0130R\\u0130LD\\u0130. (SELAM\\u0130 DEN\\u0130Z\\\/S\\u0130\\u0130RT-\\u0130HA)&quot;,&quot;created_timestamp&quot;:&quot;0&quot;,&quot;copyright&quot;:&quot;\\u0130HLAS HABER AJANSI, www.iha.com.tr&quot;,&quot;focal_length&quot;:&quot;0&quot;,&quot;iso&quot;:&quot;0&quot;,&quot;shutter_speed&quot;:&quot;0&quot;,&quot;title&quot;:&quot;S\\u0130\\u0130RT\\u0027TE KIRMIZI L\\u0130STEDE ARANAN TER\\u00d6R\\u0130ST \\u0130\\u00c7\\u0130N HAZIRLANAN SI\\u011eINAK \\u0130MHA ED\\u0130LD\\u0130&quot;,&quot;orientation&quot;:&quot;0&quot;}\" data-image-title=\"Siirt\u2019te k\u0131rm\u0131z\u0131 listede aranan ter\u00f6rist i\u00e7in haz\u0131rlanan s\u0131\u011f\u0131nak imha edildi\" data-image-description=\"&lt;p&gt;Siirt\u2019te k\u0131rm\u0131z\u0131 listede aranan ter\u00f6rist i\u00e7in haz\u0131rlanan s\u0131\u011f\u0131nak imha edildi&lt;\/p&gt; \" data-medium-file=\"https:\/\/i0.wp.com\/www.tvturk.com\/wp-content\/uploads\/2019\/02\/siirtte-kirmizi-listede-aranan-terorist-icin-hazirlanan-siginak-imha-edildi_e9225fc.jpg?fit=225%2C300\" data-large-file=\"https:\/\/i0.wp.com\/www.tvturk.com\/wp-content\/uploads\/2019\/02\/siirtte-kirmizi-listede-aranan-terorist-icin-hazirlanan-siginak-imha-edildi_e9225fc.jpg?fit=750%2C1000\" src=\"https:\/\/i0.wp.com\/www.tvturk.com\/wp-content\/uploads\/2019\/02\/siirtte-kirmizi-listede-aranan-terorist-icin-hazirlanan-siginak-imha-edildi_e9225fc.jpg?w=150&#038;h=200\" srcset=\"https:\/\/i0.wp.com\/www.tvturk.com\/wp-content\/uploads\/2019\/02\/siirtte-kirmizi-listede-aranan-terorist-icin-hazirlanan-siginak-imha-edildi_e9225fc.jpg?w=750 750w, https:\/\/i0.wp.com\/www.tvturk.com\/wp-content\/uploads\/2019\/02\/siirtte-kirmizi-listede-aranan-terorist-icin-hazirlanan-siginak-imha-edildi_e9225fc.jpg?resize=113%2C150 113w, https:\/\/i0.wp.com\/www.tvturk.com\/wp-content\/uploads\/2019\/02\/siirtte-kirmizi-listede-aranan-terorist-icin-hazirlanan-siginak-imha-edildi_e9225fc.jpg?resize=225%2C300 225w\" width=\"150\" height=\"200\" loading=\"lazy\" data-original-width=\"150\" data-original-height=\"200\" itemprop=\"http:\/\/schema.org\/image\" title=\"Siirt\u2019te k\u0131rm\u0131z\u0131 listede aranan ter\u00f6rist i\u00e7in haz\u0131rlanan s\u0131\u011f\u0131nak imha edildi\" alt=\"Siirt\u2019te k\u0131rm\u0131z\u0131 listede aranan ter\u00f6rist i\u00e7in haz\u0131rlanan s\u0131\u011f\u0131nak imha edildi\" style=\"width: 150px; height: 200px;\" \/> <\/a> <\/div> <\/div> <!-- close group --> <\/div> <!-- close row --> <div class=\"gallery-row\" style=\"width: 500px; height: 332px;\" data-original-width=\"500\" data-original-height=\"332\" > <div class=\"gallery-group images-1\" style=\"width: 250px; height: 332px;\" data-original-width=\"250\" data-original-height=\"332\" > <div class=\"tiled-gallery-item tiled-gallery-item-small\" itemprop=\"associatedMedia\" itemscope itemtype=\"http:\/\/schema.org\/ImageObject\"> <a href=\"http:\/\/www.tvturk.com\/index.php\/siirtte-kirmizi-listede-aranan-terorist-icin-hazirlanan-siginak-imha-edildi\/siirtte-kirmizi-listede-aranan-terorist-icin-hazirlanan-siginak-imha-edildi-7\/\" border=\"0\" itemprop=\"url\"> <meta itemprop=\"width\" content=\"246\"> <meta itemprop=\"height\" content=\"328\"> <img decoding=\"async\" class=\"\" data-attachment-id=\"32383\" data-orig-file=\"http:\/\/www.tvturk.com\/wp-content\/uploads\/2019\/02\/siirtte-kirmizi-listede-aranan-terorist-icin-hazirlanan-siginak-imha-edildi_c76acbf.jpg\" data-orig-size=\"750,1000\" data-comments-opened=\"\" data-image-meta=\"{&quot;aperture&quot;:&quot;0&quot;,&quot;credit&quot;:&quot;IHA&quot;,&quot;camera&quot;:&quot;&quot;,&quot;caption&quot;:&quot;S\\u0130\\u0130RT\\u2019\\u0130N PERVAR\\u0130 \\u0130L\\u00c7E KIRSALINDA D\\u00dcZENLENEN OPERASYONDA, KIRMIZI L\\u0130STEDE ARANAN B\\u0130R TER\\u00d6R\\u0130ST \\u0130\\u00c7\\u0130N HAZIRLANAN 7 ODALI 3 G\\u0130R\\u0130\\u015e \\u00c7IKI\\u015eI OLAN, 20-15 K\\u0130\\u015e\\u0130L\\u0130K SI\\u011eINAK, BARINAK \\u0130MHA ED\\u0130LD\\u0130. MEVZ\\u0130 NOKTALARINDA \\u00c7OK SAYIDA M\\u00dcH\\u0130MMAT ELE GE\\u00c7\\u0130R\\u0130LD\\u0130. (SELAM\\u0130 DEN\\u0130Z\\\/S\\u0130\\u0130RT-\\u0130HA)&quot;,&quot;created_timestamp&quot;:&quot;0&quot;,&quot;copyright&quot;:&quot;\\u0130HLAS HABER AJANSI, www.iha.com.tr&quot;,&quot;focal_length&quot;:&quot;0&quot;,&quot;iso&quot;:&quot;0&quot;,&quot;shutter_speed&quot;:&quot;0&quot;,&quot;title&quot;:&quot;S\\u0130\\u0130RT\\u0027TE KIRMIZI L\\u0130STEDE ARANAN TER\\u00d6R\\u0130ST \\u0130\\u00c7\\u0130N HAZIRLANAN SI\\u011eINAK \\u0130MHA ED\\u0130LD\\u0130&quot;,&quot;orientation&quot;:&quot;0&quot;}\" data-image-title=\"Siirt\u2019te k\u0131rm\u0131z\u0131 listede aranan ter\u00f6rist i\u00e7in haz\u0131rlanan s\u0131\u011f\u0131nak imha edildi\" data-image-description=\"&lt;p&gt;Siirt\u2019te k\u0131rm\u0131z\u0131 listede aranan ter\u00f6rist i\u00e7in haz\u0131rlanan s\u0131\u011f\u0131nak imha edildi&lt;\/p&gt; \" data-medium-file=\"https:\/\/i0.wp.com\/www.tvturk.com\/wp-content\/uploads\/2019\/02\/siirtte-kirmizi-listede-aranan-terorist-icin-hazirlanan-siginak-imha-edildi_c76acbf.jpg?fit=225%2C300\" data-large-file=\"https:\/\/i0.wp.com\/www.tvturk.com\/wp-content\/uploads\/2019\/02\/siirtte-kirmizi-listede-aranan-terorist-icin-hazirlanan-siginak-imha-edildi_c76acbf.jpg?fit=750%2C1000\" src=\"https:\/\/i0.wp.com\/www.tvturk.com\/wp-content\/uploads\/2019\/02\/siirtte-kirmizi-listede-aranan-terorist-icin-hazirlanan-siginak-imha-edildi_c76acbf.jpg?w=246&#038;h=328\" srcset=\"https:\/\/i0.wp.com\/www.tvturk.com\/wp-content\/uploads\/2019\/02\/siirtte-kirmizi-listede-aranan-terorist-icin-hazirlanan-siginak-imha-edildi_c76acbf.jpg?w=750 750w, https:\/\/i0.wp.com\/www.tvturk.com\/wp-content\/uploads\/2019\/02\/siirtte-kirmizi-listede-aranan-terorist-icin-hazirlanan-siginak-imha-edildi_c76acbf.jpg?resize=113%2C150 113w, https:\/\/i0.wp.com\/www.tvturk.com\/wp-content\/uploads\/2019\/02\/siirtte-kirmizi-listede-aranan-terorist-icin-hazirlanan-siginak-imha-edildi_c76acbf.jpg?resize=225%2C300 225w\" width=\"246\" height=\"328\" loading=\"lazy\" data-original-width=\"246\" data-original-height=\"328\" itemprop=\"http:\/\/schema.org\/image\" title=\"Siirt\u2019te k\u0131rm\u0131z\u0131 listede aranan ter\u00f6rist i\u00e7in haz\u0131rlanan s\u0131\u011f\u0131nak imha edildi\" alt=\"Siirt\u2019te k\u0131rm\u0131z\u0131 listede aranan ter\u00f6rist i\u00e7in haz\u0131rlanan s\u0131\u011f\u0131nak imha edildi\" style=\"width: 246px; height: 328px;\" \/> <\/a> <\/div> <\/div> <!-- close group --> <div class=\"gallery-group images-1\" style=\"width: 250px; height: 332px;\" data-original-width=\"250\" data-original-height=\"332\" > <div class=\"tiled-gallery-item tiled-gallery-item-small\" itemprop=\"associatedMedia\" itemscope itemtype=\"http:\/\/schema.org\/ImageObject\"> <a href=\"http:\/\/www.tvturk.com\/index.php\/siirtte-kirmizi-listede-aranan-terorist-icin-hazirlanan-siginak-imha-edildi\/siirtte-kirmizi-listede-aranan-terorist-icin-hazirlanan-siginak-imha-edildi-8\/\" border=\"0\" itemprop=\"url\"> <meta itemprop=\"width\" content=\"246\"> <meta itemprop=\"height\" content=\"328\"> <img decoding=\"async\" class=\"\" data-attachment-id=\"32384\" data-orig-file=\"http:\/\/www.tvturk.com\/wp-content\/uploads\/2019\/02\/siirtte-kirmizi-listede-aranan-terorist-icin-hazirlanan-siginak-imha-edildi_91a404d.jpg\" data-orig-size=\"750,1000\" data-comments-opened=\"\" data-image-meta=\"{&quot;aperture&quot;:&quot;0&quot;,&quot;credit&quot;:&quot;IHA&quot;,&quot;camera&quot;:&quot;&quot;,&quot;caption&quot;:&quot;S\\u0130\\u0130RT\\u2019\\u0130N PERVAR\\u0130 \\u0130L\\u00c7E KIRSALINDA D\\u00dcZENLENEN OPERASYONDA, KIRMIZI L\\u0130STEDE ARANAN B\\u0130R TER\\u00d6R\\u0130ST \\u0130\\u00c7\\u0130N HAZIRLANAN 7 ODALI 3 G\\u0130R\\u0130\\u015e \\u00c7IKI\\u015eI OLAN, 20-15 K\\u0130\\u015e\\u0130L\\u0130K SI\\u011eINAK, BARINAK \\u0130MHA ED\\u0130LD\\u0130. MEVZ\\u0130 NOKTALARINDA \\u00c7OK SAYIDA M\\u00dcH\\u0130MMAT ELE GE\\u00c7\\u0130R\\u0130LD\\u0130. (SELAM\\u0130 DEN\\u0130Z\\\/S\\u0130\\u0130RT-\\u0130HA)&quot;,&quot;created_timestamp&quot;:&quot;0&quot;,&quot;copyright&quot;:&quot;\\u0130HLAS HABER AJANSI, www.iha.com.tr&quot;,&quot;focal_length&quot;:&quot;0&quot;,&quot;iso&quot;:&quot;0&quot;,&quot;shutter_speed&quot;:&quot;0&quot;,&quot;title&quot;:&quot;S\\u0130\\u0130RT\\u0027TE KIRMIZI L\\u0130STEDE ARANAN TER\\u00d6R\\u0130ST \\u0130\\u00c7\\u0130N HAZIRLANAN SI\\u011eINAK \\u0130MHA ED\\u0130LD\\u0130&quot;,&quot;orientation&quot;:&quot;0&quot;}\" data-image-title=\"Siirt\u2019te k\u0131rm\u0131z\u0131 listede aranan ter\u00f6rist i\u00e7in haz\u0131rlanan s\u0131\u011f\u0131nak imha edildi\" data-image-description=\"&lt;p&gt;Siirt\u2019te k\u0131rm\u0131z\u0131 listede aranan ter\u00f6rist i\u00e7in haz\u0131rlanan s\u0131\u011f\u0131nak imha edildi&lt;\/p&gt; \" data-medium-file=\"https:\/\/i0.wp.com\/www.tvturk.com\/wp-content\/uploads\/2019\/02\/siirtte-kirmizi-listede-aranan-terorist-icin-hazirlanan-siginak-imha-edildi_91a404d.jpg?fit=225%2C300\" data-large-file=\"https:\/\/i0.wp.com\/www.tvturk.com\/wp-content\/uploads\/2019\/02\/siirtte-kirmizi-listede-aranan-terorist-icin-hazirlanan-siginak-imha-edildi_91a404d.jpg?fit=750%2C1000\" src=\"https:\/\/i0.wp.com\/www.tvturk.com\/wp-content\/uploads\/2019\/02\/siirtte-kirmizi-listede-aranan-terorist-icin-hazirlanan-siginak-imha-edildi_91a404d.jpg?w=246&#038;h=328\" srcset=\"https:\/\/i0.wp.com\/www.tvturk.com\/wp-content\/uploads\/2019\/02\/siirtte-kirmizi-listede-aranan-terorist-icin-hazirlanan-siginak-imha-edildi_91a404d.jpg?w=750 750w, https:\/\/i0.wp.com\/www.tvturk.com\/wp-content\/uploads\/2019\/02\/siirtte-kirmizi-listede-aranan-terorist-icin-hazirlanan-siginak-imha-edildi_91a404d.jpg?resize=113%2C150 113w, https:\/\/i0.wp.com\/www.tvturk.com\/wp-content\/uploads\/2019\/02\/siirtte-kirmizi-listede-aranan-terorist-icin-hazirlanan-siginak-imha-edildi_91a404d.jpg?resize=225%2C300 225w\" width=\"246\" height=\"328\" loading=\"lazy\" data-original-width=\"246\" data-original-height=\"328\" itemprop=\"http:\/\/schema.org\/image\" title=\"Siirt\u2019te k\u0131rm\u0131z\u0131 listede aranan ter\u00f6rist i\u00e7in haz\u0131rlanan s\u0131\u011f\u0131nak imha edildi\" alt=\"Siirt\u2019te k\u0131rm\u0131z\u0131 listede aranan ter\u00f6rist i\u00e7in haz\u0131rlanan s\u0131\u011f\u0131nak imha edildi\" style=\"width: 246px; height: 328px;\" \/> <\/a> <\/div> <\/div> <!-- close group --> <\/div> <!-- close row --> <\/div><\/p>\n","protected":false},"excerpt":{"rendered":"<p>S\u0130\u0130RT\u2019\u0130N PERVAR\u0130 \u0130L\u00c7E KIRSALINDA D\u00dcZENLENEN OPERASYONDA, KIRMIZI L\u0130STEDE ARANAN B\u0130R TER\u00d6R\u0130ST \u0130\u00c7\u0130N HAZIRLANAN 7 ODALI 3 G\u0130R\u0130\u015e \u00c7IKI\u015eI OLAN, 20-15 K\u0130\u015e\u0130L\u0130K SI\u011eINAK, BARINAK \u0130MHA ED\u0130LD\u0130. MEVZ\u0130 NOKTALARINDA \u00c7OK SAYIDA M\u00dcH\u0130MMAT ELE GE\u00c7\u0130R\u0130LD\u0130.<\/p>\n","protected":false},"author":1,"featured_media":32378,"comment_status":"closed","ping_status":"open","sticky":false,"template":"","format":"standard","meta":{"jetpack_post_was_ever_published":false,"_jetpack_newsletter_access":"","_jetpack_dont_email_post_to_subs":false,"_jetpack_newsletter_tier_id":0,"_jetpack_memberships_contains_paywalled_content":false,"_jetpack_memberships_contains_paid_content":false,"footnotes":"","jetpack_publicize_message":"","jetpack_publicize_feature_enabled":true,"jetpack_social_post_already_shared":false,"jetpack_social_options":{"image_generator_settings":{"template":"highway","default_image_id":0,"font":"","enabled":false},"version":2}},"categories":[655],"tags":[1861,857,9313,44,1217,6955,12615,890,1216,6958],"class_list":["post-32377","post","type-post","status-publish","format-standard","has-post-thumbnail","hentry","category-son-dakika","tag-aranan","tag-edildi","tag-hazirlanan","tag-icin","tag-imha","tag-kirmizi","tag-listede","tag-siirtte","tag-siginak","tag-terorist"],"jetpack_publicize_connections":[],"jetpack_featured_media_url":"https:\/\/i0.wp.com\/www.tvturk.com\/wp-content\/uploads\/2019\/02\/siirtte-kirmizi-listede-aranan-terorist-icin-hazirlanan-siginak-imha-edildi_d2983c8.jpg?fit=1000%2C750","jetpack_sharing_enabled":true,"jetpack_shortlink":"https:\/\/wp.me\/paKIfm-8qd","_links":{"self":[{"href":"http:\/\/www.tvturk.com\/index.php\/wp-json\/wp\/v2\/posts\/32377","targetHints":{"allow":["GET"]}}],"collection":[{"href":"http:\/\/www.tvturk.com\/index.php\/wp-json\/wp\/v2\/posts"}],"about":[{"href":"http:\/\/www.tvturk.com\/index.php\/wp-json\/wp\/v2\/types\/post"}],"author":[{"embeddable":true,"href":"http:\/\/www.tvturk.com\/index.php\/wp-json\/wp\/v2\/users\/1"}],"replies":[{"embeddable":true,"href":"http:\/\/www.tvturk.com\/index.php\/wp-json\/wp\/v2\/comments?post=32377"}],"version-history":[{"count":1,"href":"http:\/\/www.tvturk.com\/index.php\/wp-json\/wp\/v2\/posts\/32377\/revisions"}],"predecessor-version":[{"id":32385,"href":"http:\/\/www.tvturk.com\/index.php\/wp-json\/wp\/v2\/posts\/32377\/revisions\/32385"}],"wp:featuredmedia":[{"embeddable":true,"href":"http:\/\/www.tvturk.com\/index.php\/wp-json\/wp\/v2\/media\/32378"}],"wp:attachment":[{"href":"http:\/\/www.tvturk.com\/index.php\/wp-json\/wp\/v2\/media?parent=32377"}],"wp:term":[{"taxonomy":"category","embeddable":true,"href":"http:\/\/www.tvturk.com\/index.php\/wp-json\/wp\/v2\/categories?post=32377"},{"taxonomy":"post_tag","embeddable":true,"href":"http:\/\/www.tvturk.com\/index.php\/wp-json\/wp\/v2\/tags?post=32377"}],"curies":[{"name":"wp","href":"https:\/\/api.w.org\/{rel}","templated":true}]}}