{"id":32461,"date":"2019-02-14T15:01:10","date_gmt":"2019-02-14T12:01:10","guid":{"rendered":"http:\/\/www.tvturk.com\/index.php\/hatayda-korkutan-ev-yangini\/"},"modified":"2019-02-14T15:01:14","modified_gmt":"2019-02-14T12:01:14","slug":"hatayda-korkutan-ev-yangini","status":"publish","type":"post","link":"http:\/\/www.tvturk.com\/index.php\/hatayda-korkutan-ev-yangini\/","title":{"rendered":"Hatay\u2019da korkutan ev yang\u0131n\u0131"},"content":{"rendered":"<p>Hatay\u2019da, bir binan\u0131n son kat\u0131nda bulunan dairede sobadan \u00e7\u0131kan k\u0131v\u0131lc\u0131mlar yang\u0131na neden oldu. Yang\u0131n sonras\u0131 daire kullan\u0131lamaz hale geldi.<\/p>\n<p>Olay, Defne il\u00e7esi S\u00fcmerler Mahallesi\u2019nde meydana geldi. Sobadan \u00e7\u0131kan k\u0131v\u0131lc\u0131mlar sonucu \u00e7\u0131kan yang\u0131n sonras\u0131 itfaiye ekipleri alarma ge\u00e7ti. Alevlerin y\u00fckseldi\u011fi dairede yang\u0131n\u0131n di\u011fer di\u011fer katlara s\u0131\u00e7ramamas\u0131 i\u00e7in itfaiye ekipleri uzun s\u00fcre m\u00fcdahalede bulundu. Daire i\u00e7inden ve bina d\u0131\u015f\u0131ndan yap\u0131lan m\u00fcdahalenin ard\u0131ndan yang\u0131n s\u00f6nd\u00fcr\u00fcl\u00fcrken, daire kullan\u0131lamaz hale geldi.<\/p>\n<p>Yang\u0131nla ilgili soru\u015fturma ba\u015flat\u0131ld\u0131.<div class=\"tiled-gallery type-rectangular tiled-gallery-unresized\" data-original-width=\"500\" data-carousel-extra='null' itemscope itemtype=\"http:\/\/schema.org\/ImageGallery\" > <div class=\"gallery-row\" style=\"width: 500px; height: 224px;\" data-original-width=\"500\" data-original-height=\"224\" > <div class=\"gallery-group images-1\" style=\"width: 334px; height: 224px;\" data-original-width=\"334\" data-original-height=\"224\" > <div class=\"tiled-gallery-item tiled-gallery-item-large\" itemprop=\"associatedMedia\" itemscope itemtype=\"http:\/\/schema.org\/ImageObject\"> <a href=\"http:\/\/www.tvturk.com\/index.php\/hatayda-korkutan-ev-yangini\/hatayda-korkutan-ev-yangini-3\/\" border=\"0\" itemprop=\"url\"> <meta itemprop=\"width\" content=\"330\"> <meta itemprop=\"height\" content=\"220\"> <img decoding=\"async\" class=\"\" data-attachment-id=\"32463\" data-orig-file=\"http:\/\/www.tvturk.com\/wp-content\/uploads\/2019\/02\/hatayda-korkutan-ev-yangini_2a253d1.jpg\" data-orig-size=\"1000,666\" data-comments-opened=\"\" data-image-meta=\"{&quot;aperture&quot;:&quot;0&quot;,&quot;credit&quot;:&quot;IHA&quot;,&quot;camera&quot;:&quot;&quot;,&quot;caption&quot;:&quot;HATAY\\u2019DA, B\\u0130R B\\u0130NANIN SON KATINDA BULUNAN DA\\u0130REDE SOBADAN \\u00c7IKAN KIVILCIMLAR YANGINA NEDEN OLDU. YANGIN SONRASI DA\\u0130RE KULLANILAMAZ HALE GELD\\u0130. (G\\u00d6KHAN AKLAN - MEHMET BAYRAK\\\/HATAY-\\u0130HA)&quot;,&quot;created_timestamp&quot;:&quot;0&quot;,&quot;copyright&quot;:&quot;\\u0130HLAS HABER AJANSI, www.iha.com.tr&quot;,&quot;focal_length&quot;:&quot;0&quot;,&quot;iso&quot;:&quot;0&quot;,&quot;shutter_speed&quot;:&quot;0&quot;,&quot;title&quot;:&quot;HATAY\\u2019DA KORKUTAN EV YANGINI SOBADAN \\u00c7IKAN KIVILCIMLAR YANGINA NEDEN OLDU&quot;,&quot;orientation&quot;:&quot;0&quot;}\" data-image-title=\"Hatay\u2019da korkutan ev yang\u0131n\u0131\" data-image-description=\"&lt;p&gt;Hatay\u2019da korkutan ev yang\u0131n\u0131&lt;\/p&gt; \" data-medium-file=\"https:\/\/i0.wp.com\/www.tvturk.com\/wp-content\/uploads\/2019\/02\/hatayda-korkutan-ev-yangini_2a253d1.jpg?fit=300%2C200\" data-large-file=\"https:\/\/i0.wp.com\/www.tvturk.com\/wp-content\/uploads\/2019\/02\/hatayda-korkutan-ev-yangini_2a253d1.jpg?fit=1000%2C666\" src=\"https:\/\/i0.wp.com\/www.tvturk.com\/wp-content\/uploads\/2019\/02\/hatayda-korkutan-ev-yangini_2a253d1.jpg?w=330&#038;h=220\" srcset=\"https:\/\/i0.wp.com\/www.tvturk.com\/wp-content\/uploads\/2019\/02\/hatayda-korkutan-ev-yangini_2a253d1.jpg?w=1000 1000w, https:\/\/i0.wp.com\/www.tvturk.com\/wp-content\/uploads\/2019\/02\/hatayda-korkutan-ev-yangini_2a253d1.jpg?resize=150%2C100 150w, https:\/\/i0.wp.com\/www.tvturk.com\/wp-content\/uploads\/2019\/02\/hatayda-korkutan-ev-yangini_2a253d1.jpg?resize=300%2C200 300w, https:\/\/i0.wp.com\/www.tvturk.com\/wp-content\/uploads\/2019\/02\/hatayda-korkutan-ev-yangini_2a253d1.jpg?resize=768%2C511 768w, https:\/\/i0.wp.com\/www.tvturk.com\/wp-content\/uploads\/2019\/02\/hatayda-korkutan-ev-yangini_2a253d1.jpg?resize=170%2C113 170w, https:\/\/i0.wp.com\/www.tvturk.com\/wp-content\/uploads\/2019\/02\/hatayda-korkutan-ev-yangini_2a253d1.jpg?resize=120%2C80 120w\" width=\"330\" height=\"220\" loading=\"lazy\" data-original-width=\"330\" data-original-height=\"220\" itemprop=\"http:\/\/schema.org\/image\" title=\"Hatay\u2019da korkutan ev yang\u0131n\u0131\" alt=\"Hatay\u2019da korkutan ev yang\u0131n\u0131\" style=\"width: 330px; height: 220px;\" \/> <\/a> <\/div> <\/div> <!-- close group --> <div class=\"gallery-group images-2\" style=\"width: 166px; height: 224px;\" data-original-width=\"166\" data-original-height=\"224\" > <div class=\"tiled-gallery-item tiled-gallery-item-small\" itemprop=\"associatedMedia\" itemscope itemtype=\"http:\/\/schema.org\/ImageObject\"> <a href=\"http:\/\/www.tvturk.com\/index.php\/hatayda-korkutan-ev-yangini\/hatayda-korkutan-ev-yangini-4\/\" border=\"0\" itemprop=\"url\"> <meta itemprop=\"width\" content=\"162\"> <meta itemprop=\"height\" content=\"108\"> <img decoding=\"async\" class=\"\" data-attachment-id=\"32464\" data-orig-file=\"http:\/\/www.tvturk.com\/wp-content\/uploads\/2019\/02\/hatayda-korkutan-ev-yangini_8e9ae2d.jpg\" data-orig-size=\"1000,666\" data-comments-opened=\"\" data-image-meta=\"{&quot;aperture&quot;:&quot;0&quot;,&quot;credit&quot;:&quot;IHA&quot;,&quot;camera&quot;:&quot;&quot;,&quot;caption&quot;:&quot;HATAY\\u2019DA, B\\u0130R B\\u0130NANIN SON KATINDA BULUNAN DA\\u0130REDE SOBADAN \\u00c7IKAN KIVILCIMLAR YANGINA NEDEN OLDU. YANGIN SONRASI DA\\u0130RE KULLANILAMAZ HALE GELD\\u0130. (G\\u00d6KHAN AKLAN - MEHMET BAYRAK\\\/HATAY-\\u0130HA)&quot;,&quot;created_timestamp&quot;:&quot;0&quot;,&quot;copyright&quot;:&quot;\\u0130HLAS HABER AJANSI, www.iha.com.tr&quot;,&quot;focal_length&quot;:&quot;0&quot;,&quot;iso&quot;:&quot;0&quot;,&quot;shutter_speed&quot;:&quot;0&quot;,&quot;title&quot;:&quot;HATAY\\u2019DA KORKUTAN EV YANGINI SOBADAN \\u00c7IKAN KIVILCIMLAR YANGINA NEDEN OLDU&quot;,&quot;orientation&quot;:&quot;0&quot;}\" data-image-title=\"Hatay\u2019da korkutan ev yang\u0131n\u0131\" data-image-description=\"&lt;p&gt;Hatay\u2019da korkutan ev yang\u0131n\u0131&lt;\/p&gt; \" data-medium-file=\"https:\/\/i0.wp.com\/www.tvturk.com\/wp-content\/uploads\/2019\/02\/hatayda-korkutan-ev-yangini_8e9ae2d.jpg?fit=300%2C200\" data-large-file=\"https:\/\/i0.wp.com\/www.tvturk.com\/wp-content\/uploads\/2019\/02\/hatayda-korkutan-ev-yangini_8e9ae2d.jpg?fit=1000%2C666\" src=\"https:\/\/i0.wp.com\/www.tvturk.com\/wp-content\/uploads\/2019\/02\/hatayda-korkutan-ev-yangini_8e9ae2d.jpg?w=162&#038;h=108\" srcset=\"https:\/\/i0.wp.com\/www.tvturk.com\/wp-content\/uploads\/2019\/02\/hatayda-korkutan-ev-yangini_8e9ae2d.jpg?w=1000 1000w, https:\/\/i0.wp.com\/www.tvturk.com\/wp-content\/uploads\/2019\/02\/hatayda-korkutan-ev-yangini_8e9ae2d.jpg?resize=150%2C100 150w, https:\/\/i0.wp.com\/www.tvturk.com\/wp-content\/uploads\/2019\/02\/hatayda-korkutan-ev-yangini_8e9ae2d.jpg?resize=300%2C200 300w, https:\/\/i0.wp.com\/www.tvturk.com\/wp-content\/uploads\/2019\/02\/hatayda-korkutan-ev-yangini_8e9ae2d.jpg?resize=768%2C511 768w, https:\/\/i0.wp.com\/www.tvturk.com\/wp-content\/uploads\/2019\/02\/hatayda-korkutan-ev-yangini_8e9ae2d.jpg?resize=170%2C113 170w, https:\/\/i0.wp.com\/www.tvturk.com\/wp-content\/uploads\/2019\/02\/hatayda-korkutan-ev-yangini_8e9ae2d.jpg?resize=120%2C80 120w\" width=\"162\" height=\"108\" loading=\"lazy\" data-original-width=\"162\" data-original-height=\"108\" itemprop=\"http:\/\/schema.org\/image\" title=\"Hatay\u2019da korkutan ev yang\u0131n\u0131\" alt=\"Hatay\u2019da korkutan ev yang\u0131n\u0131\" style=\"width: 162px; height: 108px;\" \/> <\/a> <\/div> <div class=\"tiled-gallery-item tiled-gallery-item-small\" itemprop=\"associatedMedia\" itemscope itemtype=\"http:\/\/schema.org\/ImageObject\"> <a href=\"http:\/\/www.tvturk.com\/index.php\/hatayda-korkutan-ev-yangini\/hatayda-korkutan-ev-yangini-5\/\" border=\"0\" itemprop=\"url\"> <meta itemprop=\"width\" content=\"162\"> <meta itemprop=\"height\" content=\"108\"> <img decoding=\"async\" class=\"\" data-attachment-id=\"32465\" data-orig-file=\"http:\/\/www.tvturk.com\/wp-content\/uploads\/2019\/02\/hatayda-korkutan-ev-yangini_e4c1d7c.jpg\" data-orig-size=\"1000,666\" data-comments-opened=\"\" data-image-meta=\"{&quot;aperture&quot;:&quot;0&quot;,&quot;credit&quot;:&quot;IHA&quot;,&quot;camera&quot;:&quot;&quot;,&quot;caption&quot;:&quot;HATAY\\u2019DA, B\\u0130R B\\u0130NANIN SON KATINDA BULUNAN DA\\u0130REDE SOBADAN \\u00c7IKAN KIVILCIMLAR YANGINA NEDEN OLDU. YANGIN SONRASI DA\\u0130RE KULLANILAMAZ HALE GELD\\u0130. (G\\u00d6KHAN AKLAN - MEHMET BAYRAK\\\/HATAY-\\u0130HA)&quot;,&quot;created_timestamp&quot;:&quot;0&quot;,&quot;copyright&quot;:&quot;\\u0130HLAS HABER AJANSI, www.iha.com.tr&quot;,&quot;focal_length&quot;:&quot;0&quot;,&quot;iso&quot;:&quot;0&quot;,&quot;shutter_speed&quot;:&quot;0&quot;,&quot;title&quot;:&quot;HATAY\\u2019DA KORKUTAN EV YANGINI SOBADAN \\u00c7IKAN KIVILCIMLAR YANGINA NEDEN OLDU&quot;,&quot;orientation&quot;:&quot;0&quot;}\" data-image-title=\"Hatay\u2019da korkutan ev yang\u0131n\u0131\" data-image-description=\"&lt;p&gt;Hatay\u2019da korkutan ev yang\u0131n\u0131&lt;\/p&gt; \" data-medium-file=\"https:\/\/i0.wp.com\/www.tvturk.com\/wp-content\/uploads\/2019\/02\/hatayda-korkutan-ev-yangini_e4c1d7c.jpg?fit=300%2C200\" data-large-file=\"https:\/\/i0.wp.com\/www.tvturk.com\/wp-content\/uploads\/2019\/02\/hatayda-korkutan-ev-yangini_e4c1d7c.jpg?fit=1000%2C666\" src=\"https:\/\/i0.wp.com\/www.tvturk.com\/wp-content\/uploads\/2019\/02\/hatayda-korkutan-ev-yangini_e4c1d7c.jpg?w=162&#038;h=108\" srcset=\"https:\/\/i0.wp.com\/www.tvturk.com\/wp-content\/uploads\/2019\/02\/hatayda-korkutan-ev-yangini_e4c1d7c.jpg?w=1000 1000w, https:\/\/i0.wp.com\/www.tvturk.com\/wp-content\/uploads\/2019\/02\/hatayda-korkutan-ev-yangini_e4c1d7c.jpg?resize=150%2C100 150w, https:\/\/i0.wp.com\/www.tvturk.com\/wp-content\/uploads\/2019\/02\/hatayda-korkutan-ev-yangini_e4c1d7c.jpg?resize=300%2C200 300w, https:\/\/i0.wp.com\/www.tvturk.com\/wp-content\/uploads\/2019\/02\/hatayda-korkutan-ev-yangini_e4c1d7c.jpg?resize=768%2C511 768w, https:\/\/i0.wp.com\/www.tvturk.com\/wp-content\/uploads\/2019\/02\/hatayda-korkutan-ev-yangini_e4c1d7c.jpg?resize=170%2C113 170w, https:\/\/i0.wp.com\/www.tvturk.com\/wp-content\/uploads\/2019\/02\/hatayda-korkutan-ev-yangini_e4c1d7c.jpg?resize=120%2C80 120w\" width=\"162\" height=\"108\" loading=\"lazy\" data-original-width=\"162\" data-original-height=\"108\" itemprop=\"http:\/\/schema.org\/image\" title=\"Hatay\u2019da korkutan ev yang\u0131n\u0131\" alt=\"Hatay\u2019da korkutan ev yang\u0131n\u0131\" style=\"width: 162px; height: 108px;\" \/> <\/a> <\/div> <\/div> <!-- close group --> <\/div> <!-- close row --> <div class=\"gallery-row\" style=\"width: 500px; height: 218px;\" data-original-width=\"500\" data-original-height=\"218\" > <div class=\"gallery-group images-1\" style=\"width: 325px; height: 218px;\" data-original-width=\"325\" data-original-height=\"218\" > <div class=\"tiled-gallery-item tiled-gallery-item-large\" itemprop=\"associatedMedia\" itemscope itemtype=\"http:\/\/schema.org\/ImageObject\"> <a href=\"http:\/\/www.tvturk.com\/index.php\/hatayda-korkutan-ev-yangini\/hatayda-korkutan-ev-yangini-6\/\" border=\"0\" itemprop=\"url\"> <meta itemprop=\"width\" content=\"321\"> <meta itemprop=\"height\" content=\"214\"> <img decoding=\"async\" class=\"\" data-attachment-id=\"32466\" data-orig-file=\"http:\/\/www.tvturk.com\/wp-content\/uploads\/2019\/02\/hatayda-korkutan-ev-yangini_9fca60b.jpg\" data-orig-size=\"1000,666\" data-comments-opened=\"\" data-image-meta=\"{&quot;aperture&quot;:&quot;0&quot;,&quot;credit&quot;:&quot;IHA&quot;,&quot;camera&quot;:&quot;&quot;,&quot;caption&quot;:&quot;HATAY\\u2019DA, B\\u0130R B\\u0130NANIN SON KATINDA BULUNAN DA\\u0130REDE SOBADAN \\u00c7IKAN KIVILCIMLAR YANGINA NEDEN OLDU. YANGIN SONRASI DA\\u0130RE KULLANILAMAZ HALE GELD\\u0130. (G\\u00d6KHAN AKLAN - MEHMET BAYRAK\\\/HATAY-\\u0130HA)&quot;,&quot;created_timestamp&quot;:&quot;0&quot;,&quot;copyright&quot;:&quot;\\u0130HLAS HABER AJANSI, www.iha.com.tr&quot;,&quot;focal_length&quot;:&quot;0&quot;,&quot;iso&quot;:&quot;0&quot;,&quot;shutter_speed&quot;:&quot;0&quot;,&quot;title&quot;:&quot;HATAY\\u2019DA KORKUTAN EV YANGINI SOBADAN \\u00c7IKAN KIVILCIMLAR YANGINA NEDEN OLDU&quot;,&quot;orientation&quot;:&quot;0&quot;}\" data-image-title=\"Hatay\u2019da korkutan ev yang\u0131n\u0131\" data-image-description=\"&lt;p&gt;Hatay\u2019da korkutan ev yang\u0131n\u0131&lt;\/p&gt; \" data-medium-file=\"https:\/\/i0.wp.com\/www.tvturk.com\/wp-content\/uploads\/2019\/02\/hatayda-korkutan-ev-yangini_9fca60b.jpg?fit=300%2C200\" data-large-file=\"https:\/\/i0.wp.com\/www.tvturk.com\/wp-content\/uploads\/2019\/02\/hatayda-korkutan-ev-yangini_9fca60b.jpg?fit=1000%2C666\" src=\"https:\/\/i0.wp.com\/www.tvturk.com\/wp-content\/uploads\/2019\/02\/hatayda-korkutan-ev-yangini_9fca60b.jpg?w=321&#038;h=214\" srcset=\"https:\/\/i0.wp.com\/www.tvturk.com\/wp-content\/uploads\/2019\/02\/hatayda-korkutan-ev-yangini_9fca60b.jpg?w=1000 1000w, https:\/\/i0.wp.com\/www.tvturk.com\/wp-content\/uploads\/2019\/02\/hatayda-korkutan-ev-yangini_9fca60b.jpg?resize=150%2C100 150w, https:\/\/i0.wp.com\/www.tvturk.com\/wp-content\/uploads\/2019\/02\/hatayda-korkutan-ev-yangini_9fca60b.jpg?resize=300%2C200 300w, https:\/\/i0.wp.com\/www.tvturk.com\/wp-content\/uploads\/2019\/02\/hatayda-korkutan-ev-yangini_9fca60b.jpg?resize=768%2C511 768w, https:\/\/i0.wp.com\/www.tvturk.com\/wp-content\/uploads\/2019\/02\/hatayda-korkutan-ev-yangini_9fca60b.jpg?resize=170%2C113 170w, https:\/\/i0.wp.com\/www.tvturk.com\/wp-content\/uploads\/2019\/02\/hatayda-korkutan-ev-yangini_9fca60b.jpg?resize=120%2C80 120w\" width=\"321\" height=\"214\" loading=\"lazy\" data-original-width=\"321\" data-original-height=\"214\" itemprop=\"http:\/\/schema.org\/image\" title=\"Hatay\u2019da korkutan ev yang\u0131n\u0131\" alt=\"Hatay\u2019da korkutan ev yang\u0131n\u0131\" style=\"width: 321px; height: 214px;\" \/> <\/a> <\/div> <\/div> <!-- close group --> <div class=\"gallery-group images-1\" style=\"width: 175px; height: 218px;\" data-original-width=\"175\" data-original-height=\"218\" > <div class=\"tiled-gallery-item tiled-gallery-item-small\" itemprop=\"associatedMedia\" itemscope itemtype=\"http:\/\/schema.org\/ImageObject\"> <a href=\"http:\/\/www.tvturk.com\/index.php\/hatayda-korkutan-ev-yangini\/hatayda-korkutan-ev-yangini-7\/\" border=\"0\" itemprop=\"url\"> <meta itemprop=\"width\" content=\"171\"> <meta itemprop=\"height\" content=\"214\"> <img decoding=\"async\" class=\"\" data-attachment-id=\"32467\" data-orig-file=\"http:\/\/www.tvturk.com\/wp-content\/uploads\/2019\/02\/hatayda-korkutan-ev-yangini_ea18f00.jpg\" data-orig-size=\"612,765\" data-comments-opened=\"\" data-image-meta=\"{&quot;aperture&quot;:&quot;0&quot;,&quot;credit&quot;:&quot;IHA&quot;,&quot;camera&quot;:&quot;&quot;,&quot;caption&quot;:&quot;HATAY\\u2019DA, B\\u0130R B\\u0130NANIN SON KATINDA BULUNAN DA\\u0130REDE SOBADAN \\u00c7IKAN KIVILCIMLAR YANGINA NEDEN OLDU. YANGIN SONRASI DA\\u0130RE KULLANILAMAZ HALE GELD\\u0130. (G\\u00d6KHAN AKLAN - MEHMET BAYRAK\\\/HATAY-\\u0130HA)&quot;,&quot;created_timestamp&quot;:&quot;0&quot;,&quot;copyright&quot;:&quot;\\u0130HLAS HABER AJANSI, www.iha.com.tr&quot;,&quot;focal_length&quot;:&quot;0&quot;,&quot;iso&quot;:&quot;0&quot;,&quot;shutter_speed&quot;:&quot;0&quot;,&quot;title&quot;:&quot;HATAY\\u2019DA KORKUTAN EV YANGINI SOBADAN \\u00c7IKAN KIVILCIMLAR YANGINA NEDEN OLDU&quot;,&quot;orientation&quot;:&quot;0&quot;}\" data-image-title=\"Hatay\u2019da korkutan ev yang\u0131n\u0131\" data-image-description=\"&lt;p&gt;Hatay\u2019da korkutan ev yang\u0131n\u0131&lt;\/p&gt; \" data-medium-file=\"https:\/\/i0.wp.com\/www.tvturk.com\/wp-content\/uploads\/2019\/02\/hatayda-korkutan-ev-yangini_ea18f00.jpg?fit=240%2C300\" data-large-file=\"https:\/\/i0.wp.com\/www.tvturk.com\/wp-content\/uploads\/2019\/02\/hatayda-korkutan-ev-yangini_ea18f00.jpg?fit=612%2C765\" src=\"https:\/\/i0.wp.com\/www.tvturk.com\/wp-content\/uploads\/2019\/02\/hatayda-korkutan-ev-yangini_ea18f00.jpg?w=171&#038;h=214\" srcset=\"https:\/\/i0.wp.com\/www.tvturk.com\/wp-content\/uploads\/2019\/02\/hatayda-korkutan-ev-yangini_ea18f00.jpg?w=612 612w, https:\/\/i0.wp.com\/www.tvturk.com\/wp-content\/uploads\/2019\/02\/hatayda-korkutan-ev-yangini_ea18f00.jpg?resize=120%2C150 120w, https:\/\/i0.wp.com\/www.tvturk.com\/wp-content\/uploads\/2019\/02\/hatayda-korkutan-ev-yangini_ea18f00.jpg?resize=240%2C300 240w\" width=\"171\" height=\"214\" loading=\"lazy\" data-original-width=\"171\" data-original-height=\"214\" itemprop=\"http:\/\/schema.org\/image\" title=\"Hatay\u2019da korkutan ev yang\u0131n\u0131\" alt=\"Hatay\u2019da korkutan ev yang\u0131n\u0131\" style=\"width: 171px; height: 214px;\" \/> <\/a> <\/div> <\/div> <!-- close group --> <\/div> <!-- close row --> <\/div><\/p>\n","protected":false},"excerpt":{"rendered":"<p>HATAY\u2019DA, B\u0130R B\u0130NANIN SON KATINDA BULUNAN DA\u0130REDE SOBADAN \u00c7IKAN KIVILCIMLAR YANGINA NEDEN OLDU. YANGIN SONRASI DA\u0130RE KULLANILAMAZ HALE GELD\u0130.<\/p>\n","protected":false},"author":1,"featured_media":32462,"comment_status":"closed","ping_status":"open","sticky":false,"template":"","format":"standard","meta":{"jetpack_post_was_ever_published":false,"_jetpack_newsletter_access":"","_jetpack_dont_email_post_to_subs":false,"_jetpack_newsletter_tier_id":0,"_jetpack_memberships_contains_paywalled_content":false,"_jetpack_memberships_contains_paid_content":false,"footnotes":"","jetpack_publicize_message":"","jetpack_publicize_feature_enabled":true,"jetpack_social_post_already_shared":false,"jetpack_social_options":{"image_generator_settings":{"template":"highway","default_image_id":0,"font":"","enabled":false},"version":2}},"categories":[655],"tags":[1285,3560,2115],"class_list":["post-32461","post","type-post","status-publish","format-standard","has-post-thumbnail","hentry","category-son-dakika","tag-hatayda","tag-korkutan","tag-yangini"],"jetpack_publicize_connections":[],"jetpack_featured_media_url":"https:\/\/i0.wp.com\/www.tvturk.com\/wp-content\/uploads\/2019\/02\/hatayda-korkutan-ev-yangini_972dce6.jpg?fit=1000%2C666","jetpack_sharing_enabled":true,"jetpack_shortlink":"https:\/\/wp.me\/paKIfm-8rz","_links":{"self":[{"href":"http:\/\/www.tvturk.com\/index.php\/wp-json\/wp\/v2\/posts\/32461","targetHints":{"allow":["GET"]}}],"collection":[{"href":"http:\/\/www.tvturk.com\/index.php\/wp-json\/wp\/v2\/posts"}],"about":[{"href":"http:\/\/www.tvturk.com\/index.php\/wp-json\/wp\/v2\/types\/post"}],"author":[{"embeddable":true,"href":"http:\/\/www.tvturk.com\/index.php\/wp-json\/wp\/v2\/users\/1"}],"replies":[{"embeddable":true,"href":"http:\/\/www.tvturk.com\/index.php\/wp-json\/wp\/v2\/comments?post=32461"}],"version-history":[{"count":1,"href":"http:\/\/www.tvturk.com\/index.php\/wp-json\/wp\/v2\/posts\/32461\/revisions"}],"predecessor-version":[{"id":32468,"href":"http:\/\/www.tvturk.com\/index.php\/wp-json\/wp\/v2\/posts\/32461\/revisions\/32468"}],"wp:featuredmedia":[{"embeddable":true,"href":"http:\/\/www.tvturk.com\/index.php\/wp-json\/wp\/v2\/media\/32462"}],"wp:attachment":[{"href":"http:\/\/www.tvturk.com\/index.php\/wp-json\/wp\/v2\/media?parent=32461"}],"wp:term":[{"taxonomy":"category","embeddable":true,"href":"http:\/\/www.tvturk.com\/index.php\/wp-json\/wp\/v2\/categories?post=32461"},{"taxonomy":"post_tag","embeddable":true,"href":"http:\/\/www.tvturk.com\/index.php\/wp-json\/wp\/v2\/tags?post=32461"}],"curies":[{"name":"wp","href":"https:\/\/api.w.org\/{rel}","templated":true}]}}