{"id":32650,"date":"2019-02-14T15:31:22","date_gmt":"2019-02-14T12:31:22","guid":{"rendered":"http:\/\/www.tvturk.com\/index.php\/valiye-yazdigi-mektup-hayatini-degistirdi\/"},"modified":"2019-02-14T15:31:26","modified_gmt":"2019-02-14T12:31:26","slug":"valiye-yazdigi-mektup-hayatini-degistirdi","status":"publish","type":"post","link":"http:\/\/www.tvturk.com\/index.php\/valiye-yazdigi-mektup-hayatini-degistirdi\/","title":{"rendered":"Valiye yazd\u0131\u011f\u0131 mektup hayat\u0131n\u0131 de\u011fi\u015ftirdi"},"content":{"rendered":"<p>Bursa\u2019da 2011 y\u0131l\u0131nda ge\u00e7irdi\u011fi trafik kazas\u0131 sonucu kalbi duran ve v\u00fccudunun \u00e7e\u015fitli yerlerinden a\u011f\u0131r yaralanan Akif Uyar, Vali M\u00fcnir Karalo\u011flu\u2019nun deste\u011fiyle sa\u011fl\u0131\u011f\u0131na kavu\u015ftu. Kazadan 7 y\u0131l sonra Vali M\u00fcnir Karalo\u011flu\u2019na g\u00f6nderdi\u011fi mektupla ileti\u015fime ge\u00e7ti\u011fini belirten Uyar, &#8220;Amac\u0131m bana \u00e7arpan ve yakalan\u0131p serbest b\u0131rak\u0131lan s\u00fcr\u00fcc\u00fcn\u00fcn gerekli cezay\u0131 almas\u0131yd\u0131. Valimiz kal\u00e7am\u0131 g\u00f6r\u00fcnce kay\u0131ts\u0131z kalamad\u0131. 1 y\u0131ll\u0131k tedavinin sonunda sa\u011fl\u0131\u011f\u0131ma kavu\u015ftum&#8221; dedi.<\/p>\n<p>Bursa\u2019n\u0131n Karacabey il\u00e7esinde 2011 y\u0131l\u0131nda ge\u00e7irdi\u011fi motosiklet kazas\u0131 sebebiyle y\u00fcr\u00fcyemez hale gelen 34 ya\u015f\u0131ndaki Akif Uyar\u2019\u0131n kaza yerinde duran kalbi doktorlar taraf\u0131ndan \u00e7al\u0131\u015ft\u0131r\u0131l\u0131p halata d\u00f6nd\u00fcr\u00fcld\u00fc. Bursa Uluda\u011f \u00dcniversitesinde 3 ay yo\u011fun bak\u0131mda yatan Uyar, 6 y\u0131l i\u00e7inde kal\u00e7as\u0131ndan 7 kez ameliyat oldu. Bursa\u2019daki tedavinin ard\u0131ndan Antalya\u2019daki evine gelen ve tekerlekli sandalyeye mahkum hayat\u0131n\u0131 devam ettiren Uyar, kendisinin tekerlekli sandalyede ya\u015famas\u0131na sebep olan, ancak yakaland\u0131ktan sonra serbest b\u0131rak\u0131lan s\u00fcr\u00fcc\u00fcn\u00fcn gerekli cezay\u0131 almas\u0131 i\u00e7in 2018 y\u0131l\u0131n\u0131n Nisan ay\u0131nda Antalya Valisi M\u00fcnir Karalo\u011flu\u2019a mektup yazd\u0131. Kendisinden randevu alarak Akif Uyar\u2019la y\u00fcz y\u00fcze g\u00f6r\u00fc\u015fen Vali Karalo\u011flu, gencin doku kayb\u0131 ve yara izlerini g\u00f6r\u00fcnce Akdeniz \u00dcniversitesi T\u0131p Fak\u00fcltesi Plastik Rekonstr\u00fcktif ve Estetik Cerrahi Anabilim Dal\u0131 \u00d6\u011fretim \u00dcyesi Prof. Dr. \u00d6mer \u00d6zkan\u2019\u0131 arayarak yard\u0131mc\u0131 olmas\u0131n\u0131 istedi. 1 y\u0131ll\u0131k tedavinin sonunda sa\u011fl\u0131\u011f\u0131na kavu\u015fan Uyar aya\u011fa kalkar kalkmaz Vali Karalo\u011flu\u2019nu ziyarete gitti.<\/p>\n<p>Kaza sonras\u0131 Bursa\u2019daki tedavi tamamland\u0131ktan sonra y\u00fcr\u00fcme problemi ya\u015fad\u0131\u011f\u0131n\u0131 ve tekerlekli sandalye \u00fczerinde hayat\u0131na devam etti\u011fini s\u00f6yleyen Uyar &#8220;Dizlerimi a\u00e7mak i\u00e7in uzun s\u00fcre u\u011fra\u015ft\u0131k. 5-6 sene ge\u00e7ti destek alarak y\u00fcr\u00fcmeye \u00e7al\u0131\u015ft\u0131m. Sonras\u0131nda iki dizimden ameliyat oldum. Akdeniz \u00dcniversitesi Ortopedi Doktoru Prof. Dr. Yetkin S\u00f6y\u00fcnc\u00fc beni ameliyat etti. V\u00fccudumda tek hasarl\u0131 k\u0131s\u0131m olarak kal\u00e7am kalm\u0131\u015ft\u0131. Kal\u00e7amdaki s\u0131k\u0131nt\u0131lar\u0131 da Allah raz\u0131 olsun Say\u0131n Valimiz M\u00fcnir Karalo\u011flu\u2019nun deste\u011fi ve doktorlar\u0131m\u0131z\u0131n ba\u015far\u0131l\u0131 ameliyatlar\u0131yla atlatt\u0131m. Allah valimizden ve doktorlar\u0131m\u0131zdan raz\u0131 olsun&#8221; ifadelerini kulland\u0131.<\/p>\n<p>Annesi Emine Uyar ile makam\u0131na ziyarete geldiklerinde Akif Uyar\u2019\u0131n y\u00fcr\u00fcd\u00fc\u011f\u00fcn\u00fc g\u00f6ren Vali Karalo\u011flu \u00e7ok mutlu oldu\u011funu ifade etti. Akif ve Emine uyara ge\u00e7mi\u015f olsun dileklerini ileten Vali Karalo\u011flu, Akif Uyar\u2019a bundan sonraki hayat\u0131nda sa\u011fl\u0131k ve ba\u015far\u0131lar diledi.<\/p>\n<p>Akif Uyar\u2019a \u00e7arpan s\u00fcr\u00fcc\u00fcn\u00fcn yakaland\u0131ktan sonra ifadesinin al\u0131nd\u0131\u011f\u0131 ve serbest b\u0131rak\u0131ld\u0131\u011f\u0131 \u00f6\u011frenildi.<div class=\"tiled-gallery type-rectangular tiled-gallery-unresized\" data-original-width=\"500\" data-carousel-extra='null' itemscope itemtype=\"http:\/\/schema.org\/ImageGallery\" > <div class=\"gallery-row\" style=\"width: 500px; height: 224px;\" data-original-width=\"500\" data-original-height=\"224\" > <div class=\"gallery-group images-1\" style=\"width: 334px; height: 224px;\" data-original-width=\"334\" data-original-height=\"224\" > <div class=\"tiled-gallery-item tiled-gallery-item-large\" itemprop=\"associatedMedia\" itemscope itemtype=\"http:\/\/schema.org\/ImageObject\"> <a href=\"http:\/\/www.tvturk.com\/index.php\/valiye-yazdigi-mektup-hayatini-degistirdi\/valiye-yazdigi-mektup-hayatini-degistirdi-3\/\" border=\"0\" itemprop=\"url\"> <meta itemprop=\"width\" content=\"330\"> <meta itemprop=\"height\" content=\"220\"> <img decoding=\"async\" class=\"\" data-attachment-id=\"32652\" data-orig-file=\"http:\/\/www.tvturk.com\/wp-content\/uploads\/2019\/02\/valiye-yazdigi-mektup-hayatini-degistirdi_7349035.jpg\" data-orig-size=\"1000,666\" data-comments-opened=\"\" data-image-meta=\"{&quot;aperture&quot;:&quot;0&quot;,&quot;credit&quot;:&quot;IHA&quot;,&quot;camera&quot;:&quot;&quot;,&quot;caption&quot;:&quot;ANNES\\u0130 EM\\u0130NE UYAR \\u0130LE MAKAMINA Z\\u0130YARETE GELD\\u0130KLER\\u0130NDE AK\\u0130F UYAR\\u2019IN Y\\u00dcR\\u00dcD\\u00dc\\u011e\\u00dcN\\u00dc G\\u00d6REN VAL\\u0130 KARALO\\u011eLU \\u00c7OK MUTLU OLDU\\u011eUNU \\u0130FADE ETT\\u0130. AK\\u0130F VE EM\\u0130NE UYARA GE\\u00c7M\\u0130\\u015e OLSUN D\\u0130LEKLER\\u0130N\\u0130 \\u0130LETEN VAL\\u0130 KARALO\\u011eLU, AK\\u0130F UYAR\\u2019A BUNDAN SONRAK\\u0130 HAYATINDA SA\\u011eLIK VE BA\\u015eARILAR D\\u0130LED\\u0130. (\\u0130HA\\\/ANTALYA-\\u0130HA)&quot;,&quot;created_timestamp&quot;:&quot;0&quot;,&quot;copyright&quot;:&quot;\\u0130HLAS HABER AJANSI, www.iha.com.tr&quot;,&quot;focal_length&quot;:&quot;0&quot;,&quot;iso&quot;:&quot;0&quot;,&quot;shutter_speed&quot;:&quot;0&quot;,&quot;title&quot;:&quot;VAL\\u0130YE YAZDI\\u011eI MEKTUP HAYATINI DE\\u011e\\u0130\\u015eT\\u0130RD\\u0130 ANTALYA VAL\\u0130S\\u0130 KARALO\\u011eLU, KEND\\u0130S\\u0130NE \\u00c7ARPIP SERBEST BIRAKILAN S\\u00dcR\\u00dcC\\u00dcN\\u00dcN CEZALANDIRILMASI \\u0130\\u00c7\\u0130N MEKTUP YAZAN GENC\\u0130 TEDAV\\u0130 ETT\\u0130RD\\u0130 TEKERLEKL\\u0130 SANDALYEYE MAHKUM GEN\\u00c7 ADAM, Y\\u00dcR\\u00dcYEREK GEL\\u0130P VAL\\u0130\\u0027YE TE\\u015eEKK\\u00dcR ETT\\u0130&quot;,&quot;orientation&quot;:&quot;0&quot;}\" data-image-title=\"Valiye yazd\u0131\u011f\u0131 mektup hayat\u0131n\u0131 de\u011fi\u015ftirdi\" data-image-description=\"&lt;p&gt;Valiye yazd\u0131\u011f\u0131 mektup hayat\u0131n\u0131 de\u011fi\u015ftirdi&lt;\/p&gt; \" data-medium-file=\"https:\/\/i0.wp.com\/www.tvturk.com\/wp-content\/uploads\/2019\/02\/valiye-yazdigi-mektup-hayatini-degistirdi_7349035.jpg?fit=300%2C200\" data-large-file=\"https:\/\/i0.wp.com\/www.tvturk.com\/wp-content\/uploads\/2019\/02\/valiye-yazdigi-mektup-hayatini-degistirdi_7349035.jpg?fit=1000%2C666\" src=\"https:\/\/i0.wp.com\/www.tvturk.com\/wp-content\/uploads\/2019\/02\/valiye-yazdigi-mektup-hayatini-degistirdi_7349035.jpg?w=330&#038;h=220\" srcset=\"https:\/\/i0.wp.com\/www.tvturk.com\/wp-content\/uploads\/2019\/02\/valiye-yazdigi-mektup-hayatini-degistirdi_7349035.jpg?w=1000 1000w, https:\/\/i0.wp.com\/www.tvturk.com\/wp-content\/uploads\/2019\/02\/valiye-yazdigi-mektup-hayatini-degistirdi_7349035.jpg?resize=150%2C100 150w, https:\/\/i0.wp.com\/www.tvturk.com\/wp-content\/uploads\/2019\/02\/valiye-yazdigi-mektup-hayatini-degistirdi_7349035.jpg?resize=300%2C200 300w, https:\/\/i0.wp.com\/www.tvturk.com\/wp-content\/uploads\/2019\/02\/valiye-yazdigi-mektup-hayatini-degistirdi_7349035.jpg?resize=768%2C511 768w, https:\/\/i0.wp.com\/www.tvturk.com\/wp-content\/uploads\/2019\/02\/valiye-yazdigi-mektup-hayatini-degistirdi_7349035.jpg?resize=170%2C113 170w, https:\/\/i0.wp.com\/www.tvturk.com\/wp-content\/uploads\/2019\/02\/valiye-yazdigi-mektup-hayatini-degistirdi_7349035.jpg?resize=120%2C80 120w\" width=\"330\" height=\"220\" loading=\"lazy\" data-original-width=\"330\" data-original-height=\"220\" itemprop=\"http:\/\/schema.org\/image\" title=\"Valiye yazd\u0131\u011f\u0131 mektup hayat\u0131n\u0131 de\u011fi\u015ftirdi\" alt=\"Valiye yazd\u0131\u011f\u0131 mektup hayat\u0131n\u0131 de\u011fi\u015ftirdi\" style=\"width: 330px; height: 220px;\" \/> <\/a> <\/div> <\/div> <!-- close group --> <div class=\"gallery-group images-2\" style=\"width: 166px; height: 224px;\" data-original-width=\"166\" data-original-height=\"224\" > <div class=\"tiled-gallery-item tiled-gallery-item-small\" itemprop=\"associatedMedia\" itemscope itemtype=\"http:\/\/schema.org\/ImageObject\"> <a href=\"http:\/\/www.tvturk.com\/index.php\/valiye-yazdigi-mektup-hayatini-degistirdi\/valiye-yazdigi-mektup-hayatini-degistirdi-4\/\" border=\"0\" itemprop=\"url\"> <meta itemprop=\"width\" content=\"162\"> <meta itemprop=\"height\" content=\"108\"> <img decoding=\"async\" class=\"\" data-attachment-id=\"32653\" data-orig-file=\"http:\/\/www.tvturk.com\/wp-content\/uploads\/2019\/02\/valiye-yazdigi-mektup-hayatini-degistirdi_bc7b2c0.jpg\" data-orig-size=\"960,640\" data-comments-opened=\"\" data-image-meta=\"{&quot;aperture&quot;:&quot;0&quot;,&quot;credit&quot;:&quot;IHA&quot;,&quot;camera&quot;:&quot;&quot;,&quot;caption&quot;:&quot;KAZA SONRASI BURSA\\u0027DAK\\u0130 TEDAV\\u0130 TAMAMLANDIKTAN SONRA Y\\u00dcR\\u00dcME PROBLEM\\u0130 YA\\u015eADI\\u011eINI VE TEKERLEKL\\u0130 SANDALYE \\u00dcZER\\u0130NDE HAYATINA DEVAM ETT\\u0130\\u011e\\u0130N\\u0130 S\\u00d6YLEYEN UYAR \\u0022SAYIN VAL\\u0130M\\u0130Z M\\u00dcN\\u0130R KARALO\\u011eLU\\u2019NUN DESTE\\u011e\\u0130 VE DOKTORLARIMIZIN BA\\u015eARILI AMEL\\u0130YATLARIYLA ATLATTIM. ALLAH VAL\\u0130M\\u0130ZDEN VE DOKTORLARIMIZDAN RAZI OLSUN\\u0022 \\u0130FADELER\\u0130N\\u0130 KULLANDI. (\\u0130HA\\\/ANTALYA-\\u0130HA)&quot;,&quot;created_timestamp&quot;:&quot;1550186520&quot;,&quot;copyright&quot;:&quot;\\u0130HLAS HABER AJANSI, www.iha.com.tr&quot;,&quot;focal_length&quot;:&quot;0&quot;,&quot;iso&quot;:&quot;0&quot;,&quot;shutter_speed&quot;:&quot;0&quot;,&quot;title&quot;:&quot;VAL\\u0130YE YAZDI\\u011eI MEKTUP HAYATINI DE\\u011e\\u0130\\u015eT\\u0130RD\\u0130 ANTALYA VAL\\u0130S\\u0130 KARALO\\u011eLU, KEND\\u0130S\\u0130NE \\u00c7ARPIP SERBEST BIRAKILAN S\\u00dcR\\u00dcC\\u00dcN\\u00dcN CEZALANDIRILMASI \\u0130\\u00c7\\u0130N MEKTUP YAZAN GENC\\u0130 TEDAV\\u0130 ETT\\u0130RD\\u0130 TEKERLEKL\\u0130 SANDALYEYE MAHKUM GEN\\u00c7 ADAM, Y\\u00dcR\\u00dcYEREK GEL\\u0130P VAL\\u0130\\u0027YE TE\\u015eEKK\\u00dcR ETT\\u0130&quot;,&quot;orientation&quot;:&quot;0&quot;}\" data-image-title=\"Valiye yazd\u0131\u011f\u0131 mektup hayat\u0131n\u0131 de\u011fi\u015ftirdi\" data-image-description=\"&lt;p&gt;Valiye yazd\u0131\u011f\u0131 mektup hayat\u0131n\u0131 de\u011fi\u015ftirdi&lt;\/p&gt; \" data-medium-file=\"https:\/\/i0.wp.com\/www.tvturk.com\/wp-content\/uploads\/2019\/02\/valiye-yazdigi-mektup-hayatini-degistirdi_bc7b2c0.jpg?fit=300%2C200\" data-large-file=\"https:\/\/i0.wp.com\/www.tvturk.com\/wp-content\/uploads\/2019\/02\/valiye-yazdigi-mektup-hayatini-degistirdi_bc7b2c0.jpg?fit=960%2C640\" src=\"https:\/\/i0.wp.com\/www.tvturk.com\/wp-content\/uploads\/2019\/02\/valiye-yazdigi-mektup-hayatini-degistirdi_bc7b2c0.jpg?w=162&#038;h=108\" srcset=\"https:\/\/i0.wp.com\/www.tvturk.com\/wp-content\/uploads\/2019\/02\/valiye-yazdigi-mektup-hayatini-degistirdi_bc7b2c0.jpg?w=960 960w, https:\/\/i0.wp.com\/www.tvturk.com\/wp-content\/uploads\/2019\/02\/valiye-yazdigi-mektup-hayatini-degistirdi_bc7b2c0.jpg?resize=150%2C100 150w, https:\/\/i0.wp.com\/www.tvturk.com\/wp-content\/uploads\/2019\/02\/valiye-yazdigi-mektup-hayatini-degistirdi_bc7b2c0.jpg?resize=300%2C200 300w, https:\/\/i0.wp.com\/www.tvturk.com\/wp-content\/uploads\/2019\/02\/valiye-yazdigi-mektup-hayatini-degistirdi_bc7b2c0.jpg?resize=768%2C512 768w, https:\/\/i0.wp.com\/www.tvturk.com\/wp-content\/uploads\/2019\/02\/valiye-yazdigi-mektup-hayatini-degistirdi_bc7b2c0.jpg?resize=170%2C113 170w, https:\/\/i0.wp.com\/www.tvturk.com\/wp-content\/uploads\/2019\/02\/valiye-yazdigi-mektup-hayatini-degistirdi_bc7b2c0.jpg?resize=120%2C80 120w\" width=\"162\" height=\"108\" loading=\"lazy\" data-original-width=\"162\" data-original-height=\"108\" itemprop=\"http:\/\/schema.org\/image\" title=\"Valiye yazd\u0131\u011f\u0131 mektup hayat\u0131n\u0131 de\u011fi\u015ftirdi\" alt=\"Valiye yazd\u0131\u011f\u0131 mektup hayat\u0131n\u0131 de\u011fi\u015ftirdi\" style=\"width: 162px; height: 108px;\" \/> <\/a> <\/div> <div class=\"tiled-gallery-item tiled-gallery-item-small\" itemprop=\"associatedMedia\" itemscope itemtype=\"http:\/\/schema.org\/ImageObject\"> <a href=\"http:\/\/www.tvturk.com\/index.php\/valiye-yazdigi-mektup-hayatini-degistirdi\/valiye-yazdigi-mektup-hayatini-degistirdi-5\/\" border=\"0\" itemprop=\"url\"> <meta itemprop=\"width\" content=\"162\"> <meta itemprop=\"height\" content=\"108\"> <img decoding=\"async\" class=\"\" data-attachment-id=\"32654\" data-orig-file=\"http:\/\/www.tvturk.com\/wp-content\/uploads\/2019\/02\/valiye-yazdigi-mektup-hayatini-degistirdi_df2ec9b.jpg\" data-orig-size=\"960,640\" data-comments-opened=\"\" data-image-meta=\"{&quot;aperture&quot;:&quot;0&quot;,&quot;credit&quot;:&quot;IHA&quot;,&quot;camera&quot;:&quot;&quot;,&quot;caption&quot;:&quot;VAL\\u0130 KARALO\\u011eLU, AK\\u0130F ULYAR\\u0027I TEDAV\\u0130S\\u0130 S\\u00dcRES\\u0130 BOYUNCA DA Z\\u0130YARET ED\\u0130P DURUMU HAKKINDA B\\u0130LG\\u0130 ALDI. (\\u0130HA\\\/ANTALYA-\\u0130HA)&quot;,&quot;created_timestamp&quot;:&quot;1550186520&quot;,&quot;copyright&quot;:&quot;\\u0130HLAS HABER AJANSI, www.iha.com.tr&quot;,&quot;focal_length&quot;:&quot;0&quot;,&quot;iso&quot;:&quot;0&quot;,&quot;shutter_speed&quot;:&quot;0&quot;,&quot;title&quot;:&quot;VAL\\u0130YE YAZDI\\u011eI MEKTUP HAYATINI DE\\u011e\\u0130\\u015eT\\u0130RD\\u0130 ANTALYA VAL\\u0130S\\u0130 KARALO\\u011eLU, KEND\\u0130S\\u0130NE \\u00c7ARPIP SERBEST BIRAKILAN S\\u00dcR\\u00dcC\\u00dcN\\u00dcN CEZALANDIRILMASI \\u0130\\u00c7\\u0130N MEKTUP YAZAN GENC\\u0130 TEDAV\\u0130 ETT\\u0130RD\\u0130 TEKERLEKL\\u0130 SANDALYEYE MAHKUM GEN\\u00c7 ADAM, Y\\u00dcR\\u00dcYEREK GEL\\u0130P VAL\\u0130\\u0027YE TE\\u015eEKK\\u00dcR ETT\\u0130&quot;,&quot;orientation&quot;:&quot;0&quot;}\" data-image-title=\"Valiye yazd\u0131\u011f\u0131 mektup hayat\u0131n\u0131 de\u011fi\u015ftirdi\" data-image-description=\"&lt;p&gt;Valiye yazd\u0131\u011f\u0131 mektup hayat\u0131n\u0131 de\u011fi\u015ftirdi&lt;\/p&gt; \" data-medium-file=\"https:\/\/i0.wp.com\/www.tvturk.com\/wp-content\/uploads\/2019\/02\/valiye-yazdigi-mektup-hayatini-degistirdi_df2ec9b.jpg?fit=300%2C200\" data-large-file=\"https:\/\/i0.wp.com\/www.tvturk.com\/wp-content\/uploads\/2019\/02\/valiye-yazdigi-mektup-hayatini-degistirdi_df2ec9b.jpg?fit=960%2C640\" src=\"https:\/\/i0.wp.com\/www.tvturk.com\/wp-content\/uploads\/2019\/02\/valiye-yazdigi-mektup-hayatini-degistirdi_df2ec9b.jpg?w=162&#038;h=108\" srcset=\"https:\/\/i0.wp.com\/www.tvturk.com\/wp-content\/uploads\/2019\/02\/valiye-yazdigi-mektup-hayatini-degistirdi_df2ec9b.jpg?w=960 960w, https:\/\/i0.wp.com\/www.tvturk.com\/wp-content\/uploads\/2019\/02\/valiye-yazdigi-mektup-hayatini-degistirdi_df2ec9b.jpg?resize=150%2C100 150w, https:\/\/i0.wp.com\/www.tvturk.com\/wp-content\/uploads\/2019\/02\/valiye-yazdigi-mektup-hayatini-degistirdi_df2ec9b.jpg?resize=300%2C200 300w, https:\/\/i0.wp.com\/www.tvturk.com\/wp-content\/uploads\/2019\/02\/valiye-yazdigi-mektup-hayatini-degistirdi_df2ec9b.jpg?resize=768%2C512 768w, https:\/\/i0.wp.com\/www.tvturk.com\/wp-content\/uploads\/2019\/02\/valiye-yazdigi-mektup-hayatini-degistirdi_df2ec9b.jpg?resize=170%2C113 170w, https:\/\/i0.wp.com\/www.tvturk.com\/wp-content\/uploads\/2019\/02\/valiye-yazdigi-mektup-hayatini-degistirdi_df2ec9b.jpg?resize=120%2C80 120w\" width=\"162\" height=\"108\" loading=\"lazy\" data-original-width=\"162\" data-original-height=\"108\" itemprop=\"http:\/\/schema.org\/image\" title=\"Valiye yazd\u0131\u011f\u0131 mektup hayat\u0131n\u0131 de\u011fi\u015ftirdi\" alt=\"Valiye yazd\u0131\u011f\u0131 mektup hayat\u0131n\u0131 de\u011fi\u015ftirdi\" style=\"width: 162px; height: 108px;\" \/> <\/a> <\/div> <\/div> <!-- close group --> <\/div> <!-- close row --> <div class=\"gallery-row\" style=\"width: 500px; height: 335px;\" data-original-width=\"500\" data-original-height=\"335\" > <div class=\"gallery-group images-1\" style=\"width: 500px; height: 335px;\" data-original-width=\"500\" data-original-height=\"335\" > <div class=\"tiled-gallery-item tiled-gallery-item-large\" itemprop=\"associatedMedia\" itemscope itemtype=\"http:\/\/schema.org\/ImageObject\"> <a href=\"http:\/\/www.tvturk.com\/index.php\/valiye-yazdigi-mektup-hayatini-degistirdi\/valiye-yazdigi-mektup-hayatini-degistirdi-6\/\" border=\"0\" itemprop=\"url\"> <meta itemprop=\"width\" content=\"496\"> <meta itemprop=\"height\" content=\"331\"> <img decoding=\"async\" class=\"\" data-attachment-id=\"32655\" data-orig-file=\"http:\/\/www.tvturk.com\/wp-content\/uploads\/2019\/02\/valiye-yazdigi-mektup-hayatini-degistirdi_f479710.jpg\" data-orig-size=\"960,640\" data-comments-opened=\"\" data-image-meta=\"{&quot;aperture&quot;:&quot;0&quot;,&quot;credit&quot;:&quot;IHA&quot;,&quot;camera&quot;:&quot;&quot;,&quot;caption&quot;:&quot;VAL\\u0130 KARALO\\u011eLU, AK\\u0130F ULYAR\\u0027I TEDAV\\u0130S\\u0130 S\\u00dcRES\\u0130 BOYUNCA DA Z\\u0130YARET ED\\u0130P DURUMU HAKKINDA B\\u0130LG\\u0130 ALDI. (\\u0130HA\\\/ANTALYA-\\u0130HA)&quot;,&quot;created_timestamp&quot;:&quot;1550186520&quot;,&quot;copyright&quot;:&quot;\\u0130HLAS HABER AJANSI, www.iha.com.tr&quot;,&quot;focal_length&quot;:&quot;0&quot;,&quot;iso&quot;:&quot;0&quot;,&quot;shutter_speed&quot;:&quot;0&quot;,&quot;title&quot;:&quot;VAL\\u0130YE YAZDI\\u011eI MEKTUP HAYATINI DE\\u011e\\u0130\\u015eT\\u0130RD\\u0130 ANTALYA VAL\\u0130S\\u0130 KARALO\\u011eLU, KEND\\u0130S\\u0130NE \\u00c7ARPIP SERBEST BIRAKILAN S\\u00dcR\\u00dcC\\u00dcN\\u00dcN CEZALANDIRILMASI \\u0130\\u00c7\\u0130N MEKTUP YAZAN GENC\\u0130 TEDAV\\u0130 ETT\\u0130RD\\u0130 TEKERLEKL\\u0130 SANDALYEYE MAHKUM GEN\\u00c7 ADAM, Y\\u00dcR\\u00dcYEREK GEL\\u0130P VAL\\u0130\\u0027YE TE\\u015eEKK\\u00dcR ETT\\u0130&quot;,&quot;orientation&quot;:&quot;0&quot;}\" data-image-title=\"Valiye yazd\u0131\u011f\u0131 mektup hayat\u0131n\u0131 de\u011fi\u015ftirdi\" data-image-description=\"&lt;p&gt;Valiye yazd\u0131\u011f\u0131 mektup hayat\u0131n\u0131 de\u011fi\u015ftirdi&lt;\/p&gt; \" data-medium-file=\"https:\/\/i0.wp.com\/www.tvturk.com\/wp-content\/uploads\/2019\/02\/valiye-yazdigi-mektup-hayatini-degistirdi_f479710.jpg?fit=300%2C200\" data-large-file=\"https:\/\/i0.wp.com\/www.tvturk.com\/wp-content\/uploads\/2019\/02\/valiye-yazdigi-mektup-hayatini-degistirdi_f479710.jpg?fit=960%2C640\" src=\"https:\/\/i0.wp.com\/www.tvturk.com\/wp-content\/uploads\/2019\/02\/valiye-yazdigi-mektup-hayatini-degistirdi_f479710.jpg?w=496&#038;h=331\" srcset=\"https:\/\/i0.wp.com\/www.tvturk.com\/wp-content\/uploads\/2019\/02\/valiye-yazdigi-mektup-hayatini-degistirdi_f479710.jpg?w=960 960w, https:\/\/i0.wp.com\/www.tvturk.com\/wp-content\/uploads\/2019\/02\/valiye-yazdigi-mektup-hayatini-degistirdi_f479710.jpg?resize=150%2C100 150w, https:\/\/i0.wp.com\/www.tvturk.com\/wp-content\/uploads\/2019\/02\/valiye-yazdigi-mektup-hayatini-degistirdi_f479710.jpg?resize=300%2C200 300w, https:\/\/i0.wp.com\/www.tvturk.com\/wp-content\/uploads\/2019\/02\/valiye-yazdigi-mektup-hayatini-degistirdi_f479710.jpg?resize=768%2C512 768w, https:\/\/i0.wp.com\/www.tvturk.com\/wp-content\/uploads\/2019\/02\/valiye-yazdigi-mektup-hayatini-degistirdi_f479710.jpg?resize=170%2C113 170w, https:\/\/i0.wp.com\/www.tvturk.com\/wp-content\/uploads\/2019\/02\/valiye-yazdigi-mektup-hayatini-degistirdi_f479710.jpg?resize=120%2C80 120w\" width=\"496\" height=\"331\" loading=\"lazy\" data-original-width=\"496\" data-original-height=\"331\" itemprop=\"http:\/\/schema.org\/image\" title=\"Valiye yazd\u0131\u011f\u0131 mektup hayat\u0131n\u0131 de\u011fi\u015ftirdi\" alt=\"Valiye yazd\u0131\u011f\u0131 mektup hayat\u0131n\u0131 de\u011fi\u015ftirdi\" style=\"width: 496px; height: 331px;\" \/> <\/a> <\/div> <\/div> <!-- close group --> <\/div> <!-- close row --> <\/div><\/p>\n","protected":false},"excerpt":{"rendered":"<p>ANNES\u0130 EM\u0130NE UYAR \u0130LE MAKAMINA Z\u0130YARETE GELD\u0130KLER\u0130NDE AK\u0130F UYAR\u2019IN Y\u00dcR\u00dcD\u00dc\u011e\u00dcN\u00dc G\u00d6REN VAL\u0130 KARALO\u011eLU \u00c7OK MUTLU OLDU\u011eUNU \u0130FADE ETT\u0130. AK\u0130F VE EM\u0130NE UYARA GE\u00c7M\u0130\u015e OLSUN D\u0130LEKLER\u0130N\u0130 \u0130LETEN VAL\u0130 KARALO\u011eLU, AK\u0130F UYAR\u2019A BUNDAN SONRAK\u0130 HAYATINDA SA\u011eLIK VE BA\u015eARILAR D\u0130LED\u0130.<\/p>\n","protected":false},"author":1,"featured_media":32651,"comment_status":"closed","ping_status":"open","sticky":false,"template":"","format":"standard","meta":{"jetpack_post_was_ever_published":false,"_jetpack_newsletter_access":"","_jetpack_dont_email_post_to_subs":false,"_jetpack_newsletter_tier_id":0,"_jetpack_memberships_contains_paywalled_content":false,"_jetpack_memberships_contains_paid_content":false,"footnotes":"","jetpack_publicize_message":"","jetpack_publicize_feature_enabled":true,"jetpack_social_post_already_shared":false,"jetpack_social_options":{"image_generator_settings":{"template":"highway","default_image_id":0,"font":"","enabled":false},"version":2}},"categories":[658],"tags":[1409,848,1125,12687,12688],"class_list":["post-32650","post","type-post","status-publish","format-standard","has-post-thumbnail","hentry","category-saglik","tag-degistirdi","tag-hayatini","tag-mektup","tag-valiye","tag-yazdigi"],"jetpack_publicize_connections":[],"jetpack_featured_media_url":"https:\/\/i0.wp.com\/www.tvturk.com\/wp-content\/uploads\/2019\/02\/valiye-yazdigi-mektup-hayatini-degistirdi_92a01c9.jpg?fit=1000%2C666","jetpack_sharing_enabled":true,"jetpack_shortlink":"https:\/\/wp.me\/paKIfm-8uC","_links":{"self":[{"href":"http:\/\/www.tvturk.com\/index.php\/wp-json\/wp\/v2\/posts\/32650","targetHints":{"allow":["GET"]}}],"collection":[{"href":"http:\/\/www.tvturk.com\/index.php\/wp-json\/wp\/v2\/posts"}],"about":[{"href":"http:\/\/www.tvturk.com\/index.php\/wp-json\/wp\/v2\/types\/post"}],"author":[{"embeddable":true,"href":"http:\/\/www.tvturk.com\/index.php\/wp-json\/wp\/v2\/users\/1"}],"replies":[{"embeddable":true,"href":"http:\/\/www.tvturk.com\/index.php\/wp-json\/wp\/v2\/comments?post=32650"}],"version-history":[{"count":1,"href":"http:\/\/www.tvturk.com\/index.php\/wp-json\/wp\/v2\/posts\/32650\/revisions"}],"predecessor-version":[{"id":32656,"href":"http:\/\/www.tvturk.com\/index.php\/wp-json\/wp\/v2\/posts\/32650\/revisions\/32656"}],"wp:featuredmedia":[{"embeddable":true,"href":"http:\/\/www.tvturk.com\/index.php\/wp-json\/wp\/v2\/media\/32651"}],"wp:attachment":[{"href":"http:\/\/www.tvturk.com\/index.php\/wp-json\/wp\/v2\/media?parent=32650"}],"wp:term":[{"taxonomy":"category","embeddable":true,"href":"http:\/\/www.tvturk.com\/index.php\/wp-json\/wp\/v2\/categories?post=32650"},{"taxonomy":"post_tag","embeddable":true,"href":"http:\/\/www.tvturk.com\/index.php\/wp-json\/wp\/v2\/tags?post=32650"}],"curies":[{"name":"wp","href":"https:\/\/api.w.org\/{rel}","templated":true}]}}