{"id":32728,"date":"2019-02-14T15:50:55","date_gmt":"2019-02-14T12:50:55","guid":{"rendered":"http:\/\/www.tvturk.com\/index.php\/van-merkezli-teror-operasyonu-16-gozalti\/"},"modified":"2019-02-14T15:50:57","modified_gmt":"2019-02-14T12:50:57","slug":"van-merkezli-teror-operasyonu-16-gozalti","status":"publish","type":"post","link":"http:\/\/www.tvturk.com\/index.php\/van-merkezli-teror-operasyonu-16-gozalti\/","title":{"rendered":"Van merkezli ter\u00f6r operasyonu: 16 g\u00f6zalt\u0131"},"content":{"rendered":"<p>Van merkezli 8 ilde PKK\/KCK ter\u00f6r \u00f6rg\u00fct\u00fcn\u00fcn i\u015fbirlik\u00e7isi olduklar\u0131 de\u011ferlendirilen \u015f\u00fcphelilere y\u00f6nelik d\u00fczenlenen operasyonda 16 ki\u015fi g\u00f6zalt\u0131na al\u0131nd\u0131.<\/p>\n<p>Erci\u015f Cumhuriyet Ba\u015fsavc\u0131l\u0131\u011f\u0131 Ter\u00f6r Su\u00e7lar\u0131 Soru\u015fturma B\u00fcrosu taraf\u0131ndan y\u00fcr\u00fct\u00fclen soru\u015fturma kapsam\u0131nda, Van \u0130l Jandarma Komutanl\u0131\u011f\u0131nca bug\u00fcn PKK\/KCK ter\u00f6r \u00f6rg\u00fct\u00fcn\u00fcn i\u015fbirlik\u00e7isi olduklar\u0131 de\u011ferlendirilen \u015f\u00fcphelilere y\u00f6nelik operasyon d\u00fczenlendi. Van merkezli Manisa, Bitlis, Siirt, I\u011fd\u0131r, Mardin, \u0130zmir ve A\u011fr\u0131\u2019da icra edilen operasyon sonucunda 16 \u015f\u00fcpheli g\u00f6zalt\u0131na al\u0131nd\u0131.<\/p>\n<p>B\u00f6lgede halk\u0131n huzur ve g\u00fcvenli\u011fini sa\u011flamaya y\u00f6nelik operasyonlar\u0131n, yine halk\u0131n deste\u011fiyle daha da g\u00fc\u00e7l\u00fc ve kararl\u0131 bir \u015fekilde aral\u0131ks\u0131z olarak devam edece\u011fi bildirildi.<div class=\"tiled-gallery type-rectangular tiled-gallery-unresized\" data-original-width=\"500\" data-carousel-extra='null' itemscope itemtype=\"http:\/\/schema.org\/ImageGallery\" > <div class=\"gallery-row\" style=\"width: 500px; height: 376px;\" data-original-width=\"500\" data-original-height=\"376\" > <div class=\"gallery-group images-1\" style=\"width: 500px; height: 376px;\" data-original-width=\"500\" data-original-height=\"376\" > <div class=\"tiled-gallery-item tiled-gallery-item-large\" itemprop=\"associatedMedia\" itemscope itemtype=\"http:\/\/schema.org\/ImageObject\"> <a href=\"http:\/\/www.tvturk.com\/index.php\/van-merkezli-teror-operasyonu-16-gozalti\/van-merkezli-teror-operasyonu-16-gozalti-3\/\" border=\"0\" itemprop=\"url\"> <meta itemprop=\"width\" content=\"496\"> <meta itemprop=\"height\" content=\"372\"> <img decoding=\"async\" class=\"\" data-attachment-id=\"32730\" data-orig-file=\"http:\/\/www.tvturk.com\/wp-content\/uploads\/2019\/02\/van-merkezli-teror-operasyonu-16-gozalti_cdae362.jpg\" data-orig-size=\"1000,750\" data-comments-opened=\"\" data-image-meta=\"{&quot;aperture&quot;:&quot;0&quot;,&quot;credit&quot;:&quot;IHA&quot;,&quot;camera&quot;:&quot;&quot;,&quot;caption&quot;:&quot;VAN MERKEZL\\u0130 8 \\u0130LDE PKK\\\/KCK TER\\u00d6R \\u00d6RG\\u00dcT\\u00dcN\\u00dcN \\u0130\\u015eB\\u0130RL\\u0130K\\u00c7\\u0130S\\u0130 OLDUKLARI DE\\u011eERLEND\\u0130R\\u0130LEN \\u015e\\u00dcPHEL\\u0130LERE Y\\u00d6NEL\\u0130K D\\u00dcZENLENEN OPERASYONDA 16 K\\u0130\\u015e\\u0130 G\\u00d6ZALTINA ALINDI. (MEHMET SAL\\u0130H AKKU\\u015e\\\/VAN-\\u0130HA)&quot;,&quot;created_timestamp&quot;:&quot;0&quot;,&quot;copyright&quot;:&quot;\\u0130HLAS HABER AJANSI, www.iha.com.tr&quot;,&quot;focal_length&quot;:&quot;0&quot;,&quot;iso&quot;:&quot;0&quot;,&quot;shutter_speed&quot;:&quot;0&quot;,&quot;title&quot;:&quot;VAN MERKEZL\\u0130 TER\\u00d6R OPERASYONU: 16 G\\u00d6ZALTI&quot;,&quot;orientation&quot;:&quot;0&quot;}\" data-image-title=\"Van merkezli ter\u00f6r operasyonu: 16 g\u00f6zalt\u0131\" data-image-description=\"&lt;p&gt;Van merkezli ter\u00f6r operasyonu: 16 g\u00f6zalt\u0131&lt;\/p&gt; \" data-medium-file=\"https:\/\/i0.wp.com\/www.tvturk.com\/wp-content\/uploads\/2019\/02\/van-merkezli-teror-operasyonu-16-gozalti_cdae362.jpg?fit=300%2C225\" data-large-file=\"https:\/\/i0.wp.com\/www.tvturk.com\/wp-content\/uploads\/2019\/02\/van-merkezli-teror-operasyonu-16-gozalti_cdae362.jpg?fit=1000%2C750\" src=\"https:\/\/i0.wp.com\/www.tvturk.com\/wp-content\/uploads\/2019\/02\/van-merkezli-teror-operasyonu-16-gozalti_cdae362.jpg?w=496&#038;h=372\" srcset=\"https:\/\/i0.wp.com\/www.tvturk.com\/wp-content\/uploads\/2019\/02\/van-merkezli-teror-operasyonu-16-gozalti_cdae362.jpg?w=1000 1000w, https:\/\/i0.wp.com\/www.tvturk.com\/wp-content\/uploads\/2019\/02\/van-merkezli-teror-operasyonu-16-gozalti_cdae362.jpg?resize=150%2C113 150w, https:\/\/i0.wp.com\/www.tvturk.com\/wp-content\/uploads\/2019\/02\/van-merkezli-teror-operasyonu-16-gozalti_cdae362.jpg?resize=300%2C225 300w, https:\/\/i0.wp.com\/www.tvturk.com\/wp-content\/uploads\/2019\/02\/van-merkezli-teror-operasyonu-16-gozalti_cdae362.jpg?resize=768%2C576 768w\" width=\"496\" height=\"372\" loading=\"lazy\" data-original-width=\"496\" data-original-height=\"372\" itemprop=\"http:\/\/schema.org\/image\" title=\"Van merkezli ter\u00f6r operasyonu: 16 g\u00f6zalt\u0131\" alt=\"Van merkezli ter\u00f6r operasyonu: 16 g\u00f6zalt\u0131\" style=\"width: 496px; height: 372px;\" \/> <\/a> <\/div> <\/div> <!-- close group --> <\/div> <!-- close row --> <\/div><\/p>\n","protected":false},"excerpt":{"rendered":"<p>VAN MERKEZL\u0130 8 \u0130LDE PKK\/KCK TER\u00d6R \u00d6RG\u00dcT\u00dcN\u00dcN \u0130\u015eB\u0130RL\u0130K\u00c7\u0130S\u0130 OLDUKLARI DE\u011eERLEND\u0130R\u0130LEN \u015e\u00dcPHEL\u0130LERE Y\u00d6NEL\u0130K D\u00dcZENLENEN OPERASYONDA 16 K\u0130\u015e\u0130 G\u00d6ZALTINA ALINDI.<\/p>\n","protected":false},"author":1,"featured_media":32729,"comment_status":"closed","ping_status":"open","sticky":false,"template":"","format":"standard","meta":{"jetpack_post_was_ever_published":false,"_jetpack_newsletter_access":"","_jetpack_dont_email_post_to_subs":false,"_jetpack_newsletter_tier_id":0,"_jetpack_memberships_contains_paywalled_content":false,"_jetpack_memberships_contains_paid_content":false,"footnotes":"","jetpack_publicize_message":"","jetpack_publicize_feature_enabled":true,"jetpack_social_post_already_shared":false,"jetpack_social_options":{"image_generator_settings":{"template":"highway","default_image_id":0,"font":"","enabled":false},"version":2}},"categories":[655],"tags":[3447,1906,1157,3990,1442],"class_list":["post-32728","post","type-post","status-publish","format-standard","has-post-thumbnail","hentry","category-son-dakika","tag-gozalti","tag-merkezli","tag-operasyonu","tag-teror","tag-van"],"jetpack_publicize_connections":[],"jetpack_featured_media_url":"https:\/\/i0.wp.com\/www.tvturk.com\/wp-content\/uploads\/2019\/02\/van-merkezli-teror-operasyonu-16-gozalti_09724f0.jpg?fit=1000%2C750","jetpack_sharing_enabled":true,"jetpack_shortlink":"https:\/\/wp.me\/paKIfm-8vS","_links":{"self":[{"href":"http:\/\/www.tvturk.com\/index.php\/wp-json\/wp\/v2\/posts\/32728","targetHints":{"allow":["GET"]}}],"collection":[{"href":"http:\/\/www.tvturk.com\/index.php\/wp-json\/wp\/v2\/posts"}],"about":[{"href":"http:\/\/www.tvturk.com\/index.php\/wp-json\/wp\/v2\/types\/post"}],"author":[{"embeddable":true,"href":"http:\/\/www.tvturk.com\/index.php\/wp-json\/wp\/v2\/users\/1"}],"replies":[{"embeddable":true,"href":"http:\/\/www.tvturk.com\/index.php\/wp-json\/wp\/v2\/comments?post=32728"}],"version-history":[{"count":1,"href":"http:\/\/www.tvturk.com\/index.php\/wp-json\/wp\/v2\/posts\/32728\/revisions"}],"predecessor-version":[{"id":32731,"href":"http:\/\/www.tvturk.com\/index.php\/wp-json\/wp\/v2\/posts\/32728\/revisions\/32731"}],"wp:featuredmedia":[{"embeddable":true,"href":"http:\/\/www.tvturk.com\/index.php\/wp-json\/wp\/v2\/media\/32729"}],"wp:attachment":[{"href":"http:\/\/www.tvturk.com\/index.php\/wp-json\/wp\/v2\/media?parent=32728"}],"wp:term":[{"taxonomy":"category","embeddable":true,"href":"http:\/\/www.tvturk.com\/index.php\/wp-json\/wp\/v2\/categories?post=32728"},{"taxonomy":"post_tag","embeddable":true,"href":"http:\/\/www.tvturk.com\/index.php\/wp-json\/wp\/v2\/tags?post=32728"}],"curies":[{"name":"wp","href":"https:\/\/api.w.org\/{rel}","templated":true}]}}