{"id":32754,"date":"2019-02-14T15:51:15","date_gmt":"2019-02-14T12:51:15","guid":{"rendered":"http:\/\/www.tvturk.com\/index.php\/ismail-erdemden-atasehirlilere-14-subatta-kirmizi-karanfil\/"},"modified":"2019-02-14T15:51:17","modified_gmt":"2019-02-14T12:51:17","slug":"ismail-erdemden-atasehirlilere-14-subatta-kirmizi-karanfil","status":"publish","type":"post","link":"http:\/\/www.tvturk.com\/index.php\/ismail-erdemden-atasehirlilere-14-subatta-kirmizi-karanfil\/","title":{"rendered":"\u0130smail Erdem\u2019den Ata\u015fehirlilere 14 \u015eubat\u2019ta k\u0131rm\u0131z\u0131 karanfil"},"content":{"rendered":"<p>AK Parti Ata\u015fehir Belediye Ba\u015fkan Aday\u0131 \u0130smail Erdem, karanfil da\u011f\u0131tarak vatanda\u015flar\u0131n 14 \u015eubat Sevgililer g\u00fcn\u00fcn\u00fc kutlad\u0131.<\/p>\n<p>Sancaktepe Belediye Ba\u015fkan\u0131 ve AK Parti Ata\u015fehir Belediye Ba\u015fkan\u0131 Aday\u0131 \u0130smail Erdem, K\u00fc\u00e7\u00fckbakkalk\u00f6y Mahallesi Prestij Caddesi\u2019nde karanfil da\u011f\u0131tt\u0131. Vatanda\u015flarla sohbet de eden Ba\u015fkan \u0130smail Erdem, Ata\u015fehirlilerin 14 \u015eubat Sevgililer G\u00fcn\u00fc\u2019n\u00fc kutlad\u0131.<\/p>\n<p>K\u00fc\u00e7\u00fckbakkalk\u00f6y Prestij Caddesi\u2019nde vatanda\u015flar\u0131 k\u0131rm\u0131z\u0131 karanfillerle kar\u015f\u0131layan Ata\u015fehir Belediye Ba\u015fkan Aday\u0131 \u0130smail Erdem, sevgi ve ho\u015fg\u00f6r\u00fc mesajlar\u0131 verdi. Prestij Caddesi\u2019nde bulunan esnaf\u0131 ziyaret ederek selam veren Ba\u015fkan Erdem, esnafla sohbet etti. Prestij Caddesi\u2019nde Ba\u015fkan \u0130smail Erdem\u2019den k\u0131rm\u0131z\u0131 karanfil alan Ata\u015fehirliler, ba\u015fkan Erdem\u2019e g\u00f6sterdi\u011fi nezaketten dolay\u0131 te\u015fekk\u00fcr etti.<div class=\"tiled-gallery type-rectangular tiled-gallery-unresized\" data-original-width=\"500\" data-carousel-extra='null' itemscope itemtype=\"http:\/\/schema.org\/ImageGallery\" > <div class=\"gallery-row\" style=\"width: 500px; height: 168px;\" data-original-width=\"500\" data-original-height=\"168\" > <div class=\"gallery-group images-1\" style=\"width: 250px; height: 168px;\" data-original-width=\"250\" data-original-height=\"168\" > <div class=\"tiled-gallery-item tiled-gallery-item-small\" itemprop=\"associatedMedia\" itemscope itemtype=\"http:\/\/schema.org\/ImageObject\"> <a href=\"http:\/\/www.tvturk.com\/index.php\/ismail-erdemden-atasehirlilere-14-subatta-kirmizi-karanfil\/ismail-erdemden-atasehirlilere-14-subatta-kirmizi-karanfil-3\/\" border=\"0\" itemprop=\"url\"> <meta itemprop=\"width\" content=\"246\"> <meta itemprop=\"height\" content=\"164\"> <img decoding=\"async\" class=\"\" data-attachment-id=\"32756\" data-orig-file=\"http:\/\/www.tvturk.com\/wp-content\/uploads\/2019\/02\/ismail-erdemden-atasehirlilere-14-subatta-kirmizi-karanfil_cd308f1.jpg\" data-orig-size=\"960,640\" data-comments-opened=\"\" data-image-meta=\"{&quot;aperture&quot;:&quot;0&quot;,&quot;credit&quot;:&quot;IHA&quot;,&quot;camera&quot;:&quot;&quot;,&quot;caption&quot;:&quot;AK PART\\u0130 ATA\\u015eEH\\u0130R BELED\\u0130YE BA\\u015eKAN ADAYI \\u0130SMA\\u0130L ERDEM, KARANF\\u0130L DA\\u011eITARAK VATANDA\\u015eLARIN 14 \\u015eUBAT SEVG\\u0130L\\u0130LER G\\u00dcN\\u00dcN\\u00dc KUTLADI. (MUSTAFA B\\u0130\\u00c7ER\\\/\\u0130STANBUL-\\u0130HA)&quot;,&quot;created_timestamp&quot;:&quot;1550187660&quot;,&quot;copyright&quot;:&quot;\\u0130HLAS HABER AJANSI, www.iha.com.tr&quot;,&quot;focal_length&quot;:&quot;0&quot;,&quot;iso&quot;:&quot;0&quot;,&quot;shutter_speed&quot;:&quot;0&quot;,&quot;title&quot;:&quot;\\u0130SMA\\u0130L ERDEM\\u2019DEN ATA\\u015eEH\\u0130RL\\u0130LERE 14 \\u015eUBAT\\u2019TA KIRMIZI KARANF\\u0130L&quot;,&quot;orientation&quot;:&quot;1&quot;}\" data-image-title=\"\u0130smail Erdem\u2019den Ata\u015fehirlilere 14 \u015eubat\u2019ta k\u0131rm\u0131z\u0131 karanfil\" data-image-description=\"&lt;p&gt;\u0130smail Erdem\u2019den Ata\u015fehirlilere 14 \u015eubat\u2019ta k\u0131rm\u0131z\u0131 karanfil&lt;\/p&gt; \" data-medium-file=\"https:\/\/i0.wp.com\/www.tvturk.com\/wp-content\/uploads\/2019\/02\/ismail-erdemden-atasehirlilere-14-subatta-kirmizi-karanfil_cd308f1.jpg?fit=300%2C200\" data-large-file=\"https:\/\/i0.wp.com\/www.tvturk.com\/wp-content\/uploads\/2019\/02\/ismail-erdemden-atasehirlilere-14-subatta-kirmizi-karanfil_cd308f1.jpg?fit=960%2C640\" src=\"https:\/\/i0.wp.com\/www.tvturk.com\/wp-content\/uploads\/2019\/02\/ismail-erdemden-atasehirlilere-14-subatta-kirmizi-karanfil_cd308f1.jpg?w=246&#038;h=164\" srcset=\"https:\/\/i0.wp.com\/www.tvturk.com\/wp-content\/uploads\/2019\/02\/ismail-erdemden-atasehirlilere-14-subatta-kirmizi-karanfil_cd308f1.jpg?w=960 960w, https:\/\/i0.wp.com\/www.tvturk.com\/wp-content\/uploads\/2019\/02\/ismail-erdemden-atasehirlilere-14-subatta-kirmizi-karanfil_cd308f1.jpg?resize=150%2C100 150w, https:\/\/i0.wp.com\/www.tvturk.com\/wp-content\/uploads\/2019\/02\/ismail-erdemden-atasehirlilere-14-subatta-kirmizi-karanfil_cd308f1.jpg?resize=300%2C200 300w, https:\/\/i0.wp.com\/www.tvturk.com\/wp-content\/uploads\/2019\/02\/ismail-erdemden-atasehirlilere-14-subatta-kirmizi-karanfil_cd308f1.jpg?resize=768%2C512 768w, https:\/\/i0.wp.com\/www.tvturk.com\/wp-content\/uploads\/2019\/02\/ismail-erdemden-atasehirlilere-14-subatta-kirmizi-karanfil_cd308f1.jpg?resize=170%2C113 170w, https:\/\/i0.wp.com\/www.tvturk.com\/wp-content\/uploads\/2019\/02\/ismail-erdemden-atasehirlilere-14-subatta-kirmizi-karanfil_cd308f1.jpg?resize=120%2C80 120w\" width=\"246\" height=\"164\" loading=\"lazy\" data-original-width=\"246\" data-original-height=\"164\" itemprop=\"http:\/\/schema.org\/image\" title=\"\u0130smail Erdem\u2019den Ata\u015fehirlilere 14 \u015eubat\u2019ta k\u0131rm\u0131z\u0131 karanfil\" alt=\"\u0130smail Erdem\u2019den Ata\u015fehirlilere 14 \u015eubat\u2019ta k\u0131rm\u0131z\u0131 karanfil\" style=\"width: 246px; height: 164px;\" \/> <\/a> <\/div> <\/div> <!-- close group --> <div class=\"gallery-group images-1\" style=\"width: 250px; height: 168px;\" data-original-width=\"250\" data-original-height=\"168\" > <div class=\"tiled-gallery-item tiled-gallery-item-small\" itemprop=\"associatedMedia\" itemscope itemtype=\"http:\/\/schema.org\/ImageObject\"> <a href=\"http:\/\/www.tvturk.com\/index.php\/ismail-erdemden-atasehirlilere-14-subatta-kirmizi-karanfil\/ismail-erdemden-atasehirlilere-14-subatta-kirmizi-karanfil-4\/\" border=\"0\" itemprop=\"url\"> <meta itemprop=\"width\" content=\"246\"> <meta itemprop=\"height\" content=\"164\"> <img decoding=\"async\" class=\"\" data-attachment-id=\"32757\" data-orig-file=\"http:\/\/www.tvturk.com\/wp-content\/uploads\/2019\/02\/ismail-erdemden-atasehirlilere-14-subatta-kirmizi-karanfil_6fbb107.jpg\" data-orig-size=\"960,640\" data-comments-opened=\"\" data-image-meta=\"{&quot;aperture&quot;:&quot;0&quot;,&quot;credit&quot;:&quot;IHA&quot;,&quot;camera&quot;:&quot;&quot;,&quot;caption&quot;:&quot;AK PART\\u0130 ATA\\u015eEH\\u0130R BELED\\u0130YE BA\\u015eKAN ADAYI \\u0130SMA\\u0130L ERDEM, KARANF\\u0130L DA\\u011eITARAK VATANDA\\u015eLARIN 14 \\u015eUBAT SEVG\\u0130L\\u0130LER G\\u00dcN\\u00dcN\\u00dc KUTLADI. (MUSTAFA B\\u0130\\u00c7ER\\\/\\u0130STANBUL-\\u0130HA)&quot;,&quot;created_timestamp&quot;:&quot;1550187660&quot;,&quot;copyright&quot;:&quot;\\u0130HLAS HABER AJANSI, www.iha.com.tr&quot;,&quot;focal_length&quot;:&quot;0&quot;,&quot;iso&quot;:&quot;0&quot;,&quot;shutter_speed&quot;:&quot;0&quot;,&quot;title&quot;:&quot;\\u0130SMA\\u0130L ERDEM\\u2019DEN ATA\\u015eEH\\u0130RL\\u0130LERE 14 \\u015eUBAT\\u2019TA KIRMIZI KARANF\\u0130L&quot;,&quot;orientation&quot;:&quot;1&quot;}\" data-image-title=\"\u0130smail Erdem\u2019den Ata\u015fehirlilere 14 \u015eubat\u2019ta k\u0131rm\u0131z\u0131 karanfil\" data-image-description=\"&lt;p&gt;\u0130smail Erdem\u2019den Ata\u015fehirlilere 14 \u015eubat\u2019ta k\u0131rm\u0131z\u0131 karanfil&lt;\/p&gt; \" data-medium-file=\"https:\/\/i0.wp.com\/www.tvturk.com\/wp-content\/uploads\/2019\/02\/ismail-erdemden-atasehirlilere-14-subatta-kirmizi-karanfil_6fbb107.jpg?fit=300%2C200\" data-large-file=\"https:\/\/i0.wp.com\/www.tvturk.com\/wp-content\/uploads\/2019\/02\/ismail-erdemden-atasehirlilere-14-subatta-kirmizi-karanfil_6fbb107.jpg?fit=960%2C640\" src=\"https:\/\/i0.wp.com\/www.tvturk.com\/wp-content\/uploads\/2019\/02\/ismail-erdemden-atasehirlilere-14-subatta-kirmizi-karanfil_6fbb107.jpg?w=246&#038;h=164\" srcset=\"https:\/\/i0.wp.com\/www.tvturk.com\/wp-content\/uploads\/2019\/02\/ismail-erdemden-atasehirlilere-14-subatta-kirmizi-karanfil_6fbb107.jpg?w=960 960w, https:\/\/i0.wp.com\/www.tvturk.com\/wp-content\/uploads\/2019\/02\/ismail-erdemden-atasehirlilere-14-subatta-kirmizi-karanfil_6fbb107.jpg?resize=150%2C100 150w, https:\/\/i0.wp.com\/www.tvturk.com\/wp-content\/uploads\/2019\/02\/ismail-erdemden-atasehirlilere-14-subatta-kirmizi-karanfil_6fbb107.jpg?resize=300%2C200 300w, https:\/\/i0.wp.com\/www.tvturk.com\/wp-content\/uploads\/2019\/02\/ismail-erdemden-atasehirlilere-14-subatta-kirmizi-karanfil_6fbb107.jpg?resize=768%2C512 768w, https:\/\/i0.wp.com\/www.tvturk.com\/wp-content\/uploads\/2019\/02\/ismail-erdemden-atasehirlilere-14-subatta-kirmizi-karanfil_6fbb107.jpg?resize=170%2C113 170w, https:\/\/i0.wp.com\/www.tvturk.com\/wp-content\/uploads\/2019\/02\/ismail-erdemden-atasehirlilere-14-subatta-kirmizi-karanfil_6fbb107.jpg?resize=120%2C80 120w\" width=\"246\" height=\"164\" loading=\"lazy\" data-original-width=\"246\" data-original-height=\"164\" itemprop=\"http:\/\/schema.org\/image\" title=\"\u0130smail Erdem\u2019den Ata\u015fehirlilere 14 \u015eubat\u2019ta k\u0131rm\u0131z\u0131 karanfil\" alt=\"\u0130smail Erdem\u2019den Ata\u015fehirlilere 14 \u015eubat\u2019ta k\u0131rm\u0131z\u0131 karanfil\" style=\"width: 246px; height: 164px;\" \/> <\/a> <\/div> <\/div> <!-- close group --> <\/div> <!-- close row --> <\/div><\/p>\n","protected":false},"excerpt":{"rendered":"<p>AK PART\u0130 ATA\u015eEH\u0130R BELED\u0130YE BA\u015eKAN ADAYI \u0130SMA\u0130L ERDEM, KARANF\u0130L DA\u011eITARAK VATANDA\u015eLARIN 14 \u015eUBAT SEVG\u0130L\u0130LER G\u00dcN\u00dcN\u00dc KUTLADI.<\/p>\n","protected":false},"author":1,"featured_media":32755,"comment_status":"closed","ping_status":"open","sticky":false,"template":"","format":"standard","meta":{"jetpack_post_was_ever_published":false,"_jetpack_newsletter_access":"","_jetpack_dont_email_post_to_subs":false,"_jetpack_newsletter_tier_id":0,"_jetpack_memberships_contains_paywalled_content":false,"_jetpack_memberships_contains_paid_content":false,"footnotes":"","jetpack_publicize_message":"","jetpack_publicize_feature_enabled":true,"jetpack_social_post_already_shared":false,"jetpack_social_options":{"image_generator_settings":{"template":"highway","default_image_id":0,"font":"","enabled":false},"version":2}},"categories":[9],"tags":[12716,8116,977,12496,6955,1111],"class_list":["post-32754","post","type-post","status-publish","format-standard","has-post-thumbnail","hentry","category-siyaset","tag-atasehirlilere","tag-erdemden","tag-ismail","tag-karanfil","tag-kirmizi","tag-subatta"],"jetpack_publicize_connections":[],"jetpack_featured_media_url":"https:\/\/i0.wp.com\/www.tvturk.com\/wp-content\/uploads\/2019\/02\/ismail-erdemden-atasehirlilere-14-subatta-kirmizi-karanfil_bce66e4.jpg?fit=960%2C640","jetpack_sharing_enabled":true,"jetpack_shortlink":"https:\/\/wp.me\/paKIfm-8wi","_links":{"self":[{"href":"http:\/\/www.tvturk.com\/index.php\/wp-json\/wp\/v2\/posts\/32754","targetHints":{"allow":["GET"]}}],"collection":[{"href":"http:\/\/www.tvturk.com\/index.php\/wp-json\/wp\/v2\/posts"}],"about":[{"href":"http:\/\/www.tvturk.com\/index.php\/wp-json\/wp\/v2\/types\/post"}],"author":[{"embeddable":true,"href":"http:\/\/www.tvturk.com\/index.php\/wp-json\/wp\/v2\/users\/1"}],"replies":[{"embeddable":true,"href":"http:\/\/www.tvturk.com\/index.php\/wp-json\/wp\/v2\/comments?post=32754"}],"version-history":[{"count":1,"href":"http:\/\/www.tvturk.com\/index.php\/wp-json\/wp\/v2\/posts\/32754\/revisions"}],"predecessor-version":[{"id":32758,"href":"http:\/\/www.tvturk.com\/index.php\/wp-json\/wp\/v2\/posts\/32754\/revisions\/32758"}],"wp:featuredmedia":[{"embeddable":true,"href":"http:\/\/www.tvturk.com\/index.php\/wp-json\/wp\/v2\/media\/32755"}],"wp:attachment":[{"href":"http:\/\/www.tvturk.com\/index.php\/wp-json\/wp\/v2\/media?parent=32754"}],"wp:term":[{"taxonomy":"category","embeddable":true,"href":"http:\/\/www.tvturk.com\/index.php\/wp-json\/wp\/v2\/categories?post=32754"},{"taxonomy":"post_tag","embeddable":true,"href":"http:\/\/www.tvturk.com\/index.php\/wp-json\/wp\/v2\/tags?post=32754"}],"curies":[{"name":"wp","href":"https:\/\/api.w.org\/{rel}","templated":true}]}}