{"id":32765,"date":"2019-02-14T15:51:24","date_gmt":"2019-02-14T12:51:24","guid":{"rendered":"http:\/\/www.tvturk.com\/index.php\/trabzonspor-aytemiz-alanyaspor-maci-hazirliklarini-surdurdu\/"},"modified":"2019-02-14T15:51:30","modified_gmt":"2019-02-14T12:51:30","slug":"trabzonspor-aytemiz-alanyaspor-maci-hazirliklarini-surdurdu","status":"publish","type":"post","link":"http:\/\/www.tvturk.com\/index.php\/trabzonspor-aytemiz-alanyaspor-maci-hazirliklarini-surdurdu\/","title":{"rendered":"Trabzonspor, Aytemiz Alanyaspor ma\u00e7\u0131 haz\u0131rl\u0131klar\u0131n\u0131 s\u00fcrd\u00fcrd\u00fc"},"content":{"rendered":"<p>Trabzonspor, Spor Toto S\u00fcper Ligin 22. haftas\u0131nda 17 \u015eubat Pazar g\u00fcn\u00fc sahas\u0131nda oynayaca\u011f\u0131 Aytemiz Alanyaspor ma\u00e7\u0131 haz\u0131rl\u0131klar\u0131n\u0131 s\u00fcrd\u00fcrd\u00fc.<\/p>\n<p>Mehmet Ali Y\u0131lmaz Tesislerinde, Teknik Direkt\u00f6r \u00dcnal Karaman y\u00f6netiminde  yap\u0131lan antrenmana sakatl\u0131klar\u0131 bulunan Ogenyi Onazi ve Joao Pereira kat\u0131lmad\u0131. Novak ise tak\u0131mda ayr\u0131 olarak \u00e7al\u0131\u015fmalar\u0131n\u0131 s\u00fcrd\u00fcrd\u00fc. Bu oyuncunun Aytemiz Alanyaspor kar\u015f\u0131s\u0131nda oynay\u0131p-oynamayaca\u011f\u0131 ise kar\u015f\u0131la\u015fma \u00f6ncesi netlik kazanacak.  MKE Ankarag\u00fcc\u00fc kar\u015f\u0131la\u015fmas\u0131nda sol arka adalesinde y\u0131rt\u0131k meydana geldi\u011fi i\u00e7in Galatasaray ma\u00e7\u0131nda forma giyemeyen kaleci U\u011furcan \u00c7ak\u0131r ile aya\u011f\u0131nda a\u011fr\u0131 hissetti\u011fi i\u00e7in d\u00fcnk\u00fc antrenman\u0131 tamamlayamayan H\u00fcseyin T\u00fcrkmen, tak\u0131mla \u00e7al\u0131\u015fmalara ba\u015flad\u0131.<\/p>\n<p>Rodallega korkuttu<\/p>\n<p>Trabzonspor\u2019un gol umudu Hugo Rodallega ise bug\u00fcn yap\u0131lan antrenmanda korkuttu. Nwakaeme ile girdi\u011fi ikili m\u00fccadelede yerde kalan forvet oyuncusu, yerden kalkmakta zorland\u0131. Tak\u0131m arkada\u015flar\u0131 oyuncunun ba\u015f\u0131na toplan\u0131rken, sa\u011fl\u0131k ekibinin m\u00fcdahalesi sonras\u0131 aya\u011fa kalkan ve antrenmana devam eden oyuncu teknik heyete rahat bir nefes ald\u0131rd\u0131.<\/p>\n<p>Sosa haz\u0131r<\/p>\n<p>Trabzonspor\u2019da ligin 16. haftas\u0131ndaki Be\u015fikta\u015f ma\u00e7\u0131nda sakatlanan Arjantinli oyuncu Jose Sosa, sakatl\u0131\u011f\u0131n\u0131n ard\u0131ndan haz\u0131r hale geldi. Teknik Direkt\u00f6r \u00dcnal Karaman taraf\u0131ndan Galatasaray ma\u00e7\u0131 kadrosunda yer alan ancak forma giymeyen kaptan\u0131n Aytemiz Alanyaspor ma\u00e7\u0131nda forma giymesi bekleniyor.<\/p>\n<p>Karaman uyard\u0131<\/p>\n<p>Trabzonspor\u2019da oyuncular\u0131n antrenmanda h\u0131rsl\u0131 olduklar\u0131 g\u00f6zlenirken teknik direkt\u00f6r \u00dcnal Karaman, yap\u0131lan antrenmanda s\u0131k s\u0131k oyuncular\u0131n\u0131 uyard\u0131\u011f\u0131 g\u00f6zlendi. Futbolcular\u0131na ileride bask\u0131 ve pres yapmalar\u0131 konusunda uyar\u0131larda bulunarak, &#8220;Rakibin \u00e7\u0131kmas\u0131na izin vermeyin. M\u00fcmk\u00fcn oldu\u011funca hareketli olun, \u00e7abuk oynay\u0131n&#8221; ifadelerini kulland\u0131.<\/p>\n<p>Minik \u00f6\u011frencilerden oyunculara g\u00fcl<\/p>\n<p>Trabzonspor antrenman\u0131n\u0131 ziyaret eden ilkokul \u00f6\u011frencileri, antrenman \u00f6ncesi teknik heyet ve futbolculara Sevgilileri G\u00fcn\u00fc dolay\u0131s\u0131yla g\u00fcl verdi. Trabzonspor, Aytemiz Alanyaspor ma\u00e7\u0131 haz\u0131rl\u0131klar\u0131n\u0131 yar\u0131n bas\u0131na kapal\u0131 olarak ger\u00e7ekle\u015ftirece\u011fi \u00e7al\u0131\u015fmayla s\u00fcrd\u00fcrecek.<div class=\"tiled-gallery type-rectangular tiled-gallery-unresized\" data-original-width=\"500\" data-carousel-extra='null' itemscope itemtype=\"http:\/\/schema.org\/ImageGallery\" > <div class=\"gallery-row\" style=\"width: 500px; height: 217px;\" data-original-width=\"500\" data-original-height=\"217\" > <div class=\"gallery-group images-2\" style=\"width: 177px; height: 217px;\" data-original-width=\"177\" data-original-height=\"217\" > <div class=\"tiled-gallery-item tiled-gallery-item-small\" itemprop=\"associatedMedia\" itemscope itemtype=\"http:\/\/schema.org\/ImageObject\"> <a href=\"http:\/\/www.tvturk.com\/index.php\/trabzonspor-aytemiz-alanyaspor-maci-hazirliklarini-surdurdu\/trabzonspor-aytemiz-alanyaspor-maci-hazirliklarini-surdurdu-3\/\" border=\"0\" itemprop=\"url\"> <meta itemprop=\"width\" content=\"173\"> <meta itemprop=\"height\" content=\"94\"> <img decoding=\"async\" class=\"\" data-attachment-id=\"32767\" data-orig-file=\"http:\/\/www.tvturk.com\/wp-content\/uploads\/2019\/02\/trabzonspor-aytemiz-alanyaspor-maci-hazirliklarini-surdurdu_59e8386.jpg\" data-orig-size=\"1000,543\" data-comments-opened=\"\" data-image-meta=\"{&quot;aperture&quot;:&quot;0&quot;,&quot;credit&quot;:&quot;IHA&quot;,&quot;camera&quot;:&quot;&quot;,&quot;caption&quot;:&quot;TRABZONSPOR TEKN\\u0130K HEYET\\u0130 VE FUTBOLCULAR, TES\\u0130SLER\\u0130 Z\\u0130YARET EDEN \\u00d6\\u011eRENC\\u0130LERLE FOTO\\u011eRAF \\u00c7EKT\\u0130RD\\u0130. (G\\u00d6KMEN \\u015eAH\\u0130N\\\/TRABZON-\\u0130HA)&quot;,&quot;created_timestamp&quot;:&quot;0&quot;,&quot;copyright&quot;:&quot;\\u0130HLAS HABER AJANSI, www.iha.com.tr&quot;,&quot;focal_length&quot;:&quot;0&quot;,&quot;iso&quot;:&quot;0&quot;,&quot;shutter_speed&quot;:&quot;0&quot;,&quot;title&quot;:&quot;TRABZONSPOR, AYTEM\\u0130Z ALANYASPOR MA\\u00c7I HAZIRLIKLARINI S\\u00dcRD\\u00dcRD\\u00dc&quot;,&quot;orientation&quot;:&quot;0&quot;}\" data-image-title=\"Trabzonspor, Aytemiz Alanyaspor ma\u00e7\u0131 haz\u0131rl\u0131klar\u0131n\u0131 s\u00fcrd\u00fcrd\u00fc\" data-image-description=\"&lt;p&gt;Trabzonspor, Aytemiz Alanyaspor ma\u00e7\u0131 haz\u0131rl\u0131klar\u0131n\u0131 s\u00fcrd\u00fcrd\u00fc&lt;\/p&gt; \" data-medium-file=\"https:\/\/i0.wp.com\/www.tvturk.com\/wp-content\/uploads\/2019\/02\/trabzonspor-aytemiz-alanyaspor-maci-hazirliklarini-surdurdu_59e8386.jpg?fit=300%2C163\" data-large-file=\"https:\/\/i0.wp.com\/www.tvturk.com\/wp-content\/uploads\/2019\/02\/trabzonspor-aytemiz-alanyaspor-maci-hazirliklarini-surdurdu_59e8386.jpg?fit=1000%2C543\" src=\"https:\/\/i0.wp.com\/www.tvturk.com\/wp-content\/uploads\/2019\/02\/trabzonspor-aytemiz-alanyaspor-maci-hazirliklarini-surdurdu_59e8386.jpg?w=173&#038;h=94\" srcset=\"https:\/\/i0.wp.com\/www.tvturk.com\/wp-content\/uploads\/2019\/02\/trabzonspor-aytemiz-alanyaspor-maci-hazirliklarini-surdurdu_59e8386.jpg?w=1000 1000w, https:\/\/i0.wp.com\/www.tvturk.com\/wp-content\/uploads\/2019\/02\/trabzonspor-aytemiz-alanyaspor-maci-hazirliklarini-surdurdu_59e8386.jpg?resize=150%2C81 150w, https:\/\/i0.wp.com\/www.tvturk.com\/wp-content\/uploads\/2019\/02\/trabzonspor-aytemiz-alanyaspor-maci-hazirliklarini-surdurdu_59e8386.jpg?resize=300%2C163 300w, https:\/\/i0.wp.com\/www.tvturk.com\/wp-content\/uploads\/2019\/02\/trabzonspor-aytemiz-alanyaspor-maci-hazirliklarini-surdurdu_59e8386.jpg?resize=768%2C417 768w\" width=\"173\" height=\"94\" loading=\"lazy\" data-original-width=\"173\" data-original-height=\"94\" itemprop=\"http:\/\/schema.org\/image\" title=\"Trabzonspor, Aytemiz Alanyaspor ma\u00e7\u0131 haz\u0131rl\u0131klar\u0131n\u0131 s\u00fcrd\u00fcrd\u00fc\" alt=\"Trabzonspor, Aytemiz Alanyaspor ma\u00e7\u0131 haz\u0131rl\u0131klar\u0131n\u0131 s\u00fcrd\u00fcrd\u00fc\" style=\"width: 173px; height: 94px;\" \/> <\/a> <\/div> <div class=\"tiled-gallery-item tiled-gallery-item-small\" itemprop=\"associatedMedia\" itemscope itemtype=\"http:\/\/schema.org\/ImageObject\"> <a href=\"http:\/\/www.tvturk.com\/index.php\/trabzonspor-aytemiz-alanyaspor-maci-hazirliklarini-surdurdu\/trabzonspor-aytemiz-alanyaspor-maci-hazirliklarini-surdurdu-4\/\" border=\"0\" itemprop=\"url\"> <meta itemprop=\"width\" content=\"173\"> <meta itemprop=\"height\" content=\"115\"> <img decoding=\"async\" class=\"\" data-attachment-id=\"32768\" data-orig-file=\"http:\/\/www.tvturk.com\/wp-content\/uploads\/2019\/02\/trabzonspor-aytemiz-alanyaspor-maci-hazirliklarini-surdurdu_90b4568.jpg\" data-orig-size=\"1000,666\" data-comments-opened=\"\" data-image-meta=\"{&quot;aperture&quot;:&quot;0&quot;,&quot;credit&quot;:&quot;IHA&quot;,&quot;camera&quot;:&quot;&quot;,&quot;caption&quot;:&quot;TRABZONSPOR, SPOR TOTO S\\u00dcPER L\\u0130G\\u0027\\u0130N 22. HAFTASINDA SAHASINDA OYNAYACA\\u011eI AYTEM\\u0130Z ALANYASPOR MA\\u00c7I HAZIRLIKLARINI S\\u00dcRD\\u00dcRD\\u00dc. (G\\u00d6KMEN \\u015eAH\\u0130N\\\/TRABZON-\\u0130HA)&quot;,&quot;created_timestamp&quot;:&quot;0&quot;,&quot;copyright&quot;:&quot;\\u0130HLAS HABER AJANSI, www.iha.com.tr&quot;,&quot;focal_length&quot;:&quot;0&quot;,&quot;iso&quot;:&quot;0&quot;,&quot;shutter_speed&quot;:&quot;0&quot;,&quot;title&quot;:&quot;TRABZONSPOR, AYTEM\\u0130Z ALANYASPOR MA\\u00c7I HAZIRLIKLARINI S\\u00dcRD\\u00dcRD\\u00dc&quot;,&quot;orientation&quot;:&quot;0&quot;}\" data-image-title=\"Trabzonspor, Aytemiz Alanyaspor ma\u00e7\u0131 haz\u0131rl\u0131klar\u0131n\u0131 s\u00fcrd\u00fcrd\u00fc\" data-image-description=\"&lt;p&gt;Trabzonspor, Aytemiz Alanyaspor ma\u00e7\u0131 haz\u0131rl\u0131klar\u0131n\u0131 s\u00fcrd\u00fcrd\u00fc&lt;\/p&gt; \" data-medium-file=\"https:\/\/i0.wp.com\/www.tvturk.com\/wp-content\/uploads\/2019\/02\/trabzonspor-aytemiz-alanyaspor-maci-hazirliklarini-surdurdu_90b4568.jpg?fit=300%2C200\" data-large-file=\"https:\/\/i0.wp.com\/www.tvturk.com\/wp-content\/uploads\/2019\/02\/trabzonspor-aytemiz-alanyaspor-maci-hazirliklarini-surdurdu_90b4568.jpg?fit=1000%2C666\" src=\"https:\/\/i0.wp.com\/www.tvturk.com\/wp-content\/uploads\/2019\/02\/trabzonspor-aytemiz-alanyaspor-maci-hazirliklarini-surdurdu_90b4568.jpg?w=173&#038;h=115\" srcset=\"https:\/\/i0.wp.com\/www.tvturk.com\/wp-content\/uploads\/2019\/02\/trabzonspor-aytemiz-alanyaspor-maci-hazirliklarini-surdurdu_90b4568.jpg?w=1000 1000w, https:\/\/i0.wp.com\/www.tvturk.com\/wp-content\/uploads\/2019\/02\/trabzonspor-aytemiz-alanyaspor-maci-hazirliklarini-surdurdu_90b4568.jpg?resize=150%2C100 150w, https:\/\/i0.wp.com\/www.tvturk.com\/wp-content\/uploads\/2019\/02\/trabzonspor-aytemiz-alanyaspor-maci-hazirliklarini-surdurdu_90b4568.jpg?resize=300%2C200 300w, https:\/\/i0.wp.com\/www.tvturk.com\/wp-content\/uploads\/2019\/02\/trabzonspor-aytemiz-alanyaspor-maci-hazirliklarini-surdurdu_90b4568.jpg?resize=768%2C511 768w, https:\/\/i0.wp.com\/www.tvturk.com\/wp-content\/uploads\/2019\/02\/trabzonspor-aytemiz-alanyaspor-maci-hazirliklarini-surdurdu_90b4568.jpg?resize=170%2C113 170w, https:\/\/i0.wp.com\/www.tvturk.com\/wp-content\/uploads\/2019\/02\/trabzonspor-aytemiz-alanyaspor-maci-hazirliklarini-surdurdu_90b4568.jpg?resize=120%2C80 120w\" width=\"173\" height=\"115\" loading=\"lazy\" data-original-width=\"173\" data-original-height=\"115\" itemprop=\"http:\/\/schema.org\/image\" title=\"Trabzonspor, Aytemiz Alanyaspor ma\u00e7\u0131 haz\u0131rl\u0131klar\u0131n\u0131 s\u00fcrd\u00fcrd\u00fc\" alt=\"Trabzonspor, Aytemiz Alanyaspor ma\u00e7\u0131 haz\u0131rl\u0131klar\u0131n\u0131 s\u00fcrd\u00fcrd\u00fc\" style=\"width: 173px; height: 115px;\" \/> <\/a> <\/div> <\/div> <!-- close group --> <div class=\"gallery-group images-1\" style=\"width: 323px; height: 217px;\" data-original-width=\"323\" data-original-height=\"217\" > <div class=\"tiled-gallery-item tiled-gallery-item-large\" itemprop=\"associatedMedia\" itemscope itemtype=\"http:\/\/schema.org\/ImageObject\"> <a href=\"http:\/\/www.tvturk.com\/index.php\/trabzonspor-aytemiz-alanyaspor-maci-hazirliklarini-surdurdu\/trabzonspor-aytemiz-alanyaspor-maci-hazirliklarini-surdurdu-5\/\" border=\"0\" itemprop=\"url\"> <meta itemprop=\"width\" content=\"319\"> <meta itemprop=\"height\" content=\"213\"> <img decoding=\"async\" class=\"\" data-attachment-id=\"32769\" data-orig-file=\"http:\/\/www.tvturk.com\/wp-content\/uploads\/2019\/02\/trabzonspor-aytemiz-alanyaspor-maci-hazirliklarini-surdurdu_e96fcc4.jpg\" data-orig-size=\"1000,666\" data-comments-opened=\"\" data-image-meta=\"{&quot;aperture&quot;:&quot;0&quot;,&quot;credit&quot;:&quot;IHA&quot;,&quot;camera&quot;:&quot;&quot;,&quot;caption&quot;:&quot;TRABZONSPOR, SPOR TOTO S\\u00dcPER L\\u0130G\\u0027\\u0130N 22. HAFTASINDA SAHASINDA OYNAYACA\\u011eI AYTEM\\u0130Z ALANYASPOR MA\\u00c7I HAZIRLIKLARINI TEKN\\u0130K D\\u0130REKT\\u00d6R \\u00dcNAL KARAMAN Y\\u00d6NET\\u0130M\\u0130NDE YAPTI\\u011eI \\u00c7ALI\\u015eMAYLA S\\u00dcRD\\u00dcRD\\u00dc. (G\\u00d6KMEN \\u015eAH\\u0130N\\\/TRABZON-\\u0130HA)&quot;,&quot;created_timestamp&quot;:&quot;0&quot;,&quot;copyright&quot;:&quot;\\u0130HLAS HABER AJANSI, www.iha.com.tr&quot;,&quot;focal_length&quot;:&quot;0&quot;,&quot;iso&quot;:&quot;0&quot;,&quot;shutter_speed&quot;:&quot;0&quot;,&quot;title&quot;:&quot;TRABZONSPOR, AYTEM\\u0130Z ALANYASPOR MA\\u00c7I HAZIRLIKLARINI S\\u00dcRD\\u00dcRD\\u00dc&quot;,&quot;orientation&quot;:&quot;0&quot;}\" data-image-title=\"Trabzonspor, Aytemiz Alanyaspor ma\u00e7\u0131 haz\u0131rl\u0131klar\u0131n\u0131 s\u00fcrd\u00fcrd\u00fc\" data-image-description=\"&lt;p&gt;Trabzonspor, Aytemiz Alanyaspor ma\u00e7\u0131 haz\u0131rl\u0131klar\u0131n\u0131 s\u00fcrd\u00fcrd\u00fc&lt;\/p&gt; \" data-medium-file=\"https:\/\/i0.wp.com\/www.tvturk.com\/wp-content\/uploads\/2019\/02\/trabzonspor-aytemiz-alanyaspor-maci-hazirliklarini-surdurdu_e96fcc4.jpg?fit=300%2C200\" data-large-file=\"https:\/\/i0.wp.com\/www.tvturk.com\/wp-content\/uploads\/2019\/02\/trabzonspor-aytemiz-alanyaspor-maci-hazirliklarini-surdurdu_e96fcc4.jpg?fit=1000%2C666\" src=\"https:\/\/i0.wp.com\/www.tvturk.com\/wp-content\/uploads\/2019\/02\/trabzonspor-aytemiz-alanyaspor-maci-hazirliklarini-surdurdu_e96fcc4.jpg?w=319&#038;h=213\" srcset=\"https:\/\/i0.wp.com\/www.tvturk.com\/wp-content\/uploads\/2019\/02\/trabzonspor-aytemiz-alanyaspor-maci-hazirliklarini-surdurdu_e96fcc4.jpg?w=1000 1000w, https:\/\/i0.wp.com\/www.tvturk.com\/wp-content\/uploads\/2019\/02\/trabzonspor-aytemiz-alanyaspor-maci-hazirliklarini-surdurdu_e96fcc4.jpg?resize=150%2C100 150w, https:\/\/i0.wp.com\/www.tvturk.com\/wp-content\/uploads\/2019\/02\/trabzonspor-aytemiz-alanyaspor-maci-hazirliklarini-surdurdu_e96fcc4.jpg?resize=300%2C200 300w, https:\/\/i0.wp.com\/www.tvturk.com\/wp-content\/uploads\/2019\/02\/trabzonspor-aytemiz-alanyaspor-maci-hazirliklarini-surdurdu_e96fcc4.jpg?resize=768%2C511 768w, https:\/\/i0.wp.com\/www.tvturk.com\/wp-content\/uploads\/2019\/02\/trabzonspor-aytemiz-alanyaspor-maci-hazirliklarini-surdurdu_e96fcc4.jpg?resize=170%2C113 170w, https:\/\/i0.wp.com\/www.tvturk.com\/wp-content\/uploads\/2019\/02\/trabzonspor-aytemiz-alanyaspor-maci-hazirliklarini-surdurdu_e96fcc4.jpg?resize=120%2C80 120w\" width=\"319\" height=\"213\" loading=\"lazy\" data-original-width=\"319\" data-original-height=\"213\" itemprop=\"http:\/\/schema.org\/image\" title=\"Trabzonspor, Aytemiz Alanyaspor ma\u00e7\u0131 haz\u0131rl\u0131klar\u0131n\u0131 s\u00fcrd\u00fcrd\u00fc\" alt=\"Trabzonspor, Aytemiz Alanyaspor ma\u00e7\u0131 haz\u0131rl\u0131klar\u0131n\u0131 s\u00fcrd\u00fcrd\u00fc\" style=\"width: 319px; height: 213px;\" \/> <\/a> <\/div> <\/div> <!-- close group --> <\/div> <!-- close row --> <div class=\"gallery-row\" style=\"width: 500px; height: 257px;\" data-original-width=\"500\" data-original-height=\"257\" > <div class=\"gallery-group images-1\" style=\"width: 360px; height: 257px;\" data-original-width=\"360\" data-original-height=\"257\" > <div class=\"tiled-gallery-item tiled-gallery-item-large\" itemprop=\"associatedMedia\" itemscope itemtype=\"http:\/\/schema.org\/ImageObject\"> <a href=\"http:\/\/www.tvturk.com\/index.php\/trabzonspor-aytemiz-alanyaspor-maci-hazirliklarini-surdurdu\/trabzonspor-aytemiz-alanyaspor-maci-hazirliklarini-surdurdu-6\/\" border=\"0\" itemprop=\"url\"> <meta itemprop=\"width\" content=\"356\"> <meta itemprop=\"height\" content=\"253\"> <img decoding=\"async\" class=\"\" data-attachment-id=\"32770\" data-orig-file=\"http:\/\/www.tvturk.com\/wp-content\/uploads\/2019\/02\/trabzonspor-aytemiz-alanyaspor-maci-hazirliklarini-surdurdu_22cb4a5.jpg\" data-orig-size=\"1000,710\" data-comments-opened=\"\" data-image-meta=\"{&quot;aperture&quot;:&quot;0&quot;,&quot;credit&quot;:&quot;IHA&quot;,&quot;camera&quot;:&quot;&quot;,&quot;caption&quot;:&quot;TRABZONSPOR, SPOR TOTO S\\u00dcPER L\\u0130G\\u0027\\u0130N 22. HAFTASINDA SAHASINDA OYNAYACA\\u011eI AYTEM\\u0130Z ALANYASPOR MA\\u00c7I HAZIRLIKLARINI S\\u00dcRD\\u00dcRD\\u00dc. (G\\u00d6KMEN \\u015eAH\\u0130N\\\/TRABZON-\\u0130HA)&quot;,&quot;created_timestamp&quot;:&quot;0&quot;,&quot;copyright&quot;:&quot;\\u0130HLAS HABER AJANSI, www.iha.com.tr&quot;,&quot;focal_length&quot;:&quot;0&quot;,&quot;iso&quot;:&quot;0&quot;,&quot;shutter_speed&quot;:&quot;0&quot;,&quot;title&quot;:&quot;TRABZONSPOR, AYTEM\\u0130Z ALANYASPOR MA\\u00c7I HAZIRLIKLARINI S\\u00dcRD\\u00dcRD\\u00dc&quot;,&quot;orientation&quot;:&quot;0&quot;}\" data-image-title=\"Trabzonspor, Aytemiz Alanyaspor ma\u00e7\u0131 haz\u0131rl\u0131klar\u0131n\u0131 s\u00fcrd\u00fcrd\u00fc\" data-image-description=\"&lt;p&gt;Trabzonspor, Aytemiz Alanyaspor ma\u00e7\u0131 haz\u0131rl\u0131klar\u0131n\u0131 s\u00fcrd\u00fcrd\u00fc&lt;\/p&gt; \" data-medium-file=\"https:\/\/i0.wp.com\/www.tvturk.com\/wp-content\/uploads\/2019\/02\/trabzonspor-aytemiz-alanyaspor-maci-hazirliklarini-surdurdu_22cb4a5.jpg?fit=300%2C213\" data-large-file=\"https:\/\/i0.wp.com\/www.tvturk.com\/wp-content\/uploads\/2019\/02\/trabzonspor-aytemiz-alanyaspor-maci-hazirliklarini-surdurdu_22cb4a5.jpg?fit=1000%2C710\" src=\"https:\/\/i0.wp.com\/www.tvturk.com\/wp-content\/uploads\/2019\/02\/trabzonspor-aytemiz-alanyaspor-maci-hazirliklarini-surdurdu_22cb4a5.jpg?w=356&#038;h=253\" srcset=\"https:\/\/i0.wp.com\/www.tvturk.com\/wp-content\/uploads\/2019\/02\/trabzonspor-aytemiz-alanyaspor-maci-hazirliklarini-surdurdu_22cb4a5.jpg?w=1000 1000w, https:\/\/i0.wp.com\/www.tvturk.com\/wp-content\/uploads\/2019\/02\/trabzonspor-aytemiz-alanyaspor-maci-hazirliklarini-surdurdu_22cb4a5.jpg?resize=150%2C107 150w, https:\/\/i0.wp.com\/www.tvturk.com\/wp-content\/uploads\/2019\/02\/trabzonspor-aytemiz-alanyaspor-maci-hazirliklarini-surdurdu_22cb4a5.jpg?resize=300%2C213 300w, https:\/\/i0.wp.com\/www.tvturk.com\/wp-content\/uploads\/2019\/02\/trabzonspor-aytemiz-alanyaspor-maci-hazirliklarini-surdurdu_22cb4a5.jpg?resize=768%2C545 768w\" width=\"356\" height=\"253\" loading=\"lazy\" data-original-width=\"356\" data-original-height=\"253\" itemprop=\"http:\/\/schema.org\/image\" title=\"Trabzonspor, Aytemiz Alanyaspor ma\u00e7\u0131 haz\u0131rl\u0131klar\u0131n\u0131 s\u00fcrd\u00fcrd\u00fc\" alt=\"Trabzonspor, Aytemiz Alanyaspor ma\u00e7\u0131 haz\u0131rl\u0131klar\u0131n\u0131 s\u00fcrd\u00fcrd\u00fc\" style=\"width: 356px; height: 253px;\" \/> <\/a> <\/div> <\/div> <!-- close group --> <div class=\"gallery-group images-2\" style=\"width: 140px; height: 257px;\" data-original-width=\"140\" data-original-height=\"257\" > <div class=\"tiled-gallery-item tiled-gallery-item-small\" itemprop=\"associatedMedia\" itemscope itemtype=\"http:\/\/schema.org\/ImageObject\"> <a href=\"http:\/\/www.tvturk.com\/index.php\/trabzonspor-aytemiz-alanyaspor-maci-hazirliklarini-surdurdu\/trabzonspor-aytemiz-alanyaspor-maci-hazirliklarini-surdurdu-7\/\" border=\"0\" itemprop=\"url\"> <meta itemprop=\"width\" content=\"136\"> <meta itemprop=\"height\" content=\"129\"> <img decoding=\"async\" class=\"\" data-attachment-id=\"32771\" data-orig-file=\"http:\/\/www.tvturk.com\/wp-content\/uploads\/2019\/02\/trabzonspor-aytemiz-alanyaspor-maci-hazirliklarini-surdurdu_eb15875.jpg\" data-orig-size=\"1000,947\" data-comments-opened=\"\" data-image-meta=\"{&quot;aperture&quot;:&quot;0&quot;,&quot;credit&quot;:&quot;IHA&quot;,&quot;camera&quot;:&quot;&quot;,&quot;caption&quot;:&quot;TRABZONSPOR, SPOR TOTO S\\u00dcPER L\\u0130G\\u0027\\u0130N 22. HAFTASINDA SAHASINDA OYNAYACA\\u011eI AYTEM\\u0130Z ALANYASPOR MA\\u00c7ININ HAZIRLIKLARINI S\\u00dcRD\\u00dcRD\\u00dc. (G\\u00d6KMEN \\u015eAH\\u0130N\\\/TRABZON-\\u0130HA)&quot;,&quot;created_timestamp&quot;:&quot;0&quot;,&quot;copyright&quot;:&quot;\\u0130HLAS HABER AJANSI, www.iha.com.tr&quot;,&quot;focal_length&quot;:&quot;0&quot;,&quot;iso&quot;:&quot;0&quot;,&quot;shutter_speed&quot;:&quot;0&quot;,&quot;title&quot;:&quot;TRABZONSPOR, AYTEM\\u0130Z ALANYASPOR MA\\u00c7I HAZIRLIKLARINI S\\u00dcRD\\u00dcRD\\u00dc&quot;,&quot;orientation&quot;:&quot;0&quot;}\" data-image-title=\"Trabzonspor, Aytemiz Alanyaspor ma\u00e7\u0131 haz\u0131rl\u0131klar\u0131n\u0131 s\u00fcrd\u00fcrd\u00fc\" data-image-description=\"&lt;p&gt;Trabzonspor, Aytemiz Alanyaspor ma\u00e7\u0131 haz\u0131rl\u0131klar\u0131n\u0131 s\u00fcrd\u00fcrd\u00fc&lt;\/p&gt; \" data-medium-file=\"https:\/\/i0.wp.com\/www.tvturk.com\/wp-content\/uploads\/2019\/02\/trabzonspor-aytemiz-alanyaspor-maci-hazirliklarini-surdurdu_eb15875.jpg?fit=300%2C284\" data-large-file=\"https:\/\/i0.wp.com\/www.tvturk.com\/wp-content\/uploads\/2019\/02\/trabzonspor-aytemiz-alanyaspor-maci-hazirliklarini-surdurdu_eb15875.jpg?fit=1000%2C947\" src=\"https:\/\/i0.wp.com\/www.tvturk.com\/wp-content\/uploads\/2019\/02\/trabzonspor-aytemiz-alanyaspor-maci-hazirliklarini-surdurdu_eb15875.jpg?w=136&#038;h=129\" srcset=\"https:\/\/i0.wp.com\/www.tvturk.com\/wp-content\/uploads\/2019\/02\/trabzonspor-aytemiz-alanyaspor-maci-hazirliklarini-surdurdu_eb15875.jpg?w=1000 1000w, https:\/\/i0.wp.com\/www.tvturk.com\/wp-content\/uploads\/2019\/02\/trabzonspor-aytemiz-alanyaspor-maci-hazirliklarini-surdurdu_eb15875.jpg?resize=150%2C142 150w, https:\/\/i0.wp.com\/www.tvturk.com\/wp-content\/uploads\/2019\/02\/trabzonspor-aytemiz-alanyaspor-maci-hazirliklarini-surdurdu_eb15875.jpg?resize=300%2C284 300w, https:\/\/i0.wp.com\/www.tvturk.com\/wp-content\/uploads\/2019\/02\/trabzonspor-aytemiz-alanyaspor-maci-hazirliklarini-surdurdu_eb15875.jpg?resize=768%2C727 768w\" width=\"136\" height=\"129\" loading=\"lazy\" data-original-width=\"136\" data-original-height=\"129\" itemprop=\"http:\/\/schema.org\/image\" title=\"Trabzonspor, Aytemiz Alanyaspor ma\u00e7\u0131 haz\u0131rl\u0131klar\u0131n\u0131 s\u00fcrd\u00fcrd\u00fc\" alt=\"Trabzonspor, Aytemiz Alanyaspor ma\u00e7\u0131 haz\u0131rl\u0131klar\u0131n\u0131 s\u00fcrd\u00fcrd\u00fc\" style=\"width: 136px; height: 129px;\" \/> <\/a> <\/div> <div class=\"tiled-gallery-item tiled-gallery-item-small\" itemprop=\"associatedMedia\" itemscope itemtype=\"http:\/\/schema.org\/ImageObject\"> <a href=\"http:\/\/www.tvturk.com\/index.php\/trabzonspor-aytemiz-alanyaspor-maci-hazirliklarini-surdurdu\/trabzonspor-aytemiz-alanyaspor-maci-hazirliklarini-surdurdu-8\/\" border=\"0\" itemprop=\"url\"> <meta itemprop=\"width\" content=\"136\"> <meta itemprop=\"height\" content=\"120\"> <img decoding=\"async\" class=\"\" data-attachment-id=\"32772\" data-orig-file=\"http:\/\/www.tvturk.com\/wp-content\/uploads\/2019\/02\/trabzonspor-aytemiz-alanyaspor-maci-hazirliklarini-surdurdu_cf8c531.jpg\" data-orig-size=\"1000,882\" data-comments-opened=\"\" data-image-meta=\"{&quot;aperture&quot;:&quot;0&quot;,&quot;credit&quot;:&quot;IHA&quot;,&quot;camera&quot;:&quot;&quot;,&quot;caption&quot;:&quot;TRABZONSPOR, SPOR TOTO S\\u00dcPER L\\u0130G\\u0027\\u0130N 22. HAFTASINDA SAHASINDA OYNAYACA\\u011eI AYTEM\\u0130Z ALANYASPOR MA\\u00c7ININ HAZIRLIKLARINI S\\u00dcRD\\u00dcRD\\u00dc. (G\\u00d6KMEN \\u015eAH\\u0130N\\\/TRABZON-\\u0130HA)&quot;,&quot;created_timestamp&quot;:&quot;0&quot;,&quot;copyright&quot;:&quot;\\u0130HLAS HABER AJANSI, www.iha.com.tr&quot;,&quot;focal_length&quot;:&quot;0&quot;,&quot;iso&quot;:&quot;0&quot;,&quot;shutter_speed&quot;:&quot;0&quot;,&quot;title&quot;:&quot;TRABZONSPOR, AYTEM\\u0130Z ALANYASPOR MA\\u00c7I HAZIRLIKLARINI S\\u00dcRD\\u00dcRD\\u00dc&quot;,&quot;orientation&quot;:&quot;0&quot;}\" data-image-title=\"Trabzonspor, Aytemiz Alanyaspor ma\u00e7\u0131 haz\u0131rl\u0131klar\u0131n\u0131 s\u00fcrd\u00fcrd\u00fc\" data-image-description=\"&lt;p&gt;Trabzonspor, Aytemiz Alanyaspor ma\u00e7\u0131 haz\u0131rl\u0131klar\u0131n\u0131 s\u00fcrd\u00fcrd\u00fc&lt;\/p&gt; \" data-medium-file=\"https:\/\/i0.wp.com\/www.tvturk.com\/wp-content\/uploads\/2019\/02\/trabzonspor-aytemiz-alanyaspor-maci-hazirliklarini-surdurdu_cf8c531.jpg?fit=300%2C265\" data-large-file=\"https:\/\/i0.wp.com\/www.tvturk.com\/wp-content\/uploads\/2019\/02\/trabzonspor-aytemiz-alanyaspor-maci-hazirliklarini-surdurdu_cf8c531.jpg?fit=1000%2C882\" src=\"https:\/\/i0.wp.com\/www.tvturk.com\/wp-content\/uploads\/2019\/02\/trabzonspor-aytemiz-alanyaspor-maci-hazirliklarini-surdurdu_cf8c531.jpg?w=136&#038;h=120\" srcset=\"https:\/\/i0.wp.com\/www.tvturk.com\/wp-content\/uploads\/2019\/02\/trabzonspor-aytemiz-alanyaspor-maci-hazirliklarini-surdurdu_cf8c531.jpg?w=1000 1000w, https:\/\/i0.wp.com\/www.tvturk.com\/wp-content\/uploads\/2019\/02\/trabzonspor-aytemiz-alanyaspor-maci-hazirliklarini-surdurdu_cf8c531.jpg?resize=150%2C132 150w, https:\/\/i0.wp.com\/www.tvturk.com\/wp-content\/uploads\/2019\/02\/trabzonspor-aytemiz-alanyaspor-maci-hazirliklarini-surdurdu_cf8c531.jpg?resize=300%2C265 300w, https:\/\/i0.wp.com\/www.tvturk.com\/wp-content\/uploads\/2019\/02\/trabzonspor-aytemiz-alanyaspor-maci-hazirliklarini-surdurdu_cf8c531.jpg?resize=768%2C677 768w\" width=\"136\" height=\"120\" loading=\"lazy\" data-original-width=\"136\" data-original-height=\"120\" itemprop=\"http:\/\/schema.org\/image\" title=\"Trabzonspor, Aytemiz Alanyaspor ma\u00e7\u0131 haz\u0131rl\u0131klar\u0131n\u0131 s\u00fcrd\u00fcrd\u00fc\" alt=\"Trabzonspor, Aytemiz Alanyaspor ma\u00e7\u0131 haz\u0131rl\u0131klar\u0131n\u0131 s\u00fcrd\u00fcrd\u00fc\" style=\"width: 136px; height: 120px;\" \/> <\/a> <\/div> <\/div> <!-- close group --> <\/div> <!-- close row --> <div class=\"gallery-row\" style=\"width: 500px; height: 224px;\" data-original-width=\"500\" data-original-height=\"224\" > <div class=\"gallery-group images-1\" style=\"width: 306px; height: 224px;\" data-original-width=\"306\" data-original-height=\"224\" > <div class=\"tiled-gallery-item tiled-gallery-item-large\" itemprop=\"associatedMedia\" itemscope itemtype=\"http:\/\/schema.org\/ImageObject\"> <a href=\"http:\/\/www.tvturk.com\/index.php\/trabzonspor-aytemiz-alanyaspor-maci-hazirliklarini-surdurdu\/trabzonspor-aytemiz-alanyaspor-maci-hazirliklarini-surdurdu-9\/\" border=\"0\" itemprop=\"url\"> <meta itemprop=\"width\" content=\"302\"> <meta itemprop=\"height\" content=\"220\"> <img decoding=\"async\" class=\"\" data-attachment-id=\"32773\" data-orig-file=\"http:\/\/www.tvturk.com\/wp-content\/uploads\/2019\/02\/trabzonspor-aytemiz-alanyaspor-maci-hazirliklarini-surdurdu_a629b09.jpg\" data-orig-size=\"1000,731\" data-comments-opened=\"\" data-image-meta=\"{&quot;aperture&quot;:&quot;0&quot;,&quot;credit&quot;:&quot;IHA&quot;,&quot;camera&quot;:&quot;&quot;,&quot;caption&quot;:&quot;TRABZONSPOR, SPOR TOTO S\\u00dcPER L\\u0130G\\u0027\\u0130N 22. HAFTASINDA SAHASINDA OYNAYACA\\u011eI AYTEM\\u0130Z ALANYASPOR MA\\u00c7ININ HAZIRLIKLARINI S\\u00dcRD\\u00dcRD\\u00dc. (G\\u00d6KMEN \\u015eAH\\u0130N\\\/TRABZON-\\u0130HA)&quot;,&quot;created_timestamp&quot;:&quot;0&quot;,&quot;copyright&quot;:&quot;\\u0130HLAS HABER AJANSI, www.iha.com.tr&quot;,&quot;focal_length&quot;:&quot;0&quot;,&quot;iso&quot;:&quot;0&quot;,&quot;shutter_speed&quot;:&quot;0&quot;,&quot;title&quot;:&quot;TRABZONSPOR, AYTEM\\u0130Z ALANYASPOR MA\\u00c7I HAZIRLIKLARINI S\\u00dcRD\\u00dcRD\\u00dc&quot;,&quot;orientation&quot;:&quot;0&quot;}\" data-image-title=\"Trabzonspor, Aytemiz Alanyaspor ma\u00e7\u0131 haz\u0131rl\u0131klar\u0131n\u0131 s\u00fcrd\u00fcrd\u00fc\" data-image-description=\"&lt;p&gt;Trabzonspor, Aytemiz Alanyaspor ma\u00e7\u0131 haz\u0131rl\u0131klar\u0131n\u0131 s\u00fcrd\u00fcrd\u00fc&lt;\/p&gt; \" data-medium-file=\"https:\/\/i0.wp.com\/www.tvturk.com\/wp-content\/uploads\/2019\/02\/trabzonspor-aytemiz-alanyaspor-maci-hazirliklarini-surdurdu_a629b09.jpg?fit=300%2C219\" data-large-file=\"https:\/\/i0.wp.com\/www.tvturk.com\/wp-content\/uploads\/2019\/02\/trabzonspor-aytemiz-alanyaspor-maci-hazirliklarini-surdurdu_a629b09.jpg?fit=1000%2C731\" src=\"https:\/\/i0.wp.com\/www.tvturk.com\/wp-content\/uploads\/2019\/02\/trabzonspor-aytemiz-alanyaspor-maci-hazirliklarini-surdurdu_a629b09.jpg?w=302&#038;h=220\" srcset=\"https:\/\/i0.wp.com\/www.tvturk.com\/wp-content\/uploads\/2019\/02\/trabzonspor-aytemiz-alanyaspor-maci-hazirliklarini-surdurdu_a629b09.jpg?w=1000 1000w, https:\/\/i0.wp.com\/www.tvturk.com\/wp-content\/uploads\/2019\/02\/trabzonspor-aytemiz-alanyaspor-maci-hazirliklarini-surdurdu_a629b09.jpg?resize=150%2C110 150w, https:\/\/i0.wp.com\/www.tvturk.com\/wp-content\/uploads\/2019\/02\/trabzonspor-aytemiz-alanyaspor-maci-hazirliklarini-surdurdu_a629b09.jpg?resize=300%2C219 300w, https:\/\/i0.wp.com\/www.tvturk.com\/wp-content\/uploads\/2019\/02\/trabzonspor-aytemiz-alanyaspor-maci-hazirliklarini-surdurdu_a629b09.jpg?resize=768%2C561 768w\" width=\"302\" height=\"220\" loading=\"lazy\" data-original-width=\"302\" data-original-height=\"220\" itemprop=\"http:\/\/schema.org\/image\" title=\"Trabzonspor, Aytemiz Alanyaspor ma\u00e7\u0131 haz\u0131rl\u0131klar\u0131n\u0131 s\u00fcrd\u00fcrd\u00fc\" alt=\"Trabzonspor, Aytemiz Alanyaspor ma\u00e7\u0131 haz\u0131rl\u0131klar\u0131n\u0131 s\u00fcrd\u00fcrd\u00fc\" style=\"width: 302px; height: 220px;\" \/> <\/a> <\/div> <\/div> <!-- close group --> <div class=\"gallery-group images-1\" style=\"width: 194px; height: 224px;\" data-original-width=\"194\" data-original-height=\"224\" > <div class=\"tiled-gallery-item tiled-gallery-item-small\" itemprop=\"associatedMedia\" itemscope itemtype=\"http:\/\/schema.org\/ImageObject\"> <a href=\"http:\/\/www.tvturk.com\/index.php\/trabzonspor-aytemiz-alanyaspor-maci-hazirliklarini-surdurdu\/trabzonspor-aytemiz-alanyaspor-maci-hazirliklarini-surdurdu-10\/\" border=\"0\" itemprop=\"url\"> <meta itemprop=\"width\" content=\"190\"> <meta itemprop=\"height\" content=\"220\"> <img decoding=\"async\" class=\"\" data-attachment-id=\"32774\" data-orig-file=\"http:\/\/www.tvturk.com\/wp-content\/uploads\/2019\/02\/trabzonspor-aytemiz-alanyaspor-maci-hazirliklarini-surdurdu_995358e.jpg\" data-orig-size=\"864,1000\" data-comments-opened=\"\" data-image-meta=\"{&quot;aperture&quot;:&quot;0&quot;,&quot;credit&quot;:&quot;IHA&quot;,&quot;camera&quot;:&quot;&quot;,&quot;caption&quot;:&quot;K\\u00dc\\u00c7\\u00dcK \\u00d6\\u011eRENC\\u0130LER, TRABZONSPORLU FUTBOLCULARA G\\u00dcL VERD\\u0130. (G\\u00d6KMEN \\u015eAH\\u0130N\\\/TRABZON-\\u0130HA)&quot;,&quot;created_timestamp&quot;:&quot;0&quot;,&quot;copyright&quot;:&quot;\\u0130HLAS HABER AJANSI, www.iha.com.tr&quot;,&quot;focal_length&quot;:&quot;0&quot;,&quot;iso&quot;:&quot;0&quot;,&quot;shutter_speed&quot;:&quot;0&quot;,&quot;title&quot;:&quot;TRABZONSPOR, AYTEM\\u0130Z ALANYASPOR MA\\u00c7I HAZIRLIKLARINI S\\u00dcRD\\u00dcRD\\u00dc&quot;,&quot;orientation&quot;:&quot;0&quot;}\" data-image-title=\"Trabzonspor, Aytemiz Alanyaspor ma\u00e7\u0131 haz\u0131rl\u0131klar\u0131n\u0131 s\u00fcrd\u00fcrd\u00fc\" data-image-description=\"&lt;p&gt;Trabzonspor, Aytemiz Alanyaspor ma\u00e7\u0131 haz\u0131rl\u0131klar\u0131n\u0131 s\u00fcrd\u00fcrd\u00fc&lt;\/p&gt; \" data-medium-file=\"https:\/\/i0.wp.com\/www.tvturk.com\/wp-content\/uploads\/2019\/02\/trabzonspor-aytemiz-alanyaspor-maci-hazirliklarini-surdurdu_995358e.jpg?fit=259%2C300\" data-large-file=\"https:\/\/i0.wp.com\/www.tvturk.com\/wp-content\/uploads\/2019\/02\/trabzonspor-aytemiz-alanyaspor-maci-hazirliklarini-surdurdu_995358e.jpg?fit=864%2C1000\" src=\"https:\/\/i0.wp.com\/www.tvturk.com\/wp-content\/uploads\/2019\/02\/trabzonspor-aytemiz-alanyaspor-maci-hazirliklarini-surdurdu_995358e.jpg?w=190&#038;h=220\" srcset=\"https:\/\/i0.wp.com\/www.tvturk.com\/wp-content\/uploads\/2019\/02\/trabzonspor-aytemiz-alanyaspor-maci-hazirliklarini-surdurdu_995358e.jpg?w=864 864w, https:\/\/i0.wp.com\/www.tvturk.com\/wp-content\/uploads\/2019\/02\/trabzonspor-aytemiz-alanyaspor-maci-hazirliklarini-surdurdu_995358e.jpg?resize=130%2C150 130w, https:\/\/i0.wp.com\/www.tvturk.com\/wp-content\/uploads\/2019\/02\/trabzonspor-aytemiz-alanyaspor-maci-hazirliklarini-surdurdu_995358e.jpg?resize=259%2C300 259w, https:\/\/i0.wp.com\/www.tvturk.com\/wp-content\/uploads\/2019\/02\/trabzonspor-aytemiz-alanyaspor-maci-hazirliklarini-surdurdu_995358e.jpg?resize=768%2C889 768w\" width=\"190\" height=\"220\" loading=\"lazy\" data-original-width=\"190\" data-original-height=\"220\" itemprop=\"http:\/\/schema.org\/image\" title=\"Trabzonspor, Aytemiz Alanyaspor ma\u00e7\u0131 haz\u0131rl\u0131klar\u0131n\u0131 s\u00fcrd\u00fcrd\u00fc\" alt=\"Trabzonspor, Aytemiz Alanyaspor ma\u00e7\u0131 haz\u0131rl\u0131klar\u0131n\u0131 s\u00fcrd\u00fcrd\u00fc\" style=\"width: 190px; height: 220px;\" \/> <\/a> <\/div> <\/div> <!-- close group --> <\/div> <!-- close row --> <\/div><\/p>\n","protected":false},"excerpt":{"rendered":"<p>TRABZONSPOR TEKN\u0130K HEYET\u0130 VE FUTBOLCULAR, TES\u0130SLER\u0130 Z\u0130YARET EDEN \u00d6\u011eRENC\u0130LERLE FOTO\u011eRAF \u00c7EKT\u0130RD\u0130.<\/p>\n","protected":false},"author":1,"featured_media":32766,"comment_status":"closed","ping_status":"open","sticky":false,"template":"","format":"standard","meta":{"jetpack_post_was_ever_published":false,"_jetpack_newsletter_access":"","_jetpack_dont_email_post_to_subs":false,"_jetpack_newsletter_tier_id":0,"_jetpack_memberships_contains_paywalled_content":false,"_jetpack_memberships_contains_paid_content":false,"footnotes":"","jetpack_publicize_message":"","jetpack_publicize_feature_enabled":true,"jetpack_social_post_already_shared":false,"jetpack_social_options":{"image_generator_settings":{"template":"highway","default_image_id":0,"font":"","enabled":false},"version":2}},"categories":[657],"tags":[6138,8574,2628,777,2629,916],"class_list":["post-32765","post","type-post","status-publish","format-standard","has-post-thumbnail","hentry","category-spor","tag-alanyaspor","tag-aytemiz","tag-hazirliklarini","tag-maci","tag-surdurdu","tag-trabzonspor"],"jetpack_publicize_connections":[],"jetpack_featured_media_url":"https:\/\/i0.wp.com\/www.tvturk.com\/wp-content\/uploads\/2019\/02\/trabzonspor-aytemiz-alanyaspor-maci-hazirliklarini-surdurdu_bc7b2c0.jpg?fit=1000%2C421","jetpack_sharing_enabled":true,"jetpack_shortlink":"https:\/\/wp.me\/paKIfm-8wt","_links":{"self":[{"href":"http:\/\/www.tvturk.com\/index.php\/wp-json\/wp\/v2\/posts\/32765","targetHints":{"allow":["GET"]}}],"collection":[{"href":"http:\/\/www.tvturk.com\/index.php\/wp-json\/wp\/v2\/posts"}],"about":[{"href":"http:\/\/www.tvturk.com\/index.php\/wp-json\/wp\/v2\/types\/post"}],"author":[{"embeddable":true,"href":"http:\/\/www.tvturk.com\/index.php\/wp-json\/wp\/v2\/users\/1"}],"replies":[{"embeddable":true,"href":"http:\/\/www.tvturk.com\/index.php\/wp-json\/wp\/v2\/comments?post=32765"}],"version-history":[{"count":1,"href":"http:\/\/www.tvturk.com\/index.php\/wp-json\/wp\/v2\/posts\/32765\/revisions"}],"predecessor-version":[{"id":32775,"href":"http:\/\/www.tvturk.com\/index.php\/wp-json\/wp\/v2\/posts\/32765\/revisions\/32775"}],"wp:featuredmedia":[{"embeddable":true,"href":"http:\/\/www.tvturk.com\/index.php\/wp-json\/wp\/v2\/media\/32766"}],"wp:attachment":[{"href":"http:\/\/www.tvturk.com\/index.php\/wp-json\/wp\/v2\/media?parent=32765"}],"wp:term":[{"taxonomy":"category","embeddable":true,"href":"http:\/\/www.tvturk.com\/index.php\/wp-json\/wp\/v2\/categories?post=32765"},{"taxonomy":"post_tag","embeddable":true,"href":"http:\/\/www.tvturk.com\/index.php\/wp-json\/wp\/v2\/tags?post=32765"}],"curies":[{"name":"wp","href":"https:\/\/api.w.org\/{rel}","templated":true}]}}