{"id":32817,"date":"2019-02-14T16:01:33","date_gmt":"2019-02-14T13:01:33","guid":{"rendered":"http:\/\/www.tvturk.com\/index.php\/belediyenin-tiyatro-ekibi-belgeselde-rol-aldi\/"},"modified":"2019-02-14T16:01:34","modified_gmt":"2019-02-14T13:01:34","slug":"belediyenin-tiyatro-ekibi-belgeselde-rol-aldi","status":"publish","type":"post","link":"http:\/\/www.tvturk.com\/index.php\/belediyenin-tiyatro-ekibi-belgeselde-rol-aldi\/","title":{"rendered":"Belediyenin tiyatro ekibi belgeselde rol ald\u0131"},"content":{"rendered":"<p>Bitlis Belediyesinin tiyatro ekibi oyuncular\u0131, &#8220;Kardan M\u00fcrekkep&#8221; adl\u0131 belgeselin \u00e7ekiminde rol ald\u0131.<\/p>\n<p>Bitlis Belediyesi K\u00fclt\u00fcr ve Sosyal \u0130\u015fler M\u00fcd\u00fcrl\u00fc\u011f\u00fc b\u00fcnyesinde olu\u015fturulan 13 ki\u015filik tiyatro ekibi, TRT \u0130\u00e7 Yap\u0131mlar Koordinat\u00f6rl\u00fc\u011f\u00fcn\u00fcn deste\u011fiyle 1915 y\u0131l\u0131nda Rus ve Ermeni i\u015fgalinden ka\u00e7an muhacirlerin \u00e7ekti\u011fi zorluklarla ya\u015fad\u0131klar\u0131 ac\u0131lar\u0131n anlat\u0131ld\u0131\u011f\u0131 &#8220;Kardan M\u00fcrekkep&#8221; adl\u0131 belgeselin \u00e7ekiminde rol ald\u0131. Belediye b\u00fcnyesinde olu\u015fturulan ve \u00f6zellikle k\u00f6y \u00e7ocuklar\u0131na tiyatro ula\u015ft\u0131ran ekip, hava s\u0131cakl\u0131\u011f\u0131n\u0131n s\u0131f\u0131r\u0131n alt\u0131nda 10 derece \u00f6l\u00e7\u00fcld\u00fc\u011f\u00fc Rahva b\u00f6lgesinde \u00e7ekimleri yap\u0131lan belgeselde rol al\u0131yorlar.<div class=\"tiled-gallery type-rectangular tiled-gallery-unresized\" data-original-width=\"500\" data-carousel-extra='null' itemscope itemtype=\"http:\/\/schema.org\/ImageGallery\" > <div class=\"gallery-row\" style=\"width: 500px; height: 252px;\" data-original-width=\"500\" data-original-height=\"252\" > <div class=\"gallery-group images-1\" style=\"width: 500px; height: 252px;\" data-original-width=\"500\" data-original-height=\"252\" > <div class=\"tiled-gallery-item tiled-gallery-item-large\" itemprop=\"associatedMedia\" itemscope itemtype=\"http:\/\/schema.org\/ImageObject\"> <a href=\"http:\/\/www.tvturk.com\/index.php\/belediyenin-tiyatro-ekibi-belgeselde-rol-aldi\/belediyenin-tiyatro-ekibi-belgeselde-rol-aldi-3\/\" border=\"0\" itemprop=\"url\"> <meta itemprop=\"width\" content=\"496\"> <meta itemprop=\"height\" content=\"248\"> <img decoding=\"async\" class=\"\" data-attachment-id=\"32819\" data-orig-file=\"http:\/\/www.tvturk.com\/wp-content\/uploads\/2019\/02\/belediyenin-tiyatro-ekibi-belgeselde-rol-aldi_d813fd1.jpg\" data-orig-size=\"670,335\" data-comments-opened=\"\" data-image-meta=\"{&quot;aperture&quot;:&quot;0&quot;,&quot;credit&quot;:&quot;IHA&quot;,&quot;camera&quot;:&quot;&quot;,&quot;caption&quot;:&quot;B\\u0130TL\\u0130S BELED\\u0130YES\\u0130N\\u0130N T\\u0130YATRO EK\\u0130B\\u0130 OYUNCULARI, \\u0022KARDAN M\\u00dcREKKEP\\u0022 ADLI BELGESEL\\u0130N \\u00c7EK\\u0130M\\u0130NDE ROL ALDI. (VAH\\u0130T OLCAY\\\/B\\u0130TL\\u0130S-\\u0130HA)&quot;,&quot;created_timestamp&quot;:&quot;0&quot;,&quot;copyright&quot;:&quot;\\u0130HLAS HABER AJANSI, www.iha.com.tr&quot;,&quot;focal_length&quot;:&quot;0&quot;,&quot;iso&quot;:&quot;0&quot;,&quot;shutter_speed&quot;:&quot;0&quot;,&quot;title&quot;:&quot;BELED\\u0130YEN\\u0130N T\\u0130YATRO EK\\u0130B\\u0130 BELGESELDE ROL ALDI&quot;,&quot;orientation&quot;:&quot;1&quot;}\" data-image-title=\"Belediyenin tiyatro ekibi belgeselde rol ald\u0131\" data-image-description=\"&lt;p&gt;Belediyenin tiyatro ekibi belgeselde rol ald\u0131&lt;\/p&gt; \" data-medium-file=\"https:\/\/i0.wp.com\/www.tvturk.com\/wp-content\/uploads\/2019\/02\/belediyenin-tiyatro-ekibi-belgeselde-rol-aldi_d813fd1.jpg?fit=300%2C150\" data-large-file=\"https:\/\/i0.wp.com\/www.tvturk.com\/wp-content\/uploads\/2019\/02\/belediyenin-tiyatro-ekibi-belgeselde-rol-aldi_d813fd1.jpg?fit=670%2C335\" src=\"https:\/\/i0.wp.com\/www.tvturk.com\/wp-content\/uploads\/2019\/02\/belediyenin-tiyatro-ekibi-belgeselde-rol-aldi_d813fd1.jpg?w=496&#038;h=248\" srcset=\"https:\/\/i0.wp.com\/www.tvturk.com\/wp-content\/uploads\/2019\/02\/belediyenin-tiyatro-ekibi-belgeselde-rol-aldi_d813fd1.jpg?w=670 670w, https:\/\/i0.wp.com\/www.tvturk.com\/wp-content\/uploads\/2019\/02\/belediyenin-tiyatro-ekibi-belgeselde-rol-aldi_d813fd1.jpg?resize=150%2C75 150w, https:\/\/i0.wp.com\/www.tvturk.com\/wp-content\/uploads\/2019\/02\/belediyenin-tiyatro-ekibi-belgeselde-rol-aldi_d813fd1.jpg?resize=300%2C150 300w\" width=\"496\" height=\"248\" loading=\"lazy\" data-original-width=\"496\" data-original-height=\"248\" itemprop=\"http:\/\/schema.org\/image\" title=\"Belediyenin tiyatro ekibi belgeselde rol ald\u0131\" alt=\"Belediyenin tiyatro ekibi belgeselde rol ald\u0131\" style=\"width: 496px; height: 248px;\" \/> <\/a> <\/div> <\/div> <!-- close group --> <\/div> <!-- close row --> <\/div><\/p>\n","protected":false},"excerpt":{"rendered":"<p>B\u0130TL\u0130S BELED\u0130YES\u0130N\u0130N T\u0130YATRO EK\u0130B\u0130 OYUNCULARI, &#8220;KARDAN M\u00dcREKKEP&#8221; ADLI BELGESEL\u0130N \u00c7EK\u0130M\u0130NDE ROL ALDI.<\/p>\n","protected":false},"author":1,"featured_media":32818,"comment_status":"closed","ping_status":"open","sticky":false,"template":"","format":"standard","meta":{"jetpack_post_was_ever_published":false,"_jetpack_newsletter_access":"","_jetpack_dont_email_post_to_subs":false,"_jetpack_newsletter_tier_id":0,"_jetpack_memberships_contains_paywalled_content":false,"_jetpack_memberships_contains_paid_content":false,"footnotes":"","jetpack_publicize_message":"","jetpack_publicize_feature_enabled":true,"jetpack_social_post_already_shared":false,"jetpack_social_options":{"image_generator_settings":{"template":"highway","default_image_id":0,"font":"","enabled":false},"version":2}},"categories":[655],"tags":[1075,7904,12728,2948,5108,784],"class_list":["post-32817","post","type-post","status-publish","format-standard","has-post-thumbnail","hentry","category-son-dakika","tag-aldi","tag-belediyenin","tag-belgeselde","tag-ekibi","tag-rol","tag-tiyatro"],"jetpack_publicize_connections":[],"jetpack_featured_media_url":"https:\/\/i0.wp.com\/www.tvturk.com\/wp-content\/uploads\/2019\/02\/belediyenin-tiyatro-ekibi-belgeselde-rol-aldi_dd2a5d9.jpg?fit=1000%2C666","jetpack_sharing_enabled":true,"jetpack_shortlink":"https:\/\/wp.me\/paKIfm-8xj","_links":{"self":[{"href":"http:\/\/www.tvturk.com\/index.php\/wp-json\/wp\/v2\/posts\/32817","targetHints":{"allow":["GET"]}}],"collection":[{"href":"http:\/\/www.tvturk.com\/index.php\/wp-json\/wp\/v2\/posts"}],"about":[{"href":"http:\/\/www.tvturk.com\/index.php\/wp-json\/wp\/v2\/types\/post"}],"author":[{"embeddable":true,"href":"http:\/\/www.tvturk.com\/index.php\/wp-json\/wp\/v2\/users\/1"}],"replies":[{"embeddable":true,"href":"http:\/\/www.tvturk.com\/index.php\/wp-json\/wp\/v2\/comments?post=32817"}],"version-history":[{"count":1,"href":"http:\/\/www.tvturk.com\/index.php\/wp-json\/wp\/v2\/posts\/32817\/revisions"}],"predecessor-version":[{"id":32820,"href":"http:\/\/www.tvturk.com\/index.php\/wp-json\/wp\/v2\/posts\/32817\/revisions\/32820"}],"wp:featuredmedia":[{"embeddable":true,"href":"http:\/\/www.tvturk.com\/index.php\/wp-json\/wp\/v2\/media\/32818"}],"wp:attachment":[{"href":"http:\/\/www.tvturk.com\/index.php\/wp-json\/wp\/v2\/media?parent=32817"}],"wp:term":[{"taxonomy":"category","embeddable":true,"href":"http:\/\/www.tvturk.com\/index.php\/wp-json\/wp\/v2\/categories?post=32817"},{"taxonomy":"post_tag","embeddable":true,"href":"http:\/\/www.tvturk.com\/index.php\/wp-json\/wp\/v2\/tags?post=32817"}],"curies":[{"name":"wp","href":"https:\/\/api.w.org\/{rel}","templated":true}]}}