{"id":32992,"date":"2019-02-14T16:41:04","date_gmt":"2019-02-14T13:41:04","guid":{"rendered":"http:\/\/www.tvturk.com\/index.php\/van-gonulluleri-platformundan-yesil-alan-aciklamasi\/"},"modified":"2019-02-14T16:41:08","modified_gmt":"2019-02-14T13:41:08","slug":"van-gonulluleri-platformundan-yesil-alan-aciklamasi","status":"publish","type":"post","link":"http:\/\/www.tvturk.com\/index.php\/van-gonulluleri-platformundan-yesil-alan-aciklamasi\/","title":{"rendered":"Van G\u00f6n\u00fcll\u00fcleri Platformu\u2019ndan \u2018ye\u015fil alan\u2019 a\u00e7\u0131klamas\u0131"},"content":{"rendered":"<p>Van G\u00f6l\u00fc Aktivistleri Derne\u011fi \u00f6nc\u00fcl\u00fc\u011f\u00fcnde bir araya gelen Van G\u00f6n\u00fcll\u00fcleri Platformu, eski devlet hastanesi yerinin ye\u015fil alan olmas\u0131 i\u00e7in bir bas\u0131n a\u00e7\u0131klamas\u0131 yapt\u0131.<\/p>\n<p>Van G\u00f6l\u00fc Aktivistleri Derne\u011fi \u00f6nc\u00fcl\u00fc\u011f\u00fcnde eski devlet hastanesi arazisinin ye\u015fil alana d\u00f6n\u00fc\u015ft\u00fcr\u00fclmesi amac\u0131yla bir araya gelen ve aralar\u0131nda aktivist, sivil toplum kurulu\u015flar\u0131n\u0131n da bulundu\u011fu grup, Van Ticaret ve Sanayi Odas\u0131 (Van TSO) toplant\u0131 salonunda a\u00e7\u0131klama yapt\u0131. Eski devlet hastanesi ve Van\u2019daki ye\u015fil alanlara vurgu yap\u0131lan toplant\u0131da, yar\u0131n Van\u2019a gelecek olan \u00c7evre ve \u015eehircilik Bakan\u0131 Murat Kurum\u2019a da seslenen g\u00f6n\u00fcll\u00fcler, Van\u2019\u0131n ye\u015fil alanlar\u0131n\u0131n az oldu\u011fu vurgusu yapt\u0131.<\/p>\n<p>Toplant\u0131da bir konu\u015fma yapan Van G\u00f6l\u00fc Aktivistleri Derne\u011fi Ba\u015fkan\u0131 Erdo\u011fan \u00d6zel, \u201cBakan\u0131m\u0131za a\u00e7\u0131k \u00e7a\u011fr\u0131m\u0131zd\u0131r. Van\u2019da ye\u015fil alan sorunu var. L\u00fctfen bu sesimize kulak versinler. Van\u2019da sadece eski devlet hastanesi yeri de\u011fil, Ordu Evi yeri ve daha bir\u00e7ok alan\u0131n bu \u015fekilde ye\u015fil alan olmas\u0131 talebinde bulunuyoruz\u201d dedi.<\/p>\n<p>Yakla\u015f\u0131k 13 STK, 5 bas\u0131n mensubu ve 7 g\u00f6n\u00fcll\u00fc olmak \u00fczere toplam 25 ki\u015filik bir bile\u015fen olarak ye\u015fil alan \u00e7a\u011fr\u0131s\u0131 yapt\u0131klar\u0131n\u0131 dile getiren \u00d6zel,  \u201cVan, ye\u015fil alan konusunda olduk\u00e7a az bir miktara sahip. Geli\u015fmi\u015f bir \u015fehirde ki\u015fi ba\u015f\u0131na 10 metrekare ye\u015fil alan d\u00fc\u015ferken, Van\u2019da 1,7 metrekarelik bir ye\u015fil alan d\u00fc\u015f\u00fcyor. Biz burada bunu nas\u0131l art\u0131rabiliriz, bunun i\u00e7in bir araya geldik. Bu kapsamda 5 haftad\u0131r toplan\u0131yoruz. Eski devlet hastanesi yerinin sat\u0131lmamas\u0131 i\u00e7in bir araya geldik ve bu anlamda ciddi destekler ald\u0131k\u201d diye konu\u015ftu.<\/p>\n<p>\u201cSadece sat\u0131\u015ftan \u00e7\u0131kar\u0131lmas\u0131 yeterli de\u011fil\u201d<\/p>\n<p>Arazinin sat\u0131\u015ftan \u00e7\u0131kar\u0131ld\u0131\u011f\u0131na dikkat \u00e7eken Erdo\u011fan, konu\u015fmas\u0131n\u0131 \u015f\u00f6yle s\u00fcrd\u00fcrd\u00fc:<\/p>\n<p>\u201cArazi; olu\u015fturulan olu\u015fum ve bask\u0131lar sonucunda sat\u0131\u015ftan \u00e7\u0131kar\u0131ld\u0131. Ancak sadece sat\u0131\u015ftan \u00e7\u0131kar\u0131lmas\u0131 yeterli de\u011fil. Buran\u0131n ye\u015fil alan tahsisi gerekiyor. Ye\u015fil alan olarak tescillenmesi gerekiyor. Bu konuda da bu i\u015f Van B\u00fcy\u00fck\u015fehir Belediyesine d\u00fc\u015f\u00fcyor. Buradaki sivil olu\u015fumda biz \u015f\u00f6yle bir karar ald\u0131k. Hep birlikte biz belediyeye ba\u015fvural\u0131m ve belediye de bu alan\u0131 ye\u015fil alana \u00e7evirsin gibi bir karar ald\u0131k.\u201d<\/p>\n<p>Toplant\u0131ya kat\u0131lan Van \u015eof\u00f6rler Odas\u0131 Ba\u015fkan\u0131 Emin Tu\u011frul da, olu\u015fama destek verdiklerini s\u00f6yleyerek, \u201cEski devlet hastanesi yeri yetmez. Van\u2019da \u00e7ok say\u0131da bunun gibi alanlar var. Van\u2019\u0131n art\u0131k nefes almas\u0131 gerekiyor. Van\u2019\u0131n ye\u015fil alanlara, parklara ve bah\u00e7elere ihtiyac\u0131 var. Ben Van do\u011fumluyum ve y\u0131llard\u0131r Van\u2019da ya\u015f\u0131yoruz. Van\u2019\u0131n ge\u00e7mi\u015fi ile \u015fimdi ki hali aras\u0131nda \u00e7ok b\u00fcy\u00fck farklar var. Korkun\u00e7 derece betonla\u015fma var. Bizim \u00e7ocuklar\u0131m\u0131z art\u0131k resmen yar\u0131 a\u00e7\u0131k cezaevinde ya\u015f\u0131yorlar gibi bir hale b\u00fcr\u00fcnd\u00fc. Bu y\u00fczden sizin bu talebinizi destekliyoruz. Ayr\u0131ca Van\u2019da buna benzer alanlar\u0131n ye\u015fil alan olmas\u0131 i\u00e7in m\u00fccadelenize destek veriyoruz\u201d \u015feklinde konu\u015ftu.<div class=\"tiled-gallery type-rectangular tiled-gallery-unresized\" data-original-width=\"500\" data-carousel-extra='null' itemscope itemtype=\"http:\/\/schema.org\/ImageGallery\" > <div class=\"gallery-row\" style=\"width: 500px; height: 224px;\" data-original-width=\"500\" data-original-height=\"224\" > <div class=\"gallery-group images-1\" style=\"width: 334px; height: 224px;\" data-original-width=\"334\" data-original-height=\"224\" > <div class=\"tiled-gallery-item tiled-gallery-item-large\" itemprop=\"associatedMedia\" itemscope itemtype=\"http:\/\/schema.org\/ImageObject\"> <a href=\"http:\/\/www.tvturk.com\/index.php\/van-gonulluleri-platformundan-yesil-alan-aciklamasi\/van-gonulluleri-platformundan-yesil-alan-aciklamasi-3\/\" border=\"0\" itemprop=\"url\"> <meta itemprop=\"width\" content=\"330\"> <meta itemprop=\"height\" content=\"220\"> <img decoding=\"async\" class=\"\" data-attachment-id=\"32994\" data-orig-file=\"http:\/\/www.tvturk.com\/wp-content\/uploads\/2019\/02\/van-gonulluleri-platformundan-yesil-alan-aciklamasi_8270ffd.jpg\" data-orig-size=\"1000,666\" data-comments-opened=\"\" data-image-meta=\"{&quot;aperture&quot;:&quot;0&quot;,&quot;credit&quot;:&quot;IHA&quot;,&quot;camera&quot;:&quot;&quot;,&quot;caption&quot;:&quot;TOPLANTIDA B\\u0130R KONU\\u015eMA YAPAN VAN G\\u00d6L\\u00dc AKT\\u0130V\\u0130STLER\\u0130 DERNE\\u011e\\u0130 BA\\u015eKANI ERDO\\u011eAN \\u00d6ZEL, \\u201cBAKANIMIZA A\\u00c7IK \\u00c7A\\u011eRIMIZDIR. VAN\\u2019DA YE\\u015e\\u0130L ALAN SORUNU VAR. L\\u00dcTFEN BU SES\\u0130M\\u0130ZE KULAK VERS\\u0130NLER. VAN\\u2019DA SADECE ESK\\u0130 DEVLET HASTANES\\u0130 YER\\u0130 DE\\u011e\\u0130L, ORDU EV\\u0130 YER\\u0130 VE DAHA B\\u0130R\\u00c7OK ALANIN BU \\u015eEK\\u0130LDE YE\\u015e\\u0130L ALAN OLMASI TALEB\\u0130NDE BULUNUYORUZ\\u201d DED\\u0130. (YILMAZ S\\u00d6NMEZ\\\/VAN-\\u0130HA)&quot;,&quot;created_timestamp&quot;:&quot;0&quot;,&quot;copyright&quot;:&quot;\\u0130HLAS HABER AJANSI, www.iha.com.tr&quot;,&quot;focal_length&quot;:&quot;0&quot;,&quot;iso&quot;:&quot;0&quot;,&quot;shutter_speed&quot;:&quot;0&quot;,&quot;title&quot;:&quot;VAN G\\u00d6N\\u00dcLL\\u00dcLER\\u0130 PLATFORMU\\u2019NDAN \\u2018YE\\u015e\\u0130L ALAN\\u2019 A\\u00c7IKLAMASI VAN G\\u00d6L\\u00dc AKT\\u0130V\\u0130STLER\\u0130 DERNE\\u011e\\u0130 BA\\u015eKANI ERDO\\u011eAN \\u00d6ZEL; \\u201cVAN\\u2019DA YE\\u015e\\u0130L ALAN SORUNU VAR\\u201d&quot;,&quot;orientation&quot;:&quot;0&quot;}\" data-image-title=\"Van G\u00f6n\u00fcll\u00fcleri Platformu\u2019ndan \u2018ye\u015fil alan\u2019 a\u00e7\u0131klamas\u0131\" data-image-description=\"&lt;p&gt;Van G\u00f6n\u00fcll\u00fcleri Platformu\u2019ndan \u2018ye\u015fil alan\u2019 a\u00e7\u0131klamas\u0131&lt;\/p&gt; \" data-medium-file=\"https:\/\/i0.wp.com\/www.tvturk.com\/wp-content\/uploads\/2019\/02\/van-gonulluleri-platformundan-yesil-alan-aciklamasi_8270ffd.jpg?fit=300%2C200\" data-large-file=\"https:\/\/i0.wp.com\/www.tvturk.com\/wp-content\/uploads\/2019\/02\/van-gonulluleri-platformundan-yesil-alan-aciklamasi_8270ffd.jpg?fit=1000%2C666\" src=\"https:\/\/i0.wp.com\/www.tvturk.com\/wp-content\/uploads\/2019\/02\/van-gonulluleri-platformundan-yesil-alan-aciklamasi_8270ffd.jpg?w=330&#038;h=220\" srcset=\"https:\/\/i0.wp.com\/www.tvturk.com\/wp-content\/uploads\/2019\/02\/van-gonulluleri-platformundan-yesil-alan-aciklamasi_8270ffd.jpg?w=1000 1000w, https:\/\/i0.wp.com\/www.tvturk.com\/wp-content\/uploads\/2019\/02\/van-gonulluleri-platformundan-yesil-alan-aciklamasi_8270ffd.jpg?resize=150%2C100 150w, https:\/\/i0.wp.com\/www.tvturk.com\/wp-content\/uploads\/2019\/02\/van-gonulluleri-platformundan-yesil-alan-aciklamasi_8270ffd.jpg?resize=300%2C200 300w, https:\/\/i0.wp.com\/www.tvturk.com\/wp-content\/uploads\/2019\/02\/van-gonulluleri-platformundan-yesil-alan-aciklamasi_8270ffd.jpg?resize=768%2C511 768w, https:\/\/i0.wp.com\/www.tvturk.com\/wp-content\/uploads\/2019\/02\/van-gonulluleri-platformundan-yesil-alan-aciklamasi_8270ffd.jpg?resize=170%2C113 170w, https:\/\/i0.wp.com\/www.tvturk.com\/wp-content\/uploads\/2019\/02\/van-gonulluleri-platformundan-yesil-alan-aciklamasi_8270ffd.jpg?resize=120%2C80 120w\" width=\"330\" height=\"220\" loading=\"lazy\" data-original-width=\"330\" data-original-height=\"220\" itemprop=\"http:\/\/schema.org\/image\" title=\"Van G\u00f6n\u00fcll\u00fcleri Platformu\u2019ndan \u2018ye\u015fil alan\u2019 a\u00e7\u0131klamas\u0131\" alt=\"Van G\u00f6n\u00fcll\u00fcleri Platformu\u2019ndan \u2018ye\u015fil alan\u2019 a\u00e7\u0131klamas\u0131\" style=\"width: 330px; height: 220px;\" \/> <\/a> <\/div> <\/div> <!-- close group --> <div class=\"gallery-group images-2\" style=\"width: 166px; height: 224px;\" data-original-width=\"166\" data-original-height=\"224\" > <div class=\"tiled-gallery-item tiled-gallery-item-small\" itemprop=\"associatedMedia\" itemscope itemtype=\"http:\/\/schema.org\/ImageObject\"> <a href=\"http:\/\/www.tvturk.com\/index.php\/van-gonulluleri-platformundan-yesil-alan-aciklamasi\/van-gonulluleri-platformundan-yesil-alan-aciklamasi-4\/\" border=\"0\" itemprop=\"url\"> <meta itemprop=\"width\" content=\"162\"> <meta itemprop=\"height\" content=\"108\"> <img decoding=\"async\" class=\"\" data-attachment-id=\"32995\" data-orig-file=\"http:\/\/www.tvturk.com\/wp-content\/uploads\/2019\/02\/van-gonulluleri-platformundan-yesil-alan-aciklamasi_894fa4e.jpg\" data-orig-size=\"1000,666\" data-comments-opened=\"\" data-image-meta=\"{&quot;aperture&quot;:&quot;0&quot;,&quot;credit&quot;:&quot;IHA&quot;,&quot;camera&quot;:&quot;&quot;,&quot;caption&quot;:&quot;VAN G\\u00d6L\\u00dc AKT\\u0130V\\u0130STLER\\u0130 DERNE\\u011e\\u0130 \\u00d6NC\\u00dcL\\u00dc\\u011e\\u00dcNDE B\\u0130R ARAYA GELEN VAN G\\u00d6N\\u00dcLL\\u00dcLER\\u0130 PLATFORMU, ESK\\u0130 DEVLET HASTANES\\u0130 YER\\u0130N\\u0130N YE\\u015e\\u0130L ALAN OLMASI \\u0130\\u00c7\\u0130N B\\u0130R BASIN A\\u00c7IKLAMASI YAPTI. (YILMAZ S\\u00d6NMEZ\\\/VAN-\\u0130HA)&quot;,&quot;created_timestamp&quot;:&quot;0&quot;,&quot;copyright&quot;:&quot;\\u0130HLAS HABER AJANSI, www.iha.com.tr&quot;,&quot;focal_length&quot;:&quot;0&quot;,&quot;iso&quot;:&quot;0&quot;,&quot;shutter_speed&quot;:&quot;0&quot;,&quot;title&quot;:&quot;VAN G\\u00d6N\\u00dcLL\\u00dcLER\\u0130 PLATFORMU\\u2019NDAN \\u2018YE\\u015e\\u0130L ALAN\\u2019 A\\u00c7IKLAMASI VAN G\\u00d6L\\u00dc AKT\\u0130V\\u0130STLER\\u0130 DERNE\\u011e\\u0130 BA\\u015eKANI ERDO\\u011eAN \\u00d6ZEL; \\u201cVAN\\u2019DA YE\\u015e\\u0130L ALAN SORUNU VAR\\u201d&quot;,&quot;orientation&quot;:&quot;0&quot;}\" data-image-title=\"Van G\u00f6n\u00fcll\u00fcleri Platformu\u2019ndan \u2018ye\u015fil alan\u2019 a\u00e7\u0131klamas\u0131\" data-image-description=\"&lt;p&gt;Van G\u00f6n\u00fcll\u00fcleri Platformu\u2019ndan \u2018ye\u015fil alan\u2019 a\u00e7\u0131klamas\u0131&lt;\/p&gt; \" data-medium-file=\"https:\/\/i0.wp.com\/www.tvturk.com\/wp-content\/uploads\/2019\/02\/van-gonulluleri-platformundan-yesil-alan-aciklamasi_894fa4e.jpg?fit=300%2C200\" data-large-file=\"https:\/\/i0.wp.com\/www.tvturk.com\/wp-content\/uploads\/2019\/02\/van-gonulluleri-platformundan-yesil-alan-aciklamasi_894fa4e.jpg?fit=1000%2C666\" src=\"https:\/\/i0.wp.com\/www.tvturk.com\/wp-content\/uploads\/2019\/02\/van-gonulluleri-platformundan-yesil-alan-aciklamasi_894fa4e.jpg?w=162&#038;h=108\" srcset=\"https:\/\/i0.wp.com\/www.tvturk.com\/wp-content\/uploads\/2019\/02\/van-gonulluleri-platformundan-yesil-alan-aciklamasi_894fa4e.jpg?w=1000 1000w, https:\/\/i0.wp.com\/www.tvturk.com\/wp-content\/uploads\/2019\/02\/van-gonulluleri-platformundan-yesil-alan-aciklamasi_894fa4e.jpg?resize=150%2C100 150w, https:\/\/i0.wp.com\/www.tvturk.com\/wp-content\/uploads\/2019\/02\/van-gonulluleri-platformundan-yesil-alan-aciklamasi_894fa4e.jpg?resize=300%2C200 300w, https:\/\/i0.wp.com\/www.tvturk.com\/wp-content\/uploads\/2019\/02\/van-gonulluleri-platformundan-yesil-alan-aciklamasi_894fa4e.jpg?resize=768%2C511 768w, https:\/\/i0.wp.com\/www.tvturk.com\/wp-content\/uploads\/2019\/02\/van-gonulluleri-platformundan-yesil-alan-aciklamasi_894fa4e.jpg?resize=170%2C113 170w, https:\/\/i0.wp.com\/www.tvturk.com\/wp-content\/uploads\/2019\/02\/van-gonulluleri-platformundan-yesil-alan-aciklamasi_894fa4e.jpg?resize=120%2C80 120w\" width=\"162\" height=\"108\" loading=\"lazy\" data-original-width=\"162\" data-original-height=\"108\" itemprop=\"http:\/\/schema.org\/image\" title=\"Van G\u00f6n\u00fcll\u00fcleri Platformu\u2019ndan \u2018ye\u015fil alan\u2019 a\u00e7\u0131klamas\u0131\" alt=\"Van G\u00f6n\u00fcll\u00fcleri Platformu\u2019ndan \u2018ye\u015fil alan\u2019 a\u00e7\u0131klamas\u0131\" style=\"width: 162px; height: 108px;\" \/> <\/a> <\/div> <div class=\"tiled-gallery-item tiled-gallery-item-small\" itemprop=\"associatedMedia\" itemscope itemtype=\"http:\/\/schema.org\/ImageObject\"> <a href=\"http:\/\/www.tvturk.com\/index.php\/van-gonulluleri-platformundan-yesil-alan-aciklamasi\/van-gonulluleri-platformundan-yesil-alan-aciklamasi-5\/\" border=\"0\" itemprop=\"url\"> <meta itemprop=\"width\" content=\"162\"> <meta itemprop=\"height\" content=\"108\"> <img decoding=\"async\" class=\"\" data-attachment-id=\"32996\" data-orig-file=\"http:\/\/www.tvturk.com\/wp-content\/uploads\/2019\/02\/van-gonulluleri-platformundan-yesil-alan-aciklamasi_8ab4f4c.jpg\" data-orig-size=\"1000,666\" data-comments-opened=\"\" data-image-meta=\"{&quot;aperture&quot;:&quot;0&quot;,&quot;credit&quot;:&quot;IHA&quot;,&quot;camera&quot;:&quot;&quot;,&quot;caption&quot;:&quot;VAN G\\u00d6L\\u00dc AKT\\u0130V\\u0130STLER\\u0130 DERNE\\u011e\\u0130 \\u00d6NC\\u00dcL\\u00dc\\u011e\\u00dcNDE B\\u0130R ARAYA GELEN VAN G\\u00d6N\\u00dcLL\\u00dcLER\\u0130 PLATFORMU, ESK\\u0130 DEVLET HASTANES\\u0130 YER\\u0130N\\u0130N YE\\u015e\\u0130L ALAN OLMASI \\u0130\\u00c7\\u0130N B\\u0130R BASIN A\\u00c7IKLAMASI YAPTI. (YILMAZ S\\u00d6NMEZ\\\/VAN-\\u0130HA)&quot;,&quot;created_timestamp&quot;:&quot;0&quot;,&quot;copyright&quot;:&quot;\\u0130HLAS HABER AJANSI, www.iha.com.tr&quot;,&quot;focal_length&quot;:&quot;0&quot;,&quot;iso&quot;:&quot;0&quot;,&quot;shutter_speed&quot;:&quot;0&quot;,&quot;title&quot;:&quot;VAN G\\u00d6N\\u00dcLL\\u00dcLER\\u0130 PLATFORMU\\u2019NDAN \\u2018YE\\u015e\\u0130L ALAN\\u2019 A\\u00c7IKLAMASI VAN G\\u00d6L\\u00dc AKT\\u0130V\\u0130STLER\\u0130 DERNE\\u011e\\u0130 BA\\u015eKANI ERDO\\u011eAN \\u00d6ZEL; \\u201cVAN\\u2019DA YE\\u015e\\u0130L ALAN SORUNU VAR\\u201d&quot;,&quot;orientation&quot;:&quot;0&quot;}\" data-image-title=\"Van G\u00f6n\u00fcll\u00fcleri Platformu\u2019ndan \u2018ye\u015fil alan\u2019 a\u00e7\u0131klamas\u0131\" data-image-description=\"&lt;p&gt;Van G\u00f6n\u00fcll\u00fcleri Platformu\u2019ndan \u2018ye\u015fil alan\u2019 a\u00e7\u0131klamas\u0131&lt;\/p&gt; \" data-medium-file=\"https:\/\/i0.wp.com\/www.tvturk.com\/wp-content\/uploads\/2019\/02\/van-gonulluleri-platformundan-yesil-alan-aciklamasi_8ab4f4c.jpg?fit=300%2C200\" data-large-file=\"https:\/\/i0.wp.com\/www.tvturk.com\/wp-content\/uploads\/2019\/02\/van-gonulluleri-platformundan-yesil-alan-aciklamasi_8ab4f4c.jpg?fit=1000%2C666\" src=\"https:\/\/i0.wp.com\/www.tvturk.com\/wp-content\/uploads\/2019\/02\/van-gonulluleri-platformundan-yesil-alan-aciklamasi_8ab4f4c.jpg?w=162&#038;h=108\" srcset=\"https:\/\/i0.wp.com\/www.tvturk.com\/wp-content\/uploads\/2019\/02\/van-gonulluleri-platformundan-yesil-alan-aciklamasi_8ab4f4c.jpg?w=1000 1000w, https:\/\/i0.wp.com\/www.tvturk.com\/wp-content\/uploads\/2019\/02\/van-gonulluleri-platformundan-yesil-alan-aciklamasi_8ab4f4c.jpg?resize=150%2C100 150w, https:\/\/i0.wp.com\/www.tvturk.com\/wp-content\/uploads\/2019\/02\/van-gonulluleri-platformundan-yesil-alan-aciklamasi_8ab4f4c.jpg?resize=300%2C200 300w, https:\/\/i0.wp.com\/www.tvturk.com\/wp-content\/uploads\/2019\/02\/van-gonulluleri-platformundan-yesil-alan-aciklamasi_8ab4f4c.jpg?resize=768%2C511 768w, https:\/\/i0.wp.com\/www.tvturk.com\/wp-content\/uploads\/2019\/02\/van-gonulluleri-platformundan-yesil-alan-aciklamasi_8ab4f4c.jpg?resize=170%2C113 170w, https:\/\/i0.wp.com\/www.tvturk.com\/wp-content\/uploads\/2019\/02\/van-gonulluleri-platformundan-yesil-alan-aciklamasi_8ab4f4c.jpg?resize=120%2C80 120w\" width=\"162\" height=\"108\" loading=\"lazy\" data-original-width=\"162\" data-original-height=\"108\" itemprop=\"http:\/\/schema.org\/image\" title=\"Van G\u00f6n\u00fcll\u00fcleri Platformu\u2019ndan \u2018ye\u015fil alan\u2019 a\u00e7\u0131klamas\u0131\" alt=\"Van G\u00f6n\u00fcll\u00fcleri Platformu\u2019ndan \u2018ye\u015fil alan\u2019 a\u00e7\u0131klamas\u0131\" style=\"width: 162px; height: 108px;\" \/> <\/a> <\/div> <\/div> <!-- close group --> <\/div> <!-- close row --> <\/div><\/p>\n","protected":false},"excerpt":{"rendered":"<p>VAN G\u00d6L\u00dc AKT\u0130V\u0130STLER\u0130 DERNE\u011e\u0130 \u00d6NC\u00dcL\u00dc\u011e\u00dcNDE B\u0130R ARAYA GELEN VAN G\u00d6N\u00dcLL\u00dcLER\u0130 PLATFORMU, ESK\u0130 DEVLET HASTANES\u0130 YER\u0130N\u0130N YE\u015e\u0130L ALAN OLMASI \u0130\u00c7\u0130N B\u0130R BASIN A\u00c7IKLAMASI YAPTI.<\/p>\n","protected":false},"author":1,"featured_media":32993,"comment_status":"closed","ping_status":"open","sticky":false,"template":"","format":"standard","meta":{"jetpack_post_was_ever_published":false,"_jetpack_newsletter_access":"","_jetpack_dont_email_post_to_subs":false,"_jetpack_newsletter_tier_id":0,"_jetpack_memberships_contains_paywalled_content":false,"_jetpack_memberships_contains_paid_content":false,"footnotes":"","jetpack_publicize_message":"","jetpack_publicize_feature_enabled":true,"jetpack_social_post_already_shared":false,"jetpack_social_options":{"image_generator_settings":{"template":"highway","default_image_id":0,"font":"","enabled":false},"version":2}},"categories":[655],"tags":[704,1072,1802,12779,9315,1442],"class_list":["post-32992","post","type-post","status-publish","format-standard","has-post-thumbnail","hentry","category-son-dakika","tag-yesil","tag-aciklamasi","tag-alan","tag-gonulluleri","tag-platformundan","tag-van"],"jetpack_publicize_connections":[],"jetpack_featured_media_url":"https:\/\/i0.wp.com\/www.tvturk.com\/wp-content\/uploads\/2019\/02\/van-gonulluleri-platformundan-yesil-alan-aciklamasi_d7fbadf.jpg?fit=1000%2C666","jetpack_sharing_enabled":true,"jetpack_shortlink":"https:\/\/wp.me\/paKIfm-8A8","_links":{"self":[{"href":"http:\/\/www.tvturk.com\/index.php\/wp-json\/wp\/v2\/posts\/32992","targetHints":{"allow":["GET"]}}],"collection":[{"href":"http:\/\/www.tvturk.com\/index.php\/wp-json\/wp\/v2\/posts"}],"about":[{"href":"http:\/\/www.tvturk.com\/index.php\/wp-json\/wp\/v2\/types\/post"}],"author":[{"embeddable":true,"href":"http:\/\/www.tvturk.com\/index.php\/wp-json\/wp\/v2\/users\/1"}],"replies":[{"embeddable":true,"href":"http:\/\/www.tvturk.com\/index.php\/wp-json\/wp\/v2\/comments?post=32992"}],"version-history":[{"count":1,"href":"http:\/\/www.tvturk.com\/index.php\/wp-json\/wp\/v2\/posts\/32992\/revisions"}],"predecessor-version":[{"id":32997,"href":"http:\/\/www.tvturk.com\/index.php\/wp-json\/wp\/v2\/posts\/32992\/revisions\/32997"}],"wp:featuredmedia":[{"embeddable":true,"href":"http:\/\/www.tvturk.com\/index.php\/wp-json\/wp\/v2\/media\/32993"}],"wp:attachment":[{"href":"http:\/\/www.tvturk.com\/index.php\/wp-json\/wp\/v2\/media?parent=32992"}],"wp:term":[{"taxonomy":"category","embeddable":true,"href":"http:\/\/www.tvturk.com\/index.php\/wp-json\/wp\/v2\/categories?post=32992"},{"taxonomy":"post_tag","embeddable":true,"href":"http:\/\/www.tvturk.com\/index.php\/wp-json\/wp\/v2\/tags?post=32992"}],"curies":[{"name":"wp","href":"https:\/\/api.w.org\/{rel}","templated":true}]}}