{"id":33057,"date":"2019-02-14T16:50:58","date_gmt":"2019-02-14T13:50:58","guid":{"rendered":"http:\/\/www.tvturk.com\/index.php\/manisada-kamyonet-ile-otomobil-carpisti-3-yarali\/"},"modified":"2019-02-14T16:51:02","modified_gmt":"2019-02-14T13:51:02","slug":"manisada-kamyonet-ile-otomobil-carpisti-3-yarali","status":"publish","type":"post","link":"http:\/\/www.tvturk.com\/index.php\/manisada-kamyonet-ile-otomobil-carpisti-3-yarali\/","title":{"rendered":"Manisa\u2019da kamyonet ile otomobil \u00e7arp\u0131\u015ft\u0131: 3 yaral\u0131"},"content":{"rendered":"<p>Manisa\u2019n\u0131n Yunusemre il\u00e7esinde kamyonet ve otomobilin \u00e7arp\u0131\u015fmas\u0131 sonucu meydana gelen trafik kazas\u0131nda 3 ki\u015fi yaraland\u0131.<\/p>\n<p>Kaza, saat 14.30 s\u0131ralar\u0131nda Manisa\u2019n\u0131n Yunusemre il\u00e7esinde bulunan Manisa Organize Sanayi B\u00f6lgesi\u2019nde meydana geldi. Edinilen bilgiye g\u00f6re, C\u00fcneyt \u015e. idaresindeki 34 SK 7755 plakal\u0131 otomobil, kontrols\u00fcz bir \u015fekilde kav\u015fa\u011fa girdi\u011fi iddia edilen Mustafa A. idaresindeki 45 HS 920 plakal\u0131 kamyonetle \u00e7arp\u0131\u015ft\u0131. Otomobil yol \u00fczerinde takla atarken, kamyonet ise yan devrildi. Kazada kamyonette bulunan Turan \u00d6. ile kamyonet s\u00fcr\u00fcc\u00fcs\u00fc Mustafa A. ve otomobil s\u00fcr\u00fcc\u00fcs\u00fc C\u00fcneyt \u015e. yaraland\u0131. Durumlar\u0131n\u0131n iyi oldu\u011fu \u00f6\u011frenilen 3 yaral\u0131 \u00e7e\u015fitli hastanelere kald\u0131r\u0131ld\u0131.<\/p>\n<p>Kazayla ilgili soru\u015fturma ba\u015flat\u0131ld\u0131.<div class=\"tiled-gallery type-rectangular tiled-gallery-unresized\" data-original-width=\"500\" data-carousel-extra='null' itemscope itemtype=\"http:\/\/schema.org\/ImageGallery\" > <div class=\"gallery-row\" style=\"width: 500px; height: 240px;\" data-original-width=\"500\" data-original-height=\"240\" > <div class=\"gallery-group images-1\" style=\"width: 319px; height: 240px;\" data-original-width=\"319\" data-original-height=\"240\" > <div class=\"tiled-gallery-item tiled-gallery-item-large\" itemprop=\"associatedMedia\" itemscope itemtype=\"http:\/\/schema.org\/ImageObject\"> <a href=\"http:\/\/www.tvturk.com\/index.php\/manisada-kamyonet-ile-otomobil-carpisti-3-yarali\/manisada-kamyonet-ile-otomobil-carpisti-3-yarali-3\/\" border=\"0\" itemprop=\"url\"> <meta itemprop=\"width\" content=\"315\"> <meta itemprop=\"height\" content=\"236\"> <img decoding=\"async\" class=\"\" data-attachment-id=\"33059\" data-orig-file=\"http:\/\/www.tvturk.com\/wp-content\/uploads\/2019\/02\/manisada-kamyonet-ile-otomobil-carpisti-3-yarali_8cf32d5.jpg\" data-orig-size=\"1000,750\" data-comments-opened=\"\" data-image-meta=\"{&quot;aperture&quot;:&quot;0&quot;,&quot;credit&quot;:&quot;IHA&quot;,&quot;camera&quot;:&quot;&quot;,&quot;caption&quot;:&quot;MAN\\u0130SA\\u0027NIN YUNUSEMRE \\u0130L\\u00c7ES\\u0130NDE B\\u0130R KAMYONET VE OTOMOB\\u0130L\\u0130N \\u00c7ARPI\\u015eMASI SONUCU MEYDANA GELEN TRAF\\u0130K KAZASINDA 3 K\\u0130\\u015e\\u0130 YARALANDI. (AYKUT YEN\\u0130\\u00c7A\\u011e\\\/MAN\\u0130SA-\\u0130HA)&quot;,&quot;created_timestamp&quot;:&quot;0&quot;,&quot;copyright&quot;:&quot;\\u0130HLAS HABER AJANSI, www.iha.com.tr&quot;,&quot;focal_length&quot;:&quot;0&quot;,&quot;iso&quot;:&quot;0&quot;,&quot;shutter_speed&quot;:&quot;0&quot;,&quot;title&quot;:&quot;MAN\\u0130SA\\u0027DA KAMYONET \\u0130LE OTOMOB\\u0130L \\u00c7ARPI\\u015eTI: 3 YARALI&quot;,&quot;orientation&quot;:&quot;0&quot;}\" data-image-title=\"Manisa\u2019da kamyonet ile otomobil \u00e7arp\u0131\u015ft\u0131: 3 yaral\u0131\" data-image-description=\"&lt;p&gt;Manisa\u2019da kamyonet ile otomobil \u00e7arp\u0131\u015ft\u0131: 3 yaral\u0131&lt;\/p&gt; \" data-medium-file=\"https:\/\/i0.wp.com\/www.tvturk.com\/wp-content\/uploads\/2019\/02\/manisada-kamyonet-ile-otomobil-carpisti-3-yarali_8cf32d5.jpg?fit=300%2C225\" data-large-file=\"https:\/\/i0.wp.com\/www.tvturk.com\/wp-content\/uploads\/2019\/02\/manisada-kamyonet-ile-otomobil-carpisti-3-yarali_8cf32d5.jpg?fit=1000%2C750\" src=\"https:\/\/i0.wp.com\/www.tvturk.com\/wp-content\/uploads\/2019\/02\/manisada-kamyonet-ile-otomobil-carpisti-3-yarali_8cf32d5.jpg?w=315&#038;h=236\" srcset=\"https:\/\/i0.wp.com\/www.tvturk.com\/wp-content\/uploads\/2019\/02\/manisada-kamyonet-ile-otomobil-carpisti-3-yarali_8cf32d5.jpg?w=1000 1000w, https:\/\/i0.wp.com\/www.tvturk.com\/wp-content\/uploads\/2019\/02\/manisada-kamyonet-ile-otomobil-carpisti-3-yarali_8cf32d5.jpg?resize=150%2C113 150w, https:\/\/i0.wp.com\/www.tvturk.com\/wp-content\/uploads\/2019\/02\/manisada-kamyonet-ile-otomobil-carpisti-3-yarali_8cf32d5.jpg?resize=300%2C225 300w, https:\/\/i0.wp.com\/www.tvturk.com\/wp-content\/uploads\/2019\/02\/manisada-kamyonet-ile-otomobil-carpisti-3-yarali_8cf32d5.jpg?resize=768%2C576 768w\" width=\"315\" height=\"236\" loading=\"lazy\" data-original-width=\"315\" data-original-height=\"236\" itemprop=\"http:\/\/schema.org\/image\" title=\"Manisa\u2019da kamyonet ile otomobil \u00e7arp\u0131\u015ft\u0131: 3 yaral\u0131\" alt=\"Manisa\u2019da kamyonet ile otomobil \u00e7arp\u0131\u015ft\u0131: 3 yaral\u0131\" style=\"width: 315px; height: 236px;\" \/> <\/a> <\/div> <\/div> <!-- close group --> <div class=\"gallery-group images-2\" style=\"width: 181px; height: 240px;\" data-original-width=\"181\" data-original-height=\"240\" > <div class=\"tiled-gallery-item tiled-gallery-item-small\" itemprop=\"associatedMedia\" itemscope itemtype=\"http:\/\/schema.org\/ImageObject\"> <a href=\"http:\/\/www.tvturk.com\/index.php\/manisada-kamyonet-ile-otomobil-carpisti-3-yarali\/manisada-kamyonet-ile-otomobil-carpisti-3-yarali-4\/\" border=\"0\" itemprop=\"url\"> <meta itemprop=\"width\" content=\"177\"> <meta itemprop=\"height\" content=\"133\"> <img decoding=\"async\" class=\"\" data-attachment-id=\"33060\" data-orig-file=\"http:\/\/www.tvturk.com\/wp-content\/uploads\/2019\/02\/manisada-kamyonet-ile-otomobil-carpisti-3-yarali_408e3af.jpg\" data-orig-size=\"1000,750\" data-comments-opened=\"\" data-image-meta=\"{&quot;aperture&quot;:&quot;0&quot;,&quot;credit&quot;:&quot;IHA&quot;,&quot;camera&quot;:&quot;&quot;,&quot;caption&quot;:&quot;MAN\\u0130SA\\u0027NIN YUNUSEMRE \\u0130L\\u00c7ES\\u0130NDE B\\u0130R KAMYONET VE OTOMOB\\u0130L\\u0130N \\u00c7ARPI\\u015eMASI SONUCU MEYDANA GELEN TRAF\\u0130K KAZASINDA 3 K\\u0130\\u015e\\u0130 YARALANDI. (AYKUT YEN\\u0130\\u00c7A\\u011e\\\/MAN\\u0130SA-\\u0130HA)&quot;,&quot;created_timestamp&quot;:&quot;0&quot;,&quot;copyright&quot;:&quot;\\u0130HLAS HABER AJANSI, www.iha.com.tr&quot;,&quot;focal_length&quot;:&quot;0&quot;,&quot;iso&quot;:&quot;0&quot;,&quot;shutter_speed&quot;:&quot;0&quot;,&quot;title&quot;:&quot;MAN\\u0130SA\\u0027DA KAMYONET \\u0130LE OTOMOB\\u0130L \\u00c7ARPI\\u015eTI: 3 YARALI&quot;,&quot;orientation&quot;:&quot;0&quot;}\" data-image-title=\"Manisa\u2019da kamyonet ile otomobil \u00e7arp\u0131\u015ft\u0131: 3 yaral\u0131\" data-image-description=\"&lt;p&gt;Manisa\u2019da kamyonet ile otomobil \u00e7arp\u0131\u015ft\u0131: 3 yaral\u0131&lt;\/p&gt; \" data-medium-file=\"https:\/\/i0.wp.com\/www.tvturk.com\/wp-content\/uploads\/2019\/02\/manisada-kamyonet-ile-otomobil-carpisti-3-yarali_408e3af.jpg?fit=300%2C225\" data-large-file=\"https:\/\/i0.wp.com\/www.tvturk.com\/wp-content\/uploads\/2019\/02\/manisada-kamyonet-ile-otomobil-carpisti-3-yarali_408e3af.jpg?fit=1000%2C750\" src=\"https:\/\/i0.wp.com\/www.tvturk.com\/wp-content\/uploads\/2019\/02\/manisada-kamyonet-ile-otomobil-carpisti-3-yarali_408e3af.jpg?w=177&#038;h=133\" srcset=\"https:\/\/i0.wp.com\/www.tvturk.com\/wp-content\/uploads\/2019\/02\/manisada-kamyonet-ile-otomobil-carpisti-3-yarali_408e3af.jpg?w=1000 1000w, https:\/\/i0.wp.com\/www.tvturk.com\/wp-content\/uploads\/2019\/02\/manisada-kamyonet-ile-otomobil-carpisti-3-yarali_408e3af.jpg?resize=150%2C113 150w, https:\/\/i0.wp.com\/www.tvturk.com\/wp-content\/uploads\/2019\/02\/manisada-kamyonet-ile-otomobil-carpisti-3-yarali_408e3af.jpg?resize=300%2C225 300w, https:\/\/i0.wp.com\/www.tvturk.com\/wp-content\/uploads\/2019\/02\/manisada-kamyonet-ile-otomobil-carpisti-3-yarali_408e3af.jpg?resize=768%2C576 768w\" width=\"177\" height=\"133\" loading=\"lazy\" data-original-width=\"177\" data-original-height=\"133\" itemprop=\"http:\/\/schema.org\/image\" title=\"Manisa\u2019da kamyonet ile otomobil \u00e7arp\u0131\u015ft\u0131: 3 yaral\u0131\" alt=\"Manisa\u2019da kamyonet ile otomobil \u00e7arp\u0131\u015ft\u0131: 3 yaral\u0131\" style=\"width: 177px; height: 133px;\" \/> <\/a> <\/div> <div class=\"tiled-gallery-item tiled-gallery-item-small\" itemprop=\"associatedMedia\" itemscope itemtype=\"http:\/\/schema.org\/ImageObject\"> <a href=\"http:\/\/www.tvturk.com\/index.php\/manisada-kamyonet-ile-otomobil-carpisti-3-yarali\/manisada-kamyonet-ile-otomobil-carpisti-3-yarali-5\/\" border=\"0\" itemprop=\"url\"> <meta itemprop=\"width\" content=\"177\"> <meta itemprop=\"height\" content=\"99\"> <img decoding=\"async\" class=\"\" data-attachment-id=\"33061\" data-orig-file=\"http:\/\/www.tvturk.com\/wp-content\/uploads\/2019\/02\/manisada-kamyonet-ile-otomobil-carpisti-3-yarali_3aed920.jpg\" data-orig-size=\"1000,562\" data-comments-opened=\"\" data-image-meta=\"{&quot;aperture&quot;:&quot;0&quot;,&quot;credit&quot;:&quot;IHA&quot;,&quot;camera&quot;:&quot;&quot;,&quot;caption&quot;:&quot;MAN\\u0130SA\\u0027NIN YUNUSEMRE \\u0130L\\u00c7ES\\u0130NDE B\\u0130R KAMYONET VE OTOMOB\\u0130L\\u0130N \\u00c7ARPI\\u015eMASI SONUCU MEYDANA GELEN TRAF\\u0130K KAZASINDA 3 K\\u0130\\u015e\\u0130 YARALANDI. (AYKUT YEN\\u0130\\u00c7A\\u011e\\\/MAN\\u0130SA-\\u0130HA)&quot;,&quot;created_timestamp&quot;:&quot;0&quot;,&quot;copyright&quot;:&quot;\\u0130HLAS HABER AJANSI, www.iha.com.tr&quot;,&quot;focal_length&quot;:&quot;0&quot;,&quot;iso&quot;:&quot;0&quot;,&quot;shutter_speed&quot;:&quot;0&quot;,&quot;title&quot;:&quot;MAN\\u0130SA\\u0027DA KAMYONET \\u0130LE OTOMOB\\u0130L \\u00c7ARPI\\u015eTI: 3 YARALI&quot;,&quot;orientation&quot;:&quot;0&quot;}\" data-image-title=\"Manisa\u2019da kamyonet ile otomobil \u00e7arp\u0131\u015ft\u0131: 3 yaral\u0131\" data-image-description=\"&lt;p&gt;Manisa\u2019da kamyonet ile otomobil \u00e7arp\u0131\u015ft\u0131: 3 yaral\u0131&lt;\/p&gt; \" data-medium-file=\"https:\/\/i0.wp.com\/www.tvturk.com\/wp-content\/uploads\/2019\/02\/manisada-kamyonet-ile-otomobil-carpisti-3-yarali_3aed920.jpg?fit=300%2C169\" data-large-file=\"https:\/\/i0.wp.com\/www.tvturk.com\/wp-content\/uploads\/2019\/02\/manisada-kamyonet-ile-otomobil-carpisti-3-yarali_3aed920.jpg?fit=1000%2C562\" src=\"https:\/\/i0.wp.com\/www.tvturk.com\/wp-content\/uploads\/2019\/02\/manisada-kamyonet-ile-otomobil-carpisti-3-yarali_3aed920.jpg?w=177&#038;h=99\" srcset=\"https:\/\/i0.wp.com\/www.tvturk.com\/wp-content\/uploads\/2019\/02\/manisada-kamyonet-ile-otomobil-carpisti-3-yarali_3aed920.jpg?w=1000 1000w, https:\/\/i0.wp.com\/www.tvturk.com\/wp-content\/uploads\/2019\/02\/manisada-kamyonet-ile-otomobil-carpisti-3-yarali_3aed920.jpg?resize=150%2C84 150w, https:\/\/i0.wp.com\/www.tvturk.com\/wp-content\/uploads\/2019\/02\/manisada-kamyonet-ile-otomobil-carpisti-3-yarali_3aed920.jpg?resize=300%2C169 300w, https:\/\/i0.wp.com\/www.tvturk.com\/wp-content\/uploads\/2019\/02\/manisada-kamyonet-ile-otomobil-carpisti-3-yarali_3aed920.jpg?resize=768%2C432 768w, https:\/\/i0.wp.com\/www.tvturk.com\/wp-content\/uploads\/2019\/02\/manisada-kamyonet-ile-otomobil-carpisti-3-yarali_3aed920.jpg?resize=200%2C113 200w\" width=\"177\" height=\"99\" loading=\"lazy\" data-original-width=\"177\" data-original-height=\"99\" itemprop=\"http:\/\/schema.org\/image\" title=\"Manisa\u2019da kamyonet ile otomobil \u00e7arp\u0131\u015ft\u0131: 3 yaral\u0131\" alt=\"Manisa\u2019da kamyonet ile otomobil \u00e7arp\u0131\u015ft\u0131: 3 yaral\u0131\" style=\"width: 177px; height: 99px;\" \/> <\/a> <\/div> <\/div> <!-- close group --> <\/div> <!-- close row --> <div class=\"gallery-row\" style=\"width: 500px; height: 189px;\" data-original-width=\"500\" data-original-height=\"189\" > <div class=\"gallery-group images-1\" style=\"width: 250px; height: 189px;\" data-original-width=\"250\" data-original-height=\"189\" > <div class=\"tiled-gallery-item tiled-gallery-item-small\" itemprop=\"associatedMedia\" itemscope itemtype=\"http:\/\/schema.org\/ImageObject\"> <a href=\"http:\/\/www.tvturk.com\/index.php\/manisada-kamyonet-ile-otomobil-carpisti-3-yarali\/manisada-kamyonet-ile-otomobil-carpisti-3-yarali-6\/\" border=\"0\" itemprop=\"url\"> <meta itemprop=\"width\" content=\"246\"> <meta itemprop=\"height\" content=\"185\"> <img decoding=\"async\" class=\"\" data-attachment-id=\"33062\" data-orig-file=\"http:\/\/www.tvturk.com\/wp-content\/uploads\/2019\/02\/manisada-kamyonet-ile-otomobil-carpisti-3-yarali_e53cf02.jpg\" data-orig-size=\"1000,750\" data-comments-opened=\"\" data-image-meta=\"{&quot;aperture&quot;:&quot;0&quot;,&quot;credit&quot;:&quot;IHA&quot;,&quot;camera&quot;:&quot;&quot;,&quot;caption&quot;:&quot;MAN\\u0130SA\\u0027NIN YUNUSEMRE \\u0130L\\u00c7ES\\u0130NDE B\\u0130R KAMYONET VE OTOMOB\\u0130L\\u0130N \\u00c7ARPI\\u015eMASI SONUCU MEYDANA GELEN TRAF\\u0130K KAZASINDA 3 K\\u0130\\u015e\\u0130 YARALANDI. (AYKUT YEN\\u0130\\u00c7A\\u011e\\\/MAN\\u0130SA-\\u0130HA)&quot;,&quot;created_timestamp&quot;:&quot;0&quot;,&quot;copyright&quot;:&quot;\\u0130HLAS HABER AJANSI, www.iha.com.tr&quot;,&quot;focal_length&quot;:&quot;0&quot;,&quot;iso&quot;:&quot;0&quot;,&quot;shutter_speed&quot;:&quot;0&quot;,&quot;title&quot;:&quot;MAN\\u0130SA\\u0027DA KAMYONET \\u0130LE OTOMOB\\u0130L \\u00c7ARPI\\u015eTI: 3 YARALI&quot;,&quot;orientation&quot;:&quot;0&quot;}\" data-image-title=\"Manisa\u2019da kamyonet ile otomobil \u00e7arp\u0131\u015ft\u0131: 3 yaral\u0131\" data-image-description=\"&lt;p&gt;Manisa\u2019da kamyonet ile otomobil \u00e7arp\u0131\u015ft\u0131: 3 yaral\u0131&lt;\/p&gt; \" data-medium-file=\"https:\/\/i0.wp.com\/www.tvturk.com\/wp-content\/uploads\/2019\/02\/manisada-kamyonet-ile-otomobil-carpisti-3-yarali_e53cf02.jpg?fit=300%2C225\" data-large-file=\"https:\/\/i0.wp.com\/www.tvturk.com\/wp-content\/uploads\/2019\/02\/manisada-kamyonet-ile-otomobil-carpisti-3-yarali_e53cf02.jpg?fit=1000%2C750\" src=\"https:\/\/i0.wp.com\/www.tvturk.com\/wp-content\/uploads\/2019\/02\/manisada-kamyonet-ile-otomobil-carpisti-3-yarali_e53cf02.jpg?w=246&#038;h=185\" srcset=\"https:\/\/i0.wp.com\/www.tvturk.com\/wp-content\/uploads\/2019\/02\/manisada-kamyonet-ile-otomobil-carpisti-3-yarali_e53cf02.jpg?w=1000 1000w, https:\/\/i0.wp.com\/www.tvturk.com\/wp-content\/uploads\/2019\/02\/manisada-kamyonet-ile-otomobil-carpisti-3-yarali_e53cf02.jpg?resize=150%2C113 150w, https:\/\/i0.wp.com\/www.tvturk.com\/wp-content\/uploads\/2019\/02\/manisada-kamyonet-ile-otomobil-carpisti-3-yarali_e53cf02.jpg?resize=300%2C225 300w, https:\/\/i0.wp.com\/www.tvturk.com\/wp-content\/uploads\/2019\/02\/manisada-kamyonet-ile-otomobil-carpisti-3-yarali_e53cf02.jpg?resize=768%2C576 768w\" width=\"246\" height=\"185\" loading=\"lazy\" data-original-width=\"246\" data-original-height=\"185\" itemprop=\"http:\/\/schema.org\/image\" title=\"Manisa\u2019da kamyonet ile otomobil \u00e7arp\u0131\u015ft\u0131: 3 yaral\u0131\" alt=\"Manisa\u2019da kamyonet ile otomobil \u00e7arp\u0131\u015ft\u0131: 3 yaral\u0131\" style=\"width: 246px; height: 185px;\" \/> <\/a> <\/div> <\/div> <!-- close group --> <div class=\"gallery-group images-1\" style=\"width: 250px; height: 189px;\" data-original-width=\"250\" data-original-height=\"189\" > <div class=\"tiled-gallery-item tiled-gallery-item-small\" itemprop=\"associatedMedia\" itemscope itemtype=\"http:\/\/schema.org\/ImageObject\"> <a href=\"http:\/\/www.tvturk.com\/index.php\/manisada-kamyonet-ile-otomobil-carpisti-3-yarali\/manisada-kamyonet-ile-otomobil-carpisti-3-yarali-7\/\" border=\"0\" itemprop=\"url\"> <meta itemprop=\"width\" content=\"246\"> <meta itemprop=\"height\" content=\"185\"> <img decoding=\"async\" class=\"\" data-attachment-id=\"33063\" data-orig-file=\"http:\/\/www.tvturk.com\/wp-content\/uploads\/2019\/02\/manisada-kamyonet-ile-otomobil-carpisti-3-yarali_ec30ad9.jpg\" data-orig-size=\"1000,750\" data-comments-opened=\"\" data-image-meta=\"{&quot;aperture&quot;:&quot;0&quot;,&quot;credit&quot;:&quot;IHA&quot;,&quot;camera&quot;:&quot;&quot;,&quot;caption&quot;:&quot;MAN\\u0130SA\\u0027NIN YUNUSEMRE \\u0130L\\u00c7ES\\u0130NDE B\\u0130R KAMYONET VE OTOMOB\\u0130L\\u0130N \\u00c7ARPI\\u015eMASI SONUCU MEYDANA GELEN TRAF\\u0130K KAZASINDA 3 K\\u0130\\u015e\\u0130 YARALANDI. (AYKUT YEN\\u0130\\u00c7A\\u011e\\\/MAN\\u0130SA-\\u0130HA)&quot;,&quot;created_timestamp&quot;:&quot;0&quot;,&quot;copyright&quot;:&quot;\\u0130HLAS HABER AJANSI, www.iha.com.tr&quot;,&quot;focal_length&quot;:&quot;0&quot;,&quot;iso&quot;:&quot;0&quot;,&quot;shutter_speed&quot;:&quot;0&quot;,&quot;title&quot;:&quot;MAN\\u0130SA\\u0027DA KAMYONET \\u0130LE OTOMOB\\u0130L \\u00c7ARPI\\u015eTI: 3 YARALI&quot;,&quot;orientation&quot;:&quot;0&quot;}\" data-image-title=\"Manisa\u2019da kamyonet ile otomobil \u00e7arp\u0131\u015ft\u0131: 3 yaral\u0131\" data-image-description=\"&lt;p&gt;Manisa\u2019da kamyonet ile otomobil \u00e7arp\u0131\u015ft\u0131: 3 yaral\u0131&lt;\/p&gt; \" data-medium-file=\"https:\/\/i0.wp.com\/www.tvturk.com\/wp-content\/uploads\/2019\/02\/manisada-kamyonet-ile-otomobil-carpisti-3-yarali_ec30ad9.jpg?fit=300%2C225\" data-large-file=\"https:\/\/i0.wp.com\/www.tvturk.com\/wp-content\/uploads\/2019\/02\/manisada-kamyonet-ile-otomobil-carpisti-3-yarali_ec30ad9.jpg?fit=1000%2C750\" src=\"https:\/\/i0.wp.com\/www.tvturk.com\/wp-content\/uploads\/2019\/02\/manisada-kamyonet-ile-otomobil-carpisti-3-yarali_ec30ad9.jpg?w=246&#038;h=185\" srcset=\"https:\/\/i0.wp.com\/www.tvturk.com\/wp-content\/uploads\/2019\/02\/manisada-kamyonet-ile-otomobil-carpisti-3-yarali_ec30ad9.jpg?w=1000 1000w, https:\/\/i0.wp.com\/www.tvturk.com\/wp-content\/uploads\/2019\/02\/manisada-kamyonet-ile-otomobil-carpisti-3-yarali_ec30ad9.jpg?resize=150%2C113 150w, https:\/\/i0.wp.com\/www.tvturk.com\/wp-content\/uploads\/2019\/02\/manisada-kamyonet-ile-otomobil-carpisti-3-yarali_ec30ad9.jpg?resize=300%2C225 300w, https:\/\/i0.wp.com\/www.tvturk.com\/wp-content\/uploads\/2019\/02\/manisada-kamyonet-ile-otomobil-carpisti-3-yarali_ec30ad9.jpg?resize=768%2C576 768w\" width=\"246\" height=\"185\" loading=\"lazy\" data-original-width=\"246\" data-original-height=\"185\" itemprop=\"http:\/\/schema.org\/image\" title=\"Manisa\u2019da kamyonet ile otomobil \u00e7arp\u0131\u015ft\u0131: 3 yaral\u0131\" alt=\"Manisa\u2019da kamyonet ile otomobil \u00e7arp\u0131\u015ft\u0131: 3 yaral\u0131\" style=\"width: 246px; height: 185px;\" \/> <\/a> <\/div> <\/div> <!-- close group --> <\/div> <!-- close row --> <\/div><\/p>\n","protected":false},"excerpt":{"rendered":"<p>MAN\u0130SA&#8217;NIN YUNUSEMRE \u0130L\u00c7ES\u0130NDE B\u0130R KAMYONET VE OTOMOB\u0130L\u0130N \u00c7ARPI\u015eMASI SONUCU MEYDANA GELEN TRAF\u0130K KAZASINDA 3 K\u0130\u015e\u0130 YARALANDI.<\/p>\n","protected":false},"author":1,"featured_media":33058,"comment_status":"closed","ping_status":"open","sticky":false,"template":"","format":"standard","meta":{"jetpack_post_was_ever_published":false,"_jetpack_newsletter_access":"","_jetpack_dont_email_post_to_subs":false,"_jetpack_newsletter_tier_id":0,"_jetpack_memberships_contains_paywalled_content":false,"_jetpack_memberships_contains_paid_content":false,"footnotes":"","jetpack_publicize_message":"","jetpack_publicize_feature_enabled":true,"jetpack_social_post_already_shared":false,"jetpack_social_options":{"image_generator_settings":{"template":"highway","default_image_id":0,"font":"","enabled":false},"version":2}},"categories":[655],"tags":[3359,192,6657,3037,2873,774],"class_list":["post-33057","post","type-post","status-publish","format-standard","has-post-thumbnail","hentry","category-son-dakika","tag-carpisti","tag-ile","tag-kamyonet","tag-manisada","tag-otomobil","tag-yarali"],"jetpack_publicize_connections":[],"jetpack_featured_media_url":"https:\/\/i0.wp.com\/www.tvturk.com\/wp-content\/uploads\/2019\/02\/manisada-kamyonet-ile-otomobil-carpisti-3-yarali_e6abb3e.jpg?fit=1000%2C750","jetpack_sharing_enabled":true,"jetpack_shortlink":"https:\/\/wp.me\/paKIfm-8Bb","_links":{"self":[{"href":"http:\/\/www.tvturk.com\/index.php\/wp-json\/wp\/v2\/posts\/33057","targetHints":{"allow":["GET"]}}],"collection":[{"href":"http:\/\/www.tvturk.com\/index.php\/wp-json\/wp\/v2\/posts"}],"about":[{"href":"http:\/\/www.tvturk.com\/index.php\/wp-json\/wp\/v2\/types\/post"}],"author":[{"embeddable":true,"href":"http:\/\/www.tvturk.com\/index.php\/wp-json\/wp\/v2\/users\/1"}],"replies":[{"embeddable":true,"href":"http:\/\/www.tvturk.com\/index.php\/wp-json\/wp\/v2\/comments?post=33057"}],"version-history":[{"count":1,"href":"http:\/\/www.tvturk.com\/index.php\/wp-json\/wp\/v2\/posts\/33057\/revisions"}],"predecessor-version":[{"id":33064,"href":"http:\/\/www.tvturk.com\/index.php\/wp-json\/wp\/v2\/posts\/33057\/revisions\/33064"}],"wp:featuredmedia":[{"embeddable":true,"href":"http:\/\/www.tvturk.com\/index.php\/wp-json\/wp\/v2\/media\/33058"}],"wp:attachment":[{"href":"http:\/\/www.tvturk.com\/index.php\/wp-json\/wp\/v2\/media?parent=33057"}],"wp:term":[{"taxonomy":"category","embeddable":true,"href":"http:\/\/www.tvturk.com\/index.php\/wp-json\/wp\/v2\/categories?post=33057"},{"taxonomy":"post_tag","embeddable":true,"href":"http:\/\/www.tvturk.com\/index.php\/wp-json\/wp\/v2\/tags?post=33057"}],"curies":[{"name":"wp","href":"https:\/\/api.w.org\/{rel}","templated":true}]}}