{"id":33540,"date":"2019-02-14T18:21:40","date_gmt":"2019-02-14T15:21:40","guid":{"rendered":"http:\/\/www.tvturk.com\/index.php\/meral-aksener-mersinde\/"},"modified":"2019-02-14T18:21:45","modified_gmt":"2019-02-14T15:21:45","slug":"meral-aksener-mersinde","status":"publish","type":"post","link":"http:\/\/www.tvturk.com\/index.php\/meral-aksener-mersinde\/","title":{"rendered":"Meral Ak\u015fener Mersin\u2019de"},"content":{"rendered":"<p>MERS\u0130N (\u0130HA) \u2013 \u0130Y\u0130 Parti Genel Ba\u015fkan\u0131 Meral Ak\u015fener Meral Ak\u015fener, MHP\u2019den istifa ederek \u0130Y\u0130 Parti\u2019ye ge\u00e7en ve partisinden aday g\u00f6sterdi\u011fi mevcut B\u00fcy\u00fck\u015fehir Belediye Ba\u015fkan\u0131 Burhanettin Kocamaz\u2019a 31 Mart yerel se\u00e7imlerinde oy istemek i\u00e7in Mersin\u2019e geldi. \u0130ki g\u00fcnl\u00fck ziyaret \u00e7er\u00e7evesinde ilk g\u00fcn\u00fc Mersin merkeze, ikinci g\u00fcn\u00fc de il\u00e7elere ay\u0131ran Ak\u015fener, Kocamaz\u2019\u0131n iste\u011fi \u00fczerine \u00fc\u00e7 g\u00fcnl\u00fck bir ziyaret \u00e7er\u00e7evesinde bir kez daha Mersin\u2019e gelece\u011fini s\u00f6yledi.<\/p>\n<p>Ziyaretlerine \u0130Y\u0130 Parti \u0130l Ba\u015fkanl\u0131\u011f\u0131 ile ba\u015flayan Ak\u015fener, daha sonra B\u00fcy\u00fck\u015fehir Belediyesine ge\u00e7erek, Ba\u015fkan Kocamaz ile birlikte bas\u0131n\u0131n kar\u015f\u0131s\u0131na \u00e7\u0131kt\u0131. \u0130l te\u015fkilat\u0131 ile B\u00fcy\u00fck\u015fehir Belediye Ba\u015fkan\u0131 ve Ba\u015fkan Aday\u0131 Kocamaz\u2019\u0131n daveti \u00fczerine Mersin\u2019e geldi\u011fini belirten Ak\u015fener, \u201cG\u00f6rd\u00fcklerimden anl\u0131yorum ki, Burhanettin Ba\u015fkan ipi g\u00f6\u011f\u00fcslemi\u015f. \u015eimdi o g\u00f6\u011f\u00fcsledi\u011fi ipin daha ileriye do\u011fru gitmesi i\u00e7in \u00e7aba g\u00f6sterece\u011fiz. Milletvekillerimiz, genel merkezimiz ve te\u015fkilat\u0131m\u0131zla bir b\u00fct\u00fcn olarak Kocamaz ba\u015fkan\u0131m\u0131n arkas\u0131nday\u0131z. \u0130n\u015fallah 1 Nisan \u015fakas\u0131n\u0131 Mersinliler, 31 Mart ak\u015fam\u0131 saat 12\u2019den sonra yapm\u0131\u015f olacaklar. Bizim i\u00e7in Mersin \u00e7ok \u00f6nemli. Sonu\u00e7 itibariyle ma\u011fdur edilmi\u015f, hak etmedi\u011fi bir davran\u0131\u015fla kar\u015f\u0131la\u015fm\u0131\u015f Burhanettin Kocamaz, 5 y\u0131lda \u00f6zeti 3 sayfa tutan hizmetler yapt\u0131. Bu hizmetleri g\u00f6ren Mersinli vatanda\u015flar\u0131m\u0131z, gelecek 5 y\u0131lda verilen s\u00f6zlerin nas\u0131l yerine getirilece\u011fini g\u00f6recekler\u201d dedi.<\/p>\n<p>Bu se\u00e7imin bir yerel se\u00e7im oldu\u011funu dile getiren Ak\u015fener, \u201cDolay\u0131s\u0131yla bu se\u00e7imde \u0130stanbul, \u0130zmir, Ankara, Mersin, Bal\u0131kesir, Denizli gibi yerlerde iktidar partilerinin belediyeleri kaybetmi\u015f olmalar\u0131n\u0131n ya da burada oldu\u011fu gibi kazanamam\u0131\u015f olmas\u0131n\u0131n, bu arkada\u015flar\u0131m\u0131z\u0131n, ba\u015fta Say\u0131n Cumhurba\u015fkan\u0131 olmak \u00fczere koltuklar\u0131n\u0131 tehdit eden bir durum ortada yok. 4 y\u0131l daha se\u00e7im olmayacak. \u0130Y\u0130 Parti kurulmasayd\u0131 3600 ek g\u00f6sterge g\u00fcndeme gelir miydi? \u0130Y\u0130 parti olmasayd\u0131 asgari \u00fccrete zam gelir miydi? 2 bin 20 lira demi\u015ftim, 2 bin 20 lira olabilir miydi? \u015eimdi emekliye s\u00f6yl\u00fcyoruz, in\u015fallah getirilecek. Patatesi, so\u011fan\u0131, patl\u0131can\u0131 s\u00f6ylememi\u015f olsayd\u0131k tanzim ma\u011fazalar\u0131 a\u00e7\u0131labilir miydi? EYT\u2019lilerin haklar\u0131 g\u00fcndeme gelebilir miydi? Bu se\u00e7im bir yerel se\u00e7imdir. Hafif bir kulak \u00e7ekmenin size iyi gelece\u011fine bahse girerim. Mersin\u2019de 13 art\u0131 bir belediyeye talibiz\u201d diye konu\u015ftu.<\/p>\n<p>Eski \u0130\u00e7i\u015fleri Bakan\u0131 \u0130dris Naim \u015eahin\u2019in Ordu aday\u0131 olaca\u011f\u0131 iddialar\u0131n\u0131n sorulmas\u0131 \u00fczerine ise Ak\u015fener, \u201cO konuda kendisine bunu iletmi\u015ftim. Ordu\u2019da Cumhuriyet Halk Partisi bir aday \u00e7\u0131kard\u0131. Dolay\u0131s\u0131yla orada ayr\u0131 ayr\u0131 se\u00e7ime giriyoruz. An itibariyle Ordu il ve il\u00e7e te\u015fkilatlar\u0131m\u0131z \u0130dris Naim \u015eahin\u2019in Ordu\u2019da \u0130Y\u0130 Parti\u2019nin B\u00fcy\u00fck\u015fehir aday\u0131 olmas\u0131 i\u00e7in \u00e7ok b\u00fcy\u00fck bir gayret ve talep i\u00e7erisinde. \u0130dris Naim \u015eahin ile bir g\u00f6r\u00fc\u015fme yapt\u0131 arkada\u015flar\u0131m\u0131z ama ben yoldayd\u0131m. Dolay\u0131s\u0131yla size \u2018evet budur\u2019, \u2018hay\u0131r budur\u2019 diyemem. Ama net bir \u015fey s\u00f6yl\u00fcyorum; te\u015fkilatlar\u0131m\u0131z Say\u0131n \u015eahin\u2019in Ordu B\u00fcy\u00fck\u015fehir Belediye Ba\u015fkan Adayl\u0131\u011f\u0131n\u0131 \u00e7ok arzu ediyor. Say\u0131n \u015eahin\u2019in nas\u0131l bir tutum alaca\u011f\u0131n\u0131 hep beraber g\u00f6rece\u011fiz. Davet ettik yani\u201d yan\u0131t\u0131n\u0131 verdi.<\/p>\n<p>\u201cBeka meselesinin yerel se\u00e7imlerle bir alakas\u0131 yoktur\u201d<\/p>\n<p>Daha sonra Mersin B\u00fcy\u00fck\u015fehir Belediyesi Kongre ve Sergi Saray\u0131\u2019na ge\u00e7en Ak\u015fener, burada partililerle bulu\u015ftu. Salona partililerin tezah\u00fcratlar\u0131yla giren Ak\u015fener, burada yapt\u0131\u011f\u0131 konu\u015fmada \u2018beka\u2019 tart\u0131\u015fmalar\u0131na de\u011findi. Ak\u015fener, \u201c\u0130ktidar partilerine g\u00f6re, T\u00fcrkiye\u2019nin bekas\u0131n\u0131n oylanaca\u011f\u0131 bir se\u00e7im gibi takdim ediliyor. Ama buna kar\u015f\u0131l\u0131k T\u00fcrkiye\u2019nin bekas\u0131n\u0131n oyland\u0131\u011f\u0131 bir se\u00e7im gibi takdim edilen bir yerel se\u00e7ime gidiyoruz. T\u00fcrkiye\u2019nin elbette d\u0131\u015f tehditleri, kuruldu\u011fumuz g\u00fcnden beri, Anadolu\u2019ya ad\u0131m att\u0131\u011f\u0131m\u0131z 1071\u2019den beri devam eden ve devam edebilecek bir tehditler zinciridir. T\u00fcrk\u2019\u00fcn bulundu\u011fu yerde T\u00fcrk\u2019\u00fc rahat b\u0131rakan bir irade olabilir mi? Elbette olamaz. Dolay\u0131s\u0131yla bu co\u011frafya rahat bir co\u011frafya de\u011fildir. Ama beka sorunu ya da bekam\u0131z\u0131n ortadan kalkt\u0131\u011f\u0131 mevzuyla ilgili, kald\u0131r\u0131ld\u0131\u011f\u0131 d\u00f6nemle ilgili hesab\u0131 bu millet ne zaman verdi? \u0130stiklal Sava\u015f\u0131 ilan etti, bu co\u011frafyada ba\u011f\u0131ms\u0131z, h\u00fcr ya\u015fayaca\u011f\u0131n\u0131 dosta, d\u00fc\u015fmana can\u0131yla kan\u0131yla \u00f6deyerek g\u00f6sterdi. Biz bu hafta Mecliste T\u00fcrkiye\u2019nin beka meselesiyle ilgili bir ara\u015ft\u0131rma \u00f6nergesi verdik. Beyler gizli olsun istediler, gizli oturum yap\u0131ld\u0131 ve sonu\u00e7 itibariyle ne s\u00f6ylendi\u011fini sizinle 10 y\u0131l payla\u015famam ama konu\u015ftuklar\u0131na kargalar g\u00fcler\u201d ifadelerini kulland\u0131.<\/p>\n<p>\u201cBeka meselesinin yerel se\u00e7imlerle bir alakas\u0131 yoktur\u201d diyen Ak\u015fener, \u015f\u00f6yle devam etti: \u201cAnl\u0131yorum, beyefendilerin bir sandalye, koltuk meselesi var. Ama ka\u00e7\u0131r\u0131lan konu \u015fu; bu se\u00e7imde biz muhtar se\u00e7ece\u011fiz, belediye meclis \u00fcyesi se\u00e7ece\u011fiz, il\u00e7e, il, b\u00fcy\u00fck\u015fehir belediye ba\u015fkanlar\u0131m\u0131z\u0131 se\u00e7ece\u011fiz. Mehmet T\u00fcre\u2019nin Anamur\u2019da belediye ba\u015fkan\u0131m\u0131z oldu\u011fu i\u00e7in s\u00f6yl\u00fcyorum, se\u00e7ilmesinin T\u00fcrkiye\u2019nin bekas\u0131yla ne alakas\u0131 var? Mehmet T\u00fcre, Anamur\u2019da Milliyet\u00e7i Hareket Partisi\u2019nin belediye ba\u015fkan\u0131yd\u0131, \u0130Y\u0130 Parti\u2019den aday. D\u00fcn Anamur\u2019u y\u00f6neten Mehmet T\u00fcre, bug\u00fcn \u0130yi Parti\u2019den se\u00e7ilirse T\u00fcrkiye\u2019nin bekas\u0131 problemli. Burhanettin Kocamaz, bir \u00f6mre T\u00fcrk milliyet\u00e7ili\u011fine adam\u0131\u015f, 25 y\u0131l belediye ba\u015fkan\u0131 olarak hizmet etmi\u015f, sonra hi\u00e7 ittifaklar olmadan, t\u00fcm siyasi partilerin aday g\u00f6sterdi\u011fi se\u00e7imde Milliyet\u00e7i Hareket Partisi ad\u0131na se\u00e7ilmi\u015f b\u00fcy\u00fck\u015fehir belediye ba\u015fkan\u0131 olmu\u015f, bu kadar hizmet etmi\u015f, sonra vesveselere yenilinmi\u015f, \u015f\u00fcphelere kap\u0131l\u0131nm\u0131\u015f ve istiskal edilmi\u015f; sonra Meral Ak\u015fener kendisine teklifte bulunmu\u015f ve o da \u2018seni mi k\u0131raca\u011f\u0131m\u2019 demi\u015f ve \u0130Y\u0130 Parti\u2019den aday olmu\u015f. \u015eimdi size soruyorum; Burhanettin Ba\u015fkan 2014\u2019te se\u00e7ildi\u011finde Mersin\u2019in bekas\u0131yla ilgili problem de\u011fil, T\u00fcrkiye\u2019nin bekas\u0131yla ilgili problem de\u011fil ama 2019\u2019da se\u00e7ilmeye kalkt\u0131\u011f\u0131nda Burhanettin Ba\u015fkan ve benim arkada\u015flar\u0131m beka meselesi oluyor. Hadi oradan be.\u201d<\/p>\n<p>\u201cEsas mesele mutfakt\u0131r, tenceredir\u201d<\/p>\n<p>Kad\u0131nlar\u0131n, \u00e7ocuklar\u0131n\u0131n cebine har\u00e7l\u0131k koyarken \u00fcz\u00fcld\u00fcklerini, \u00e7o\u011funun kocas\u0131n\u0131n i\u015fsiz oldu\u011funu dile getiren Ak\u015fener, \u201cBeka, beka deyip bizi uyutmaya \u00e7al\u0131\u015f\u0131yorlar. Esas mesele mutfakt\u0131r, tenceredir. Mutfak ve tencerenin yang\u0131n\u0131 her h\u00fck\u00fcmeti d\u00fc\u015f\u00fcrm\u00fc\u015ft\u00fcr. Bu defa bu h\u00fck\u00fcmetin kula\u011f\u0131n\u0131 \u00e7ekeceksiniz. Bu kula\u011f\u0131 \u00e7ekmezseniz 31 Mart\u2019tan sonra, 1 Nisan\u2019dan sonra zam ya\u011fmuruna tutulacaks\u0131n\u0131z. \u00c7\u00fcnk\u00fc 4 y\u0131l se\u00e7im yok. Dolay\u0131s\u0131yla ne Say\u0131n Cumhurba\u015fkan\u0131n\u0131n koltu\u011fu tehlikede ne de di\u011fer orta\u011f\u0131n\u0131n koltu\u011fu tehlikede. Herkes sandalyesinin, koltu\u011funun konforunda oturabilir, orada bir sorun yok. Ama g\u00fc\u00e7l\u00fc bir oyla se\u00e7erseniz o kula\u011f\u0131 k\u0131zartm\u0131\u015f olacaks\u0131n\u0131z. O kula\u011f\u0131 k\u0131zartt\u0131\u011f\u0131n\u0131zda ise size kar\u015f\u0131 kibirlenenler, size kar\u015f\u0131 ka\u015flar\u0131n\u0131 kald\u0131ranlar, parma\u011f\u0131n\u0131 sallayanlar, kolunu indirecek, se\u00e7menin kar\u015f\u0131s\u0131nda hafif bir topuk selam\u0131 verecek ve haz\u0131r ola ge\u00e7ecek. Diyecek ki, se\u00e7men velinimetimizdir\u201d dedi.<\/p>\n<p>Mersinli partililerden se\u00e7im i\u00e7in kap\u0131 kap\u0131 gezmelerini isteyen Ak\u015fener, yar\u0131n da Mersin\u2019de il\u00e7elere giderek esnaf ziyaretleri ger\u00e7ekle\u015ftirecek.<div class=\"tiled-gallery type-rectangular tiled-gallery-unresized\" data-original-width=\"500\" data-carousel-extra='null' itemscope itemtype=\"http:\/\/schema.org\/ImageGallery\" > <div class=\"gallery-row\" style=\"width: 500px; height: 224px;\" data-original-width=\"500\" data-original-height=\"224\" > <div class=\"gallery-group images-1\" style=\"width: 334px; height: 224px;\" data-original-width=\"334\" data-original-height=\"224\" > <div class=\"tiled-gallery-item tiled-gallery-item-large\" itemprop=\"associatedMedia\" itemscope itemtype=\"http:\/\/schema.org\/ImageObject\"> <a href=\"http:\/\/www.tvturk.com\/index.php\/meral-aksener-mersinde\/meral-aksener-mersinde-3\/\" border=\"0\" itemprop=\"url\"> <meta itemprop=\"width\" content=\"330\"> <meta itemprop=\"height\" content=\"220\"> <img decoding=\"async\" class=\"\" data-attachment-id=\"33542\" data-orig-file=\"http:\/\/www.tvturk.com\/wp-content\/uploads\/2019\/02\/meral-aksener-mersinde_034557e.jpg\" data-orig-size=\"1000,666\" data-comments-opened=\"\" data-image-meta=\"{&quot;aperture&quot;:&quot;0&quot;,&quot;credit&quot;:&quot;IHA&quot;,&quot;camera&quot;:&quot;&quot;,&quot;caption&quot;:&quot;\\u0130Y\\u0130 PART\\u0130 GENEL BA\\u015eKANI MERAL AK\\u015eENER MERAL AK\\u015eENER, MHP\\u2019DEN \\u0130ST\\u0130FA EDEREK \\u0130Y\\u0130 PART\\u0130\\u2019YE GE\\u00c7EN VE PART\\u0130S\\u0130NDEN ADAY G\\u00d6STERD\\u0130\\u011e\\u0130 MEVCUT B\\u00dcY\\u00dcK\\u015eEH\\u0130R BELED\\u0130YE BA\\u015eKANI BURHANETT\\u0130N KOCAMAZ\\u2019A 31 MART YEREL SE\\u00c7\\u0130MLER\\u0130NDE OY \\u0130STEMEK \\u0130\\u00c7\\u0130N MERS\\u0130N\\u2019E GELD\\u0130. \\u0130K\\u0130 G\\u00dcNL\\u00dcK Z\\u0130YARET \\u00c7ER\\u00c7EVES\\u0130NDE \\u0130LK G\\u00dcN\\u00dc MERS\\u0130N MERKEZE, \\u0130K\\u0130NC\\u0130 G\\u00dcN\\u00dc DE \\u0130L\\u00c7ELERE AYIRAN AK\\u015eENER, KOCAMAZ\\u2019IN \\u0130STE\\u011e\\u0130 \\u00dcZER\\u0130NE \\u00dc\\u00c7 G\\u00dcNL\\u00dcK B\\u0130R Z\\u0130YARET \\u00c7ER\\u00c7EVES\\u0130NDE B\\u0130R KEZ DAHA MERS\\u0130N\\u2019E GELECE\\u011e\\u0130N\\u0130 S\\u00d6YLED\\u0130. (KIYMET G\\u00d6K\\u00c7E\\\/MERS\\u0130N-\\u0130HA)&quot;,&quot;created_timestamp&quot;:&quot;0&quot;,&quot;copyright&quot;:&quot;\\u0130HLAS HABER AJANSI, www.iha.com.tr&quot;,&quot;focal_length&quot;:&quot;0&quot;,&quot;iso&quot;:&quot;0&quot;,&quot;shutter_speed&quot;:&quot;0&quot;,&quot;title&quot;:&quot;MERAL AK\\u015eENER MERS\\u0130N\\u2019DE AK\\u015eENER: \\u201cBEKA MESELES\\u0130N\\u0130N YEREL SE\\u00c7\\u0130MLERLE B\\u0130R ALAKASI YOKTUR\\u201d \\u201cESAS MESELE MUTFAKTIR, TENCERED\\u0130R\\u201d&quot;,&quot;orientation&quot;:&quot;0&quot;}\" data-image-title=\"Meral Ak\u015fener Mersin\u2019de\" data-image-description=\"&lt;p&gt;Meral Ak\u015fener Mersin\u2019de&lt;\/p&gt; \" data-medium-file=\"https:\/\/i0.wp.com\/www.tvturk.com\/wp-content\/uploads\/2019\/02\/meral-aksener-mersinde_034557e.jpg?fit=300%2C200\" data-large-file=\"https:\/\/i0.wp.com\/www.tvturk.com\/wp-content\/uploads\/2019\/02\/meral-aksener-mersinde_034557e.jpg?fit=1000%2C666\" src=\"https:\/\/i0.wp.com\/www.tvturk.com\/wp-content\/uploads\/2019\/02\/meral-aksener-mersinde_034557e.jpg?w=330&#038;h=220\" srcset=\"https:\/\/i0.wp.com\/www.tvturk.com\/wp-content\/uploads\/2019\/02\/meral-aksener-mersinde_034557e.jpg?w=1000 1000w, https:\/\/i0.wp.com\/www.tvturk.com\/wp-content\/uploads\/2019\/02\/meral-aksener-mersinde_034557e.jpg?resize=150%2C100 150w, https:\/\/i0.wp.com\/www.tvturk.com\/wp-content\/uploads\/2019\/02\/meral-aksener-mersinde_034557e.jpg?resize=300%2C200 300w, https:\/\/i0.wp.com\/www.tvturk.com\/wp-content\/uploads\/2019\/02\/meral-aksener-mersinde_034557e.jpg?resize=768%2C511 768w, https:\/\/i0.wp.com\/www.tvturk.com\/wp-content\/uploads\/2019\/02\/meral-aksener-mersinde_034557e.jpg?resize=170%2C113 170w, https:\/\/i0.wp.com\/www.tvturk.com\/wp-content\/uploads\/2019\/02\/meral-aksener-mersinde_034557e.jpg?resize=120%2C80 120w\" width=\"330\" height=\"220\" loading=\"lazy\" data-original-width=\"330\" data-original-height=\"220\" itemprop=\"http:\/\/schema.org\/image\" title=\"Meral Ak\u015fener Mersin\u2019de\" alt=\"Meral Ak\u015fener Mersin\u2019de\" style=\"width: 330px; height: 220px;\" \/> <\/a> <\/div> <\/div> <!-- close group --> <div class=\"gallery-group images-2\" style=\"width: 166px; height: 224px;\" data-original-width=\"166\" data-original-height=\"224\" > <div class=\"tiled-gallery-item tiled-gallery-item-small\" itemprop=\"associatedMedia\" itemscope itemtype=\"http:\/\/schema.org\/ImageObject\"> <a href=\"http:\/\/www.tvturk.com\/index.php\/meral-aksener-mersinde\/meral-aksener-mersinde-4\/\" border=\"0\" itemprop=\"url\"> <meta itemprop=\"width\" content=\"162\"> <meta itemprop=\"height\" content=\"108\"> <img decoding=\"async\" class=\"\" data-attachment-id=\"33543\" data-orig-file=\"http:\/\/www.tvturk.com\/wp-content\/uploads\/2019\/02\/meral-aksener-mersinde_2f3c7e1.jpg\" data-orig-size=\"1000,666\" data-comments-opened=\"\" data-image-meta=\"{&quot;aperture&quot;:&quot;0&quot;,&quot;credit&quot;:&quot;IHA&quot;,&quot;camera&quot;:&quot;&quot;,&quot;caption&quot;:&quot;\\u0130Y\\u0130 PART\\u0130 GENEL BA\\u015eKANI MERAL AK\\u015eENER MERAL AK\\u015eENER, MHP\\u2019DEN \\u0130ST\\u0130FA EDEREK \\u0130Y\\u0130 PART\\u0130\\u2019YE GE\\u00c7EN VE PART\\u0130S\\u0130NDEN ADAY G\\u00d6STERD\\u0130\\u011e\\u0130 MEVCUT B\\u00dcY\\u00dcK\\u015eEH\\u0130R BELED\\u0130YE BA\\u015eKANI BURHANETT\\u0130N KOCAMAZ\\u2019A 31 MART YEREL SE\\u00c7\\u0130MLER\\u0130NDE OY \\u0130STEMEK \\u0130\\u00c7\\u0130N MERS\\u0130N\\u2019E GELD\\u0130. \\u0130K\\u0130 G\\u00dcNL\\u00dcK Z\\u0130YARET \\u00c7ER\\u00c7EVES\\u0130NDE \\u0130LK G\\u00dcN\\u00dc MERS\\u0130N MERKEZE, \\u0130K\\u0130NC\\u0130 G\\u00dcN\\u00dc DE \\u0130L\\u00c7ELERE AYIRAN AK\\u015eENER, KOCAMAZ\\u2019IN \\u0130STE\\u011e\\u0130 \\u00dcZER\\u0130NE \\u00dc\\u00c7 G\\u00dcNL\\u00dcK B\\u0130R Z\\u0130YARET \\u00c7ER\\u00c7EVES\\u0130NDE B\\u0130R KEZ DAHA MERS\\u0130N\\u2019E GELECE\\u011e\\u0130N\\u0130 S\\u00d6YLED\\u0130. (KIYMET G\\u00d6K\\u00c7E\\\/MERS\\u0130N-\\u0130HA)&quot;,&quot;created_timestamp&quot;:&quot;0&quot;,&quot;copyright&quot;:&quot;\\u0130HLAS HABER AJANSI, www.iha.com.tr&quot;,&quot;focal_length&quot;:&quot;0&quot;,&quot;iso&quot;:&quot;0&quot;,&quot;shutter_speed&quot;:&quot;0&quot;,&quot;title&quot;:&quot;MERAL AK\\u015eENER MERS\\u0130N\\u2019DE AK\\u015eENER: \\u201cBEKA MESELES\\u0130N\\u0130N YEREL SE\\u00c7\\u0130MLERLE B\\u0130R ALAKASI YOKTUR\\u201d \\u201cESAS MESELE MUTFAKTIR, TENCERED\\u0130R\\u201d&quot;,&quot;orientation&quot;:&quot;0&quot;}\" data-image-title=\"Meral Ak\u015fener Mersin\u2019de\" data-image-description=\"&lt;p&gt;Meral Ak\u015fener Mersin\u2019de&lt;\/p&gt; \" data-medium-file=\"https:\/\/i0.wp.com\/www.tvturk.com\/wp-content\/uploads\/2019\/02\/meral-aksener-mersinde_2f3c7e1.jpg?fit=300%2C200\" data-large-file=\"https:\/\/i0.wp.com\/www.tvturk.com\/wp-content\/uploads\/2019\/02\/meral-aksener-mersinde_2f3c7e1.jpg?fit=1000%2C666\" src=\"https:\/\/i0.wp.com\/www.tvturk.com\/wp-content\/uploads\/2019\/02\/meral-aksener-mersinde_2f3c7e1.jpg?w=162&#038;h=108\" srcset=\"https:\/\/i0.wp.com\/www.tvturk.com\/wp-content\/uploads\/2019\/02\/meral-aksener-mersinde_2f3c7e1.jpg?w=1000 1000w, https:\/\/i0.wp.com\/www.tvturk.com\/wp-content\/uploads\/2019\/02\/meral-aksener-mersinde_2f3c7e1.jpg?resize=150%2C100 150w, https:\/\/i0.wp.com\/www.tvturk.com\/wp-content\/uploads\/2019\/02\/meral-aksener-mersinde_2f3c7e1.jpg?resize=300%2C200 300w, https:\/\/i0.wp.com\/www.tvturk.com\/wp-content\/uploads\/2019\/02\/meral-aksener-mersinde_2f3c7e1.jpg?resize=768%2C511 768w, https:\/\/i0.wp.com\/www.tvturk.com\/wp-content\/uploads\/2019\/02\/meral-aksener-mersinde_2f3c7e1.jpg?resize=170%2C113 170w, https:\/\/i0.wp.com\/www.tvturk.com\/wp-content\/uploads\/2019\/02\/meral-aksener-mersinde_2f3c7e1.jpg?resize=120%2C80 120w\" width=\"162\" height=\"108\" loading=\"lazy\" data-original-width=\"162\" data-original-height=\"108\" itemprop=\"http:\/\/schema.org\/image\" title=\"Meral Ak\u015fener Mersin\u2019de\" alt=\"Meral Ak\u015fener Mersin\u2019de\" style=\"width: 162px; height: 108px;\" \/> <\/a> <\/div> <div class=\"tiled-gallery-item tiled-gallery-item-small\" itemprop=\"associatedMedia\" itemscope itemtype=\"http:\/\/schema.org\/ImageObject\"> <a href=\"http:\/\/www.tvturk.com\/index.php\/meral-aksener-mersinde\/meral-aksener-mersinde-5\/\" border=\"0\" itemprop=\"url\"> <meta itemprop=\"width\" content=\"162\"> <meta itemprop=\"height\" content=\"108\"> <img decoding=\"async\" class=\"\" data-attachment-id=\"33544\" data-orig-file=\"http:\/\/www.tvturk.com\/wp-content\/uploads\/2019\/02\/meral-aksener-mersinde_9724f73.jpg\" data-orig-size=\"1000,666\" data-comments-opened=\"\" data-image-meta=\"{&quot;aperture&quot;:&quot;0&quot;,&quot;credit&quot;:&quot;IHA&quot;,&quot;camera&quot;:&quot;&quot;,&quot;caption&quot;:&quot;\\u0130Y\\u0130 PART\\u0130 GENEL BA\\u015eKANI MERAL AK\\u015eENER MERAL AK\\u015eENER, MHP\\u2019DEN \\u0130ST\\u0130FA EDEREK \\u0130Y\\u0130 PART\\u0130\\u2019YE GE\\u00c7EN VE PART\\u0130S\\u0130NDEN ADAY G\\u00d6STERD\\u0130\\u011e\\u0130 MEVCUT B\\u00dcY\\u00dcK\\u015eEH\\u0130R BELED\\u0130YE BA\\u015eKANI BURHANETT\\u0130N KOCAMAZ\\u2019A 31 MART YEREL SE\\u00c7\\u0130MLER\\u0130NDE OY \\u0130STEMEK \\u0130\\u00c7\\u0130N MERS\\u0130N\\u2019E GELD\\u0130. \\u0130K\\u0130 G\\u00dcNL\\u00dcK Z\\u0130YARET \\u00c7ER\\u00c7EVES\\u0130NDE \\u0130LK G\\u00dcN\\u00dc MERS\\u0130N MERKEZE, \\u0130K\\u0130NC\\u0130 G\\u00dcN\\u00dc DE \\u0130L\\u00c7ELERE AYIRAN AK\\u015eENER, KOCAMAZ\\u2019IN \\u0130STE\\u011e\\u0130 \\u00dcZER\\u0130NE \\u00dc\\u00c7 G\\u00dcNL\\u00dcK B\\u0130R Z\\u0130YARET \\u00c7ER\\u00c7EVES\\u0130NDE B\\u0130R KEZ DAHA MERS\\u0130N\\u2019E GELECE\\u011e\\u0130N\\u0130 S\\u00d6YLED\\u0130. (KIYMET G\\u00d6K\\u00c7E\\\/MERS\\u0130N-\\u0130HA)&quot;,&quot;created_timestamp&quot;:&quot;0&quot;,&quot;copyright&quot;:&quot;\\u0130HLAS HABER AJANSI, www.iha.com.tr&quot;,&quot;focal_length&quot;:&quot;0&quot;,&quot;iso&quot;:&quot;0&quot;,&quot;shutter_speed&quot;:&quot;0&quot;,&quot;title&quot;:&quot;MERAL AK\\u015eENER MERS\\u0130N\\u2019DE AK\\u015eENER: \\u201cBEKA MESELES\\u0130N\\u0130N YEREL SE\\u00c7\\u0130MLERLE B\\u0130R ALAKASI YOKTUR\\u201d \\u201cESAS MESELE MUTFAKTIR, TENCERED\\u0130R\\u201d&quot;,&quot;orientation&quot;:&quot;0&quot;}\" data-image-title=\"Meral Ak\u015fener Mersin\u2019de\" data-image-description=\"&lt;p&gt;Meral Ak\u015fener Mersin\u2019de&lt;\/p&gt; \" data-medium-file=\"https:\/\/i0.wp.com\/www.tvturk.com\/wp-content\/uploads\/2019\/02\/meral-aksener-mersinde_9724f73.jpg?fit=300%2C200\" data-large-file=\"https:\/\/i0.wp.com\/www.tvturk.com\/wp-content\/uploads\/2019\/02\/meral-aksener-mersinde_9724f73.jpg?fit=1000%2C666\" src=\"https:\/\/i0.wp.com\/www.tvturk.com\/wp-content\/uploads\/2019\/02\/meral-aksener-mersinde_9724f73.jpg?w=162&#038;h=108\" srcset=\"https:\/\/i0.wp.com\/www.tvturk.com\/wp-content\/uploads\/2019\/02\/meral-aksener-mersinde_9724f73.jpg?w=1000 1000w, https:\/\/i0.wp.com\/www.tvturk.com\/wp-content\/uploads\/2019\/02\/meral-aksener-mersinde_9724f73.jpg?resize=150%2C100 150w, https:\/\/i0.wp.com\/www.tvturk.com\/wp-content\/uploads\/2019\/02\/meral-aksener-mersinde_9724f73.jpg?resize=300%2C200 300w, https:\/\/i0.wp.com\/www.tvturk.com\/wp-content\/uploads\/2019\/02\/meral-aksener-mersinde_9724f73.jpg?resize=768%2C511 768w, https:\/\/i0.wp.com\/www.tvturk.com\/wp-content\/uploads\/2019\/02\/meral-aksener-mersinde_9724f73.jpg?resize=170%2C113 170w, https:\/\/i0.wp.com\/www.tvturk.com\/wp-content\/uploads\/2019\/02\/meral-aksener-mersinde_9724f73.jpg?resize=120%2C80 120w\" width=\"162\" height=\"108\" loading=\"lazy\" data-original-width=\"162\" data-original-height=\"108\" itemprop=\"http:\/\/schema.org\/image\" title=\"Meral Ak\u015fener Mersin\u2019de\" alt=\"Meral Ak\u015fener Mersin\u2019de\" style=\"width: 162px; height: 108px;\" \/> <\/a> <\/div> <\/div> <!-- close group --> <\/div> <!-- close row --> <div class=\"gallery-row\" style=\"width: 500px; height: 112px;\" data-original-width=\"500\" data-original-height=\"112\" > <div class=\"gallery-group images-1\" style=\"width: 167px; height: 112px;\" data-original-width=\"167\" data-original-height=\"112\" > <div class=\"tiled-gallery-item tiled-gallery-item-small\" itemprop=\"associatedMedia\" itemscope itemtype=\"http:\/\/schema.org\/ImageObject\"> <a href=\"http:\/\/www.tvturk.com\/index.php\/meral-aksener-mersinde\/meral-aksener-mersinde-6\/\" border=\"0\" itemprop=\"url\"> <meta itemprop=\"width\" content=\"163\"> <meta itemprop=\"height\" content=\"108\"> <img decoding=\"async\" class=\"\" data-attachment-id=\"33545\" data-orig-file=\"http:\/\/www.tvturk.com\/wp-content\/uploads\/2019\/02\/meral-aksener-mersinde_7062e9a.jpg\" data-orig-size=\"1000,666\" data-comments-opened=\"\" data-image-meta=\"{&quot;aperture&quot;:&quot;0&quot;,&quot;credit&quot;:&quot;IHA&quot;,&quot;camera&quot;:&quot;&quot;,&quot;caption&quot;:&quot;\\u0130Y\\u0130 PART\\u0130 GENEL BA\\u015eKANI MERAL AK\\u015eENER MERAL AK\\u015eENER, MHP\\u2019DEN \\u0130ST\\u0130FA EDEREK \\u0130Y\\u0130 PART\\u0130\\u2019YE GE\\u00c7EN VE PART\\u0130S\\u0130NDEN ADAY G\\u00d6STERD\\u0130\\u011e\\u0130 MEVCUT B\\u00dcY\\u00dcK\\u015eEH\\u0130R BELED\\u0130YE BA\\u015eKANI BURHANETT\\u0130N KOCAMAZ\\u2019A 31 MART YEREL SE\\u00c7\\u0130MLER\\u0130NDE OY \\u0130STEMEK \\u0130\\u00c7\\u0130N MERS\\u0130N\\u2019E GELD\\u0130. \\u0130K\\u0130 G\\u00dcNL\\u00dcK Z\\u0130YARET \\u00c7ER\\u00c7EVES\\u0130NDE \\u0130LK G\\u00dcN\\u00dc MERS\\u0130N MERKEZE, \\u0130K\\u0130NC\\u0130 G\\u00dcN\\u00dc DE \\u0130L\\u00c7ELERE AYIRAN AK\\u015eENER, KOCAMAZ\\u2019IN \\u0130STE\\u011e\\u0130 \\u00dcZER\\u0130NE \\u00dc\\u00c7 G\\u00dcNL\\u00dcK B\\u0130R Z\\u0130YARET \\u00c7ER\\u00c7EVES\\u0130NDE B\\u0130R KEZ DAHA MERS\\u0130N\\u2019E GELECE\\u011e\\u0130N\\u0130 S\\u00d6YLED\\u0130. (KIYMET G\\u00d6K\\u00c7E\\\/MERS\\u0130N-\\u0130HA)&quot;,&quot;created_timestamp&quot;:&quot;0&quot;,&quot;copyright&quot;:&quot;\\u0130HLAS HABER AJANSI, www.iha.com.tr&quot;,&quot;focal_length&quot;:&quot;0&quot;,&quot;iso&quot;:&quot;0&quot;,&quot;shutter_speed&quot;:&quot;0&quot;,&quot;title&quot;:&quot;MERAL AK\\u015eENER MERS\\u0130N\\u2019DE AK\\u015eENER: \\u201cBEKA MESELES\\u0130N\\u0130N YEREL SE\\u00c7\\u0130MLERLE B\\u0130R ALAKASI YOKTUR\\u201d \\u201cESAS MESELE MUTFAKTIR, TENCERED\\u0130R\\u201d&quot;,&quot;orientation&quot;:&quot;0&quot;}\" data-image-title=\"Meral Ak\u015fener Mersin\u2019de\" data-image-description=\"&lt;p&gt;Meral Ak\u015fener Mersin\u2019de&lt;\/p&gt; \" data-medium-file=\"https:\/\/i0.wp.com\/www.tvturk.com\/wp-content\/uploads\/2019\/02\/meral-aksener-mersinde_7062e9a.jpg?fit=300%2C200\" data-large-file=\"https:\/\/i0.wp.com\/www.tvturk.com\/wp-content\/uploads\/2019\/02\/meral-aksener-mersinde_7062e9a.jpg?fit=1000%2C666\" src=\"https:\/\/i0.wp.com\/www.tvturk.com\/wp-content\/uploads\/2019\/02\/meral-aksener-mersinde_7062e9a.jpg?w=163&#038;h=108\" srcset=\"https:\/\/i0.wp.com\/www.tvturk.com\/wp-content\/uploads\/2019\/02\/meral-aksener-mersinde_7062e9a.jpg?w=1000 1000w, https:\/\/i0.wp.com\/www.tvturk.com\/wp-content\/uploads\/2019\/02\/meral-aksener-mersinde_7062e9a.jpg?resize=150%2C100 150w, https:\/\/i0.wp.com\/www.tvturk.com\/wp-content\/uploads\/2019\/02\/meral-aksener-mersinde_7062e9a.jpg?resize=300%2C200 300w, https:\/\/i0.wp.com\/www.tvturk.com\/wp-content\/uploads\/2019\/02\/meral-aksener-mersinde_7062e9a.jpg?resize=768%2C511 768w, https:\/\/i0.wp.com\/www.tvturk.com\/wp-content\/uploads\/2019\/02\/meral-aksener-mersinde_7062e9a.jpg?resize=170%2C113 170w, https:\/\/i0.wp.com\/www.tvturk.com\/wp-content\/uploads\/2019\/02\/meral-aksener-mersinde_7062e9a.jpg?resize=120%2C80 120w\" width=\"163\" height=\"108\" loading=\"lazy\" data-original-width=\"163\" data-original-height=\"108\" itemprop=\"http:\/\/schema.org\/image\" title=\"Meral Ak\u015fener Mersin\u2019de\" alt=\"Meral Ak\u015fener Mersin\u2019de\" style=\"width: 163px; height: 108px;\" \/> <\/a> <\/div> <\/div> <!-- close group --> <div class=\"gallery-group images-1\" style=\"width: 167px; height: 112px;\" data-original-width=\"167\" data-original-height=\"112\" > <div class=\"tiled-gallery-item tiled-gallery-item-small\" itemprop=\"associatedMedia\" itemscope itemtype=\"http:\/\/schema.org\/ImageObject\"> <a href=\"http:\/\/www.tvturk.com\/index.php\/meral-aksener-mersinde\/meral-aksener-mersinde-7\/\" border=\"0\" itemprop=\"url\"> <meta itemprop=\"width\" content=\"163\"> <meta itemprop=\"height\" content=\"108\"> <img decoding=\"async\" class=\"\" data-attachment-id=\"33546\" data-orig-file=\"http:\/\/www.tvturk.com\/wp-content\/uploads\/2019\/02\/meral-aksener-mersinde_c17332c.jpg\" data-orig-size=\"1000,666\" data-comments-opened=\"\" data-image-meta=\"{&quot;aperture&quot;:&quot;0&quot;,&quot;credit&quot;:&quot;IHA&quot;,&quot;camera&quot;:&quot;&quot;,&quot;caption&quot;:&quot;\\u0130Y\\u0130 PART\\u0130 GENEL BA\\u015eKANI MERAL AK\\u015eENER MERAL AK\\u015eENER, MHP\\u2019DEN \\u0130ST\\u0130FA EDEREK \\u0130Y\\u0130 PART\\u0130\\u2019YE GE\\u00c7EN VE PART\\u0130S\\u0130NDEN ADAY G\\u00d6STERD\\u0130\\u011e\\u0130 MEVCUT B\\u00dcY\\u00dcK\\u015eEH\\u0130R BELED\\u0130YE BA\\u015eKANI BURHANETT\\u0130N KOCAMAZ\\u2019A 31 MART YEREL SE\\u00c7\\u0130MLER\\u0130NDE OY \\u0130STEMEK \\u0130\\u00c7\\u0130N MERS\\u0130N\\u2019E GELD\\u0130. \\u0130K\\u0130 G\\u00dcNL\\u00dcK Z\\u0130YARET \\u00c7ER\\u00c7EVES\\u0130NDE \\u0130LK G\\u00dcN\\u00dc MERS\\u0130N MERKEZE, \\u0130K\\u0130NC\\u0130 G\\u00dcN\\u00dc DE \\u0130L\\u00c7ELERE AYIRAN AK\\u015eENER, KOCAMAZ\\u2019IN \\u0130STE\\u011e\\u0130 \\u00dcZER\\u0130NE \\u00dc\\u00c7 G\\u00dcNL\\u00dcK B\\u0130R Z\\u0130YARET \\u00c7ER\\u00c7EVES\\u0130NDE B\\u0130R KEZ DAHA MERS\\u0130N\\u2019E GELECE\\u011e\\u0130N\\u0130 S\\u00d6YLED\\u0130. (KIYMET G\\u00d6K\\u00c7E\\\/MERS\\u0130N-\\u0130HA)&quot;,&quot;created_timestamp&quot;:&quot;0&quot;,&quot;copyright&quot;:&quot;\\u0130HLAS HABER AJANSI, www.iha.com.tr&quot;,&quot;focal_length&quot;:&quot;0&quot;,&quot;iso&quot;:&quot;0&quot;,&quot;shutter_speed&quot;:&quot;0&quot;,&quot;title&quot;:&quot;MERAL AK\\u015eENER MERS\\u0130N\\u2019DE AK\\u015eENER: \\u201cBEKA MESELES\\u0130N\\u0130N YEREL SE\\u00c7\\u0130MLERLE B\\u0130R ALAKASI YOKTUR\\u201d \\u201cESAS MESELE MUTFAKTIR, TENCERED\\u0130R\\u201d&quot;,&quot;orientation&quot;:&quot;0&quot;}\" data-image-title=\"Meral Ak\u015fener Mersin\u2019de\" data-image-description=\"&lt;p&gt;Meral Ak\u015fener Mersin\u2019de&lt;\/p&gt; \" data-medium-file=\"https:\/\/i0.wp.com\/www.tvturk.com\/wp-content\/uploads\/2019\/02\/meral-aksener-mersinde_c17332c.jpg?fit=300%2C200\" data-large-file=\"https:\/\/i0.wp.com\/www.tvturk.com\/wp-content\/uploads\/2019\/02\/meral-aksener-mersinde_c17332c.jpg?fit=1000%2C666\" src=\"https:\/\/i0.wp.com\/www.tvturk.com\/wp-content\/uploads\/2019\/02\/meral-aksener-mersinde_c17332c.jpg?w=163&#038;h=108\" srcset=\"https:\/\/i0.wp.com\/www.tvturk.com\/wp-content\/uploads\/2019\/02\/meral-aksener-mersinde_c17332c.jpg?w=1000 1000w, https:\/\/i0.wp.com\/www.tvturk.com\/wp-content\/uploads\/2019\/02\/meral-aksener-mersinde_c17332c.jpg?resize=150%2C100 150w, https:\/\/i0.wp.com\/www.tvturk.com\/wp-content\/uploads\/2019\/02\/meral-aksener-mersinde_c17332c.jpg?resize=300%2C200 300w, https:\/\/i0.wp.com\/www.tvturk.com\/wp-content\/uploads\/2019\/02\/meral-aksener-mersinde_c17332c.jpg?resize=768%2C511 768w, https:\/\/i0.wp.com\/www.tvturk.com\/wp-content\/uploads\/2019\/02\/meral-aksener-mersinde_c17332c.jpg?resize=170%2C113 170w, https:\/\/i0.wp.com\/www.tvturk.com\/wp-content\/uploads\/2019\/02\/meral-aksener-mersinde_c17332c.jpg?resize=120%2C80 120w\" width=\"163\" height=\"108\" loading=\"lazy\" data-original-width=\"163\" data-original-height=\"108\" itemprop=\"http:\/\/schema.org\/image\" title=\"Meral Ak\u015fener Mersin\u2019de\" alt=\"Meral Ak\u015fener Mersin\u2019de\" style=\"width: 163px; height: 108px;\" \/> <\/a> <\/div> <\/div> <!-- close group --> <div class=\"gallery-group images-1\" style=\"width: 166px; height: 112px;\" data-original-width=\"166\" data-original-height=\"112\" > <div class=\"tiled-gallery-item tiled-gallery-item-small\" itemprop=\"associatedMedia\" itemscope itemtype=\"http:\/\/schema.org\/ImageObject\"> <a href=\"http:\/\/www.tvturk.com\/index.php\/meral-aksener-mersinde\/meral-aksener-mersinde-8\/\" border=\"0\" itemprop=\"url\"> <meta itemprop=\"width\" content=\"162\"> <meta itemprop=\"height\" content=\"108\"> <img decoding=\"async\" class=\"\" data-attachment-id=\"33547\" data-orig-file=\"http:\/\/www.tvturk.com\/wp-content\/uploads\/2019\/02\/meral-aksener-mersinde_09073ed.jpg\" data-orig-size=\"1000,666\" data-comments-opened=\"\" data-image-meta=\"{&quot;aperture&quot;:&quot;0&quot;,&quot;credit&quot;:&quot;IHA&quot;,&quot;camera&quot;:&quot;&quot;,&quot;caption&quot;:&quot;\\u0130Y\\u0130 PART\\u0130 GENEL BA\\u015eKANI MERAL AK\\u015eENER MERAL AK\\u015eENER, MHP\\u2019DEN \\u0130ST\\u0130FA EDEREK \\u0130Y\\u0130 PART\\u0130\\u2019YE GE\\u00c7EN VE PART\\u0130S\\u0130NDEN ADAY G\\u00d6STERD\\u0130\\u011e\\u0130 MEVCUT B\\u00dcY\\u00dcK\\u015eEH\\u0130R BELED\\u0130YE BA\\u015eKANI BURHANETT\\u0130N KOCAMAZ\\u2019A 31 MART YEREL SE\\u00c7\\u0130MLER\\u0130NDE OY \\u0130STEMEK \\u0130\\u00c7\\u0130N MERS\\u0130N\\u2019E GELD\\u0130. \\u0130K\\u0130 G\\u00dcNL\\u00dcK Z\\u0130YARET \\u00c7ER\\u00c7EVES\\u0130NDE \\u0130LK G\\u00dcN\\u00dc MERS\\u0130N MERKEZE, \\u0130K\\u0130NC\\u0130 G\\u00dcN\\u00dc DE \\u0130L\\u00c7ELERE AYIRAN AK\\u015eENER, KOCAMAZ\\u2019IN \\u0130STE\\u011e\\u0130 \\u00dcZER\\u0130NE \\u00dc\\u00c7 G\\u00dcNL\\u00dcK B\\u0130R Z\\u0130YARET \\u00c7ER\\u00c7EVES\\u0130NDE B\\u0130R KEZ DAHA MERS\\u0130N\\u2019E GELECE\\u011e\\u0130N\\u0130 S\\u00d6YLED\\u0130. (KIYMET G\\u00d6K\\u00c7E\\\/MERS\\u0130N-\\u0130HA)&quot;,&quot;created_timestamp&quot;:&quot;0&quot;,&quot;copyright&quot;:&quot;\\u0130HLAS HABER AJANSI, www.iha.com.tr&quot;,&quot;focal_length&quot;:&quot;0&quot;,&quot;iso&quot;:&quot;0&quot;,&quot;shutter_speed&quot;:&quot;0&quot;,&quot;title&quot;:&quot;MERAL AK\\u015eENER MERS\\u0130N\\u2019DE AK\\u015eENER: \\u201cBEKA MESELES\\u0130N\\u0130N YEREL SE\\u00c7\\u0130MLERLE B\\u0130R ALAKASI YOKTUR\\u201d \\u201cESAS MESELE MUTFAKTIR, TENCERED\\u0130R\\u201d&quot;,&quot;orientation&quot;:&quot;0&quot;}\" data-image-title=\"Meral Ak\u015fener Mersin\u2019de\" data-image-description=\"&lt;p&gt;Meral Ak\u015fener Mersin\u2019de&lt;\/p&gt; \" data-medium-file=\"https:\/\/i0.wp.com\/www.tvturk.com\/wp-content\/uploads\/2019\/02\/meral-aksener-mersinde_09073ed.jpg?fit=300%2C200\" data-large-file=\"https:\/\/i0.wp.com\/www.tvturk.com\/wp-content\/uploads\/2019\/02\/meral-aksener-mersinde_09073ed.jpg?fit=1000%2C666\" src=\"https:\/\/i0.wp.com\/www.tvturk.com\/wp-content\/uploads\/2019\/02\/meral-aksener-mersinde_09073ed.jpg?w=162&#038;h=108\" srcset=\"https:\/\/i0.wp.com\/www.tvturk.com\/wp-content\/uploads\/2019\/02\/meral-aksener-mersinde_09073ed.jpg?w=1000 1000w, https:\/\/i0.wp.com\/www.tvturk.com\/wp-content\/uploads\/2019\/02\/meral-aksener-mersinde_09073ed.jpg?resize=150%2C100 150w, https:\/\/i0.wp.com\/www.tvturk.com\/wp-content\/uploads\/2019\/02\/meral-aksener-mersinde_09073ed.jpg?resize=300%2C200 300w, https:\/\/i0.wp.com\/www.tvturk.com\/wp-content\/uploads\/2019\/02\/meral-aksener-mersinde_09073ed.jpg?resize=768%2C511 768w, https:\/\/i0.wp.com\/www.tvturk.com\/wp-content\/uploads\/2019\/02\/meral-aksener-mersinde_09073ed.jpg?resize=170%2C113 170w, https:\/\/i0.wp.com\/www.tvturk.com\/wp-content\/uploads\/2019\/02\/meral-aksener-mersinde_09073ed.jpg?resize=120%2C80 120w\" width=\"162\" height=\"108\" loading=\"lazy\" data-original-width=\"162\" data-original-height=\"108\" itemprop=\"http:\/\/schema.org\/image\" title=\"Meral Ak\u015fener Mersin\u2019de\" alt=\"Meral Ak\u015fener Mersin\u2019de\" style=\"width: 162px; height: 108px;\" \/> <\/a> <\/div> <\/div> <!-- close group --> <\/div> <!-- close row --> <\/div><\/p>\n","protected":false},"excerpt":{"rendered":"<p>\u0130Y\u0130 PART\u0130 GENEL BA\u015eKANI MERAL AK\u015eENER MERAL AK\u015eENER, MHP\u2019DEN \u0130ST\u0130FA EDEREK \u0130Y\u0130 PART\u0130\u2019YE GE\u00c7EN VE PART\u0130S\u0130NDEN ADAY G\u00d6STERD\u0130\u011e\u0130 MEVCUT B\u00dcY\u00dcK\u015eEH\u0130R BELED\u0130YE BA\u015eKANI BURHANETT\u0130N KOCAMAZ\u2019A 31 MART YEREL SE\u00c7\u0130MLER\u0130NDE OY \u0130STEMEK \u0130\u00c7\u0130N MERS\u0130N\u2019E GELD\u0130. \u0130K\u0130 G\u00dcNL\u00dcK Z\u0130YARET \u00c7ER\u00c7EVES\u0130NDE \u0130LK G\u00dcN\u00dc MERS\u0130N MERKEZE, \u0130K\u0130NC\u0130 G\u00dcN\u00dc DE \u0130L\u00c7ELERE AYIRAN AK\u015eENER, KOCAMAZ\u2019IN \u0130STE\u011e\u0130 \u00dcZER\u0130NE \u00dc\u00c7 G\u00dcNL\u00dcK B\u0130R Z\u0130YARET \u00c7ER\u00c7EVES\u0130NDE B\u0130R KEZ DAHA MERS\u0130N\u2019E GELECE\u011e\u0130N\u0130 S\u00d6YLED\u0130.<\/p>\n","protected":false},"author":1,"featured_media":33541,"comment_status":"closed","ping_status":"open","sticky":false,"template":"","format":"standard","meta":{"jetpack_post_was_ever_published":false,"_jetpack_newsletter_access":"","_jetpack_dont_email_post_to_subs":false,"_jetpack_newsletter_tier_id":0,"_jetpack_memberships_contains_paywalled_content":false,"_jetpack_memberships_contains_paid_content":false,"footnotes":"","jetpack_publicize_message":"","jetpack_publicize_feature_enabled":true,"jetpack_social_post_already_shared":false,"jetpack_social_options":{"image_generator_settings":{"template":"highway","default_image_id":0,"font":"","enabled":false},"version":2}},"categories":[9],"tags":[11064,11063,2218],"class_list":["post-33540","post","type-post","status-publish","format-standard","has-post-thumbnail","hentry","category-siyaset","tag-aksener","tag-meral","tag-mersinde"],"jetpack_publicize_connections":[],"jetpack_featured_media_url":"https:\/\/i0.wp.com\/www.tvturk.com\/wp-content\/uploads\/2019\/02\/meral-aksener-mersinde_cc5d906.jpg?fit=1000%2C666","jetpack_sharing_enabled":true,"jetpack_shortlink":"https:\/\/wp.me\/paKIfm-8IY","_links":{"self":[{"href":"http:\/\/www.tvturk.com\/index.php\/wp-json\/wp\/v2\/posts\/33540","targetHints":{"allow":["GET"]}}],"collection":[{"href":"http:\/\/www.tvturk.com\/index.php\/wp-json\/wp\/v2\/posts"}],"about":[{"href":"http:\/\/www.tvturk.com\/index.php\/wp-json\/wp\/v2\/types\/post"}],"author":[{"embeddable":true,"href":"http:\/\/www.tvturk.com\/index.php\/wp-json\/wp\/v2\/users\/1"}],"replies":[{"embeddable":true,"href":"http:\/\/www.tvturk.com\/index.php\/wp-json\/wp\/v2\/comments?post=33540"}],"version-history":[{"count":1,"href":"http:\/\/www.tvturk.com\/index.php\/wp-json\/wp\/v2\/posts\/33540\/revisions"}],"predecessor-version":[{"id":33548,"href":"http:\/\/www.tvturk.com\/index.php\/wp-json\/wp\/v2\/posts\/33540\/revisions\/33548"}],"wp:featuredmedia":[{"embeddable":true,"href":"http:\/\/www.tvturk.com\/index.php\/wp-json\/wp\/v2\/media\/33541"}],"wp:attachment":[{"href":"http:\/\/www.tvturk.com\/index.php\/wp-json\/wp\/v2\/media?parent=33540"}],"wp:term":[{"taxonomy":"category","embeddable":true,"href":"http:\/\/www.tvturk.com\/index.php\/wp-json\/wp\/v2\/categories?post=33540"},{"taxonomy":"post_tag","embeddable":true,"href":"http:\/\/www.tvturk.com\/index.php\/wp-json\/wp\/v2\/tags?post=33540"}],"curies":[{"name":"wp","href":"https:\/\/api.w.org\/{rel}","templated":true}]}}