{"id":33778,"date":"2019-02-14T20:41:05","date_gmt":"2019-02-14T17:41:05","guid":{"rendered":"http:\/\/www.tvturk.com\/index.php\/tuzlali-genclerin-iyilikte-yaristigi-3-genc-gonulluler-ligi-basladi\/"},"modified":"2019-02-14T20:41:05","modified_gmt":"2019-02-14T17:41:05","slug":"tuzlali-genclerin-iyilikte-yaristigi-3-genc-gonulluler-ligi-basladi","status":"publish","type":"post","link":"http:\/\/www.tvturk.com\/index.php\/tuzlali-genclerin-iyilikte-yaristigi-3-genc-gonulluler-ligi-basladi\/","title":{"rendered":"Tuzlal\u0131 gen\u00e7lerin iyilikte yar\u0131\u015ft\u0131\u011f\u0131 3. Gen\u00e7 G\u00f6n\u00fcll\u00fcler Ligi ba\u015flad\u0131"},"content":{"rendered":"<p>Tuzla Belediye Ba\u015fkan\u0131 Dr. \u015eadi Yaz\u0131c\u0131\u2019n\u0131n \u201cE\u011fitim Kenti Tuzla\u201d vizyonuyla Tuzla Belediyesi Gen\u00e7lik Merkezi taraf\u0131ndan haz\u0131rlanan ve bu y\u0131l 3\u2019\u00fcnc\u00fcs\u00fc d\u00fczenlenen &#8220;Gen\u00e7 G\u00f6n\u00fcll\u00fcler Ligi&#8221; sosyal sorumluluk projesi t\u00f6renle ba\u015flad\u0131. \u0130yilikte 1\u2019inci olan ekip Paris Disneyland Gezisi ile \u00f6d\u00fcllendirilecek. Ba\u015fkan Yaz\u0131c\u0131, ilk 10 tak\u0131m oyuncular\u0131na da notebook hediyesi s\u00f6z\u00fc ile s\u00fcrpriz yapt\u0131.<\/p>\n<p>Tuzla Belediyesi 3. Gen\u00e7 G\u00f6n\u00fcll\u00fcler Ligi, Tuzla Belediyesi Nikah Saray\u0131 ve K\u00fclt\u00fcr Merkezi\u2019nde t\u00f6renle ba\u015flad\u0131. A\u00e7\u0131l\u0131\u015fa Tuzla Belediye Ba\u015fkan\u0131 Dr. \u015eadi Yaz\u0131c\u0131, Tuzla \u0130l\u00e7e Milli E\u011fitim M\u00fcd\u00fcr\u00fc Ahmet Alireiso\u011flu, Tuzla Belediyesi Gen\u00e7lik Merkezi \u00f6\u011frencileri ve \u00f6\u011fretmenler kat\u0131ld\u0131. Tuzlal\u0131 gen\u00e7ler, a\u00e7\u0131l\u0131\u015f program\u0131na kat\u0131larak iyilikte yar\u0131\u015fan arkada\u015flar\u0131n\u0131 g\u00f6n\u00fclden destekledi.<\/p>\n<p>\u0130yilikte maratonun ba\u015flang\u0131c\u0131<\/p>\n<p>Programda a\u00e7\u0131l\u0131\u015f konu\u015fmas\u0131n\u0131 Tuzla \u0130l\u00e7e Milli E\u011fitim M\u00fcd\u00fcr\u00fc Ahmet Alireiso\u011flu yapt\u0131. Ligi iyilik maratonunun ba\u015flang\u0131c\u0131 \u015feklinde tan\u0131mlayan Alireiso\u011flu, \u201cBuras\u0131 iyilik maratonunun ba\u015flang\u0131c\u0131. Bu maratonun ana paydas\u0131n\u0131n iyilik olmas\u0131 ger\u00e7ekten insana sevin\u00e7 veriyor. Toplumun en k\u0131ymetli, en de\u011ferli hazinesi, varl\u0131\u011f\u0131, gelece\u011fi gen\u00e7ler. Bunu s\u00f6ylemek kolay as\u0131l bu paydan\u0131n i\u00e7ini doldurmak \u00e7ok \u00f6nemli. Toplum hayat\u0131n\u0131, sosyal dokuyu, mahalleyi, Tuzla\u2019y\u0131, sizin hayat\u0131n\u0131z\u0131 g\u00fczelle\u015ftiren \u00e7ok de\u011ferli bir katk\u0131 sa\u011flan\u0131yor. B\u00f6yle bir \u00e7al\u0131\u015fma yap\u0131lan bir il\u00e7ede oldu\u011fum i\u00e7in sizler i\u00e7in ger\u00e7ekten sevin\u00e7liyim\u201d dedi.<\/p>\n<p>&#8220;\u0130yilik kenti Tuzla&#8221;<\/p>\n<p>Tuzla Belediye Ba\u015fkan\u0131 Dr. \u015eadi Yaz\u0131c\u0131 ise programda yapt\u0131\u011f\u0131 konu\u015fmada lige kat\u0131lan gen\u00e7leri tebrik etti. Ba\u015fkan Yaz\u0131c\u0131, \u201cBu y\u0131l 3\u2019\u00fcnc\u00fcs\u00fcn\u00fc d\u00fczenledi\u011fimiz Gen\u00e7 G\u00f6n\u00fcll\u00fcler Ligi\u2019nde \u00e7ok \u00f6nemli bir evrensel kavram \u00fczerinde duruyoruz. Hangi felsefe, d\u00fc\u015f\u00fcnce, g\u00f6r\u00fc\u015f olursa olsun iyilik yapmay\u0131 asla d\u0131\u015flamayan bir d\u00fcnyada ya\u015f\u0131yoruz. D\u00fcnyam\u0131za bakt\u0131\u011f\u0131m\u0131zda eksikli\u011fin asl\u0131nda iyilik yapmak oldu\u011funu g\u00f6r\u00fcyoruz. A\u00e7 kalan kimsenin olmayaca\u011f\u0131, kimsenin mazlum olmayaca\u011f\u0131, annesi babas\u0131 \u00f6ld\u00fc\u011f\u00fcnde yetim kalmayaca\u011f\u0131 bir d\u00fcnyay\u0131 sadece iyilikle ba\u015farabiliriz. Gen\u00e7lik gelece\u011fe ad\u0131m atmak i\u00e7in kendini yeti\u015ftiriyor. Sevgi olmadan iyilik yapamazs\u0131n\u0131z. Sevginiz yoksa iyilik yapma duygusu da i\u00e7inizden gelmez ve e\u011fer ki iyilik yapmak istiyorsan\u0131z sevdi\u011finiz i\u00e7in ve \u00f6d\u00fcn vermek i\u00e7in iyilik yapars\u0131n\u0131z. Ve ben bunu her yerde s\u00f6yl\u00fcyorum ve s\u00f6ylemeye de devam edece\u011fim. Tolstoy\u2019un g\u00fczel bir s\u00f6z\u00fc var; sadece kendi mutlulu\u011fu i\u00e7in ya\u015fayan insan k\u00f6t\u00fcd\u00fcr. Bu s\u00f6z\u00fc l\u00fctfen unutmay\u0131n. Sadece kendi mutlulu\u011funuz i\u00e7in asla ya\u015famay\u0131n\u201d \u015feklinde konu\u015ftu.<\/p>\n<p>Tuzla Belediyesi\u2019nin \u201cE\u011fitim Kenti Tuzla\u201d ve \u201cDenizle An\u0131lan Tuzla\u201d vizyonunu hat\u0131rlatan Ba\u015fkan Yaz\u0131c\u0131, \u201c\u0130yilik Kenti Tuzla\u201dn\u0131n da gen\u00e7lerin eseri olaca\u011f\u0131n\u0131 vurgulad\u0131. Ba\u015fkan Yaz\u0131c\u0131, \u201c\u0130yilik Kenti Tuzla\u2019y\u0131 sizin sayenizde yapaca\u011f\u0131z. \u0130yilik denince akla Tuzla gelmesini sizin sayenizde sa\u011flayaca\u011f\u0131z. \u0130n\u015fallah bundan sonraki yar\u0131\u015fmalarda da \u00e7\u0131tay\u0131 y\u00fckselterek \u0130yilik Kenti Tuzla\u2019y\u0131 birlikte olu\u015ftururuz\u201d temennisinde bulundu.<\/p>\n<p>Ba\u015fkan Yaz\u0131c\u0131\u2019dan Gen\u00e7 G\u00f6n\u00fcll\u00fclere jest<\/p>\n<p>Yaz\u0131c\u0131, 3. Gen\u00e7 G\u00f6n\u00fcll\u00fcler Ligi yar\u0131\u015fmac\u0131lar\u0131na yeni hediyeleri ile jest yapt\u0131. Ba\u015fkan Yaz\u0131c\u0131, mevcut \u00f6d\u00fcllere ek olarak ilk 10 tak\u0131m oyuncular\u0131na notebook hediyesi s\u00f6z\u00fc verdi. Tuzla Belediye Ba\u015fkan\u0131 Dr. \u015eadi Yaz\u0131c\u0131\u2019n\u0131n \u00f6d\u00fclleri artt\u0131rmas\u0131 gen\u00e7ler taraf\u0131ndan co\u015fkuyla kar\u015f\u0131land\u0131. A\u00e7\u0131l\u0131\u015f program\u0131 Tuzla Belediyesi Gen\u00e7 G\u00f6n\u00fcll\u00fcler Ligi sinevizyon g\u00f6sterimi ve Tuzla Belediyesi Gen\u00e7lik Merkezi kursiyerlerinden olu\u015fan Mavi R\u00fcya grubunun konseri ile sona erdi.<\/p>\n<p>Tuzla Belediyesi 3. Gen\u00e7 G\u00f6n\u00fcll\u00fcler Ligi<\/p>\n<p>Tuzla Belediyesi 3. Gen\u00e7 G\u00f6n\u00fcll\u00fcler Ligi\u2019nde 9, 10, 11 ve 12. s\u0131n\u0131f \u00f6\u011frencileri 4 ki\u015fiden olu\u015fan tak\u0131mlar\u0131yla iyilik i\u00e7in yar\u0131\u015facaklar. 6 hafta s\u00fcrecek iyilik yar\u0131\u015f\u0131nda en \u00e7ok puan\u0131 toplayan ilk 3 tak\u0131m birbirinden g\u00fczel gezi organizasyonlar\u0131 ile ta\u00e7land\u0131r\u0131lacak. Birinci olan tak\u0131m Paris Disneyland, ikinci olan tak\u0131m Balkanlar Turu, \u00fc\u00e7\u00fcnc\u00fc olan tak\u0131m ise Karadeniz turu, ilk 10 tak\u0131m oyuncular\u0131 notebook ile \u00f6d\u00fcllendirilecek.<\/p>\n<p>Tuzla Belediyesi 3. Gen\u00e7 G\u00f6n\u00fcll\u00fcler Ligi\u2019nde her hafta farkl\u0131 bir konuda iyilik yaparak yar\u0131\u015facak. Gen\u00e7 g\u00f6n\u00fcll\u00fcler sokak hayvanlar\u0131n\u0131 besleyecek, ihtiya\u00e7 sahibi ailelerin hayatlar\u0131na katk\u0131 sa\u011flayacak, ibadethaneleri temizleyecek, hastanelerde yatan hastalar\u0131 ziyaret edecek. Gen\u00e7 g\u00f6n\u00fcll\u00fcler ayr\u0131ca ye\u015fil alan ve fidanl\u0131k olu\u015fturma, \u00e7evre temizli\u011fine katk\u0131 sa\u011flama, at\u0131k pil, ya\u011f, plastik toplama, ekolojik dengeyi d\u00fczenleyici etkinlikler ve projeler ger\u00e7ekle\u015ftirecek, oyuncak, k\u0131yafet, kitap ve benzeri malzemeleri ihtiya\u00e7 sahiplerine ula\u015ft\u0131rmay\u0131 hedefleyecek. B\u00fcy\u00fcklerine sayg\u0131 ve tarihe \u00f6zveri d\u00fcsturunun da g\u00f6z \u00f6n\u00fcnde bulunduruldu\u011fu yar\u0131\u015fta gen\u00e7ler atalar\u0131n\u0131 ve ecdad\u0131 sayg\u0131yla anacak ve huzurevi sakinlerini ziyaret ederek onlara moral verecek.<\/p>\n<p>Tuzla Belediyesi 3. Gen\u00e7 G\u00f6n\u00fcll\u00fcler Ligi \u00f6d\u00fcl t\u00f6reni 28 Mart 2019 Per\u015fembe g\u00fcn\u00fc ger\u00e7ekle\u015ftirilecek.<\/p>\n","protected":false},"excerpt":{"rendered":"<p>TUZLA BELED\u0130YE BA\u015eKANI DR. \u015eAD\u0130 YAZICI\u2019NIN \u201cE\u011e\u0130T\u0130M KENT\u0130 TUZLA\u201d V\u0130ZYONUYLA TUZLA BELED\u0130YES\u0130 GEN\u00c7L\u0130K MERKEZ\u0130 TARAFINDAN HAZIRLANAN VE BU YIL 3&#8217;\u00dcNC\u00dcS\u00dc D\u00dcZENLENEN &#8220;GEN\u00c7 G\u00d6N\u00dcLL\u00dcLER L\u0130G\u0130&#8221; SOSYAL SORUMLULUK PROJES\u0130 T\u00d6RENLE BA\u015eLADI. \u0130Y\u0130L\u0130KTE 1&#8217;\u0130NC\u0130 OLAN EK\u0130P PAR\u0130S D\u0130SNEYLAND GEZ\u0130S\u0130 \u0130LE \u00d6D\u00dcLLEND\u0130R\u0130LECEK. BA\u015eKAN YAZICI, \u0130LK 10 TAKIM OYUNCULARINA DA NOTEBOOK HED\u0130YES\u0130 S\u00d6Z\u00dc \u0130LE S\u00dcRPR\u0130Z YAPTI.<\/p>\n","protected":false},"author":1,"featured_media":33779,"comment_status":"closed","ping_status":"open","sticky":false,"template":"","format":"standard","meta":{"jetpack_post_was_ever_published":false,"_jetpack_newsletter_access":"","_jetpack_dont_email_post_to_subs":false,"_jetpack_newsletter_tier_id":0,"_jetpack_memberships_contains_paywalled_content":false,"_jetpack_memberships_contains_paid_content":false,"footnotes":"","jetpack_publicize_message":"","jetpack_publicize_feature_enabled":true,"jetpack_social_post_already_shared":false,"jetpack_social_options":{"image_generator_settings":{"template":"highway","default_image_id":0,"font":"","enabled":false},"version":2}},"categories":[655],"tags":[55,803,2901,12966,12964,1717,12963,12965],"class_list":["post-33778","post","type-post","status-publish","format-standard","has-post-thumbnail","hentry","category-son-dakika","tag-basladi","tag-genc","tag-genclerin","tag-gonulluler","tag-iyilikte","tag-ligi","tag-tuzlali","tag-yaristigi"],"jetpack_publicize_connections":[],"jetpack_featured_media_url":"https:\/\/i0.wp.com\/www.tvturk.com\/wp-content\/uploads\/2019\/02\/tuzlali-genclerin-iyilikte-yaristigi-3-genc-gonulluler-ligi-basladi_d81f821.jpg?fit=1000%2C666","jetpack_sharing_enabled":true,"jetpack_shortlink":"https:\/\/wp.me\/paKIfm-8MO","_links":{"self":[{"href":"http:\/\/www.tvturk.com\/index.php\/wp-json\/wp\/v2\/posts\/33778","targetHints":{"allow":["GET"]}}],"collection":[{"href":"http:\/\/www.tvturk.com\/index.php\/wp-json\/wp\/v2\/posts"}],"about":[{"href":"http:\/\/www.tvturk.com\/index.php\/wp-json\/wp\/v2\/types\/post"}],"author":[{"embeddable":true,"href":"http:\/\/www.tvturk.com\/index.php\/wp-json\/wp\/v2\/users\/1"}],"replies":[{"embeddable":true,"href":"http:\/\/www.tvturk.com\/index.php\/wp-json\/wp\/v2\/comments?post=33778"}],"version-history":[{"count":0,"href":"http:\/\/www.tvturk.com\/index.php\/wp-json\/wp\/v2\/posts\/33778\/revisions"}],"wp:featuredmedia":[{"embeddable":true,"href":"http:\/\/www.tvturk.com\/index.php\/wp-json\/wp\/v2\/media\/33779"}],"wp:attachment":[{"href":"http:\/\/www.tvturk.com\/index.php\/wp-json\/wp\/v2\/media?parent=33778"}],"wp:term":[{"taxonomy":"category","embeddable":true,"href":"http:\/\/www.tvturk.com\/index.php\/wp-json\/wp\/v2\/categories?post=33778"},{"taxonomy":"post_tag","embeddable":true,"href":"http:\/\/www.tvturk.com\/index.php\/wp-json\/wp\/v2\/tags?post=33778"}],"curies":[{"name":"wp","href":"https:\/\/api.w.org\/{rel}","templated":true}]}}