{"id":33798,"date":"2019-02-14T21:21:48","date_gmt":"2019-02-14T18:21:48","guid":{"rendered":"http:\/\/www.tvturk.com\/index.php\/turkiyenin-tahran-buyukelcisi-orsten-irana-bassagligi-mesaji\/"},"modified":"2019-02-14T21:21:48","modified_gmt":"2019-02-14T18:21:48","slug":"turkiyenin-tahran-buyukelcisi-orsten-irana-bassagligi-mesaji","status":"publish","type":"post","link":"http:\/\/www.tvturk.com\/index.php\/turkiyenin-tahran-buyukelcisi-orsten-irana-bassagligi-mesaji\/","title":{"rendered":"T\u00fcrkiye\u2019nin Tahran B\u00fcy\u00fckel\u00e7isi \u00d6rs\u2019ten \u0130ran\u2019a ba\u015fsa\u011fl\u0131\u011f\u0131 mesaj\u0131"},"content":{"rendered":"<p>T\u00fcrkiye\u2019nin Tahran B\u00fcy\u00fckel\u00e7isi Derya \u00d6rs, \u0130ran\u2019\u0131n Sistan ve Belu\u00e7istan eyaletinde, Devrim Muhaf\u0131zlar\u0131 askerlerine kar\u015f\u0131 ger\u00e7ekle\u015fen ter\u00f6r sald\u0131r\u0131s\u0131n\u0131 k\u0131nayarak, ba\u015fsa\u011fl\u0131\u011f\u0131 diledi.<\/p>\n<p>T\u00fcrkiye\u2019nin Tahran B\u00fcy\u00fckel\u00e7isi Derya \u00d6rs d\u00fcn \u0130ran\u2019\u0131n Sistan ve Belu\u00e7istan eyaletinde, Devrim Muhaf\u0131zlar\u0131 askerlerine kar\u015f\u0131 ger\u00e7ekle\u015fen ter\u00f6r\u00fc \u015fiddetle k\u0131nad\u0131 ve ba\u015fsa\u011fl\u0131\u011f\u0131 diledi.<\/p>\n<p>\u00d6rs, Sistan ve Belu\u00e7istan eyaletinin y\u00f6netim merkezi olan Zahidan eyaletinde, Cey\u015fu\u2019l Adl adl\u0131 ter\u00f6r \u00f6rg\u00fct\u00fc taraf\u0131ndan \u00fclkenin Devrim Muhaf\u0131zlar\u0131na kar\u015f\u0131 ger\u00e7ekle\u015fen ter\u00f6r sald\u0131r\u0131s\u0131na ili\u015fkin, Twitter hesab\u0131 \u00fczerinden ba\u015fsa\u011fl\u0131\u011f\u0131 diledi.<\/p>\n<p>Derya \u00d6rs, &#8220;Co\u011frafyam\u0131z\u0131 kan ve g\u00f6zya\u015f\u0131na bo\u011fan k\u00fcresel ter\u00f6r, \u00e7irkin y\u00fcz\u00fcn\u00fc bir kez daha g\u00f6sterdi. \u0130ran\u2019da meydana gelen ter\u00f6r sald\u0131r\u0131s\u0131n\u0131 \u015fiddetle k\u0131n\u0131yor, dost ve karde\u015f \u0130ran halk\u0131na ve devletine ba\u015fsa\u011fl\u0131\u011f\u0131; hayat\u0131n\u0131 kaybedenlere Allah\u2019tan rahmet, yaral\u0131lara acil \u015fifalar diliyorum&#8221; ifadelerini kulland\u0131.<\/p>\n<p>D\u00fcn \u0130ran\u2019\u0131n Sistan ve Belu\u00e7istan eyaletinde ger\u00e7ekle\u015fen ter\u00f6r sald\u0131r\u0131s\u0131nda resmi kaynaklarca 27 Devrim Muhaf\u0131z\u0131 hayat\u0131n\u0131 kaybetti. Sald\u0131r\u0131y\u0131 ise Cey\u015fu\u2019l Adl ter\u00f6r \u00f6rg\u00fct\u00fc \u00fcstlenmi\u015fti.<\/p>\n","protected":false},"excerpt":{"rendered":"<p>T\u00dcRK\u0130YE\u2019N\u0130N TAHRAN B\u00dcY\u00dcKEL\u00c7\u0130S\u0130 DERYA \u00d6RS, \u0130RAN\u2019IN S\u0130STAN VE BELU\u00c7\u0130STAN EYALET\u0130NDE, DEVR\u0130M MUHAFIZLARI ASKERLER\u0130NE KAR\u015eI GER\u00c7EKLE\u015eEN TER\u00d6R SALDIRISINI KINAYARAK, BA\u015eSA\u011eLI\u011eI D\u0130LED\u0130.<\/p>\n","protected":false},"author":1,"featured_media":33799,"comment_status":"closed","ping_status":"open","sticky":false,"template":"","format":"standard","meta":{"jetpack_post_was_ever_published":false,"_jetpack_newsletter_access":"","_jetpack_dont_email_post_to_subs":false,"_jetpack_newsletter_tier_id":0,"_jetpack_memberships_contains_paywalled_content":false,"_jetpack_memberships_contains_paid_content":false,"footnotes":"","jetpack_publicize_message":"","jetpack_publicize_feature_enabled":true,"jetpack_social_post_already_shared":false,"jetpack_social_options":{"image_generator_settings":{"template":"highway","default_image_id":0,"font":"","enabled":false},"version":2}},"categories":[9],"tags":[3440,4684,12974,3121,12973,12972,177],"class_list":["post-33798","post","type-post","status-publish","format-standard","has-post-thumbnail","hentry","category-siyaset","tag-bassagligi","tag-buyukelcisi","tag-irana","tag-mesaji","tag-orsten","tag-tahran","tag-turkiyenin"],"jetpack_publicize_connections":[],"jetpack_featured_media_url":"https:\/\/i0.wp.com\/www.tvturk.com\/wp-content\/uploads\/2019\/02\/turkiyenin-tahran-buyukelcisi-orsten-irana-bassagligi-mesaji_19f20be.jpg?fit=368%2C364","jetpack_sharing_enabled":true,"jetpack_shortlink":"https:\/\/wp.me\/paKIfm-8N8","_links":{"self":[{"href":"http:\/\/www.tvturk.com\/index.php\/wp-json\/wp\/v2\/posts\/33798","targetHints":{"allow":["GET"]}}],"collection":[{"href":"http:\/\/www.tvturk.com\/index.php\/wp-json\/wp\/v2\/posts"}],"about":[{"href":"http:\/\/www.tvturk.com\/index.php\/wp-json\/wp\/v2\/types\/post"}],"author":[{"embeddable":true,"href":"http:\/\/www.tvturk.com\/index.php\/wp-json\/wp\/v2\/users\/1"}],"replies":[{"embeddable":true,"href":"http:\/\/www.tvturk.com\/index.php\/wp-json\/wp\/v2\/comments?post=33798"}],"version-history":[{"count":0,"href":"http:\/\/www.tvturk.com\/index.php\/wp-json\/wp\/v2\/posts\/33798\/revisions"}],"wp:featuredmedia":[{"embeddable":true,"href":"http:\/\/www.tvturk.com\/index.php\/wp-json\/wp\/v2\/media\/33799"}],"wp:attachment":[{"href":"http:\/\/www.tvturk.com\/index.php\/wp-json\/wp\/v2\/media?parent=33798"}],"wp:term":[{"taxonomy":"category","embeddable":true,"href":"http:\/\/www.tvturk.com\/index.php\/wp-json\/wp\/v2\/categories?post=33798"},{"taxonomy":"post_tag","embeddable":true,"href":"http:\/\/www.tvturk.com\/index.php\/wp-json\/wp\/v2\/tags?post=33798"}],"curies":[{"name":"wp","href":"https:\/\/api.w.org\/{rel}","templated":true}]}}