{"id":33922,"date":"2019-02-14T23:01:26","date_gmt":"2019-02-14T20:01:26","guid":{"rendered":"http:\/\/www.tvturk.com\/index.php\/ahlat-ve-tatvanda-okullara-kar-tatili\/"},"modified":"2019-02-14T23:01:28","modified_gmt":"2019-02-14T20:01:28","slug":"ahlat-ve-tatvanda-okullara-kar-tatili","status":"publish","type":"post","link":"http:\/\/www.tvturk.com\/index.php\/ahlat-ve-tatvanda-okullara-kar-tatili\/","title":{"rendered":"Ahlat ve Tatvan\u2019da okullara kar tatili"},"content":{"rendered":"<p>Bitlis\u2019in Ahlat ve Tatvan il\u00e7elerinde yo\u011fun kar ya\u011f\u0131\u015f\u0131 nedeniyle e\u011fitime 15 \u015eubat 2019 Cuma  g\u00fcn\u00fc 1 g\u00fcn s\u00fcreyle ara verildi.<\/p>\n<p>Konuyla ilgili Ahlat Kaymakaml\u0131\u011f\u0131ndan  yap\u0131lan a\u00e7\u0131klamada,  \u201cYo\u011fun kar ya\u011f\u0131\u015f\u0131 ve olumsuz hava ko\u015fullar\u0131 nedeniyle Ahlat il\u00e7e merkezi ile belde ve k\u00f6ylerdeki her t\u00fcr ve derecedeki resmi ve \u00f6zel t\u00fcm e\u011fitim kurumlar\u0131m\u0131z 15.02.2019 Cuma  g\u00fcn\u00fc (yar\u0131n ) 1 g\u00fcn s\u00fcre ile  e\u011fitime ara verilmesine Kaymakaml\u0131\u011f\u0131m\u0131zca   karar verilmi\u015ftir.&#8221; denildi.<\/p>\n<p>Tatvan Kaymakaml\u0131\u011f\u0131ndan yap\u0131lan a\u00e7\u0131klamada ise, \u201cTatvan Kaymakaml\u0131\u011f\u0131 \u0130l\u00e7e H\u0131fz\u0131s\u0131hha Kurulunun alm\u0131\u015f oldu\u011fu karar uyar\u0131nca, il\u00e7emizde devam eden yo\u011fun kar ya\u011f\u0131\u015f\u0131 ve elveri\u015fsiz hava ko\u015fullar\u0131 nedeniyle, merkez ve k\u00f6ylerde t\u00fcm ilk ve orta dereceli okullarda (Y\u0130BO\u2019lar ve pansiyonlu okullar dahil) 15 \u015fubat 2019 Cuma g\u00fcn\u00fc e\u011fitime 1 g\u00fcn s\u00fcreyle ara verilmi\u015ftir. Ayr\u0131ca bu s\u00fcre zarf\u0131nda Tatvan il\u00e7esinde g\u00f6revli t\u00fcm engelli ve hamile kamu \u00e7al\u0131\u015fanlar\u0131 da idari izinli say\u0131lacaklard\u0131r. Kamuoyuna sayg\u0131yla duyurulur\u201d ifadesine yer verildi.<div class=\"tiled-gallery type-rectangular tiled-gallery-unresized\" data-original-width=\"500\" data-carousel-extra='null' itemscope itemtype=\"http:\/\/schema.org\/ImageGallery\" > <div class=\"gallery-row\" style=\"width: 500px; height: 142px;\" data-original-width=\"500\" data-original-height=\"142\" > <div class=\"gallery-group images-1\" style=\"width: 250px; height: 142px;\" data-original-width=\"250\" data-original-height=\"142\" > <div class=\"tiled-gallery-item tiled-gallery-item-small\" itemprop=\"associatedMedia\" itemscope itemtype=\"http:\/\/schema.org\/ImageObject\"> <a href=\"http:\/\/www.tvturk.com\/index.php\/ahlat-ve-tatvanda-okullara-kar-tatili\/ahlat-ve-tatvanda-okullara-kar-tatili-3\/\" border=\"0\" itemprop=\"url\"> <meta itemprop=\"width\" content=\"246\"> <meta itemprop=\"height\" content=\"138\"> <img decoding=\"async\" class=\"\" data-attachment-id=\"33924\" data-orig-file=\"http:\/\/www.tvturk.com\/wp-content\/uploads\/2019\/02\/ahlat-ve-tatvanda-okullara-kar-tatili_2e9a68c.jpg\" data-orig-size=\"1000,562\" data-comments-opened=\"\" data-image-meta=\"{&quot;aperture&quot;:&quot;0&quot;,&quot;credit&quot;:&quot;IHA&quot;,&quot;camera&quot;:&quot;&quot;,&quot;caption&quot;:&quot;B\\u0130TL\\u0130S\\u2019\\u0130N AHLAT VE TATVAN \\u0130L\\u00c7ELER\\u0130NDE YO\\u011eUN KAR YA\\u011eI\\u015eI NEDEN\\u0130YLE E\\u011e\\u0130T\\u0130ME 15 \\u015eUBAT 2019 CUMA G\\u00dcN\\u00dc 1 G\\u00dcN S\\u00dcREYLE ARA VER\\u0130LD\\u0130. (\\u00d6ZKAN OLCAY\\\/B\\u0130TL\\u0130S-\\u0130HA)&quot;,&quot;created_timestamp&quot;:&quot;0&quot;,&quot;copyright&quot;:&quot;\\u0130HLAS HABER AJANSI, www.iha.com.tr&quot;,&quot;focal_length&quot;:&quot;0&quot;,&quot;iso&quot;:&quot;0&quot;,&quot;shutter_speed&quot;:&quot;0&quot;,&quot;title&quot;:&quot;AHLAT VE TATVAN\\u2019DA OKULLARA KAR TAT\\u0130L\\u0130&quot;,&quot;orientation&quot;:&quot;0&quot;}\" data-image-title=\"Ahlat ve Tatvan\u2019da okullara kar tatili\" data-image-description=\"&lt;p&gt;Ahlat ve Tatvan\u2019da okullara kar tatili&lt;\/p&gt; \" data-medium-file=\"https:\/\/i0.wp.com\/www.tvturk.com\/wp-content\/uploads\/2019\/02\/ahlat-ve-tatvanda-okullara-kar-tatili_2e9a68c.jpg?fit=300%2C169\" data-large-file=\"https:\/\/i0.wp.com\/www.tvturk.com\/wp-content\/uploads\/2019\/02\/ahlat-ve-tatvanda-okullara-kar-tatili_2e9a68c.jpg?fit=1000%2C562\" src=\"https:\/\/i0.wp.com\/www.tvturk.com\/wp-content\/uploads\/2019\/02\/ahlat-ve-tatvanda-okullara-kar-tatili_2e9a68c.jpg?w=246&#038;h=138\" srcset=\"https:\/\/i0.wp.com\/www.tvturk.com\/wp-content\/uploads\/2019\/02\/ahlat-ve-tatvanda-okullara-kar-tatili_2e9a68c.jpg?w=1000 1000w, https:\/\/i0.wp.com\/www.tvturk.com\/wp-content\/uploads\/2019\/02\/ahlat-ve-tatvanda-okullara-kar-tatili_2e9a68c.jpg?resize=150%2C84 150w, https:\/\/i0.wp.com\/www.tvturk.com\/wp-content\/uploads\/2019\/02\/ahlat-ve-tatvanda-okullara-kar-tatili_2e9a68c.jpg?resize=300%2C169 300w, https:\/\/i0.wp.com\/www.tvturk.com\/wp-content\/uploads\/2019\/02\/ahlat-ve-tatvanda-okullara-kar-tatili_2e9a68c.jpg?resize=768%2C432 768w, https:\/\/i0.wp.com\/www.tvturk.com\/wp-content\/uploads\/2019\/02\/ahlat-ve-tatvanda-okullara-kar-tatili_2e9a68c.jpg?resize=200%2C113 200w\" width=\"246\" height=\"138\" loading=\"lazy\" data-original-width=\"246\" data-original-height=\"138\" itemprop=\"http:\/\/schema.org\/image\" title=\"Ahlat ve Tatvan\u2019da okullara kar tatili\" alt=\"Ahlat ve Tatvan\u2019da okullara kar tatili\" style=\"width: 246px; height: 138px;\" \/> <\/a> <\/div> <\/div> <!-- close group --> <div class=\"gallery-group images-1\" style=\"width: 250px; height: 142px;\" data-original-width=\"250\" data-original-height=\"142\" > <div class=\"tiled-gallery-item tiled-gallery-item-small\" itemprop=\"associatedMedia\" itemscope itemtype=\"http:\/\/schema.org\/ImageObject\"> <a href=\"http:\/\/www.tvturk.com\/index.php\/ahlat-ve-tatvanda-okullara-kar-tatili\/ahlat-ve-tatvanda-okullara-kar-tatili-4\/\" border=\"0\" itemprop=\"url\"> <meta itemprop=\"width\" content=\"246\"> <meta itemprop=\"height\" content=\"138\"> <img decoding=\"async\" class=\"\" data-attachment-id=\"33925\" data-orig-file=\"http:\/\/www.tvturk.com\/wp-content\/uploads\/2019\/02\/ahlat-ve-tatvanda-okullara-kar-tatili_c4b2d13.jpg\" data-orig-size=\"1000,562\" data-comments-opened=\"\" data-image-meta=\"{&quot;aperture&quot;:&quot;0&quot;,&quot;credit&quot;:&quot;IHA&quot;,&quot;camera&quot;:&quot;&quot;,&quot;caption&quot;:&quot;B\\u0130TL\\u0130S\\u2019\\u0130N AHLAT VE TATVAN \\u0130L\\u00c7ELER\\u0130NDE YO\\u011eUN KAR YA\\u011eI\\u015eI NEDEN\\u0130YLE E\\u011e\\u0130T\\u0130ME 15 \\u015eUBAT 2019 CUMA G\\u00dcN\\u00dc 1 G\\u00dcN S\\u00dcREYLE ARA VER\\u0130LD\\u0130. (\\u00d6ZKAN OLCAY\\\/B\\u0130TL\\u0130S-\\u0130HA)&quot;,&quot;created_timestamp&quot;:&quot;0&quot;,&quot;copyright&quot;:&quot;\\u0130HLAS HABER AJANSI, www.iha.com.tr&quot;,&quot;focal_length&quot;:&quot;0&quot;,&quot;iso&quot;:&quot;0&quot;,&quot;shutter_speed&quot;:&quot;0&quot;,&quot;title&quot;:&quot;AHLAT VE TATVAN\\u2019DA OKULLARA KAR TAT\\u0130L\\u0130&quot;,&quot;orientation&quot;:&quot;0&quot;}\" data-image-title=\"Ahlat ve Tatvan\u2019da okullara kar tatili\" data-image-description=\"&lt;p&gt;Ahlat ve Tatvan\u2019da okullara kar tatili&lt;\/p&gt; \" data-medium-file=\"https:\/\/i0.wp.com\/www.tvturk.com\/wp-content\/uploads\/2019\/02\/ahlat-ve-tatvanda-okullara-kar-tatili_c4b2d13.jpg?fit=300%2C169\" data-large-file=\"https:\/\/i0.wp.com\/www.tvturk.com\/wp-content\/uploads\/2019\/02\/ahlat-ve-tatvanda-okullara-kar-tatili_c4b2d13.jpg?fit=1000%2C562\" src=\"https:\/\/i0.wp.com\/www.tvturk.com\/wp-content\/uploads\/2019\/02\/ahlat-ve-tatvanda-okullara-kar-tatili_c4b2d13.jpg?w=246&#038;h=138\" srcset=\"https:\/\/i0.wp.com\/www.tvturk.com\/wp-content\/uploads\/2019\/02\/ahlat-ve-tatvanda-okullara-kar-tatili_c4b2d13.jpg?w=1000 1000w, https:\/\/i0.wp.com\/www.tvturk.com\/wp-content\/uploads\/2019\/02\/ahlat-ve-tatvanda-okullara-kar-tatili_c4b2d13.jpg?resize=150%2C84 150w, https:\/\/i0.wp.com\/www.tvturk.com\/wp-content\/uploads\/2019\/02\/ahlat-ve-tatvanda-okullara-kar-tatili_c4b2d13.jpg?resize=300%2C169 300w, https:\/\/i0.wp.com\/www.tvturk.com\/wp-content\/uploads\/2019\/02\/ahlat-ve-tatvanda-okullara-kar-tatili_c4b2d13.jpg?resize=768%2C432 768w, https:\/\/i0.wp.com\/www.tvturk.com\/wp-content\/uploads\/2019\/02\/ahlat-ve-tatvanda-okullara-kar-tatili_c4b2d13.jpg?resize=200%2C113 200w\" width=\"246\" height=\"138\" loading=\"lazy\" data-original-width=\"246\" data-original-height=\"138\" itemprop=\"http:\/\/schema.org\/image\" title=\"Ahlat ve Tatvan\u2019da okullara kar tatili\" alt=\"Ahlat ve Tatvan\u2019da okullara kar tatili\" style=\"width: 246px; height: 138px;\" \/> <\/a> <\/div> <\/div> <!-- close group --> <\/div> <!-- close row --> <\/div><\/p>\n","protected":false},"excerpt":{"rendered":"<p>B\u0130TL\u0130S\u2019\u0130N AHLAT VE TATVAN \u0130L\u00c7ELER\u0130NDE YO\u011eUN KAR YA\u011eI\u015eI NEDEN\u0130YLE E\u011e\u0130T\u0130ME 15 \u015eUBAT 2019 CUMA  G\u00dcN\u00dc 1 G\u00dcN S\u00dcREYLE ARA VER\u0130LD\u0130.<\/p>\n","protected":false},"author":1,"featured_media":33923,"comment_status":"closed","ping_status":"open","sticky":false,"template":"","format":"standard","meta":{"jetpack_post_was_ever_published":false,"_jetpack_newsletter_access":"","_jetpack_dont_email_post_to_subs":false,"_jetpack_newsletter_tier_id":0,"_jetpack_memberships_contains_paywalled_content":false,"_jetpack_memberships_contains_paid_content":false,"footnotes":"","jetpack_publicize_message":"","jetpack_publicize_feature_enabled":true,"jetpack_social_post_already_shared":false,"jetpack_social_options":{"image_generator_settings":{"template":"highway","default_image_id":0,"font":"","enabled":false},"version":2}},"categories":[655],"tags":[12997,878,5614,2210,1277],"class_list":["post-33922","post","type-post","status-publish","format-standard","has-post-thumbnail","hentry","category-son-dakika","tag-ahlat","tag-kar","tag-okullara","tag-tatili","tag-tatvanda"],"jetpack_publicize_connections":[],"jetpack_featured_media_url":"https:\/\/i0.wp.com\/www.tvturk.com\/wp-content\/uploads\/2019\/02\/ahlat-ve-tatvanda-okullara-kar-tatili_c7f88eb.jpg?fit=1000%2C562","jetpack_sharing_enabled":true,"jetpack_shortlink":"https:\/\/wp.me\/paKIfm-8P8","_links":{"self":[{"href":"http:\/\/www.tvturk.com\/index.php\/wp-json\/wp\/v2\/posts\/33922","targetHints":{"allow":["GET"]}}],"collection":[{"href":"http:\/\/www.tvturk.com\/index.php\/wp-json\/wp\/v2\/posts"}],"about":[{"href":"http:\/\/www.tvturk.com\/index.php\/wp-json\/wp\/v2\/types\/post"}],"author":[{"embeddable":true,"href":"http:\/\/www.tvturk.com\/index.php\/wp-json\/wp\/v2\/users\/1"}],"replies":[{"embeddable":true,"href":"http:\/\/www.tvturk.com\/index.php\/wp-json\/wp\/v2\/comments?post=33922"}],"version-history":[{"count":1,"href":"http:\/\/www.tvturk.com\/index.php\/wp-json\/wp\/v2\/posts\/33922\/revisions"}],"predecessor-version":[{"id":33926,"href":"http:\/\/www.tvturk.com\/index.php\/wp-json\/wp\/v2\/posts\/33922\/revisions\/33926"}],"wp:featuredmedia":[{"embeddable":true,"href":"http:\/\/www.tvturk.com\/index.php\/wp-json\/wp\/v2\/media\/33923"}],"wp:attachment":[{"href":"http:\/\/www.tvturk.com\/index.php\/wp-json\/wp\/v2\/media?parent=33922"}],"wp:term":[{"taxonomy":"category","embeddable":true,"href":"http:\/\/www.tvturk.com\/index.php\/wp-json\/wp\/v2\/categories?post=33922"},{"taxonomy":"post_tag","embeddable":true,"href":"http:\/\/www.tvturk.com\/index.php\/wp-json\/wp\/v2\/tags?post=33922"}],"curies":[{"name":"wp","href":"https:\/\/api.w.org\/{rel}","templated":true}]}}