{"id":34179,"date":"2019-02-15T09:01:27","date_gmt":"2019-02-15T06:01:27","guid":{"rendered":"http:\/\/www.tvturk.com\/index.php\/kaymakli-belediyespora-kayseriden-3-takviye\/"},"modified":"2019-02-15T09:01:28","modified_gmt":"2019-02-15T06:01:28","slug":"kaymakli-belediyespora-kayseriden-3-takviye","status":"publish","type":"post","link":"http:\/\/www.tvturk.com\/index.php\/kaymakli-belediyespora-kayseriden-3-takviye\/","title":{"rendered":"Kaymakl\u0131 Belediyespor\u2019a Kayseri\u2019den 3 takviye"},"content":{"rendered":"<p>Kayserili 3 oyuncu transfer d\u00f6neminin bitimine say\u0131l\u0131 g\u00fcnler kala Nev\u015fehir 1. Amat\u00f6r K\u00fcme tak\u0131mlar\u0131ndan Kaymakl\u0131 Belediyespor ile anla\u015ft\u0131.<\/p>\n<p>Nev\u015fehir 1. Amat\u00f6r K\u00fcme tak\u0131mlar\u0131ndan Kaymakl\u0131 Belediyespor, kadrosunu Kayseri\u2019den takviye etti. Kayseri 1. Amat\u00f6r K\u00fcme \u015fampiyonu Bu\u011fdayl\u0131spor\u2019un 1989 do\u011fumlu stoperi Turan \u00dcnl\u00fcleblebici ile birlikte Develispor\u2019dan   1997 do\u011fumlu gen\u00e7 orta saha oyuncusu Muhammet \u00dcnal ve Enes Gen\u00e7likspor\u2019dan 1997 do\u011fumlu kaleci Arif Topalo\u011flu, yeni tak\u0131mlar\u0131 ile s\u00f6zle\u015fme imzalad\u0131. \u00dc\u00e7 oyuncununda lisans\u0131 \u00e7\u0131karken, idmanlara ba\u015flad\u0131. Turan \u00dcnl\u00fcleblebici, bu sezon ortaya koydu\u011fu ba\u015far\u0131l\u0131 futbol ile tak\u0131m\u0131n\u0131n \u015fampiyonlu\u011funda \u00f6nemli rol oynarken daha \u00f6nce Himmetdede, Trabzon 3861spor ve Yavuzspor gibi tak\u0131mlar\u0131n formas\u0131n\u0131 giymi\u015fti.<div class=\"tiled-gallery type-rectangular tiled-gallery-unresized\" data-original-width=\"500\" data-carousel-extra='null' itemscope itemtype=\"http:\/\/schema.org\/ImageGallery\" > <div class=\"gallery-row\" style=\"width: 500px; height: 493px;\" data-original-width=\"500\" data-original-height=\"493\" > <div class=\"gallery-group images-1\" style=\"width: 212px; height: 493px;\" data-original-width=\"212\" data-original-height=\"493\" > <div class=\"tiled-gallery-item tiled-gallery-item-small\" itemprop=\"associatedMedia\" itemscope itemtype=\"http:\/\/schema.org\/ImageObject\"> <a href=\"http:\/\/www.tvturk.com\/index.php\/kaymakli-belediyespora-kayseriden-3-takviye\/kaymakli-belediyespora-kayseriden-3-takviye-3\/\" border=\"0\" itemprop=\"url\"> <meta itemprop=\"width\" content=\"208\"> <meta itemprop=\"height\" content=\"489\"> <img decoding=\"async\" class=\"\" data-attachment-id=\"34181\" data-orig-file=\"http:\/\/www.tvturk.com\/wp-content\/uploads\/2019\/02\/kaymakli-belediyespora-kayseriden-3-takviye_82bbac1.jpg\" data-orig-size=\"408,960\" data-comments-opened=\"\" data-image-meta=\"{&quot;aperture&quot;:&quot;0&quot;,&quot;credit&quot;:&quot;IHA&quot;,&quot;camera&quot;:&quot;&quot;,&quot;caption&quot;:&quot;KAYSER\\u0130 1. AMAT\\u00d6R K\\u00dcME \\u015eAMP\\u0130YONU BU\\u011eDAYLISPOR\\u0027UN 1989 DO\\u011eUMLU STOPER\\u0130 TURAN \\u00dcNL\\u00dcLEBLEB\\u0130C\\u0130 \\u0130LE B\\u0130RL\\u0130KTE DEVEL\\u0130SPOR\\u0027DAN 1997 DO\\u011eUMLU GEN\\u00c7 ORTA SAHA OYUNCUSU MUHAMMET \\u00dcNAL VE ENES GEN\\u00c7L\\u0130KSPOR\\u2019DAN 1997 DO\\u011eUMLU KALEC\\u0130 AR\\u0130F TOPALO\\u011eLU, YEN\\u0130 TAKIMLARI \\u0130LE S\\u00d6ZLE\\u015eME \\u0130MZALADI. (ERHAN KAN\\\/KAYSER\\u0130-\\u0130HA)&quot;,&quot;created_timestamp&quot;:&quot;0&quot;,&quot;copyright&quot;:&quot;\\u0130HLAS HABER AJANSI, www.iha.com.tr&quot;,&quot;focal_length&quot;:&quot;0&quot;,&quot;iso&quot;:&quot;0&quot;,&quot;shutter_speed&quot;:&quot;0&quot;,&quot;title&quot;:&quot;KAYMAKLI BELED\\u0130YESPOR\\u0027A KAYSER\\u0130\\u0027DEN 3 TAKV\\u0130YE&quot;,&quot;orientation&quot;:&quot;0&quot;}\" data-image-title=\"Kaymakl\u0131 Belediyespor\u2019a Kayseri\u2019den 3 takviye\" data-image-description=\"&lt;p&gt;Kaymakl\u0131 Belediyespor\u2019a Kayseri\u2019den 3 takviye&lt;\/p&gt; \" data-medium-file=\"https:\/\/i0.wp.com\/www.tvturk.com\/wp-content\/uploads\/2019\/02\/kaymakli-belediyespora-kayseriden-3-takviye_82bbac1.jpg?fit=128%2C300\" data-large-file=\"https:\/\/i0.wp.com\/www.tvturk.com\/wp-content\/uploads\/2019\/02\/kaymakli-belediyespora-kayseriden-3-takviye_82bbac1.jpg?fit=408%2C960\" src=\"https:\/\/i0.wp.com\/www.tvturk.com\/wp-content\/uploads\/2019\/02\/kaymakli-belediyespora-kayseriden-3-takviye_82bbac1.jpg?w=208&#038;h=489\" srcset=\"https:\/\/i0.wp.com\/www.tvturk.com\/wp-content\/uploads\/2019\/02\/kaymakli-belediyespora-kayseriden-3-takviye_82bbac1.jpg?w=408 408w, https:\/\/i0.wp.com\/www.tvturk.com\/wp-content\/uploads\/2019\/02\/kaymakli-belediyespora-kayseriden-3-takviye_82bbac1.jpg?resize=64%2C150 64w, https:\/\/i0.wp.com\/www.tvturk.com\/wp-content\/uploads\/2019\/02\/kaymakli-belediyespora-kayseriden-3-takviye_82bbac1.jpg?resize=128%2C300 128w\" width=\"208\" height=\"489\" loading=\"lazy\" data-original-width=\"208\" data-original-height=\"489\" itemprop=\"http:\/\/schema.org\/image\" title=\"Kaymakl\u0131 Belediyespor\u2019a Kayseri\u2019den 3 takviye\" alt=\"Kaymakl\u0131 Belediyespor\u2019a Kayseri\u2019den 3 takviye\" style=\"width: 208px; height: 489px;\" \/> <\/a> <\/div> <\/div> <!-- close group --> <div class=\"gallery-group images-1\" style=\"width: 288px; height: 493px;\" data-original-width=\"288\" data-original-height=\"493\" > <div class=\"tiled-gallery-item tiled-gallery-item-large\" itemprop=\"associatedMedia\" itemscope itemtype=\"http:\/\/schema.org\/ImageObject\"> <a href=\"http:\/\/www.tvturk.com\/index.php\/kaymakli-belediyespora-kayseriden-3-takviye\/kaymakli-belediyespora-kayseriden-3-takviye-4\/\" border=\"0\" itemprop=\"url\"> <meta itemprop=\"width\" content=\"284\"> <meta itemprop=\"height\" content=\"489\"> <img decoding=\"async\" class=\"\" data-attachment-id=\"34182\" data-orig-file=\"http:\/\/www.tvturk.com\/wp-content\/uploads\/2019\/02\/kaymakli-belediyespora-kayseriden-3-takviye_cfdf599.jpg\" data-orig-size=\"558,960\" data-comments-opened=\"\" data-image-meta=\"{&quot;aperture&quot;:&quot;0&quot;,&quot;credit&quot;:&quot;IHA&quot;,&quot;camera&quot;:&quot;&quot;,&quot;caption&quot;:&quot;KAYSER\\u0130 1. AMAT\\u00d6R K\\u00dcME \\u015eAMP\\u0130YONU BU\\u011eDAYLISPOR\\u0027UN 1989 DO\\u011eUMLU STOPER\\u0130 TURAN \\u00dcNL\\u00dcLEBLEB\\u0130C\\u0130 \\u0130LE B\\u0130RL\\u0130KTE DEVEL\\u0130SPOR\\u0027DAN 1997 DO\\u011eUMLU GEN\\u00c7 ORTA SAHA OYUNCUSU MUHAMMET \\u00dcNAL VE ENES GEN\\u00c7L\\u0130KSPOR\\u2019DAN 1997 DO\\u011eUMLU KALEC\\u0130 AR\\u0130F TOPALO\\u011eLU, YEN\\u0130 TAKIMLARI \\u0130LE S\\u00d6ZLE\\u015eME \\u0130MZALADI. (ERHAN KAN\\\/KAYSER\\u0130-\\u0130HA)&quot;,&quot;created_timestamp&quot;:&quot;0&quot;,&quot;copyright&quot;:&quot;\\u0130HLAS HABER AJANSI, www.iha.com.tr&quot;,&quot;focal_length&quot;:&quot;0&quot;,&quot;iso&quot;:&quot;0&quot;,&quot;shutter_speed&quot;:&quot;0&quot;,&quot;title&quot;:&quot;KAYMAKLI BELED\\u0130YESPOR\\u0027A KAYSER\\u0130\\u0027DEN 3 TAKV\\u0130YE&quot;,&quot;orientation&quot;:&quot;0&quot;}\" data-image-title=\"Kaymakl\u0131 Belediyespor\u2019a Kayseri\u2019den 3 takviye\" data-image-description=\"&lt;p&gt;Kaymakl\u0131 Belediyespor\u2019a Kayseri\u2019den 3 takviye&lt;\/p&gt; \" data-medium-file=\"https:\/\/i0.wp.com\/www.tvturk.com\/wp-content\/uploads\/2019\/02\/kaymakli-belediyespora-kayseriden-3-takviye_cfdf599.jpg?fit=174%2C300\" data-large-file=\"https:\/\/i0.wp.com\/www.tvturk.com\/wp-content\/uploads\/2019\/02\/kaymakli-belediyespora-kayseriden-3-takviye_cfdf599.jpg?fit=558%2C960\" src=\"https:\/\/i0.wp.com\/www.tvturk.com\/wp-content\/uploads\/2019\/02\/kaymakli-belediyespora-kayseriden-3-takviye_cfdf599.jpg?w=284&#038;h=489\" srcset=\"https:\/\/i0.wp.com\/www.tvturk.com\/wp-content\/uploads\/2019\/02\/kaymakli-belediyespora-kayseriden-3-takviye_cfdf599.jpg?w=558 558w, https:\/\/i0.wp.com\/www.tvturk.com\/wp-content\/uploads\/2019\/02\/kaymakli-belediyespora-kayseriden-3-takviye_cfdf599.jpg?resize=87%2C150 87w, https:\/\/i0.wp.com\/www.tvturk.com\/wp-content\/uploads\/2019\/02\/kaymakli-belediyespora-kayseriden-3-takviye_cfdf599.jpg?resize=174%2C300 174w\" width=\"284\" height=\"489\" loading=\"lazy\" data-original-width=\"284\" data-original-height=\"489\" itemprop=\"http:\/\/schema.org\/image\" title=\"Kaymakl\u0131 Belediyespor\u2019a Kayseri\u2019den 3 takviye\" alt=\"Kaymakl\u0131 Belediyespor\u2019a Kayseri\u2019den 3 takviye\" style=\"width: 284px; height: 489px;\" \/> <\/a> <\/div> <\/div> <!-- close group --> <\/div> <!-- close row --> <\/div><\/p>\n","protected":false},"excerpt":{"rendered":"<p>KAYSER\u0130 1. AMAT\u00d6R K\u00dcME \u015eAMP\u0130YONU BU\u011eDAYLISPOR&#8217;UN 1989 DO\u011eUMLU STOPER\u0130 TURAN \u00dcNL\u00dcLEBLEB\u0130C\u0130 \u0130LE B\u0130RL\u0130KTE DEVEL\u0130SPOR&#8217;DAN   1997 DO\u011eUMLU GEN\u00c7 ORTA SAHA OYUNCUSU MUHAMMET \u00dcNAL VE ENES GEN\u00c7L\u0130KSPOR\u2019DAN 1997 DO\u011eUMLU KALEC\u0130 AR\u0130F TOPALO\u011eLU, YEN\u0130 TAKIMLARI \u0130LE S\u00d6ZLE\u015eME \u0130MZALADI.<\/p>\n","protected":false},"author":1,"featured_media":34180,"comment_status":"closed","ping_status":"open","sticky":false,"template":"","format":"standard","meta":{"jetpack_post_was_ever_published":false,"_jetpack_newsletter_access":"","_jetpack_dont_email_post_to_subs":false,"_jetpack_newsletter_tier_id":0,"_jetpack_memberships_contains_paywalled_content":false,"_jetpack_memberships_contains_paid_content":false,"footnotes":"","jetpack_publicize_message":"","jetpack_publicize_feature_enabled":true,"jetpack_social_post_already_shared":false,"jetpack_social_options":{"image_generator_settings":{"template":"highway","default_image_id":0,"font":"","enabled":false},"version":2}},"categories":[657],"tags":[13045,13044,13046,13047],"class_list":["post-34179","post","type-post","status-publish","format-standard","has-post-thumbnail","hentry","category-spor","tag-belediyespora","tag-kaymakli","tag-kayseriden","tag-takviye"],"jetpack_publicize_connections":[],"jetpack_featured_media_url":"https:\/\/i0.wp.com\/www.tvturk.com\/wp-content\/uploads\/2019\/02\/kaymakli-belediyespora-kayseriden-3-takviye_075e997.jpg?fit=495%2C960","jetpack_sharing_enabled":true,"jetpack_shortlink":"https:\/\/wp.me\/paKIfm-8Th","_links":{"self":[{"href":"http:\/\/www.tvturk.com\/index.php\/wp-json\/wp\/v2\/posts\/34179","targetHints":{"allow":["GET"]}}],"collection":[{"href":"http:\/\/www.tvturk.com\/index.php\/wp-json\/wp\/v2\/posts"}],"about":[{"href":"http:\/\/www.tvturk.com\/index.php\/wp-json\/wp\/v2\/types\/post"}],"author":[{"embeddable":true,"href":"http:\/\/www.tvturk.com\/index.php\/wp-json\/wp\/v2\/users\/1"}],"replies":[{"embeddable":true,"href":"http:\/\/www.tvturk.com\/index.php\/wp-json\/wp\/v2\/comments?post=34179"}],"version-history":[{"count":1,"href":"http:\/\/www.tvturk.com\/index.php\/wp-json\/wp\/v2\/posts\/34179\/revisions"}],"predecessor-version":[{"id":34183,"href":"http:\/\/www.tvturk.com\/index.php\/wp-json\/wp\/v2\/posts\/34179\/revisions\/34183"}],"wp:featuredmedia":[{"embeddable":true,"href":"http:\/\/www.tvturk.com\/index.php\/wp-json\/wp\/v2\/media\/34180"}],"wp:attachment":[{"href":"http:\/\/www.tvturk.com\/index.php\/wp-json\/wp\/v2\/media?parent=34179"}],"wp:term":[{"taxonomy":"category","embeddable":true,"href":"http:\/\/www.tvturk.com\/index.php\/wp-json\/wp\/v2\/categories?post=34179"},{"taxonomy":"post_tag","embeddable":true,"href":"http:\/\/www.tvturk.com\/index.php\/wp-json\/wp\/v2\/tags?post=34179"}],"curies":[{"name":"wp","href":"https:\/\/api.w.org\/{rel}","templated":true}]}}