{"id":34326,"date":"2019-02-15T09:41:21","date_gmt":"2019-02-15T06:41:21","guid":{"rendered":"http:\/\/www.tvturk.com\/index.php\/turkiye-hollanda-iliskilerinde-yeni-donem\/"},"modified":"2019-02-15T09:41:21","modified_gmt":"2019-02-15T06:41:21","slug":"turkiye-hollanda-iliskilerinde-yeni-donem","status":"publish","type":"post","link":"http:\/\/www.tvturk.com\/index.php\/turkiye-hollanda-iliskilerinde-yeni-donem\/","title":{"rendered":"T\u00fcrkiye-Hollanda ili\u015fkilerinde yeni d\u00f6nem"},"content":{"rendered":"<p>Ge\u00e7ti\u011fimiz d\u00f6nemde T\u00fcrkiye\u2019nin kriz ya\u015fad\u0131\u011f\u0131 Hollanda ile yeni s\u00fcre\u00e7 ba\u015flat\u0131l\u0131yor. Lahey B\u00fcy\u00fckel\u00e7isi \u015eaban Di\u015fli, Cumhurba\u015fkan\u0131 Erdo\u011fan\u2019\u0131n bu konuda iki talimat\u0131 oldu\u011funu ve Nisan ay\u0131nda da D\u0131\u015fi\u015fleri Bakan\u0131 Mevl\u00fct \u00c7avu\u015fo\u011flu\u2019nun bu \u00fclkeye iade-i ziyarette bulunaca\u011f\u0131n\u0131 s\u00f6yledi.<\/p>\n<p>T\u00fcrkevi Toplulu\u011fu taraf\u0131ndan Rotterdam\u2019da d\u00fczenlenen geleneksel Amsterdam Tart\u0131\u015fmalar\u0131\u2019n\u0131n 56.\u2019s\u0131nda Hollanda ile T\u00fcrkiye aras\u0131ndaki ili\u015fkiler masaya yat\u0131r\u0131ld\u0131. Toplant\u0131ya kat\u0131lan T\u00fcrkiye\u2019nin Lahey B\u00fcy\u00fckel\u00e7isi \u015eaban Di\u015fli, g\u00f6reve gelmesinin \u00fczerinden ge\u00e7en 100 g\u00fcn\u00fc de\u011ferlendirerek, iki \u00fclke ili\u015fkilerinin kar\u015f\u0131l\u0131kl\u0131 olarak iyile\u015ftirilmesi i\u00e7in gereken hedef ve planlar\u0131 kat\u0131l\u0131mc\u0131larla payla\u015ft\u0131. Toplant\u0131 ile ilgili a\u00e7\u0131klamalarda bulunan Di\u015fli, ilk olarak ili\u015fkilerin tekrar ray\u0131na oturtulmas\u0131 i\u00e7in iki \u00fclke temsilcileri taraf\u0131ndan bir eylem plan\u0131 olu\u015fturuldu\u011funu ve bu \u00e7er\u00e7evede de\u011fi\u015fik seviyelerde kar\u015f\u0131l\u0131kl\u0131 ziyaretlerin ger\u00e7ekle\u015ftirilmesinin planland\u0131\u011f\u0131n\u0131 s\u00f6yledi. Bunlar\u0131n baz\u0131lar\u0131n\u0131n ger\u00e7ekle\u015ftirildi\u011fini ifade eden Di\u015fli, Nisan ay\u0131nda da D\u0131\u015fi\u015fleri Bakan\u0131 \u00c7avu\u015fo\u011flu\u2019nun iade-i ziyarette bulunaca\u011f\u0131n\u0131 belirtti. Di\u015fli, Cumhurba\u015fkan\u0131 Erdo\u011fan\u2019\u0131n bu konuda iki talimat\u0131 ve mutabakat\u0131 oldu\u011funu, bunlar\u0131n birisinin a\u00e7\u0131kl\u0131k ve \u015feffafl\u0131k, di\u011ferinin ise pozitif ajanda takip etmek oldu\u011funu belirtti. Hollandal\u0131 yetkilerin bir tak\u0131m konularda farkl\u0131 g\u00f6r\u00fc\u015flerinin oldu\u011funu ve bunun da empati eksikli\u011finden kaynakland\u0131\u011f\u0131n\u0131 belirten Di\u015fli, T\u00fcrkiye\u2019yi anlamak i\u00e7in ter\u00f6r ve darbe giri\u015fiminin sebep oldu\u011fu travma ve b\u00f6lgede T\u00fcrkiye\u2019nin \u00fczerine d\u00fc\u015fen a\u011f\u0131r sorumluluklar\u0131n fark\u0131nda olunmas\u0131 gerekti\u011fine i\u015faret etti. B\u00fcy\u00fckel\u00e7i Di\u015fli \u015f\u00f6yle konu\u015ftu:<\/p>\n<p>&#8220;T\u00fcrkiye-Hollanda ili\u015fkilerinde ge\u00e7mi\u015fe tak\u0131lmadan, kald\u0131\u011f\u0131m\u0131z yerden yeni i\u015fbirli\u011fi i\u00e7inde devam etmeliyiz. \u015eans\u0131m\u0131z Hollandal\u0131lar\u0131n t\u00fcccar olmalar\u0131 ve d\u0131\u015f k\u00fclt\u00fcrlere a\u00e7\u0131k olmalar\u0131d\u0131r. Nitekim krize ra\u011fmen ticari ili\u015fkilerde olumsuz bir durum s\u00f6z konusu olmam\u0131\u015ft\u0131r.&#8221;<\/p>\n<p>&#8220;Art\u0131k enerjimizi geriye d\u00f6n\u00fck kimin hakl\u0131, kimin haks\u0131z oldu\u011funa de\u011fil, ili\u015fkileri en iyi seviyeye nas\u0131l getirebilirize odaklanmal\u0131y\u0131z&#8221; diyen Di\u015fli, bunun i\u00e7in her t\u00fcrl\u00fc alt yap\u0131n\u0131n mevcut oldu\u011funa da i\u015faret etti. Di\u015fli, ticaretin yan\u0131 s\u0131ra turizmde de olduk\u00e7a iyi bir ivme kazan\u0131ld\u0131\u011f\u0131n\u0131 ve T\u00fcrkiye\u2019nin Hollandal\u0131 tatilcilerin tekrar birinci tercihi haline geldi\u011fini belirtti.<\/p>\n","protected":false},"excerpt":{"rendered":"<p>GE\u00c7T\u0130\u011e\u0130M\u0130Z D\u00d6NEMDE KR\u0130Z YA\u015eADI\u011eIMIZ HOLLANDA \u0130LE YEN\u0130 S\u00dcRE\u00c7 BA\u015eLATILIYOR. LAHEY B\u00dcY\u00dcKEL\u00c7\u0130S\u0130 \u015eABAN D\u0130\u015eL\u0130, CUMHURBA\u015eKANI ERDO\u011eAN\u2019IN BU KONUDA \u0130K\u0130 TAL\u0130MATI OLDU\u011eUNU VE N\u0130SAN AYINDA DA DI\u015e\u0130\u015eLER\u0130 BAKANI \u00c7AVU\u015eO\u011eLU\u2019NUN BU \u00dcLKEYE \u0130ADE-\u0130 Z\u0130YARETTE BULUNACA\u011eINI S\u00d6YLED\u0130.<\/p>\n","protected":false},"author":1,"featured_media":34327,"comment_status":"closed","ping_status":"open","sticky":false,"template":"","format":"standard","meta":{"jetpack_post_was_ever_published":false,"_jetpack_newsletter_access":"","_jetpack_dont_email_post_to_subs":false,"_jetpack_newsletter_tier_id":0,"_jetpack_memberships_contains_paywalled_content":false,"_jetpack_memberships_contains_paid_content":false,"footnotes":"","jetpack_publicize_message":"","jetpack_publicize_feature_enabled":true,"jetpack_social_post_already_shared":false,"jetpack_social_options":{"image_generator_settings":{"template":"highway","default_image_id":0,"font":"","enabled":false},"version":2}},"categories":[9],"tags":[1530,13080,13079,87],"class_list":["post-34326","post","type-post","status-publish","format-standard","has-post-thumbnail","hentry","category-siyaset","tag-donem","tag-iliskilerinde","tag-turkiye-hollanda","tag-yeni"],"jetpack_publicize_connections":[],"jetpack_featured_media_url":"https:\/\/i0.wp.com\/www.tvturk.com\/wp-content\/uploads\/2019\/02\/turkiye-hollanda-iliskilerinde-yeni-donem_7fa078c.jpg?fit=1000%2C627","jetpack_sharing_enabled":true,"jetpack_shortlink":"https:\/\/wp.me\/paKIfm-8VE","_links":{"self":[{"href":"http:\/\/www.tvturk.com\/index.php\/wp-json\/wp\/v2\/posts\/34326","targetHints":{"allow":["GET"]}}],"collection":[{"href":"http:\/\/www.tvturk.com\/index.php\/wp-json\/wp\/v2\/posts"}],"about":[{"href":"http:\/\/www.tvturk.com\/index.php\/wp-json\/wp\/v2\/types\/post"}],"author":[{"embeddable":true,"href":"http:\/\/www.tvturk.com\/index.php\/wp-json\/wp\/v2\/users\/1"}],"replies":[{"embeddable":true,"href":"http:\/\/www.tvturk.com\/index.php\/wp-json\/wp\/v2\/comments?post=34326"}],"version-history":[{"count":0,"href":"http:\/\/www.tvturk.com\/index.php\/wp-json\/wp\/v2\/posts\/34326\/revisions"}],"wp:featuredmedia":[{"embeddable":true,"href":"http:\/\/www.tvturk.com\/index.php\/wp-json\/wp\/v2\/media\/34327"}],"wp:attachment":[{"href":"http:\/\/www.tvturk.com\/index.php\/wp-json\/wp\/v2\/media?parent=34326"}],"wp:term":[{"taxonomy":"category","embeddable":true,"href":"http:\/\/www.tvturk.com\/index.php\/wp-json\/wp\/v2\/categories?post=34326"},{"taxonomy":"post_tag","embeddable":true,"href":"http:\/\/www.tvturk.com\/index.php\/wp-json\/wp\/v2\/tags?post=34326"}],"curies":[{"name":"wp","href":"https:\/\/api.w.org\/{rel}","templated":true}]}}