{"id":34460,"date":"2019-02-15T10:11:09","date_gmt":"2019-02-15T07:11:09","guid":{"rendered":"http:\/\/www.tvturk.com\/index.php\/vanda-160-yerlesim-yeri-ulasima-kapandi\/"},"modified":"2019-02-15T10:11:09","modified_gmt":"2019-02-15T07:11:09","slug":"vanda-160-yerlesim-yeri-ulasima-kapandi","status":"publish","type":"post","link":"http:\/\/www.tvturk.com\/index.php\/vanda-160-yerlesim-yeri-ulasima-kapandi\/","title":{"rendered":"Van\u2019da 160 yerle\u015fim yeri ula\u015f\u0131ma kapand\u0131"},"content":{"rendered":"<p>Van\u2019da etkili olan kar ya\u011f\u0131\u015f\u0131 nedeniyle 160 yerle\u015fim yerinin yolu ula\u015f\u0131ma kapand\u0131.<\/p>\n<p>Van\u2019da etkili olan kar ya\u011f\u0131\u015f\u0131, hayat\u0131 olumsuz etkiledi. Kar ya\u011f\u0131\u015f\u0131 ve tipi nedeniyle Ba\u015fkale\u2019de 27, \u00c7ald\u0131ran\u2019da 3, \u00c7atak\u2019ta 125, Muradiye\u2019de 3 ve Saray il\u00e7esinde ise 2 olmak \u00fczere toplam 160 yerle\u015fim yerinin yolu ula\u015f\u0131ma kapand\u0131. Van B\u00fcy\u00fck\u015fehir Belediyesi Yol Yap\u0131m Bak\u0131m ve Onar\u0131m Dairesi Ba\u015fkanl\u0131\u011f\u0131 ekipleri, kapal\u0131 yollar\u0131 a\u00e7mak i\u00e7in \u00e7al\u0131\u015fmalar\u0131n\u0131 aral\u0131ks\u0131z s\u00fcrd\u00fcr\u00fcyor.<\/p>\n","protected":false},"excerpt":{"rendered":"<p>VAN&#8217;DA ETK\u0130L\u0130 OLAN KAR YA\u011eI\u015eI NEDEN\u0130YLE 160 YERLE\u015e\u0130M YER\u0130N\u0130N YOLU ULA\u015eIMA KAPANDI.<\/p>\n","protected":false},"author":1,"featured_media":34461,"comment_status":"closed","ping_status":"open","sticky":false,"template":"","format":"standard","meta":{"jetpack_post_was_ever_published":false,"_jetpack_newsletter_access":"","_jetpack_dont_email_post_to_subs":false,"_jetpack_newsletter_tier_id":0,"_jetpack_memberships_contains_paywalled_content":false,"_jetpack_memberships_contains_paid_content":false,"footnotes":"","jetpack_publicize_message":"","jetpack_publicize_feature_enabled":true,"jetpack_social_post_already_shared":false,"jetpack_social_options":{"image_generator_settings":{"template":"highway","default_image_id":0,"font":"","enabled":false},"version":2}},"categories":[655],"tags":[3852,2931,1263,1203,488,5676],"class_list":["post-34460","post","type-post","status-publish","format-standard","has-post-thumbnail","hentry","category-son-dakika","tag-3852","tag-kapandi","tag-ulasima","tag-vanda","tag-yeri","tag-yerlesim"],"jetpack_publicize_connections":[],"jetpack_featured_media_url":"https:\/\/i0.wp.com\/www.tvturk.com\/wp-content\/uploads\/2019\/02\/vanda-160-yerlesim-yeri-ulasima-kapandi_3930a7b.jpg?fit=1000%2C652","jetpack_sharing_enabled":true,"jetpack_shortlink":"https:\/\/wp.me\/paKIfm-8XO","_links":{"self":[{"href":"http:\/\/www.tvturk.com\/index.php\/wp-json\/wp\/v2\/posts\/34460","targetHints":{"allow":["GET"]}}],"collection":[{"href":"http:\/\/www.tvturk.com\/index.php\/wp-json\/wp\/v2\/posts"}],"about":[{"href":"http:\/\/www.tvturk.com\/index.php\/wp-json\/wp\/v2\/types\/post"}],"author":[{"embeddable":true,"href":"http:\/\/www.tvturk.com\/index.php\/wp-json\/wp\/v2\/users\/1"}],"replies":[{"embeddable":true,"href":"http:\/\/www.tvturk.com\/index.php\/wp-json\/wp\/v2\/comments?post=34460"}],"version-history":[{"count":0,"href":"http:\/\/www.tvturk.com\/index.php\/wp-json\/wp\/v2\/posts\/34460\/revisions"}],"wp:featuredmedia":[{"embeddable":true,"href":"http:\/\/www.tvturk.com\/index.php\/wp-json\/wp\/v2\/media\/34461"}],"wp:attachment":[{"href":"http:\/\/www.tvturk.com\/index.php\/wp-json\/wp\/v2\/media?parent=34460"}],"wp:term":[{"taxonomy":"category","embeddable":true,"href":"http:\/\/www.tvturk.com\/index.php\/wp-json\/wp\/v2\/categories?post=34460"},{"taxonomy":"post_tag","embeddable":true,"href":"http:\/\/www.tvturk.com\/index.php\/wp-json\/wp\/v2\/tags?post=34460"}],"curies":[{"name":"wp","href":"https:\/\/api.w.org\/{rel}","templated":true}]}}