{"id":34572,"date":"2019-02-15T10:40:54","date_gmt":"2019-02-15T07:40:54","guid":{"rendered":"http:\/\/www.tvturk.com\/index.php\/yangin-dumanindan-etkilenerek-hayatini-kaybetti\/"},"modified":"2019-02-15T10:40:56","modified_gmt":"2019-02-15T07:40:56","slug":"yangin-dumanindan-etkilenerek-hayatini-kaybetti","status":"publish","type":"post","link":"http:\/\/www.tvturk.com\/index.php\/yangin-dumanindan-etkilenerek-hayatini-kaybetti\/","title":{"rendered":"Yang\u0131n duman\u0131ndan etkilenerek hayat\u0131n\u0131 kaybetti"},"content":{"rendered":"<p>Sakarya\u2019n\u0131n Pamukova il\u00e7esinde 2 katl\u0131 ah\u015fap binada \u00e7\u0131kan yang\u0131n duman\u0131ndan zehirlenen 44  ya\u015f\u0131ndaki Hakan K\u00fct\u00fck hayat\u0131n\u0131 kaybetti.<\/p>\n<p>Yang\u0131n, sabah saatlerinde Pamukova il\u00e7esi Elperek Mahallesi Yahya Kemal Caddesi\u2019nde meydana geldi. Edinilen bilgiye g\u00f6re, cadde \u00fczerinde bulunan 2 katl\u0131 ah\u015fap bir binada hen\u00fcz belirlenemeyen bir sebepten dolay\u0131 yang\u0131n \u00e7\u0131kt\u0131. Yang\u0131n\u0131n haber verilmesi \u00fczerine olay yerine itfaiye ekipleri sevk edildi. Ekiplerce yap\u0131lan \u00e7al\u0131\u015fmalar sonucu yang\u0131n kontrol alt\u0131na al\u0131narak s\u00f6nd\u00fcr\u00fcld\u00fc. Evde tek ba\u015f\u0131na ya\u015fad\u0131\u011f\u0131n\u0131 \u00f6\u011frenilen ve \u00e7\u0131kan yang\u0131n\u0131n duman\u0131ndan etkilenen 44 ya\u015f\u0131ndaki Hakan K\u00fct\u00fck\u2019\u00fcn sa\u011fl\u0131k ekiplerince yap\u0131lan kontrollerde hayat\u0131n\u0131 kaybetti\u011fi belirlendi.<\/p>\n<p>Yang\u0131nda hayat\u0131n\u0131 kaybeden K\u00fct\u00fck\u2019\u00fcn cenazesi olay yerinde ger\u00e7ekle\u015ftirilen incelemeler sonras\u0131nda Pamukova Devlet Hastanesi morguna kald\u0131r\u0131ld\u0131. Konuyla ilgili inceleme ba\u015flat\u0131ld\u0131.<div class=\"tiled-gallery type-rectangular tiled-gallery-unresized\" data-original-width=\"500\" data-carousel-extra='null' itemscope itemtype=\"http:\/\/schema.org\/ImageGallery\" > <div class=\"gallery-row\" style=\"width: 500px; height: 376px;\" data-original-width=\"500\" data-original-height=\"376\" > <div class=\"gallery-group images-2\" style=\"width: 332px; height: 376px;\" data-original-width=\"332\" data-original-height=\"376\" > <div class=\"tiled-gallery-item tiled-gallery-item-large\" itemprop=\"associatedMedia\" itemscope itemtype=\"http:\/\/schema.org\/ImageObject\"> <a href=\"http:\/\/www.tvturk.com\/index.php\/yangin-dumanindan-etkilenerek-hayatini-kaybetti\/yangin-dumanindan-etkilenerek-hayatini-kaybetti-3\/\" border=\"0\" itemprop=\"url\"> <meta itemprop=\"width\" content=\"328\"> <meta itemprop=\"height\" content=\"184\"> <img decoding=\"async\" class=\"\" data-attachment-id=\"34574\" data-orig-file=\"http:\/\/www.tvturk.com\/wp-content\/uploads\/2019\/02\/yangin-dumanindan-etkilenerek-hayatini-kaybetti_7d77ca2.jpg\" data-orig-size=\"1000,562\" data-comments-opened=\"\" data-image-meta=\"{&quot;aperture&quot;:&quot;0&quot;,&quot;credit&quot;:&quot;IHA&quot;,&quot;camera&quot;:&quot;&quot;,&quot;caption&quot;:&quot;SAKARYA\\u0027NIN PAMUKOVA \\u0130L\\u00c7ES\\u0130NDE 2 KATLI AH\\u015eAP B\\u0130NADA \\u00c7IKAN YANGIN DUMANINDAN ZEH\\u0130RLENEN 44 YA\\u015eINDAK\\u0130 HAKAN K\\u00dcT\\u00dcK HAYATINI KAYBETT\\u0130. (SEFA YAPRAK\\\/SAKARYA-\\u0130HA)&quot;,&quot;created_timestamp&quot;:&quot;0&quot;,&quot;copyright&quot;:&quot;\\u0130HLAS HABER AJANSI, www.iha.com.tr&quot;,&quot;focal_length&quot;:&quot;0&quot;,&quot;iso&quot;:&quot;0&quot;,&quot;shutter_speed&quot;:&quot;0&quot;,&quot;title&quot;:&quot;YANGIN DUMANINDAN ETK\\u0130LENEREK HAYATINI KAYBETT\\u0130&quot;,&quot;orientation&quot;:&quot;0&quot;}\" data-image-title=\"Yang\u0131n duman\u0131ndan etkilenerek hayat\u0131n\u0131 kaybetti\" data-image-description=\"&lt;p&gt;Yang\u0131n duman\u0131ndan etkilenerek hayat\u0131n\u0131 kaybetti&lt;\/p&gt; \" data-medium-file=\"https:\/\/i0.wp.com\/www.tvturk.com\/wp-content\/uploads\/2019\/02\/yangin-dumanindan-etkilenerek-hayatini-kaybetti_7d77ca2.jpg?fit=300%2C169\" data-large-file=\"https:\/\/i0.wp.com\/www.tvturk.com\/wp-content\/uploads\/2019\/02\/yangin-dumanindan-etkilenerek-hayatini-kaybetti_7d77ca2.jpg?fit=1000%2C562\" src=\"https:\/\/i0.wp.com\/www.tvturk.com\/wp-content\/uploads\/2019\/02\/yangin-dumanindan-etkilenerek-hayatini-kaybetti_7d77ca2.jpg?w=328&#038;h=184\" srcset=\"https:\/\/i0.wp.com\/www.tvturk.com\/wp-content\/uploads\/2019\/02\/yangin-dumanindan-etkilenerek-hayatini-kaybetti_7d77ca2.jpg?w=1000 1000w, https:\/\/i0.wp.com\/www.tvturk.com\/wp-content\/uploads\/2019\/02\/yangin-dumanindan-etkilenerek-hayatini-kaybetti_7d77ca2.jpg?resize=150%2C84 150w, https:\/\/i0.wp.com\/www.tvturk.com\/wp-content\/uploads\/2019\/02\/yangin-dumanindan-etkilenerek-hayatini-kaybetti_7d77ca2.jpg?resize=300%2C169 300w, https:\/\/i0.wp.com\/www.tvturk.com\/wp-content\/uploads\/2019\/02\/yangin-dumanindan-etkilenerek-hayatini-kaybetti_7d77ca2.jpg?resize=768%2C432 768w, https:\/\/i0.wp.com\/www.tvturk.com\/wp-content\/uploads\/2019\/02\/yangin-dumanindan-etkilenerek-hayatini-kaybetti_7d77ca2.jpg?resize=200%2C113 200w\" width=\"328\" height=\"184\" loading=\"lazy\" data-original-width=\"328\" data-original-height=\"184\" itemprop=\"http:\/\/schema.org\/image\" title=\"Yang\u0131n duman\u0131ndan etkilenerek hayat\u0131n\u0131 kaybetti\" alt=\"Yang\u0131n duman\u0131ndan etkilenerek hayat\u0131n\u0131 kaybetti\" style=\"width: 328px; height: 184px;\" \/> <\/a> <\/div> <div class=\"tiled-gallery-item tiled-gallery-item-large\" itemprop=\"associatedMedia\" itemscope itemtype=\"http:\/\/schema.org\/ImageObject\"> <a href=\"http:\/\/www.tvturk.com\/index.php\/yangin-dumanindan-etkilenerek-hayatini-kaybetti\/yangin-dumanindan-etkilenerek-hayatini-kaybetti-4\/\" border=\"0\" itemprop=\"url\"> <meta itemprop=\"width\" content=\"328\"> <meta itemprop=\"height\" content=\"184\"> <img decoding=\"async\" class=\"\" data-attachment-id=\"34575\" data-orig-file=\"http:\/\/www.tvturk.com\/wp-content\/uploads\/2019\/02\/yangin-dumanindan-etkilenerek-hayatini-kaybetti_0a250ab.jpg\" data-orig-size=\"1000,562\" data-comments-opened=\"\" data-image-meta=\"{&quot;aperture&quot;:&quot;0&quot;,&quot;credit&quot;:&quot;IHA&quot;,&quot;camera&quot;:&quot;&quot;,&quot;caption&quot;:&quot;SAKARYA\\u0027NIN PAMUKOVA \\u0130L\\u00c7ES\\u0130NDE 2 KATLI AH\\u015eAP B\\u0130NADA \\u00c7IKAN YANGIN DUMANINDAN ZEH\\u0130RLENEN 44 YA\\u015eINDAK\\u0130 HAKAN K\\u00dcT\\u00dcK HAYATINI KAYBETT\\u0130. (SEFA YAPRAK\\\/SAKARYA-\\u0130HA)&quot;,&quot;created_timestamp&quot;:&quot;0&quot;,&quot;copyright&quot;:&quot;\\u0130HLAS HABER AJANSI, www.iha.com.tr&quot;,&quot;focal_length&quot;:&quot;0&quot;,&quot;iso&quot;:&quot;0&quot;,&quot;shutter_speed&quot;:&quot;0&quot;,&quot;title&quot;:&quot;YANGIN DUMANINDAN ETK\\u0130LENEREK HAYATINI KAYBETT\\u0130&quot;,&quot;orientation&quot;:&quot;0&quot;}\" data-image-title=\"Yang\u0131n duman\u0131ndan etkilenerek hayat\u0131n\u0131 kaybetti\" data-image-description=\"&lt;p&gt;Yang\u0131n duman\u0131ndan etkilenerek hayat\u0131n\u0131 kaybetti&lt;\/p&gt; \" data-medium-file=\"https:\/\/i0.wp.com\/www.tvturk.com\/wp-content\/uploads\/2019\/02\/yangin-dumanindan-etkilenerek-hayatini-kaybetti_0a250ab.jpg?fit=300%2C169\" data-large-file=\"https:\/\/i0.wp.com\/www.tvturk.com\/wp-content\/uploads\/2019\/02\/yangin-dumanindan-etkilenerek-hayatini-kaybetti_0a250ab.jpg?fit=1000%2C562\" src=\"https:\/\/i0.wp.com\/www.tvturk.com\/wp-content\/uploads\/2019\/02\/yangin-dumanindan-etkilenerek-hayatini-kaybetti_0a250ab.jpg?w=328&#038;h=184\" srcset=\"https:\/\/i0.wp.com\/www.tvturk.com\/wp-content\/uploads\/2019\/02\/yangin-dumanindan-etkilenerek-hayatini-kaybetti_0a250ab.jpg?w=1000 1000w, https:\/\/i0.wp.com\/www.tvturk.com\/wp-content\/uploads\/2019\/02\/yangin-dumanindan-etkilenerek-hayatini-kaybetti_0a250ab.jpg?resize=150%2C84 150w, https:\/\/i0.wp.com\/www.tvturk.com\/wp-content\/uploads\/2019\/02\/yangin-dumanindan-etkilenerek-hayatini-kaybetti_0a250ab.jpg?resize=300%2C169 300w, https:\/\/i0.wp.com\/www.tvturk.com\/wp-content\/uploads\/2019\/02\/yangin-dumanindan-etkilenerek-hayatini-kaybetti_0a250ab.jpg?resize=768%2C432 768w, https:\/\/i0.wp.com\/www.tvturk.com\/wp-content\/uploads\/2019\/02\/yangin-dumanindan-etkilenerek-hayatini-kaybetti_0a250ab.jpg?resize=200%2C113 200w\" width=\"328\" height=\"184\" loading=\"lazy\" data-original-width=\"328\" data-original-height=\"184\" itemprop=\"http:\/\/schema.org\/image\" title=\"Yang\u0131n duman\u0131ndan etkilenerek hayat\u0131n\u0131 kaybetti\" alt=\"Yang\u0131n duman\u0131ndan etkilenerek hayat\u0131n\u0131 kaybetti\" style=\"width: 328px; height: 184px;\" \/> <\/a> <\/div> <\/div> <!-- close group --> <div class=\"gallery-group images-1\" style=\"width: 168px; height: 376px;\" data-original-width=\"168\" data-original-height=\"376\" > <div class=\"tiled-gallery-item tiled-gallery-item-small\" itemprop=\"associatedMedia\" itemscope itemtype=\"http:\/\/schema.org\/ImageObject\"> <a href=\"http:\/\/www.tvturk.com\/index.php\/yangin-dumanindan-etkilenerek-hayatini-kaybetti\/yangin-dumanindan-etkilenerek-hayatini-kaybetti-5\/\" border=\"0\" itemprop=\"url\"> <meta itemprop=\"width\" content=\"164\"> <meta itemprop=\"height\" content=\"372\"> <img decoding=\"async\" class=\"\" data-attachment-id=\"34576\" data-orig-file=\"http:\/\/www.tvturk.com\/wp-content\/uploads\/2019\/02\/yangin-dumanindan-etkilenerek-hayatini-kaybetti_4d67858.jpg\" data-orig-size=\"304,688\" data-comments-opened=\"\" data-image-meta=\"{&quot;aperture&quot;:&quot;0&quot;,&quot;credit&quot;:&quot;IHA&quot;,&quot;camera&quot;:&quot;&quot;,&quot;caption&quot;:&quot;SAKARYA\\u0027NIN PAMUKOVA \\u0130L\\u00c7ES\\u0130NDE 2 KATLI AH\\u015eAP B\\u0130NADA \\u00c7IKAN YANGIN DUMANINDAN ZEH\\u0130RLENEN 44 YA\\u015eINDAK\\u0130 HAKAN K\\u00dcT\\u00dcK HAYATINI KAYBETT\\u0130. (SEFA YAPRAK\\\/SAKARYA-\\u0130HA)&quot;,&quot;created_timestamp&quot;:&quot;0&quot;,&quot;copyright&quot;:&quot;\\u0130HLAS HABER AJANSI, www.iha.com.tr&quot;,&quot;focal_length&quot;:&quot;0&quot;,&quot;iso&quot;:&quot;0&quot;,&quot;shutter_speed&quot;:&quot;0&quot;,&quot;title&quot;:&quot;YANGIN DUMANINDAN ETK\\u0130LENEREK HAYATINI KAYBETT\\u0130&quot;,&quot;orientation&quot;:&quot;0&quot;}\" data-image-title=\"Yang\u0131n duman\u0131ndan etkilenerek hayat\u0131n\u0131 kaybetti\" data-image-description=\"&lt;p&gt;Yang\u0131n duman\u0131ndan etkilenerek hayat\u0131n\u0131 kaybetti&lt;\/p&gt; \" data-medium-file=\"https:\/\/i0.wp.com\/www.tvturk.com\/wp-content\/uploads\/2019\/02\/yangin-dumanindan-etkilenerek-hayatini-kaybetti_4d67858.jpg?fit=133%2C300\" data-large-file=\"https:\/\/i0.wp.com\/www.tvturk.com\/wp-content\/uploads\/2019\/02\/yangin-dumanindan-etkilenerek-hayatini-kaybetti_4d67858.jpg?fit=304%2C688\" src=\"https:\/\/i0.wp.com\/www.tvturk.com\/wp-content\/uploads\/2019\/02\/yangin-dumanindan-etkilenerek-hayatini-kaybetti_4d67858.jpg?w=164&#038;h=372\" srcset=\"https:\/\/i0.wp.com\/www.tvturk.com\/wp-content\/uploads\/2019\/02\/yangin-dumanindan-etkilenerek-hayatini-kaybetti_4d67858.jpg?w=304 304w, https:\/\/i0.wp.com\/www.tvturk.com\/wp-content\/uploads\/2019\/02\/yangin-dumanindan-etkilenerek-hayatini-kaybetti_4d67858.jpg?resize=66%2C150 66w\" width=\"164\" height=\"372\" loading=\"lazy\" data-original-width=\"164\" data-original-height=\"372\" itemprop=\"http:\/\/schema.org\/image\" title=\"Yang\u0131n duman\u0131ndan etkilenerek hayat\u0131n\u0131 kaybetti\" alt=\"Yang\u0131n duman\u0131ndan etkilenerek hayat\u0131n\u0131 kaybetti\" style=\"width: 164px; height: 372px;\" \/> <\/a> <\/div> <\/div> <!-- close group --> <\/div> <!-- close row --> <\/div><\/p>\n","protected":false},"excerpt":{"rendered":"<p>SAKARYA&#8217;NIN PAMUKOVA \u0130L\u00c7ES\u0130NDE 2 KATLI AH\u015eAP B\u0130NADA \u00c7IKAN YANGIN DUMANINDAN ZEH\u0130RLENEN 44  YA\u015eINDAK\u0130 HAKAN K\u00dcT\u00dcK HAYATINI KAYBETT\u0130.<\/p>\n","protected":false},"author":1,"featured_media":34573,"comment_status":"closed","ping_status":"open","sticky":false,"template":"","format":"standard","meta":{"jetpack_post_was_ever_published":false,"_jetpack_newsletter_access":"","_jetpack_dont_email_post_to_subs":false,"_jetpack_newsletter_tier_id":0,"_jetpack_memberships_contains_paywalled_content":false,"_jetpack_memberships_contains_paid_content":false,"footnotes":"","jetpack_publicize_message":"","jetpack_publicize_feature_enabled":true,"jetpack_social_post_already_shared":false,"jetpack_social_options":{"image_generator_settings":{"template":"highway","default_image_id":0,"font":"","enabled":false},"version":2}},"categories":[655],"tags":[13154,13155,848,849,1617],"class_list":["post-34572","post","type-post","status-publish","format-standard","has-post-thumbnail","hentry","category-son-dakika","tag-dumanindan","tag-etkilenerek","tag-hayatini","tag-kaybetti","tag-yangin"],"jetpack_publicize_connections":[],"jetpack_featured_media_url":"https:\/\/i0.wp.com\/www.tvturk.com\/wp-content\/uploads\/2019\/02\/yangin-dumanindan-etkilenerek-hayatini-kaybetti_3a3d6ab.jpg?fit=438%2C431","jetpack_sharing_enabled":true,"jetpack_shortlink":"https:\/\/wp.me\/paKIfm-8ZC","_links":{"self":[{"href":"http:\/\/www.tvturk.com\/index.php\/wp-json\/wp\/v2\/posts\/34572","targetHints":{"allow":["GET"]}}],"collection":[{"href":"http:\/\/www.tvturk.com\/index.php\/wp-json\/wp\/v2\/posts"}],"about":[{"href":"http:\/\/www.tvturk.com\/index.php\/wp-json\/wp\/v2\/types\/post"}],"author":[{"embeddable":true,"href":"http:\/\/www.tvturk.com\/index.php\/wp-json\/wp\/v2\/users\/1"}],"replies":[{"embeddable":true,"href":"http:\/\/www.tvturk.com\/index.php\/wp-json\/wp\/v2\/comments?post=34572"}],"version-history":[{"count":1,"href":"http:\/\/www.tvturk.com\/index.php\/wp-json\/wp\/v2\/posts\/34572\/revisions"}],"predecessor-version":[{"id":34577,"href":"http:\/\/www.tvturk.com\/index.php\/wp-json\/wp\/v2\/posts\/34572\/revisions\/34577"}],"wp:featuredmedia":[{"embeddable":true,"href":"http:\/\/www.tvturk.com\/index.php\/wp-json\/wp\/v2\/media\/34573"}],"wp:attachment":[{"href":"http:\/\/www.tvturk.com\/index.php\/wp-json\/wp\/v2\/media?parent=34572"}],"wp:term":[{"taxonomy":"category","embeddable":true,"href":"http:\/\/www.tvturk.com\/index.php\/wp-json\/wp\/v2\/categories?post=34572"},{"taxonomy":"post_tag","embeddable":true,"href":"http:\/\/www.tvturk.com\/index.php\/wp-json\/wp\/v2\/tags?post=34572"}],"curies":[{"name":"wp","href":"https:\/\/api.w.org\/{rel}","templated":true}]}}