{"id":34840,"date":"2019-02-15T11:21:20","date_gmt":"2019-02-15T08:21:20","guid":{"rendered":"http:\/\/www.tvturk.com\/index.php\/eleskirtli-kizlar-il-ikincisi-oldu\/"},"modified":"2019-02-15T11:21:22","modified_gmt":"2019-02-15T08:21:22","slug":"eleskirtli-kizlar-il-ikincisi-oldu","status":"publish","type":"post","link":"http:\/\/www.tvturk.com\/index.php\/eleskirtli-kizlar-il-ikincisi-oldu\/","title":{"rendered":"Ele\u015fkirtli k\u0131zlar il ikincisi oldu"},"content":{"rendered":"<p>A\u011fr\u0131 Gen\u00e7lik ve Spor \u0130l M\u00fcd\u00fcrl\u00fc\u011f\u00fcnce organize edilen Genel ve K\u0131zlar okullar aras\u0131 Satran\u00e7 il birincili\u011fi m\u00fcsabakalar\u0131 sona erdi.<\/p>\n<p>Gen\u00e7lik Merkezinde d\u00fczenlenen m\u00fcsabakalarda dereceye giren okul tak\u0131mlar\u0131n\u0131n kupa ve madalyalar\u0131 Spor \u015eube M\u00fcd\u00fcr\u00fc Cemil Budak yan\u0131 s\u0131ra okul \u00f6\u011fretmenleri taraf\u0131ndan takdim edildi.<\/p>\n<p>D\u00fczenlenen satran\u00e7  turnuvas\u0131nda Ele\u015fkirt\u2019i temsil eden Cengiz Topel \u0130lkokulu \u00f6\u011frencileri k\u0131zlarda ve genel de il ikincisi olarak Ele\u015fkirt\u2019in gururu oldular.<\/p>\n<p>Turnuva sonras\u0131 a\u00e7\u0131klama yapan Ele\u015fkirt Gen\u00e7lik ve Spor M\u00fcd\u00fcr\u00fc Sebahattin G\u00fczel, yar\u0131\u015fmada dereceye giren \u00f6\u011frencileri  ve onlarla ilgilenen \u00f6\u011fretmenlerini tebrik etti\u011fini, verilen emekler sonras\u0131nda ba\u015far\u0131n\u0131n gelmesinin kendilerini gururland\u0131rd\u0131\u011f\u0131n\u0131 dile getirdi.<div class=\"tiled-gallery type-rectangular tiled-gallery-unresized\" data-original-width=\"500\" data-carousel-extra='null' itemscope itemtype=\"http:\/\/schema.org\/ImageGallery\" > <div class=\"gallery-row\" style=\"width: 500px; height: 334px;\" data-original-width=\"500\" data-original-height=\"334\" > <div class=\"gallery-group images-1\" style=\"width: 500px; height: 334px;\" data-original-width=\"500\" data-original-height=\"334\" > <div class=\"tiled-gallery-item tiled-gallery-item-large\" itemprop=\"associatedMedia\" itemscope itemtype=\"http:\/\/schema.org\/ImageObject\"> <a href=\"http:\/\/www.tvturk.com\/index.php\/eleskirtli-kizlar-il-ikincisi-oldu\/eleskirtli-kizlar-il-ikincisi-oldu-3\/\" border=\"0\" itemprop=\"url\"> <meta itemprop=\"width\" content=\"496\"> <meta itemprop=\"height\" content=\"330\"> <img decoding=\"async\" class=\"\" data-attachment-id=\"34842\" data-orig-file=\"http:\/\/www.tvturk.com\/wp-content\/uploads\/2019\/02\/eleskirtli-kizlar-il-ikincisi-oldu_0132373.jpg\" data-orig-size=\"800,533\" data-comments-opened=\"\" data-image-meta=\"{&quot;aperture&quot;:&quot;0&quot;,&quot;credit&quot;:&quot;IHA&quot;,&quot;camera&quot;:&quot;&quot;,&quot;caption&quot;:&quot;ELE\\u015eK\\u0130RT\\u0027L\\u0130 KIZLAR \\u0130L 2. OLDU (\\u0130HA\\\/A\\u011eRI-\\u0130HA)&quot;,&quot;created_timestamp&quot;:&quot;1550258040&quot;,&quot;copyright&quot;:&quot;\\u0130HLAS HABER AJANSI, www.iha.com.tr&quot;,&quot;focal_length&quot;:&quot;0&quot;,&quot;iso&quot;:&quot;0&quot;,&quot;shutter_speed&quot;:&quot;0&quot;,&quot;title&quot;:&quot;ELE\\u015eK\\u0130RTL\\u0130 KIZLAR \\u0130L \\u0130K\\u0130NC\\u0130S\\u0130 OLDU&quot;,&quot;orientation&quot;:&quot;0&quot;}\" data-image-title=\"Ele\u015fkirtli k\u0131zlar il ikincisi oldu\" data-image-description=\"&lt;p&gt;Ele\u015fkirtli k\u0131zlar il ikincisi oldu&lt;\/p&gt; \" data-medium-file=\"https:\/\/i0.wp.com\/www.tvturk.com\/wp-content\/uploads\/2019\/02\/eleskirtli-kizlar-il-ikincisi-oldu_0132373.jpg?fit=300%2C200\" data-large-file=\"https:\/\/i0.wp.com\/www.tvturk.com\/wp-content\/uploads\/2019\/02\/eleskirtli-kizlar-il-ikincisi-oldu_0132373.jpg?fit=800%2C533\" src=\"https:\/\/i0.wp.com\/www.tvturk.com\/wp-content\/uploads\/2019\/02\/eleskirtli-kizlar-il-ikincisi-oldu_0132373.jpg?w=496&#038;h=330\" srcset=\"https:\/\/i0.wp.com\/www.tvturk.com\/wp-content\/uploads\/2019\/02\/eleskirtli-kizlar-il-ikincisi-oldu_0132373.jpg?w=800 800w, https:\/\/i0.wp.com\/www.tvturk.com\/wp-content\/uploads\/2019\/02\/eleskirtli-kizlar-il-ikincisi-oldu_0132373.jpg?resize=150%2C100 150w, https:\/\/i0.wp.com\/www.tvturk.com\/wp-content\/uploads\/2019\/02\/eleskirtli-kizlar-il-ikincisi-oldu_0132373.jpg?resize=300%2C200 300w, https:\/\/i0.wp.com\/www.tvturk.com\/wp-content\/uploads\/2019\/02\/eleskirtli-kizlar-il-ikincisi-oldu_0132373.jpg?resize=768%2C512 768w, https:\/\/i0.wp.com\/www.tvturk.com\/wp-content\/uploads\/2019\/02\/eleskirtli-kizlar-il-ikincisi-oldu_0132373.jpg?resize=170%2C113 170w, https:\/\/i0.wp.com\/www.tvturk.com\/wp-content\/uploads\/2019\/02\/eleskirtli-kizlar-il-ikincisi-oldu_0132373.jpg?resize=120%2C80 120w\" width=\"496\" height=\"330\" loading=\"lazy\" data-original-width=\"496\" data-original-height=\"330\" itemprop=\"http:\/\/schema.org\/image\" title=\"Ele\u015fkirtli k\u0131zlar il ikincisi oldu\" alt=\"Ele\u015fkirtli k\u0131zlar il ikincisi oldu\" style=\"width: 496px; height: 330px;\" \/> <\/a> <\/div> <\/div> <!-- close group --> <\/div> <!-- close row --> <\/div><\/p>\n","protected":false},"excerpt":{"rendered":"<p>ELE\u015eK\u0130RT&#8217;L\u0130 KIZLAR \u0130L 2. OLDU<\/p>\n","protected":false},"author":1,"featured_media":34841,"comment_status":"closed","ping_status":"open","sticky":false,"template":"","format":"standard","meta":{"jetpack_post_was_ever_published":false,"_jetpack_newsletter_access":"","_jetpack_dont_email_post_to_subs":false,"_jetpack_newsletter_tier_id":0,"_jetpack_memberships_contains_paywalled_content":false,"_jetpack_memberships_contains_paid_content":false,"footnotes":"","jetpack_publicize_message":"","jetpack_publicize_feature_enabled":true,"jetpack_social_post_already_shared":false,"jetpack_social_options":{"image_generator_settings":{"template":"highway","default_image_id":0,"font":"","enabled":false},"version":2}},"categories":[655],"tags":[13235,454,3417,77],"class_list":["post-34840","post","type-post","status-publish","format-standard","has-post-thumbnail","hentry","category-son-dakika","tag-eleskirtli","tag-ikincisi","tag-kizlar","tag-oldu"],"jetpack_publicize_connections":[],"jetpack_featured_media_url":"https:\/\/i0.wp.com\/www.tvturk.com\/wp-content\/uploads\/2019\/02\/eleskirtli-kizlar-il-ikincisi-oldu_074f5b3.jpg?fit=800%2C533","jetpack_sharing_enabled":true,"jetpack_shortlink":"https:\/\/wp.me\/paKIfm-93W","_links":{"self":[{"href":"http:\/\/www.tvturk.com\/index.php\/wp-json\/wp\/v2\/posts\/34840","targetHints":{"allow":["GET"]}}],"collection":[{"href":"http:\/\/www.tvturk.com\/index.php\/wp-json\/wp\/v2\/posts"}],"about":[{"href":"http:\/\/www.tvturk.com\/index.php\/wp-json\/wp\/v2\/types\/post"}],"author":[{"embeddable":true,"href":"http:\/\/www.tvturk.com\/index.php\/wp-json\/wp\/v2\/users\/1"}],"replies":[{"embeddable":true,"href":"http:\/\/www.tvturk.com\/index.php\/wp-json\/wp\/v2\/comments?post=34840"}],"version-history":[{"count":1,"href":"http:\/\/www.tvturk.com\/index.php\/wp-json\/wp\/v2\/posts\/34840\/revisions"}],"predecessor-version":[{"id":34843,"href":"http:\/\/www.tvturk.com\/index.php\/wp-json\/wp\/v2\/posts\/34840\/revisions\/34843"}],"wp:featuredmedia":[{"embeddable":true,"href":"http:\/\/www.tvturk.com\/index.php\/wp-json\/wp\/v2\/media\/34841"}],"wp:attachment":[{"href":"http:\/\/www.tvturk.com\/index.php\/wp-json\/wp\/v2\/media?parent=34840"}],"wp:term":[{"taxonomy":"category","embeddable":true,"href":"http:\/\/www.tvturk.com\/index.php\/wp-json\/wp\/v2\/categories?post=34840"},{"taxonomy":"post_tag","embeddable":true,"href":"http:\/\/www.tvturk.com\/index.php\/wp-json\/wp\/v2\/tags?post=34840"}],"curies":[{"name":"wp","href":"https:\/\/api.w.org\/{rel}","templated":true}]}}