{"id":34860,"date":"2019-02-15T11:21:34","date_gmt":"2019-02-15T08:21:34","guid":{"rendered":"http:\/\/www.tvturk.com\/index.php\/afetlerde-kesintisiz-haberlesme-ve-telsiz-kullanim-projesi-onaylandi\/"},"modified":"2019-02-15T11:21:34","modified_gmt":"2019-02-15T08:21:34","slug":"afetlerde-kesintisiz-haberlesme-ve-telsiz-kullanim-projesi-onaylandi","status":"publish","type":"post","link":"http:\/\/www.tvturk.com\/index.php\/afetlerde-kesintisiz-haberlesme-ve-telsiz-kullanim-projesi-onaylandi\/","title":{"rendered":"\u201cAfetlerde Kesintisiz Haberle\u015fme ve Telsiz Kullan\u0131m\u201d projesi onayland\u0131"},"content":{"rendered":"<p>Tekirda\u011f\u2019da \u201cAfetlerde Kesintisiz Haberle\u015fme ve Telsiz Kullan\u0131m\u201d projesi onayland\u0131.<\/p>\n<p>Tekirda\u011f \u0130l Afet M\u00fcdahale Plan\u0131n\u0131n (TAMP Tekirda\u011f) uygulanabilirli\u011fini art\u0131rmak ve 26 Hizmet Grubu aras\u0131nda haberle\u015fme kapasitesini g\u00fc\u00e7lendirmek amac\u0131yla haz\u0131rlanan \u201cAfetlerde Kesintisiz Haberle\u015fme ve Telsiz Kullan\u0131m E\u011fitimi\u201d projesi Trakya Kalk\u0131nma Ajans\u0131 taraf\u0131ndan destek almaya hak kazand\u0131. Haz\u0131rlanan proje AFAD Tekirda\u011f \u0130l M\u00fcd\u00fcr Recep Erol ve Trakya Kalk\u0131nma Ajans\u0131 Genel Sekreteri Mahmut \u015eahin aras\u0131nda imzaland\u0131.<\/p>\n<p>AFAD Tekirda\u011f \u0130l M\u00fcd\u00fcrl\u00fc\u011f\u00fc taraf\u0131ndan haz\u0131rlanan proje ile 26 Hizmet Grubu Y\u00f6neticisi ve yard\u0131mc\u0131lar\u0131n\u0131n telsiz kullan\u0131m esaslar\u0131, telsiz haberle\u015fme sistemleri ve acil durum telsiz haberle\u015fmesi konular\u0131nda teorik ve uygulamal\u0131 e\u011fitim almalar\u0131 sa\u011flanacak. Proje kapsam\u0131nda verilecek uygulamal\u0131 e\u011fitimlerle, hizmet gruplar\u0131nda telsiz haberle\u015fmesi konusunda fark\u0131ndal\u0131k sa\u011flanarak, afet ve acil durumlar i\u00e7in haberle\u015fmenin h\u0131zl\u0131 ve etkin bir \u015fekilde y\u00fcr\u00fct\u00fclmesi sa\u011flanacak.<\/p>\n","protected":false},"excerpt":{"rendered":"<p>TRAKYA KALKINMA AJANSI GENEL SEKRETER\u0130 MAHMUT \u015eAH\u0130N VE \u0130L AFAD M\u00dcD\u00dcR\u00dc RECEP EROL<\/p>\n","protected":false},"author":1,"featured_media":34861,"comment_status":"closed","ping_status":"open","sticky":false,"template":"","format":"standard","meta":{"jetpack_post_was_ever_published":false,"_jetpack_newsletter_access":"","_jetpack_dont_email_post_to_subs":false,"_jetpack_newsletter_tier_id":0,"_jetpack_memberships_contains_paywalled_content":false,"_jetpack_memberships_contains_paid_content":false,"footnotes":"","jetpack_publicize_message":"","jetpack_publicize_feature_enabled":true,"jetpack_social_post_already_shared":false,"jetpack_social_options":{"image_generator_settings":{"template":"highway","default_image_id":0,"font":"","enabled":false},"version":2}},"categories":[655],"tags":[13240,12498,13241,13243,13244,1324,13242],"class_list":["post-34860","post","type-post","status-publish","format-standard","has-post-thumbnail","hentry","category-son-dakika","tag-afetlerde","tag-haberlesme","tag-kesintisiz","tag-kullanim","tag-onaylandi","tag-projesi","tag-telsiz"],"jetpack_publicize_connections":[],"jetpack_featured_media_url":"https:\/\/i0.wp.com\/www.tvturk.com\/wp-content\/uploads\/2019\/02\/afetlerde-kesintisiz-haberlesme-ve-telsiz-kullanim-projesi-onaylandi_1f47118.jpg?fit=1000%2C750","jetpack_sharing_enabled":true,"jetpack_shortlink":"https:\/\/wp.me\/paKIfm-94g","_links":{"self":[{"href":"http:\/\/www.tvturk.com\/index.php\/wp-json\/wp\/v2\/posts\/34860","targetHints":{"allow":["GET"]}}],"collection":[{"href":"http:\/\/www.tvturk.com\/index.php\/wp-json\/wp\/v2\/posts"}],"about":[{"href":"http:\/\/www.tvturk.com\/index.php\/wp-json\/wp\/v2\/types\/post"}],"author":[{"embeddable":true,"href":"http:\/\/www.tvturk.com\/index.php\/wp-json\/wp\/v2\/users\/1"}],"replies":[{"embeddable":true,"href":"http:\/\/www.tvturk.com\/index.php\/wp-json\/wp\/v2\/comments?post=34860"}],"version-history":[{"count":0,"href":"http:\/\/www.tvturk.com\/index.php\/wp-json\/wp\/v2\/posts\/34860\/revisions"}],"wp:featuredmedia":[{"embeddable":true,"href":"http:\/\/www.tvturk.com\/index.php\/wp-json\/wp\/v2\/media\/34861"}],"wp:attachment":[{"href":"http:\/\/www.tvturk.com\/index.php\/wp-json\/wp\/v2\/media?parent=34860"}],"wp:term":[{"taxonomy":"category","embeddable":true,"href":"http:\/\/www.tvturk.com\/index.php\/wp-json\/wp\/v2\/categories?post=34860"},{"taxonomy":"post_tag","embeddable":true,"href":"http:\/\/www.tvturk.com\/index.php\/wp-json\/wp\/v2\/tags?post=34860"}],"curies":[{"name":"wp","href":"https:\/\/api.w.org\/{rel}","templated":true}]}}