{"id":34895,"date":"2019-02-15T11:31:12","date_gmt":"2019-02-15T08:31:12","guid":{"rendered":"http:\/\/www.tvturk.com\/index.php\/anne-ve-baba-adaylari-doguma-ve-bebegi-karsilamaya-hazirlaniyor\/"},"modified":"2019-02-15T11:31:15","modified_gmt":"2019-02-15T08:31:15","slug":"anne-ve-baba-adaylari-doguma-ve-bebegi-karsilamaya-hazirlaniyor","status":"publish","type":"post","link":"http:\/\/www.tvturk.com\/index.php\/anne-ve-baba-adaylari-doguma-ve-bebegi-karsilamaya-hazirlaniyor\/","title":{"rendered":"Anne ve baba adaylar\u0131 do\u011fuma ve bebe\u011fi kar\u015f\u0131lamaya haz\u0131rlan\u0131yor"},"content":{"rendered":"<p>Tekirda\u011f S\u00fcleymanpa\u015fa Belediyesi ve S\u00fcleymanpa\u015fa Kent Konseyi i\u015fbirli\u011finde anne ve baba adaylar\u0131na y\u00f6nelik Do\u011fuma Haz\u0131rl\u0131k ve Bebe\u011fi Kar\u015f\u0131lama e\u011fitimi ba\u015flat\u0131ld\u0131.<\/p>\n<p>S\u00fcleymanpa\u015fa Kent Konseyi Toplant\u0131 Salonunda Dr. G\u00f6khan G\u00f6zde ve Do\u011fula Bet\u00fcl Yavuz taraf\u0131ndan verilen e\u011fitimde gebelik, gebelikte psikolojik s\u00fcre\u00e7, do\u011fum korkusu, fiziksel haz\u0131rl\u0131k, do\u011fum an\u0131 bebe\u011fe yol vermek, do\u011fumdan sonra ilk 30 dakika, anne ve baba olmak ile g\u00fcvenli ba\u011flanma konular\u0131 kat\u0131l\u0131mc\u0131larla payla\u015f\u0131ld\u0131.<\/p>\n<p>A\u2019dan Z\u2019ye do\u011fuma haz\u0131rl\u0131k, do\u011fum ve sonras\u0131 hakk\u0131nda \u00f6nemli bilgilerin payla\u015f\u0131ld\u0131\u011f\u0131 e\u011fitimde anne-baba adaylar\u0131 merak ettiklerini Dr. G\u00f6khan G\u00f6zde ve Do\u011fula Bet\u00fcl Yavuz\u2019a sorarak \u00f6\u011frenmenin mutlulu\u011funu ya\u015fad\u0131.<\/p>\n<p>\u00d6te yandan yap\u0131lan a\u00e7\u0131klamada S\u00fcleymanpa\u015fa Belediyesi ve S\u00fcleymanpa\u015fa Kent Konseyi taraf\u0131ndan anne ve baba adaylar\u0131na y\u00f6nelik verilen e\u011fitimin devam edece\u011fi kaydedildi.<\/p>\n<p>\u00dccretsiz olarak ger\u00e7ekle\u015ftirilen e\u011fitimler hakk\u0131nda detayl\u0131 bilginin 08504505959 numaral\u0131 S\u00fcleymanpa\u015fa Belediyesi \u00c7a\u011fr\u0131 Merkezi\u2019nden al\u0131nabilece\u011fi belirtildi.<div class=\"tiled-gallery type-rectangular tiled-gallery-unresized\" data-original-width=\"500\" data-carousel-extra='null' itemscope itemtype=\"http:\/\/schema.org\/ImageGallery\" > <div class=\"gallery-row\" style=\"width: 500px; height: 224px;\" data-original-width=\"500\" data-original-height=\"224\" > <div class=\"gallery-group images-1\" style=\"width: 334px; height: 224px;\" data-original-width=\"334\" data-original-height=\"224\" > <div class=\"tiled-gallery-item tiled-gallery-item-large\" itemprop=\"associatedMedia\" itemscope itemtype=\"http:\/\/schema.org\/ImageObject\"> <a href=\"http:\/\/www.tvturk.com\/index.php\/anne-ve-baba-adaylari-doguma-ve-bebegi-karsilamaya-hazirlaniyor\/anne-ve-baba-adaylari-doguma-ve-bebegi-karsilamaya-hazirlaniyor-3\/\" border=\"0\" itemprop=\"url\"> <meta itemprop=\"width\" content=\"330\"> <meta itemprop=\"height\" content=\"220\"> <img decoding=\"async\" class=\"\" data-attachment-id=\"34897\" data-orig-file=\"http:\/\/www.tvturk.com\/wp-content\/uploads\/2019\/02\/anne-ve-baba-adaylari-doguma-ve-bebegi-karsilamaya-hazirlaniyor_ab4cbed.jpg\" data-orig-size=\"1000,666\" data-comments-opened=\"\" data-image-meta=\"{&quot;aperture&quot;:&quot;0&quot;,&quot;credit&quot;:&quot;IHA&quot;,&quot;camera&quot;:&quot;&quot;,&quot;caption&quot;:&quot;TEK\\u0130RDA\\u011e S\\u00dcLEYMANPA\\u015eA BELED\\u0130YES\\u0130 VE S\\u00dcLEYMANPA\\u015eA KENT KONSEY\\u0130 \\u0130\\u015eB\\u0130RL\\u0130\\u011e\\u0130NDE ANNE VE BABA ADAYLARINA Y\\u00d6NEL\\u0130K DO\\u011eUMA HAZIRLIK VE BEBE\\u011e\\u0130 KAR\\u015eILAMA E\\u011e\\u0130T\\u0130M\\u0130 BA\\u015eLATILDI. (SERDAR \\u015eAH\\u0130N\\\/TEK\\u0130RDA\\u011e-\\u0130HA)&quot;,&quot;created_timestamp&quot;:&quot;0&quot;,&quot;copyright&quot;:&quot;\\u0130HLAS HABER AJANSI, www.iha.com.tr&quot;,&quot;focal_length&quot;:&quot;0&quot;,&quot;iso&quot;:&quot;0&quot;,&quot;shutter_speed&quot;:&quot;0&quot;,&quot;title&quot;:&quot;ANNE VE BABA ADAYLARI DO\\u011eUMA VE BEBE\\u011e\\u0130 KAR\\u015eILAMAYA HAZIRLANIYOR&quot;,&quot;orientation&quot;:&quot;0&quot;}\" data-image-title=\"Anne ve baba adaylar\u0131 do\u011fuma ve bebe\u011fi kar\u015f\u0131lamaya haz\u0131rlan\u0131yor\" data-image-description=\"&lt;p&gt;Anne ve baba adaylar\u0131 do\u011fuma ve bebe\u011fi kar\u015f\u0131lamaya haz\u0131rlan\u0131yor&lt;\/p&gt; \" data-medium-file=\"https:\/\/i0.wp.com\/www.tvturk.com\/wp-content\/uploads\/2019\/02\/anne-ve-baba-adaylari-doguma-ve-bebegi-karsilamaya-hazirlaniyor_ab4cbed.jpg?fit=300%2C200\" data-large-file=\"https:\/\/i0.wp.com\/www.tvturk.com\/wp-content\/uploads\/2019\/02\/anne-ve-baba-adaylari-doguma-ve-bebegi-karsilamaya-hazirlaniyor_ab4cbed.jpg?fit=1000%2C666\" src=\"https:\/\/i0.wp.com\/www.tvturk.com\/wp-content\/uploads\/2019\/02\/anne-ve-baba-adaylari-doguma-ve-bebegi-karsilamaya-hazirlaniyor_ab4cbed.jpg?w=330&#038;h=220\" srcset=\"https:\/\/i0.wp.com\/www.tvturk.com\/wp-content\/uploads\/2019\/02\/anne-ve-baba-adaylari-doguma-ve-bebegi-karsilamaya-hazirlaniyor_ab4cbed.jpg?w=1000 1000w, https:\/\/i0.wp.com\/www.tvturk.com\/wp-content\/uploads\/2019\/02\/anne-ve-baba-adaylari-doguma-ve-bebegi-karsilamaya-hazirlaniyor_ab4cbed.jpg?resize=150%2C100 150w, https:\/\/i0.wp.com\/www.tvturk.com\/wp-content\/uploads\/2019\/02\/anne-ve-baba-adaylari-doguma-ve-bebegi-karsilamaya-hazirlaniyor_ab4cbed.jpg?resize=300%2C200 300w, https:\/\/i0.wp.com\/www.tvturk.com\/wp-content\/uploads\/2019\/02\/anne-ve-baba-adaylari-doguma-ve-bebegi-karsilamaya-hazirlaniyor_ab4cbed.jpg?resize=768%2C511 768w, https:\/\/i0.wp.com\/www.tvturk.com\/wp-content\/uploads\/2019\/02\/anne-ve-baba-adaylari-doguma-ve-bebegi-karsilamaya-hazirlaniyor_ab4cbed.jpg?resize=170%2C113 170w, https:\/\/i0.wp.com\/www.tvturk.com\/wp-content\/uploads\/2019\/02\/anne-ve-baba-adaylari-doguma-ve-bebegi-karsilamaya-hazirlaniyor_ab4cbed.jpg?resize=120%2C80 120w\" width=\"330\" height=\"220\" loading=\"lazy\" data-original-width=\"330\" data-original-height=\"220\" itemprop=\"http:\/\/schema.org\/image\" title=\"Anne ve baba adaylar\u0131 do\u011fuma ve bebe\u011fi kar\u015f\u0131lamaya haz\u0131rlan\u0131yor\" alt=\"Anne ve baba adaylar\u0131 do\u011fuma ve bebe\u011fi kar\u015f\u0131lamaya haz\u0131rlan\u0131yor\" style=\"width: 330px; height: 220px;\" \/> <\/a> <\/div> <\/div> <!-- close group --> <div class=\"gallery-group images-2\" style=\"width: 166px; height: 224px;\" data-original-width=\"166\" data-original-height=\"224\" > <div class=\"tiled-gallery-item tiled-gallery-item-small\" itemprop=\"associatedMedia\" itemscope itemtype=\"http:\/\/schema.org\/ImageObject\"> <a href=\"http:\/\/www.tvturk.com\/index.php\/anne-ve-baba-adaylari-doguma-ve-bebegi-karsilamaya-hazirlaniyor\/anne-ve-baba-adaylari-doguma-ve-bebegi-karsilamaya-hazirlaniyor-4\/\" border=\"0\" itemprop=\"url\"> <meta itemprop=\"width\" content=\"162\"> <meta itemprop=\"height\" content=\"108\"> <img decoding=\"async\" class=\"\" data-attachment-id=\"34898\" data-orig-file=\"http:\/\/www.tvturk.com\/wp-content\/uploads\/2019\/02\/anne-ve-baba-adaylari-doguma-ve-bebegi-karsilamaya-hazirlaniyor_27f8758.jpg\" data-orig-size=\"1000,666\" data-comments-opened=\"\" data-image-meta=\"{&quot;aperture&quot;:&quot;0&quot;,&quot;credit&quot;:&quot;IHA&quot;,&quot;camera&quot;:&quot;&quot;,&quot;caption&quot;:&quot;TEK\\u0130RDA\\u011e S\\u00dcLEYMANPA\\u015eA BELED\\u0130YES\\u0130 VE S\\u00dcLEYMANPA\\u015eA KENT KONSEY\\u0130 \\u0130\\u015eB\\u0130RL\\u0130\\u011e\\u0130NDE ANNE VE BABA ADAYLARINA Y\\u00d6NEL\\u0130K DO\\u011eUMA HAZIRLIK VE BEBE\\u011e\\u0130 KAR\\u015eILAMA E\\u011e\\u0130T\\u0130M\\u0130 BA\\u015eLATILDI. (SERDAR \\u015eAH\\u0130N\\\/TEK\\u0130RDA\\u011e-\\u0130HA)&quot;,&quot;created_timestamp&quot;:&quot;0&quot;,&quot;copyright&quot;:&quot;\\u0130HLAS HABER AJANSI, www.iha.com.tr&quot;,&quot;focal_length&quot;:&quot;0&quot;,&quot;iso&quot;:&quot;0&quot;,&quot;shutter_speed&quot;:&quot;0&quot;,&quot;title&quot;:&quot;ANNE VE BABA ADAYLARI DO\\u011eUMA VE BEBE\\u011e\\u0130 KAR\\u015eILAMAYA HAZIRLANIYOR&quot;,&quot;orientation&quot;:&quot;0&quot;}\" data-image-title=\"Anne ve baba adaylar\u0131 do\u011fuma ve bebe\u011fi kar\u015f\u0131lamaya haz\u0131rlan\u0131yor\" data-image-description=\"&lt;p&gt;Anne ve baba adaylar\u0131 do\u011fuma ve bebe\u011fi kar\u015f\u0131lamaya haz\u0131rlan\u0131yor&lt;\/p&gt; \" data-medium-file=\"https:\/\/i0.wp.com\/www.tvturk.com\/wp-content\/uploads\/2019\/02\/anne-ve-baba-adaylari-doguma-ve-bebegi-karsilamaya-hazirlaniyor_27f8758.jpg?fit=300%2C200\" data-large-file=\"https:\/\/i0.wp.com\/www.tvturk.com\/wp-content\/uploads\/2019\/02\/anne-ve-baba-adaylari-doguma-ve-bebegi-karsilamaya-hazirlaniyor_27f8758.jpg?fit=1000%2C666\" src=\"https:\/\/i0.wp.com\/www.tvturk.com\/wp-content\/uploads\/2019\/02\/anne-ve-baba-adaylari-doguma-ve-bebegi-karsilamaya-hazirlaniyor_27f8758.jpg?w=162&#038;h=108\" srcset=\"https:\/\/i0.wp.com\/www.tvturk.com\/wp-content\/uploads\/2019\/02\/anne-ve-baba-adaylari-doguma-ve-bebegi-karsilamaya-hazirlaniyor_27f8758.jpg?w=1000 1000w, https:\/\/i0.wp.com\/www.tvturk.com\/wp-content\/uploads\/2019\/02\/anne-ve-baba-adaylari-doguma-ve-bebegi-karsilamaya-hazirlaniyor_27f8758.jpg?resize=150%2C100 150w, https:\/\/i0.wp.com\/www.tvturk.com\/wp-content\/uploads\/2019\/02\/anne-ve-baba-adaylari-doguma-ve-bebegi-karsilamaya-hazirlaniyor_27f8758.jpg?resize=300%2C200 300w, https:\/\/i0.wp.com\/www.tvturk.com\/wp-content\/uploads\/2019\/02\/anne-ve-baba-adaylari-doguma-ve-bebegi-karsilamaya-hazirlaniyor_27f8758.jpg?resize=768%2C511 768w, https:\/\/i0.wp.com\/www.tvturk.com\/wp-content\/uploads\/2019\/02\/anne-ve-baba-adaylari-doguma-ve-bebegi-karsilamaya-hazirlaniyor_27f8758.jpg?resize=170%2C113 170w, https:\/\/i0.wp.com\/www.tvturk.com\/wp-content\/uploads\/2019\/02\/anne-ve-baba-adaylari-doguma-ve-bebegi-karsilamaya-hazirlaniyor_27f8758.jpg?resize=120%2C80 120w\" width=\"162\" height=\"108\" loading=\"lazy\" data-original-width=\"162\" data-original-height=\"108\" itemprop=\"http:\/\/schema.org\/image\" title=\"Anne ve baba adaylar\u0131 do\u011fuma ve bebe\u011fi kar\u015f\u0131lamaya haz\u0131rlan\u0131yor\" alt=\"Anne ve baba adaylar\u0131 do\u011fuma ve bebe\u011fi kar\u015f\u0131lamaya haz\u0131rlan\u0131yor\" style=\"width: 162px; height: 108px;\" \/> <\/a> <\/div> <div class=\"tiled-gallery-item tiled-gallery-item-small\" itemprop=\"associatedMedia\" itemscope itemtype=\"http:\/\/schema.org\/ImageObject\"> <a href=\"http:\/\/www.tvturk.com\/index.php\/anne-ve-baba-adaylari-doguma-ve-bebegi-karsilamaya-hazirlaniyor\/anne-ve-baba-adaylari-doguma-ve-bebegi-karsilamaya-hazirlaniyor-5\/\" border=\"0\" itemprop=\"url\"> <meta itemprop=\"width\" content=\"162\"> <meta itemprop=\"height\" content=\"108\"> <img decoding=\"async\" class=\"\" data-attachment-id=\"34899\" data-orig-file=\"http:\/\/www.tvturk.com\/wp-content\/uploads\/2019\/02\/anne-ve-baba-adaylari-doguma-ve-bebegi-karsilamaya-hazirlaniyor_d7b4576.jpg\" data-orig-size=\"1000,666\" data-comments-opened=\"\" data-image-meta=\"{&quot;aperture&quot;:&quot;0&quot;,&quot;credit&quot;:&quot;IHA&quot;,&quot;camera&quot;:&quot;&quot;,&quot;caption&quot;:&quot;TEK\\u0130RDA\\u011e S\\u00dcLEYMANPA\\u015eA BELED\\u0130YES\\u0130 VE S\\u00dcLEYMANPA\\u015eA KENT KONSEY\\u0130 \\u0130\\u015eB\\u0130RL\\u0130\\u011e\\u0130NDE ANNE VE BABA ADAYLARINA Y\\u00d6NEL\\u0130K DO\\u011eUMA HAZIRLIK VE BEBE\\u011e\\u0130 KAR\\u015eILAMA E\\u011e\\u0130T\\u0130M\\u0130 BA\\u015eLATILDI. (SERDAR \\u015eAH\\u0130N\\\/TEK\\u0130RDA\\u011e-\\u0130HA)&quot;,&quot;created_timestamp&quot;:&quot;0&quot;,&quot;copyright&quot;:&quot;\\u0130HLAS HABER AJANSI, www.iha.com.tr&quot;,&quot;focal_length&quot;:&quot;0&quot;,&quot;iso&quot;:&quot;0&quot;,&quot;shutter_speed&quot;:&quot;0&quot;,&quot;title&quot;:&quot;ANNE VE BABA ADAYLARI DO\\u011eUMA VE BEBE\\u011e\\u0130 KAR\\u015eILAMAYA HAZIRLANIYOR&quot;,&quot;orientation&quot;:&quot;0&quot;}\" data-image-title=\"Anne ve baba adaylar\u0131 do\u011fuma ve bebe\u011fi kar\u015f\u0131lamaya haz\u0131rlan\u0131yor\" data-image-description=\"&lt;p&gt;Anne ve baba adaylar\u0131 do\u011fuma ve bebe\u011fi kar\u015f\u0131lamaya haz\u0131rlan\u0131yor&lt;\/p&gt; \" data-medium-file=\"https:\/\/i0.wp.com\/www.tvturk.com\/wp-content\/uploads\/2019\/02\/anne-ve-baba-adaylari-doguma-ve-bebegi-karsilamaya-hazirlaniyor_d7b4576.jpg?fit=300%2C200\" data-large-file=\"https:\/\/i0.wp.com\/www.tvturk.com\/wp-content\/uploads\/2019\/02\/anne-ve-baba-adaylari-doguma-ve-bebegi-karsilamaya-hazirlaniyor_d7b4576.jpg?fit=1000%2C666\" src=\"https:\/\/i0.wp.com\/www.tvturk.com\/wp-content\/uploads\/2019\/02\/anne-ve-baba-adaylari-doguma-ve-bebegi-karsilamaya-hazirlaniyor_d7b4576.jpg?w=162&#038;h=108\" srcset=\"https:\/\/i0.wp.com\/www.tvturk.com\/wp-content\/uploads\/2019\/02\/anne-ve-baba-adaylari-doguma-ve-bebegi-karsilamaya-hazirlaniyor_d7b4576.jpg?w=1000 1000w, https:\/\/i0.wp.com\/www.tvturk.com\/wp-content\/uploads\/2019\/02\/anne-ve-baba-adaylari-doguma-ve-bebegi-karsilamaya-hazirlaniyor_d7b4576.jpg?resize=150%2C100 150w, https:\/\/i0.wp.com\/www.tvturk.com\/wp-content\/uploads\/2019\/02\/anne-ve-baba-adaylari-doguma-ve-bebegi-karsilamaya-hazirlaniyor_d7b4576.jpg?resize=300%2C200 300w, https:\/\/i0.wp.com\/www.tvturk.com\/wp-content\/uploads\/2019\/02\/anne-ve-baba-adaylari-doguma-ve-bebegi-karsilamaya-hazirlaniyor_d7b4576.jpg?resize=768%2C511 768w, https:\/\/i0.wp.com\/www.tvturk.com\/wp-content\/uploads\/2019\/02\/anne-ve-baba-adaylari-doguma-ve-bebegi-karsilamaya-hazirlaniyor_d7b4576.jpg?resize=170%2C113 170w, https:\/\/i0.wp.com\/www.tvturk.com\/wp-content\/uploads\/2019\/02\/anne-ve-baba-adaylari-doguma-ve-bebegi-karsilamaya-hazirlaniyor_d7b4576.jpg?resize=120%2C80 120w\" width=\"162\" height=\"108\" loading=\"lazy\" data-original-width=\"162\" data-original-height=\"108\" itemprop=\"http:\/\/schema.org\/image\" title=\"Anne ve baba adaylar\u0131 do\u011fuma ve bebe\u011fi kar\u015f\u0131lamaya haz\u0131rlan\u0131yor\" alt=\"Anne ve baba adaylar\u0131 do\u011fuma ve bebe\u011fi kar\u015f\u0131lamaya haz\u0131rlan\u0131yor\" style=\"width: 162px; height: 108px;\" \/> <\/a> <\/div> <\/div> <!-- close group --> <\/div> <!-- close row --> <\/div><\/p>\n","protected":false},"excerpt":{"rendered":"<p>TEK\u0130RDA\u011e S\u00dcLEYMANPA\u015eA BELED\u0130YES\u0130 VE S\u00dcLEYMANPA\u015eA KENT KONSEY\u0130 \u0130\u015eB\u0130RL\u0130\u011e\u0130NDE ANNE VE BABA ADAYLARINA Y\u00d6NEL\u0130K DO\u011eUMA HAZIRLIK VE BEBE\u011e\u0130 KAR\u015eILAMA E\u011e\u0130T\u0130M\u0130 BA\u015eLATILDI.<\/p>\n","protected":false},"author":1,"featured_media":34896,"comment_status":"closed","ping_status":"open","sticky":false,"template":"","format":"standard","meta":{"jetpack_post_was_ever_published":false,"_jetpack_newsletter_access":"","_jetpack_dont_email_post_to_subs":false,"_jetpack_newsletter_tier_id":0,"_jetpack_memberships_contains_paywalled_content":false,"_jetpack_memberships_contains_paid_content":false,"footnotes":"","jetpack_publicize_message":"","jetpack_publicize_feature_enabled":true,"jetpack_social_post_already_shared":false,"jetpack_social_options":{"image_generator_settings":{"template":"highway","default_image_id":0,"font":"","enabled":false},"version":2}},"categories":[655],"tags":[4119,5582,1360,892,12427,297,13257],"class_list":["post-34895","post","type-post","status-publish","format-standard","has-post-thumbnail","hentry","category-son-dakika","tag-adaylari","tag-anne","tag-baba","tag-bebegi","tag-doguma","tag-hazirlaniyor","tag-karsilamaya"],"jetpack_publicize_connections":[],"jetpack_featured_media_url":"https:\/\/i0.wp.com\/www.tvturk.com\/wp-content\/uploads\/2019\/02\/anne-ve-baba-adaylari-doguma-ve-bebegi-karsilamaya-hazirlaniyor_653fea1.jpg?fit=1000%2C666","jetpack_sharing_enabled":true,"jetpack_shortlink":"https:\/\/wp.me\/paKIfm-94P","_links":{"self":[{"href":"http:\/\/www.tvturk.com\/index.php\/wp-json\/wp\/v2\/posts\/34895","targetHints":{"allow":["GET"]}}],"collection":[{"href":"http:\/\/www.tvturk.com\/index.php\/wp-json\/wp\/v2\/posts"}],"about":[{"href":"http:\/\/www.tvturk.com\/index.php\/wp-json\/wp\/v2\/types\/post"}],"author":[{"embeddable":true,"href":"http:\/\/www.tvturk.com\/index.php\/wp-json\/wp\/v2\/users\/1"}],"replies":[{"embeddable":true,"href":"http:\/\/www.tvturk.com\/index.php\/wp-json\/wp\/v2\/comments?post=34895"}],"version-history":[{"count":1,"href":"http:\/\/www.tvturk.com\/index.php\/wp-json\/wp\/v2\/posts\/34895\/revisions"}],"predecessor-version":[{"id":34900,"href":"http:\/\/www.tvturk.com\/index.php\/wp-json\/wp\/v2\/posts\/34895\/revisions\/34900"}],"wp:featuredmedia":[{"embeddable":true,"href":"http:\/\/www.tvturk.com\/index.php\/wp-json\/wp\/v2\/media\/34896"}],"wp:attachment":[{"href":"http:\/\/www.tvturk.com\/index.php\/wp-json\/wp\/v2\/media?parent=34895"}],"wp:term":[{"taxonomy":"category","embeddable":true,"href":"http:\/\/www.tvturk.com\/index.php\/wp-json\/wp\/v2\/categories?post=34895"},{"taxonomy":"post_tag","embeddable":true,"href":"http:\/\/www.tvturk.com\/index.php\/wp-json\/wp\/v2\/tags?post=34895"}],"curies":[{"name":"wp","href":"https:\/\/api.w.org\/{rel}","templated":true}]}}