{"id":35014,"date":"2019-02-15T11:51:13","date_gmt":"2019-02-15T08:51:13","guid":{"rendered":"http:\/\/www.tvturk.com\/index.php\/sozenden-hdpli-vekile-tepki\/"},"modified":"2019-02-15T11:51:13","modified_gmt":"2019-02-15T08:51:13","slug":"sozenden-hdpli-vekile-tepki","status":"publish","type":"post","link":"http:\/\/www.tvturk.com\/index.php\/sozenden-hdpli-vekile-tepki\/","title":{"rendered":"S\u00f6zen\u2019den HDP\u2019li vekile tepki"},"content":{"rendered":"<p>Anadolu G\u00fcvenlik Korucular\u0131 ve \u015eehit Aileleri Konfederasyonu Genel Ba\u015fkan\u0131 Ziya S\u00f6zen, 26. d\u00f6nem HDP Van Milletvekili Nadir Y\u0131ld\u0131r\u0131m\u2019\u0131n sosyal medya hesab\u0131 \u00fczerinden haddini ve maksad\u0131n\u0131 a\u015fan tehdit i\u00e7erikli a\u00e7\u0131klamalarda bulundu\u011funu belirterek, &#8220;Sizin tehditleriniz bize s\u00f6kmez. Demirden korksayd\u0131k trene binmezdik&#8221; dedi.<\/p>\n<p>Eski HDP Van Milletvekili Nadir Y\u0131ld\u0131r\u0131m\u2019\u0131n Twitter\u2019dan yapt\u0131\u011f\u0131 a\u00e7\u0131klamaya sert tepki g\u00f6steren Anadolu G\u00fcvenlik Korucular\u0131 ve \u015eehit Aileleri Konfederasyonu Genel Ba\u015fkan\u0131 Ziya S\u00f6zen, bunlara pabu\u00e7 b\u0131rak\u0131lmayaca\u011f\u0131n\u0131 s\u00f6yledi. S\u00f6zen, &#8220;Y\u0131llard\u0131r \u00f6zg\u00fcr iradelerini, onur ve \u015fereflerini, yularlar\u0131n\u0131 PKK\u2019n\u0131n ipotek etti\u011fi, PKK\u2019n\u0131n verdi\u011fi talimatlar\u0131 emir telakki eden bu ak\u0131l fukaralar\u0131, tehdit edilmeye al\u0131\u015fm\u0131\u015f olan bu zatlar kendince herkesi kendileri gibi g\u00f6r\u00fcyorlar. Daha \u00f6nceki zamanlarda da tabiri caizse havlayan HDP milletvekillerinin ak\u0131beti ortadad\u0131r. Bu silah\u0131 size \u00e7evirmesini iyi \u00e7ok iyi biliriz, biz sizi t\u00fck\u00fcr\u00fc\u011f\u00fcm\u00fczle bo\u011far\u0131z. Biz s\u0131rt\u0131m\u0131z\u0131 ter\u00f6r \u00f6rg\u00fctlerine dayad\u0131k gibi k\u00fcstah\u00e7a s\u00f6zler kullanan HDP\u2019lilerin ak\u0131beti ne olduysa bu k\u00fcstah\u00e7a s\u00f6ylemde bulunan Nadir Y\u0131ld\u0131r\u0131m\u2019\u0131n da ak\u0131beti ayn\u0131 olacakt\u0131r. Bu zevatlar eninde sonunda T\u00fcrk yarg\u0131s\u0131 \u00f6n\u00fcnde hesap vereceklerdir. Bu zevata \u015funu hat\u0131rlatmak isteriz ki, bizler dava \u015fuuru i\u00e7inde hareket eder, \u00f6l\u00fcm\u00fc hak bilir ve asla fanilerden korkmay\u0131z. Bizler \u00fclkemiz i\u00e7in, vatan\u0131m\u0131z i\u00e7in, bayra\u011f\u0131m\u0131z i\u00e7in \u00f6lmeyi \u015feref sayar\u0131z. Biliyoruz ve inan\u0131yoruz ki, bizler vatan u\u011fruna \u00f6ld\u00fc\u011f\u00fcm\u00fczde \u015fehit, sizin savundu\u011funuz ter\u00f6ristler \u00f6ld\u00fc\u011f\u00fcnde le\u015f olurlar. Allah\u2019\u0131n verdi\u011fi can\u0131 ancak Allah al\u0131r. Sizin tehditleriniz bize s\u00f6kmez. Demirden korksayd\u0131k trene binmezdik. Devletimizin, h\u00fck\u00fcmetimizin ve T\u00fcrk Silahl\u0131 Kuvvetlerinin azim ve kararl\u0131 m\u00fccadelesi sayesinde in\u015fallah HDP\u2019lilerin s\u0131rtlar\u0131n\u0131 dayad\u0131\u011f\u0131 PKK ter\u00f6r \u00f6rg\u00fct\u00fc ve di\u011fer \u00f6rg\u00fctler yok olup gidecek, tarihin \u00e7\u00f6pl\u00fc\u011f\u00fcndeki yerlerini alacaklard\u0131r. Zaten bu t\u00fcr ucuz tehditlerin sebebi de \u00e7ok sevdikleri PKK\u2019n\u0131n onlar\u0131n g\u00f6z\u00fcn\u00fcn \u00f6n\u00fcnde eriyip gitmesinden kaynaklanmaktad\u0131r. Bu s\u00f6ylemler acziyetin, \u00e7aresizli\u011fin \u00fcr\u00fcn\u00fcd\u00fcr. Yak\u0131n zamanda art\u0131k s\u0131rtlar\u0131n\u0131 dayayacaklar\u0131 bir PKK olmayacakt\u0131r. HDP\u2019li vekilin bu k\u00fcstah ve al\u00e7ak\u00e7a s\u00f6ylenmi\u015f s\u00f6zlerini kendisine iade ediyorum&#8221; dedi.<\/p>\n","protected":false},"excerpt":{"rendered":"<p>ANADOLU G\u00dcVENL\u0130K KORUCULARI VE \u015eEH\u0130T A\u0130LELER\u0130 KONFEDERASYONU GENEL BA\u015eKANI Z\u0130YA S\u00d6ZEN, 26. D\u00d6NEM VAN HDP M\u0130LLETVEK\u0130L\u0130 NAD\u0130R YILDIRIM&#8217;IN SOSYAL MEDYA HESABI TWETTTER \u00dcZER\u0130NDEN HADD\u0130N\u0130 VE MAKSADINI A\u015eAN TEHD\u0130T \u0130\u00c7ER\u0130KL\u0130 A\u00c7IKLAMALARDA BULUNARAK K\u00dcSTAHLIK YAPTI\u011eINI S\u00d6YLED\u0130.<\/p>\n","protected":false},"author":1,"featured_media":35015,"comment_status":"closed","ping_status":"open","sticky":false,"template":"","format":"standard","meta":{"jetpack_post_was_ever_published":false,"_jetpack_newsletter_access":"","_jetpack_dont_email_post_to_subs":false,"_jetpack_newsletter_tier_id":0,"_jetpack_memberships_contains_paywalled_content":false,"_jetpack_memberships_contains_paid_content":false,"footnotes":"","jetpack_publicize_message":"","jetpack_publicize_feature_enabled":true,"jetpack_social_post_already_shared":false,"jetpack_social_options":{"image_generator_settings":{"template":"highway","default_image_id":0,"font":"","enabled":false},"version":2}},"categories":[655],"tags":[10422,12194,961,13280],"class_list":["post-35014","post","type-post","status-publish","format-standard","has-post-thumbnail","hentry","category-son-dakika","tag-hdpli","tag-sozenden","tag-tepki","tag-vekile"],"jetpack_publicize_connections":[],"jetpack_featured_media_url":"https:\/\/i0.wp.com\/www.tvturk.com\/wp-content\/uploads\/2019\/02\/sozenden-hdpli-vekile-tepki_81a36bc.jpg?fit=508%2C272","jetpack_sharing_enabled":true,"jetpack_shortlink":"https:\/\/wp.me\/paKIfm-96K","_links":{"self":[{"href":"http:\/\/www.tvturk.com\/index.php\/wp-json\/wp\/v2\/posts\/35014","targetHints":{"allow":["GET"]}}],"collection":[{"href":"http:\/\/www.tvturk.com\/index.php\/wp-json\/wp\/v2\/posts"}],"about":[{"href":"http:\/\/www.tvturk.com\/index.php\/wp-json\/wp\/v2\/types\/post"}],"author":[{"embeddable":true,"href":"http:\/\/www.tvturk.com\/index.php\/wp-json\/wp\/v2\/users\/1"}],"replies":[{"embeddable":true,"href":"http:\/\/www.tvturk.com\/index.php\/wp-json\/wp\/v2\/comments?post=35014"}],"version-history":[{"count":0,"href":"http:\/\/www.tvturk.com\/index.php\/wp-json\/wp\/v2\/posts\/35014\/revisions"}],"wp:featuredmedia":[{"embeddable":true,"href":"http:\/\/www.tvturk.com\/index.php\/wp-json\/wp\/v2\/media\/35015"}],"wp:attachment":[{"href":"http:\/\/www.tvturk.com\/index.php\/wp-json\/wp\/v2\/media?parent=35014"}],"wp:term":[{"taxonomy":"category","embeddable":true,"href":"http:\/\/www.tvturk.com\/index.php\/wp-json\/wp\/v2\/categories?post=35014"},{"taxonomy":"post_tag","embeddable":true,"href":"http:\/\/www.tvturk.com\/index.php\/wp-json\/wp\/v2\/tags?post=35014"}],"curies":[{"name":"wp","href":"https:\/\/api.w.org\/{rel}","templated":true}]}}