{"id":35168,"date":"2019-02-15T12:11:17","date_gmt":"2019-02-15T09:11:17","guid":{"rendered":"http:\/\/www.tvturk.com\/index.php\/1-ayda-500-bin-fidan\/"},"modified":"2019-02-15T12:11:19","modified_gmt":"2019-02-15T09:11:19","slug":"1-ayda-500-bin-fidan","status":"publish","type":"post","link":"http:\/\/www.tvturk.com\/index.php\/1-ayda-500-bin-fidan\/","title":{"rendered":"1 ayda 500 bin fidan"},"content":{"rendered":"<p>K\u0131rsal kesimde gelir getirici faaliyetleri art\u0131rmak amac\u0131yla 2009 y\u0131l\u0131ndan bu yana meyve fidan\u0131 da\u011f\u0131tarak \u00fcretimi destekleyen \u0130zmir B\u00fcy\u00fck\u015fehir Belediyesi, 15 Mart\u2019a kadar 20 bin \u00fcreticiye tam 500 bin fidan daha da\u011f\u0131tacak. \u00dcreticiye ula\u015ft\u0131r\u0131lan toplam fidan say\u0131s\u0131 4 milyon 230 bine ula\u015facak.<\/p>\n<p>Geli\u015ftirdi\u011fi &#8220;\u0130zmir Modeli&#8221; ile tar\u0131m\u0131 kalk\u0131nd\u0131rmak ve k\u0131rsalda ya\u015fayan vatanda\u015flar\u0131n gelirlerini art\u0131rmak \u00fczere \u00f6rnek \u00e7al\u0131\u015fmalara imza atan \u0130zmir B\u00fcy\u00fck\u015fehir Belediyesi\u2019nden yeni bir &#8220;bahar hamlesi&#8221; geliyor.<\/p>\n<p>B\u00fcy\u00fck\u015fehir belediyesi, 15 \u015eubat-15 Mart aras\u0131ndaki 1 ayl\u0131k s\u00fcrede yakla\u015f\u0131k 20 bin \u00fcreticiye tam 500 bin meyve fidan\u0131 daha da\u011f\u0131tacak. &#8220;K\u0131rsal Kesimde Gelir Getirici Faaliyetlerin Desteklenmesi Kapsam\u0131nda A\u011fa\u00e7land\u0131rma Projesi&#8221;nin 2019 y\u0131l\u0131 bahar d\u00f6neminde 22 il\u00e7ede da\u011f\u0131t\u0131m ger\u00e7ekle\u015ftirilecek. \u00dcreticilere; armut, ayva, dut, elma, erik, kay\u0131s\u0131, nar, \u015feftali, vi\u015fne, Gemlik zeytini ve Ayval\u0131k zeytini olmak \u00fczere 11 ayr\u0131 cinste fidan verilecek. Bu da\u011f\u0131t\u0131mlarla birlikte \u0130zmir B\u00fcy\u00fck\u015fehir Belediyesi\u2019nin 2009 y\u0131l\u0131ndan bu yana \u00fcreticilere da\u011f\u0131tt\u0131\u011f\u0131 fidan say\u0131s\u0131 4 milyon 230 bine ula\u015facak.<\/p>\n<p>Belediyenin bu son da\u011f\u0131t\u0131m\u0131ndan; Alia\u011fa, Bay\u0131nd\u0131r, Bergama, Beyda\u011f, Bornova, Buca, \u00c7e\u015fme, Dikili, Fo\u00e7a, G\u00fczelbah\u00e7e, Karaburun, Kemalpa\u015fa, K\u0131n\u0131k, Kiraz, Menderes, Menemen, \u00d6demi\u015f, Seferihisar, Sel\u00e7uk, Tire, Torbal\u0131 ve Urlal\u0131 \u00fcreticiler yararlanacak.<\/p>\n<p>Kiraz, zeytin ve ceviz havzalar\u0131 geliyor<\/p>\n<p>\u0130zmir B\u00fcy\u00fck\u015fehir Belediyesi ayr\u0131ca, ilk defa bu y\u0131l uygulanan &#8220;Meyvecilikte \u00dcr\u00fcn Bazl\u0131 Havzalar\u0131n Olu\u015fturulmas\u0131 ve Yayg\u0131nla\u015ft\u0131r\u0131lmas\u0131 Projesi&#8221; ile Beyda\u011f\u2019\u0131n Erikli havzas\u0131nda kiraz, K\u0131n\u0131k\u2019\u0131n Karadere havzas\u0131nda ise ceviz ve zeytin \u00fcretimini yayg\u0131nla\u015ft\u0131racak &#8220;kapama bah\u00e7eler&#8221; kurulmas\u0131 konusunda ad\u0131m att\u0131. Bu proje ile kiraz, zeytin ve ceviz havzalar\u0131 olu\u015fturulacak. Ayn\u0131 zamanda bu \u00fcr\u00fcnlere y\u00f6nelik i\u015fleme, boylama, paketleme ve depolama tesisleri kurulmas\u0131 i\u00e7in f\u0131rsat yarat\u0131lm\u0131\u015f olacak. B\u00fcy\u00fck\u015fehir Belediyesi, bu iki b\u00f6lgede 19 \u00fcreticiye yakla\u015f\u0131k 4 bin fidan deste\u011fi sa\u011flayacak.<\/p>\n<p>Kapama meyve bah\u00e7eleri, arazi \u00fczerinde sadece bir meyve t\u00fcr\u00fcne ait a\u011fa\u00e7lar\u0131n bulundu\u011fu bah\u00e7eler oldu\u011fu \u00f6\u011frenilirken, modern meyvecilikte bah\u00e7eler, bu y\u00f6ntemle haz\u0131rlan\u0131yor.<div class=\"tiled-gallery type-rectangular tiled-gallery-unresized\" data-original-width=\"500\" data-carousel-extra='null' itemscope itemtype=\"http:\/\/schema.org\/ImageGallery\" > <div class=\"gallery-row\" style=\"width: 500px; height: 334px;\" data-original-width=\"500\" data-original-height=\"334\" > <div class=\"gallery-group images-1\" style=\"width: 500px; height: 334px;\" data-original-width=\"500\" data-original-height=\"334\" > <div class=\"tiled-gallery-item tiled-gallery-item-large\" itemprop=\"associatedMedia\" itemscope itemtype=\"http:\/\/schema.org\/ImageObject\"> <a href=\"http:\/\/www.tvturk.com\/index.php\/1-ayda-500-bin-fidan\/1-ayda-500-bin-fidan-3\/\" border=\"0\" itemprop=\"url\"> <meta itemprop=\"width\" content=\"496\"> <meta itemprop=\"height\" content=\"330\"> <img decoding=\"async\" class=\"\" data-attachment-id=\"35170\" data-orig-file=\"http:\/\/www.tvturk.com\/wp-content\/uploads\/2019\/02\/1-ayda-500-bin-fidan_692c3bf.jpg\" data-orig-size=\"1000,666\" data-comments-opened=\"\" data-image-meta=\"{&quot;aperture&quot;:&quot;0&quot;,&quot;credit&quot;:&quot;IHA&quot;,&quot;camera&quot;:&quot;&quot;,&quot;caption&quot;:&quot;GEL\\u0130\\u015eT\\u0130RD\\u0130\\u011e\\u0130 \\u0022\\u0130ZM\\u0130R MODEL\\u0130\\u0022 \\u0130LE TARIMI KALKINDIRMAK VE KIRSALDA YA\\u015eAYAN VATANDA\\u015eLARIN GEL\\u0130RLER\\u0130N\\u0130 ARTIRMAK \\u00dcZERE \\u00d6RNEK \\u00c7ALI\\u015eMALARA \\u0130MZA ATAN \\u0130ZM\\u0130R B\\u00dcY\\u00dcK\\u015eEH\\u0130R BELED\\u0130YES\\u0130\\u0027NDEN YEN\\u0130 B\\u0130R \\u0022BAHAR HAMLES\\u0130\\u0022 GEL\\u0130YOR. (\\u0130HA\\\/\\u0130ZM\\u0130R-\\u0130HA)&quot;,&quot;created_timestamp&quot;:&quot;0&quot;,&quot;copyright&quot;:&quot;\\u0130HLAS HABER AJANSI, www.iha.com.tr&quot;,&quot;focal_length&quot;:&quot;0&quot;,&quot;iso&quot;:&quot;0&quot;,&quot;shutter_speed&quot;:&quot;0&quot;,&quot;title&quot;:&quot;1 AYDA 500 B\\u0130N F\\u0130DAN&quot;,&quot;orientation&quot;:&quot;0&quot;}\" data-image-title=\"1 ayda 500 bin fidan\" data-image-description=\"&lt;p&gt;1 ayda 500 bin fidan&lt;\/p&gt; \" data-medium-file=\"https:\/\/i0.wp.com\/www.tvturk.com\/wp-content\/uploads\/2019\/02\/1-ayda-500-bin-fidan_692c3bf.jpg?fit=300%2C200\" data-large-file=\"https:\/\/i0.wp.com\/www.tvturk.com\/wp-content\/uploads\/2019\/02\/1-ayda-500-bin-fidan_692c3bf.jpg?fit=1000%2C666\" src=\"https:\/\/i0.wp.com\/www.tvturk.com\/wp-content\/uploads\/2019\/02\/1-ayda-500-bin-fidan_692c3bf.jpg?w=496&#038;h=330\" srcset=\"https:\/\/i0.wp.com\/www.tvturk.com\/wp-content\/uploads\/2019\/02\/1-ayda-500-bin-fidan_692c3bf.jpg?w=1000 1000w, https:\/\/i0.wp.com\/www.tvturk.com\/wp-content\/uploads\/2019\/02\/1-ayda-500-bin-fidan_692c3bf.jpg?resize=150%2C100 150w, https:\/\/i0.wp.com\/www.tvturk.com\/wp-content\/uploads\/2019\/02\/1-ayda-500-bin-fidan_692c3bf.jpg?resize=300%2C200 300w, https:\/\/i0.wp.com\/www.tvturk.com\/wp-content\/uploads\/2019\/02\/1-ayda-500-bin-fidan_692c3bf.jpg?resize=768%2C511 768w, https:\/\/i0.wp.com\/www.tvturk.com\/wp-content\/uploads\/2019\/02\/1-ayda-500-bin-fidan_692c3bf.jpg?resize=170%2C113 170w, https:\/\/i0.wp.com\/www.tvturk.com\/wp-content\/uploads\/2019\/02\/1-ayda-500-bin-fidan_692c3bf.jpg?resize=120%2C80 120w\" width=\"496\" height=\"330\" loading=\"lazy\" data-original-width=\"496\" data-original-height=\"330\" itemprop=\"http:\/\/schema.org\/image\" title=\"1 ayda 500 bin fidan\" alt=\"1 ayda 500 bin fidan\" style=\"width: 496px; height: 330px;\" \/> <\/a> <\/div> <\/div> <!-- close group --> <\/div> <!-- close row --> <\/div><\/p>\n","protected":false},"excerpt":{"rendered":"<p>KIRSAL KES\u0130MDE GEL\u0130R GET\u0130R\u0130C\u0130 FAAL\u0130YETLER\u0130 ARTIRMAK AMACIYLA 2009 YILINDAN BU YANA MEYVE F\u0130DANI DA\u011eITARAK \u00dcRET\u0130M\u0130 DESTEKLEYEN \u0130ZM\u0130R B\u00dcY\u00dcK\u015eEH\u0130R BELED\u0130YES\u0130, 15 MART&#8217;A KADAR 20 B\u0130N \u00dcRET\u0130C\u0130YE TAM 500 B\u0130N F\u0130DAN DAHA DA\u011eITACAK. \u00dcRET\u0130C\u0130YE ULA\u015eTIRILAN TOPLAM F\u0130DAN SAYISI 4 M\u0130LYON 230 B\u0130NE ULA\u015eACAK.<\/p>\n","protected":false},"author":1,"featured_media":35169,"comment_status":"closed","ping_status":"open","sticky":false,"template":"","format":"standard","meta":{"jetpack_post_was_ever_published":false,"_jetpack_newsletter_access":"","_jetpack_dont_email_post_to_subs":false,"_jetpack_newsletter_tier_id":0,"_jetpack_memberships_contains_paywalled_content":false,"_jetpack_memberships_contains_paid_content":false,"footnotes":"","jetpack_publicize_message":"","jetpack_publicize_feature_enabled":true,"jetpack_social_post_already_shared":false,"jetpack_social_options":{"image_generator_settings":{"template":"highway","default_image_id":0,"font":"","enabled":false},"version":2}},"categories":[655],"tags":[565,1164,213,701],"class_list":["post-35168","post","type-post","status-publish","format-standard","has-post-thumbnail","hentry","category-son-dakika","tag-565","tag-ayda","tag-bin","tag-fidan"],"jetpack_publicize_connections":[],"jetpack_featured_media_url":"https:\/\/i0.wp.com\/www.tvturk.com\/wp-content\/uploads\/2019\/02\/1-ayda-500-bin-fidan_0cee7e1.jpg?fit=1000%2C666","jetpack_sharing_enabled":true,"jetpack_shortlink":"https:\/\/wp.me\/paKIfm-99e","_links":{"self":[{"href":"http:\/\/www.tvturk.com\/index.php\/wp-json\/wp\/v2\/posts\/35168","targetHints":{"allow":["GET"]}}],"collection":[{"href":"http:\/\/www.tvturk.com\/index.php\/wp-json\/wp\/v2\/posts"}],"about":[{"href":"http:\/\/www.tvturk.com\/index.php\/wp-json\/wp\/v2\/types\/post"}],"author":[{"embeddable":true,"href":"http:\/\/www.tvturk.com\/index.php\/wp-json\/wp\/v2\/users\/1"}],"replies":[{"embeddable":true,"href":"http:\/\/www.tvturk.com\/index.php\/wp-json\/wp\/v2\/comments?post=35168"}],"version-history":[{"count":1,"href":"http:\/\/www.tvturk.com\/index.php\/wp-json\/wp\/v2\/posts\/35168\/revisions"}],"predecessor-version":[{"id":35171,"href":"http:\/\/www.tvturk.com\/index.php\/wp-json\/wp\/v2\/posts\/35168\/revisions\/35171"}],"wp:featuredmedia":[{"embeddable":true,"href":"http:\/\/www.tvturk.com\/index.php\/wp-json\/wp\/v2\/media\/35169"}],"wp:attachment":[{"href":"http:\/\/www.tvturk.com\/index.php\/wp-json\/wp\/v2\/media?parent=35168"}],"wp:term":[{"taxonomy":"category","embeddable":true,"href":"http:\/\/www.tvturk.com\/index.php\/wp-json\/wp\/v2\/categories?post=35168"},{"taxonomy":"post_tag","embeddable":true,"href":"http:\/\/www.tvturk.com\/index.php\/wp-json\/wp\/v2\/tags?post=35168"}],"curies":[{"name":"wp","href":"https:\/\/api.w.org\/{rel}","templated":true}]}}