{"id":35258,"date":"2019-02-15T12:31:14","date_gmt":"2019-02-15T09:31:14","guid":{"rendered":"http:\/\/www.tvturk.com\/index.php\/devrekte-sehit-aileleri-ve-gaziler-icin-kahvalti-duzenlendi\/"},"modified":"2019-02-15T12:31:16","modified_gmt":"2019-02-15T09:31:16","slug":"devrekte-sehit-aileleri-ve-gaziler-icin-kahvalti-duzenlendi","status":"publish","type":"post","link":"http:\/\/www.tvturk.com\/index.php\/devrekte-sehit-aileleri-ve-gaziler-icin-kahvalti-duzenlendi\/","title":{"rendered":"Devrek\u2019te \u015fehit aileleri ve gaziler i\u00e7in kahvalt\u0131 d\u00fczenlendi"},"content":{"rendered":"<p>Devrek\u2019te \u015fehit aileleri ile gazilere y\u00f6nelik kahvalt\u0131 program\u0131 d\u00fczenlendi.<\/p>\n<p>Zonguldak\u2019\u0131n Devrek il\u00e7esinde Zonguldak Aile, \u00c7al\u0131\u015fma ve Sosyal Hizmetler \u0130l M\u00fcd\u00fcrl\u00fc\u011f\u00fc ile Devrek Sosyal Hizmetler Merkezi M\u00fcd\u00fcrl\u00fc\u011f\u00fc i\u015fbirli\u011fi ile d\u00fczenlenen sabah kahvalt\u0131s\u0131nda \u015fehit aileleri, gaziler ve protokol \u00fcyeleri bir araya gelerek dayan\u0131\u015fma ve kayna\u015fman\u0131n \u00f6rne\u011fi sergilendi.<\/p>\n<p>Devrek Engelsiz Ya\u015fam Merkezi M\u00fcd\u00fcrl\u00fc\u011f\u00fcnde organize edilen sabah kahvalt\u0131s\u0131na; Zonguldak Aile, \u00c7al\u0131\u015fma ve Sosyal Hizmetler \u0130l M\u00fcd\u00fcr\u00fc Kemal \u00c7\u00f6mlek\u00e7i,  \u00c7aycuma Kaymakam\u0131 ve Devrek Kaymakam Vekili Serkan Ke\u00e7eli,  Devrek Belediye Ba\u015fkan\u0131 Mustafa Semerci, \u0130l M\u00fcd\u00fcr Yard\u0131mc\u0131s\u0131 G\u00fclizar Y\u0131lmaz, Devrek \u0130l\u00e7e Jandarma B\u00f6l\u00fck Komutan\u0131 Jandarma Y\u00fczba\u015f\u0131 Serkan Koparan ile \u00e7ok say\u0131da \u015fehit yak\u0131n\u0131 ve gazi kat\u0131ld\u0131.<\/p>\n<p>D\u00fczenlenen programda konu\u015fan \u00c7aycuma Kaymakam\u0131 ve Devrek Kaymakam Vekili Serkan Ke\u00e7eli,\u201d\u00d6ncelikle organize edilen programa hepiniz ho\u015f geldiniz. \u015eehitlerimizin ve gazilerimizin \u00f6nemini anlatmaya kalksak kitaplara ansiklopedilere s\u0131\u011fmas\u0131 m\u00fcmk\u00fcn olmaz. Devlet olarak, millet olarak gazilerimize ve siz de\u011ferli \u015fehit yak\u0131nlar\u0131na ne yaparsak yapal\u0131m hakk\u0131n\u0131z\u0131n zerresini \u00f6demi\u015f saymay\u0131z kendimizi. Devlet olarak \u015fu an ayaktaysak, millet olarak \u015fu an huzur i\u00e7inde ya\u015f\u0131yorsak ve g\u00fcven i\u00e7inde evlerimizde ya\u015fabiliyorsak bunu \u015fehit ve gazilerimize bor\u00e7luyuz. Biz sizlere devlet olarak ne verdiysek kar\u015f\u0131l\u0131\u011f\u0131n\u0131 vermi\u015f saym\u0131yoruz kendimizi. Sizlerin talepleri bizim i\u00e7in asla y\u00fck de\u011fil bilakis onurdur. Tekrar program\u0131m\u0131za i\u015ftirak etti\u011finiz i\u00e7in hepinize ayr\u0131 ayr\u0131 te\u015fekk\u00fcrlerimi sunuyorum\u201d diye konu\u015ftu.<div class=\"tiled-gallery type-rectangular tiled-gallery-unresized\" data-original-width=\"500\" data-carousel-extra='null' itemscope itemtype=\"http:\/\/schema.org\/ImageGallery\" > <div class=\"gallery-row\" style=\"width: 500px; height: 283px;\" data-original-width=\"500\" data-original-height=\"283\" > <div class=\"gallery-group images-1\" style=\"width: 500px; height: 283px;\" data-original-width=\"500\" data-original-height=\"283\" > <div class=\"tiled-gallery-item tiled-gallery-item-large\" itemprop=\"associatedMedia\" itemscope itemtype=\"http:\/\/schema.org\/ImageObject\"> <a href=\"http:\/\/www.tvturk.com\/index.php\/devrekte-sehit-aileleri-ve-gaziler-icin-kahvalti-duzenlendi\/devrekte-sehit-aileleri-ve-gaziler-icin-kahvalti-duzenlendi-3\/\" border=\"0\" itemprop=\"url\"> <meta itemprop=\"width\" content=\"496\"> <meta itemprop=\"height\" content=\"279\"> <img decoding=\"async\" class=\"\" data-attachment-id=\"35260\" data-orig-file=\"http:\/\/www.tvturk.com\/wp-content\/uploads\/2019\/02\/devrekte-sehit-aileleri-ve-gaziler-icin-kahvalti-duzenlendi_aec1710.jpg\" data-orig-size=\"1000,562\" data-comments-opened=\"\" data-image-meta=\"{&quot;aperture&quot;:&quot;0&quot;,&quot;credit&quot;:&quot;IHA&quot;,&quot;camera&quot;:&quot;&quot;,&quot;caption&quot;:&quot;DEVREK\\u2019TE \\u015eEH\\u0130T A\\u0130LELER\\u0130 \\u0130LE GAZ\\u0130LERE Y\\u00d6NEL\\u0130K KAHVALTI PROGRAMI D\\u00dcZENLEND\\u0130. (\\u0130HA\\\/ZONGULDAK-\\u0130HA)&quot;,&quot;created_timestamp&quot;:&quot;0&quot;,&quot;copyright&quot;:&quot;\\u0130HLAS HABER AJANSI, www.iha.com.tr&quot;,&quot;focal_length&quot;:&quot;0&quot;,&quot;iso&quot;:&quot;0&quot;,&quot;shutter_speed&quot;:&quot;0&quot;,&quot;title&quot;:&quot;DEVREK\\u2019TE \\u015eEH\\u0130T A\\u0130LELER\\u0130 VE GAZ\\u0130LER \\u0130\\u00c7\\u0130N KAHVALTI D\\u00dcZENLEND\\u0130&quot;,&quot;orientation&quot;:&quot;0&quot;}\" data-image-title=\"Devrek\u2019te \u015fehit aileleri ve gaziler i\u00e7in kahvalt\u0131 d\u00fczenlendi\" data-image-description=\"&lt;p&gt;Devrek\u2019te \u015fehit aileleri ve gaziler i\u00e7in kahvalt\u0131 d\u00fczenlendi&lt;\/p&gt; \" data-medium-file=\"https:\/\/i0.wp.com\/www.tvturk.com\/wp-content\/uploads\/2019\/02\/devrekte-sehit-aileleri-ve-gaziler-icin-kahvalti-duzenlendi_aec1710.jpg?fit=300%2C169\" data-large-file=\"https:\/\/i0.wp.com\/www.tvturk.com\/wp-content\/uploads\/2019\/02\/devrekte-sehit-aileleri-ve-gaziler-icin-kahvalti-duzenlendi_aec1710.jpg?fit=1000%2C562\" src=\"https:\/\/i0.wp.com\/www.tvturk.com\/wp-content\/uploads\/2019\/02\/devrekte-sehit-aileleri-ve-gaziler-icin-kahvalti-duzenlendi_aec1710.jpg?w=496&#038;h=279\" srcset=\"https:\/\/i0.wp.com\/www.tvturk.com\/wp-content\/uploads\/2019\/02\/devrekte-sehit-aileleri-ve-gaziler-icin-kahvalti-duzenlendi_aec1710.jpg?w=1000 1000w, https:\/\/i0.wp.com\/www.tvturk.com\/wp-content\/uploads\/2019\/02\/devrekte-sehit-aileleri-ve-gaziler-icin-kahvalti-duzenlendi_aec1710.jpg?resize=150%2C84 150w, https:\/\/i0.wp.com\/www.tvturk.com\/wp-content\/uploads\/2019\/02\/devrekte-sehit-aileleri-ve-gaziler-icin-kahvalti-duzenlendi_aec1710.jpg?resize=300%2C169 300w, https:\/\/i0.wp.com\/www.tvturk.com\/wp-content\/uploads\/2019\/02\/devrekte-sehit-aileleri-ve-gaziler-icin-kahvalti-duzenlendi_aec1710.jpg?resize=768%2C432 768w, https:\/\/i0.wp.com\/www.tvturk.com\/wp-content\/uploads\/2019\/02\/devrekte-sehit-aileleri-ve-gaziler-icin-kahvalti-duzenlendi_aec1710.jpg?resize=200%2C113 200w\" width=\"496\" height=\"279\" loading=\"lazy\" data-original-width=\"496\" data-original-height=\"279\" itemprop=\"http:\/\/schema.org\/image\" title=\"Devrek\u2019te \u015fehit aileleri ve gaziler i\u00e7in kahvalt\u0131 d\u00fczenlendi\" alt=\"Devrek\u2019te \u015fehit aileleri ve gaziler i\u00e7in kahvalt\u0131 d\u00fczenlendi\" style=\"width: 496px; height: 279px;\" \/> <\/a> <\/div> <\/div> <!-- close group --> <\/div> <!-- close row --> <\/div><\/p>\n","protected":false},"excerpt":{"rendered":"<p>DEVREK\u2019TE \u015eEH\u0130T A\u0130LELER\u0130 \u0130LE GAZ\u0130LERE Y\u00d6NEL\u0130K KAHVALTI PROGRAMI D\u00dcZENLEND\u0130.<\/p>\n","protected":false},"author":1,"featured_media":35259,"comment_status":"closed","ping_status":"open","sticky":false,"template":"","format":"standard","meta":{"jetpack_post_was_ever_published":false,"_jetpack_newsletter_access":"","_jetpack_dont_email_post_to_subs":false,"_jetpack_newsletter_tier_id":0,"_jetpack_memberships_contains_paywalled_content":false,"_jetpack_memberships_contains_paid_content":false,"footnotes":"","jetpack_publicize_message":"","jetpack_publicize_feature_enabled":true,"jetpack_social_post_already_shared":false,"jetpack_social_options":{"image_generator_settings":{"template":"highway","default_image_id":0,"font":"","enabled":false},"version":2}},"categories":[655],"tags":[9215,11299,2202,12914,44,3964,237],"class_list":["post-35258","post","type-post","status-publish","format-standard","has-post-thumbnail","hentry","category-son-dakika","tag-aileleri","tag-devrekte","tag-duzenlendi","tag-gaziler","tag-icin","tag-kahvalti","tag-sehit"],"jetpack_publicize_connections":[],"jetpack_featured_media_url":"https:\/\/i0.wp.com\/www.tvturk.com\/wp-content\/uploads\/2019\/02\/devrekte-sehit-aileleri-ve-gaziler-icin-kahvalti-duzenlendi_472a848.jpg?fit=1000%2C562","jetpack_sharing_enabled":true,"jetpack_shortlink":"https:\/\/wp.me\/paKIfm-9aG","_links":{"self":[{"href":"http:\/\/www.tvturk.com\/index.php\/wp-json\/wp\/v2\/posts\/35258","targetHints":{"allow":["GET"]}}],"collection":[{"href":"http:\/\/www.tvturk.com\/index.php\/wp-json\/wp\/v2\/posts"}],"about":[{"href":"http:\/\/www.tvturk.com\/index.php\/wp-json\/wp\/v2\/types\/post"}],"author":[{"embeddable":true,"href":"http:\/\/www.tvturk.com\/index.php\/wp-json\/wp\/v2\/users\/1"}],"replies":[{"embeddable":true,"href":"http:\/\/www.tvturk.com\/index.php\/wp-json\/wp\/v2\/comments?post=35258"}],"version-history":[{"count":1,"href":"http:\/\/www.tvturk.com\/index.php\/wp-json\/wp\/v2\/posts\/35258\/revisions"}],"predecessor-version":[{"id":35261,"href":"http:\/\/www.tvturk.com\/index.php\/wp-json\/wp\/v2\/posts\/35258\/revisions\/35261"}],"wp:featuredmedia":[{"embeddable":true,"href":"http:\/\/www.tvturk.com\/index.php\/wp-json\/wp\/v2\/media\/35259"}],"wp:attachment":[{"href":"http:\/\/www.tvturk.com\/index.php\/wp-json\/wp\/v2\/media?parent=35258"}],"wp:term":[{"taxonomy":"category","embeddable":true,"href":"http:\/\/www.tvturk.com\/index.php\/wp-json\/wp\/v2\/categories?post=35258"},{"taxonomy":"post_tag","embeddable":true,"href":"http:\/\/www.tvturk.com\/index.php\/wp-json\/wp\/v2\/tags?post=35258"}],"curies":[{"name":"wp","href":"https:\/\/api.w.org\/{rel}","templated":true}]}}