{"id":35380,"date":"2019-02-15T12:41:36","date_gmt":"2019-02-15T09:41:36","guid":{"rendered":"http:\/\/www.tvturk.com\/index.php\/saglik-bakani-koca-karabukte\/"},"modified":"2019-02-15T12:41:39","modified_gmt":"2019-02-15T09:41:39","slug":"saglik-bakani-koca-karabukte","status":"publish","type":"post","link":"http:\/\/www.tvturk.com\/index.php\/saglik-bakani-koca-karabukte\/","title":{"rendered":"Sa\u011fl\u0131k Bakan\u0131 Koca Karab\u00fck\u2019te"},"content":{"rendered":"<p>Sa\u011fl\u0131k Bakan\u0131 Fahrettin Koca, Karab\u00fck Valisi Fuat G\u00fcrel\u2019i makam\u0131nda ziyaret etti.<\/p>\n<p>Bir dizi ziyaret ve a\u00e7\u0131l\u0131\u015f i\u00e7in Karab\u00fck\u2019e gelen Sa\u011fl\u0131k Bakan\u0131 Fahrettin Koca, Karab\u00fck Valili\u011fini ziyaret etti. Vali Fuat G\u00fcrel ve protokol \u00fcyeleri taraf\u0131ndan kar\u015f\u0131lanan Koca, \u015feref defterini imzalad\u0131ktan sonra valilik makam\u0131na ge\u00e7ti. Daha sonra Bakan Koca, il protokol\u00fc ile bas\u0131na kapal\u0131 bir toplant\u0131 ger\u00e7ekle\u015ftirdi.<div class=\"tiled-gallery type-rectangular tiled-gallery-unresized\" data-original-width=\"500\" data-carousel-extra='null' itemscope itemtype=\"http:\/\/schema.org\/ImageGallery\" > <div class=\"gallery-row\" style=\"width: 500px; height: 227px;\" data-original-width=\"500\" data-original-height=\"227\" > <div class=\"gallery-group images-1\" style=\"width: 339px; height: 227px;\" data-original-width=\"339\" data-original-height=\"227\" > <div class=\"tiled-gallery-item tiled-gallery-item-large\" itemprop=\"associatedMedia\" itemscope itemtype=\"http:\/\/schema.org\/ImageObject\"> <a href=\"http:\/\/www.tvturk.com\/index.php\/saglik-bakani-koca-karabukte\/saglik-bakani-koca-karabukte-3\/\" border=\"0\" itemprop=\"url\"> <meta itemprop=\"width\" content=\"335\"> <meta itemprop=\"height\" content=\"223\"> <img decoding=\"async\" class=\"\" data-attachment-id=\"35382\" data-orig-file=\"http:\/\/www.tvturk.com\/wp-content\/uploads\/2019\/02\/saglik-bakani-koca-karabukte_39bcaec.jpg\" data-orig-size=\"1000,666\" data-comments-opened=\"\" data-image-meta=\"{&quot;aperture&quot;:&quot;0&quot;,&quot;credit&quot;:&quot;IHA&quot;,&quot;camera&quot;:&quot;&quot;,&quot;caption&quot;:&quot;B\\u0130R D\\u0130Z\\u0130 Z\\u0130YARET VE A\\u00c7ILI\\u015eLARDA BULUNMAK \\u00dcZERE KARAB\\u00dcK\\u2019E GELEN SA\\u011eLIK BAKANI FAHRETT\\u0130N KOCA KARAB\\u00dcK VAL\\u0130L\\u0130\\u011e\\u0130\\u2019N\\u0130 Z\\u0130YARET ETT\\u0130. (RIDVAN BOSTANCI - YAS\\u0130N ERDEM\\\/KARAB\\u00dcK-\\u0130HA)&quot;,&quot;created_timestamp&quot;:&quot;0&quot;,&quot;copyright&quot;:&quot;\\u0130HLAS HABER AJANSI, www.iha.com.tr&quot;,&quot;focal_length&quot;:&quot;0&quot;,&quot;iso&quot;:&quot;0&quot;,&quot;shutter_speed&quot;:&quot;0&quot;,&quot;title&quot;:&quot;SA\\u011eLIK BAKANI KOCA KARAB\\u00dcK\\u2019TE&quot;,&quot;orientation&quot;:&quot;0&quot;}\" data-image-title=\"Sa\u011fl\u0131k Bakan\u0131 Koca Karab\u00fck\u2019te\" data-image-description=\"&lt;p&gt;Sa\u011fl\u0131k Bakan\u0131 Koca Karab\u00fck\u2019te&lt;\/p&gt; \" data-medium-file=\"https:\/\/i0.wp.com\/www.tvturk.com\/wp-content\/uploads\/2019\/02\/saglik-bakani-koca-karabukte_39bcaec.jpg?fit=300%2C200\" data-large-file=\"https:\/\/i0.wp.com\/www.tvturk.com\/wp-content\/uploads\/2019\/02\/saglik-bakani-koca-karabukte_39bcaec.jpg?fit=1000%2C666\" src=\"https:\/\/i0.wp.com\/www.tvturk.com\/wp-content\/uploads\/2019\/02\/saglik-bakani-koca-karabukte_39bcaec.jpg?w=335&#038;h=223\" srcset=\"https:\/\/i0.wp.com\/www.tvturk.com\/wp-content\/uploads\/2019\/02\/saglik-bakani-koca-karabukte_39bcaec.jpg?w=1000 1000w, https:\/\/i0.wp.com\/www.tvturk.com\/wp-content\/uploads\/2019\/02\/saglik-bakani-koca-karabukte_39bcaec.jpg?resize=150%2C100 150w, https:\/\/i0.wp.com\/www.tvturk.com\/wp-content\/uploads\/2019\/02\/saglik-bakani-koca-karabukte_39bcaec.jpg?resize=300%2C200 300w, https:\/\/i0.wp.com\/www.tvturk.com\/wp-content\/uploads\/2019\/02\/saglik-bakani-koca-karabukte_39bcaec.jpg?resize=768%2C511 768w, https:\/\/i0.wp.com\/www.tvturk.com\/wp-content\/uploads\/2019\/02\/saglik-bakani-koca-karabukte_39bcaec.jpg?resize=170%2C113 170w, https:\/\/i0.wp.com\/www.tvturk.com\/wp-content\/uploads\/2019\/02\/saglik-bakani-koca-karabukte_39bcaec.jpg?resize=120%2C80 120w\" width=\"335\" height=\"223\" loading=\"lazy\" data-original-width=\"335\" data-original-height=\"223\" itemprop=\"http:\/\/schema.org\/image\" title=\"Sa\u011fl\u0131k Bakan\u0131 Koca Karab\u00fck\u2019te\" alt=\"Sa\u011fl\u0131k Bakan\u0131 Koca Karab\u00fck\u2019te\" style=\"width: 335px; height: 223px;\" \/> <\/a> <\/div> <\/div> <!-- close group --> <div class=\"gallery-group images-2\" style=\"width: 161px; height: 227px;\" data-original-width=\"161\" data-original-height=\"227\" > <div class=\"tiled-gallery-item tiled-gallery-item-small\" itemprop=\"associatedMedia\" itemscope itemtype=\"http:\/\/schema.org\/ImageObject\"> <a href=\"http:\/\/www.tvturk.com\/index.php\/saglik-bakani-koca-karabukte\/saglik-bakani-koca-karabukte-4\/\" border=\"0\" itemprop=\"url\"> <meta itemprop=\"width\" content=\"157\"> <meta itemprop=\"height\" content=\"104\"> <img decoding=\"async\" class=\"\" data-attachment-id=\"35383\" data-orig-file=\"http:\/\/www.tvturk.com\/wp-content\/uploads\/2019\/02\/saglik-bakani-koca-karabukte_ce590ad.jpg\" data-orig-size=\"1000,666\" data-comments-opened=\"\" data-image-meta=\"{&quot;aperture&quot;:&quot;0&quot;,&quot;credit&quot;:&quot;IHA&quot;,&quot;camera&quot;:&quot;&quot;,&quot;caption&quot;:&quot;KARAB\\u00dcK VAL\\u0130S\\u0130 FUAT G\\u00dcREL VE PROTOKOL \\u00dcYELER\\u0130 TARAFINDAN KAR\\u015eILANAN KOCA, \\u015eEREF DEFTER\\u0130N\\u0130 \\u0130MZALADIKTAN SONRA VAL\\u0130L\\u0130K MAKAMINA GE\\u00c7T\\u0130. (RIDVAN BOSTANCI - YAS\\u0130N ERDEM\\\/KARAB\\u00dcK-\\u0130HA)&quot;,&quot;created_timestamp&quot;:&quot;0&quot;,&quot;copyright&quot;:&quot;\\u0130HLAS HABER AJANSI, www.iha.com.tr&quot;,&quot;focal_length&quot;:&quot;0&quot;,&quot;iso&quot;:&quot;0&quot;,&quot;shutter_speed&quot;:&quot;0&quot;,&quot;title&quot;:&quot;SA\\u011eLIK BAKANI KOCA KARAB\\u00dcK\\u2019TE&quot;,&quot;orientation&quot;:&quot;0&quot;}\" data-image-title=\"Sa\u011fl\u0131k Bakan\u0131 Koca Karab\u00fck\u2019te\" data-image-description=\"&lt;p&gt;Sa\u011fl\u0131k Bakan\u0131 Koca Karab\u00fck\u2019te&lt;\/p&gt; \" data-medium-file=\"https:\/\/i0.wp.com\/www.tvturk.com\/wp-content\/uploads\/2019\/02\/saglik-bakani-koca-karabukte_ce590ad.jpg?fit=300%2C200\" data-large-file=\"https:\/\/i0.wp.com\/www.tvturk.com\/wp-content\/uploads\/2019\/02\/saglik-bakani-koca-karabukte_ce590ad.jpg?fit=1000%2C666\" src=\"https:\/\/i0.wp.com\/www.tvturk.com\/wp-content\/uploads\/2019\/02\/saglik-bakani-koca-karabukte_ce590ad.jpg?w=157&#038;h=104\" srcset=\"https:\/\/i0.wp.com\/www.tvturk.com\/wp-content\/uploads\/2019\/02\/saglik-bakani-koca-karabukte_ce590ad.jpg?w=1000 1000w, https:\/\/i0.wp.com\/www.tvturk.com\/wp-content\/uploads\/2019\/02\/saglik-bakani-koca-karabukte_ce590ad.jpg?resize=150%2C100 150w, https:\/\/i0.wp.com\/www.tvturk.com\/wp-content\/uploads\/2019\/02\/saglik-bakani-koca-karabukte_ce590ad.jpg?resize=300%2C200 300w, https:\/\/i0.wp.com\/www.tvturk.com\/wp-content\/uploads\/2019\/02\/saglik-bakani-koca-karabukte_ce590ad.jpg?resize=768%2C511 768w, https:\/\/i0.wp.com\/www.tvturk.com\/wp-content\/uploads\/2019\/02\/saglik-bakani-koca-karabukte_ce590ad.jpg?resize=170%2C113 170w, https:\/\/i0.wp.com\/www.tvturk.com\/wp-content\/uploads\/2019\/02\/saglik-bakani-koca-karabukte_ce590ad.jpg?resize=120%2C80 120w\" width=\"157\" height=\"104\" loading=\"lazy\" data-original-width=\"157\" data-original-height=\"104\" itemprop=\"http:\/\/schema.org\/image\" title=\"Sa\u011fl\u0131k Bakan\u0131 Koca Karab\u00fck\u2019te\" alt=\"Sa\u011fl\u0131k Bakan\u0131 Koca Karab\u00fck\u2019te\" style=\"width: 157px; height: 104px;\" \/> <\/a> <\/div> <div class=\"tiled-gallery-item tiled-gallery-item-small\" itemprop=\"associatedMedia\" itemscope itemtype=\"http:\/\/schema.org\/ImageObject\"> <a href=\"http:\/\/www.tvturk.com\/index.php\/saglik-bakani-koca-karabukte\/saglik-bakani-koca-karabukte-5\/\" border=\"0\" itemprop=\"url\"> <meta itemprop=\"width\" content=\"157\"> <meta itemprop=\"height\" content=\"115\"> <img decoding=\"async\" class=\"\" data-attachment-id=\"35384\" data-orig-file=\"http:\/\/www.tvturk.com\/wp-content\/uploads\/2019\/02\/saglik-bakani-koca-karabukte_51ddcd9.jpg\" data-orig-size=\"1000,731\" data-comments-opened=\"\" data-image-meta=\"{&quot;aperture&quot;:&quot;0&quot;,&quot;credit&quot;:&quot;IHA&quot;,&quot;camera&quot;:&quot;&quot;,&quot;caption&quot;:&quot;KARAB\\u00dcK VAL\\u0130S\\u0130 FUAT G\\u00dcREL VE PROTOKOL \\u00dcYELER\\u0130 TARAFINDAN KAR\\u015eILANAN KOCA, \\u015eEREF DEFTER\\u0130N\\u0130 \\u0130MZALADIKTAN SONRA VAL\\u0130L\\u0130K MAKAMINA GE\\u00c7T\\u0130. (RIDVAN BOSTANCI - YAS\\u0130N ERDEM\\\/KARAB\\u00dcK-\\u0130HA)&quot;,&quot;created_timestamp&quot;:&quot;0&quot;,&quot;copyright&quot;:&quot;\\u0130HLAS HABER AJANSI, www.iha.com.tr&quot;,&quot;focal_length&quot;:&quot;0&quot;,&quot;iso&quot;:&quot;0&quot;,&quot;shutter_speed&quot;:&quot;0&quot;,&quot;title&quot;:&quot;SA\\u011eLIK BAKANI KOCA KARAB\\u00dcK\\u2019TE&quot;,&quot;orientation&quot;:&quot;0&quot;}\" data-image-title=\"Sa\u011fl\u0131k Bakan\u0131 Koca Karab\u00fck\u2019te\" data-image-description=\"&lt;p&gt;Sa\u011fl\u0131k Bakan\u0131 Koca Karab\u00fck\u2019te&lt;\/p&gt; \" data-medium-file=\"https:\/\/i0.wp.com\/www.tvturk.com\/wp-content\/uploads\/2019\/02\/saglik-bakani-koca-karabukte_51ddcd9.jpg?fit=300%2C219\" data-large-file=\"https:\/\/i0.wp.com\/www.tvturk.com\/wp-content\/uploads\/2019\/02\/saglik-bakani-koca-karabukte_51ddcd9.jpg?fit=1000%2C731\" src=\"https:\/\/i0.wp.com\/www.tvturk.com\/wp-content\/uploads\/2019\/02\/saglik-bakani-koca-karabukte_51ddcd9.jpg?w=157&#038;h=115\" srcset=\"https:\/\/i0.wp.com\/www.tvturk.com\/wp-content\/uploads\/2019\/02\/saglik-bakani-koca-karabukte_51ddcd9.jpg?w=1000 1000w, https:\/\/i0.wp.com\/www.tvturk.com\/wp-content\/uploads\/2019\/02\/saglik-bakani-koca-karabukte_51ddcd9.jpg?resize=150%2C110 150w, https:\/\/i0.wp.com\/www.tvturk.com\/wp-content\/uploads\/2019\/02\/saglik-bakani-koca-karabukte_51ddcd9.jpg?resize=300%2C219 300w, https:\/\/i0.wp.com\/www.tvturk.com\/wp-content\/uploads\/2019\/02\/saglik-bakani-koca-karabukte_51ddcd9.jpg?resize=768%2C561 768w\" width=\"157\" height=\"115\" loading=\"lazy\" data-original-width=\"157\" data-original-height=\"115\" itemprop=\"http:\/\/schema.org\/image\" title=\"Sa\u011fl\u0131k Bakan\u0131 Koca Karab\u00fck\u2019te\" alt=\"Sa\u011fl\u0131k Bakan\u0131 Koca Karab\u00fck\u2019te\" style=\"width: 157px; height: 115px;\" \/> <\/a> <\/div> <\/div> <!-- close group --> <\/div> <!-- close row --> <\/div><\/p>\n","protected":false},"excerpt":{"rendered":"<p>SA\u011eLIK BAKANI DR. FAHRETT\u0130N KOCA KARAB\u00dcK VAL\u0130S\u0130 FUAT G\u00dcREL\u2019\u0130 MAKAMINDA Z\u0130YARET ETT\u0130.<\/p>\n","protected":false},"author":1,"featured_media":35381,"comment_status":"closed","ping_status":"open","sticky":false,"template":"","format":"standard","meta":{"jetpack_post_was_ever_published":false,"_jetpack_newsletter_access":"","_jetpack_dont_email_post_to_subs":false,"_jetpack_newsletter_tier_id":0,"_jetpack_memberships_contains_paywalled_content":false,"_jetpack_memberships_contains_paid_content":false,"footnotes":"","jetpack_publicize_message":"","jetpack_publicize_feature_enabled":true,"jetpack_social_post_already_shared":false,"jetpack_social_options":{"image_generator_settings":{"template":"highway","default_image_id":0,"font":"","enabled":false},"version":2}},"categories":[9],"tags":[933,6933,2154,734],"class_list":["post-35380","post","type-post","status-publish","format-standard","has-post-thumbnail","hentry","category-siyaset","tag-bakani","tag-karabukte","tag-koca","tag-saglik"],"jetpack_publicize_connections":[],"jetpack_featured_media_url":"https:\/\/i0.wp.com\/www.tvturk.com\/wp-content\/uploads\/2019\/02\/saglik-bakani-koca-karabukte_b7362ef.jpg?fit=1000%2C666","jetpack_sharing_enabled":true,"jetpack_shortlink":"https:\/\/wp.me\/paKIfm-9cE","_links":{"self":[{"href":"http:\/\/www.tvturk.com\/index.php\/wp-json\/wp\/v2\/posts\/35380","targetHints":{"allow":["GET"]}}],"collection":[{"href":"http:\/\/www.tvturk.com\/index.php\/wp-json\/wp\/v2\/posts"}],"about":[{"href":"http:\/\/www.tvturk.com\/index.php\/wp-json\/wp\/v2\/types\/post"}],"author":[{"embeddable":true,"href":"http:\/\/www.tvturk.com\/index.php\/wp-json\/wp\/v2\/users\/1"}],"replies":[{"embeddable":true,"href":"http:\/\/www.tvturk.com\/index.php\/wp-json\/wp\/v2\/comments?post=35380"}],"version-history":[{"count":1,"href":"http:\/\/www.tvturk.com\/index.php\/wp-json\/wp\/v2\/posts\/35380\/revisions"}],"predecessor-version":[{"id":35385,"href":"http:\/\/www.tvturk.com\/index.php\/wp-json\/wp\/v2\/posts\/35380\/revisions\/35385"}],"wp:featuredmedia":[{"embeddable":true,"href":"http:\/\/www.tvturk.com\/index.php\/wp-json\/wp\/v2\/media\/35381"}],"wp:attachment":[{"href":"http:\/\/www.tvturk.com\/index.php\/wp-json\/wp\/v2\/media?parent=35380"}],"wp:term":[{"taxonomy":"category","embeddable":true,"href":"http:\/\/www.tvturk.com\/index.php\/wp-json\/wp\/v2\/categories?post=35380"},{"taxonomy":"post_tag","embeddable":true,"href":"http:\/\/www.tvturk.com\/index.php\/wp-json\/wp\/v2\/tags?post=35380"}],"curies":[{"name":"wp","href":"https:\/\/api.w.org\/{rel}","templated":true}]}}