{"id":35508,"date":"2019-02-15T13:01:31","date_gmt":"2019-02-15T10:01:31","guid":{"rendered":"http:\/\/www.tvturk.com\/index.php\/egitim-bir-senin-27inci-yil-gururu\/"},"modified":"2019-02-15T13:01:35","modified_gmt":"2019-02-15T10:01:35","slug":"egitim-bir-senin-27inci-yil-gururu","status":"publish","type":"post","link":"http:\/\/www.tvturk.com\/index.php\/egitim-bir-senin-27inci-yil-gururu\/","title":{"rendered":"E\u011fitim Bir Sen\u2019in 27\u2019inci y\u0131l gururu"},"content":{"rendered":"<p>E\u011fitim Bir Sen Bursa 1 No\u2019lu \u015eubesi taraf\u0131ndan Memur-Sen eski genel ba\u015fkanlar\u0131ndan Mehmet Akif \u0130nan\u2019\u0131 anma program\u0131 d\u00fczenlendi.<\/p>\n<p>D\u00fczenlenen anma program\u0131na E\u011fitim Bir Sen \u00fcyelerinin yan\u0131 s\u0131ra ge\u00e7mi\u015f d\u00f6nemlerin ba\u015fkanlar\u0131 da kat\u0131ld\u0131. Programda konu\u015fan E\u011fitim Bir Sen 1 No\u2019lu \u015eube Ba\u015fkan\u0131 Ramazan Acar, 450 bine yakla\u015fan \u00fcye say\u0131s\u0131yla T\u00fcrkiye\u2019nin en b\u00fcy\u00fck sivil toplum \u00f6rg\u00fct\u00fc olman\u0131n gururuyla kurulu\u015f y\u0131ld\u00f6n\u00fcmlerini kutlarken, kurucu genel ba\u015fkanlar\u0131 Mehmet Akif \u0130nan\u2019\u0131 vefat\u0131n\u0131n 19\u2019uncu y\u0131l\u0131nda hasretle and\u0131klar\u0131n\u0131 belirtti.<\/p>\n<p>E\u011fitim Bir Sen olarak e\u011fitim camias\u0131ndaki beklentileri ve hedefleri s\u0131k s\u0131k\u0131 g\u00fcndeme getirdiklerini belirten Ramazan Acar, \u201cKuruldu\u011fumuz 1992 y\u0131l\u0131ndan bu yana \u00e7izgimizi de\u011fi\u015ftirmeden, insan\u0131n varolu\u015funun kadim anlam\u0131n\u0131, tarihsel miras\u0131n\u0131 ve medeniyet de\u011ferlerini ku\u015fanm\u0131\u015f kamu g\u00f6revlilerinin emek, adalet, \u00f6zg\u00fcrl\u00fck ve kendi se\u00e7imlerini ya\u015fama idealini ger\u00e7ekle\u015ftirmek \u00fczere \u00e7al\u0131\u015f\u0131yoruz. E\u011fitim-Bir-Sen\u2019in m\u00fccadele tarihi hayat\u0131m\u0131zdan \u00e7\u0131kard\u0131\u011f\u0131m\u0131z yasaklara, m\u00fcfredattan \u00e7\u0131kmas\u0131n\u0131 sa\u011flad\u0131\u011f\u0131m\u0131z derslere, uygulamas\u0131na son verdi\u011fimiz bask\u0131lara kar\u015f\u0131 verilmi\u015f m\u00fccadelenin tarihidir. E\u011fitim-Bir-Sen, kuruldu\u011fu g\u00fcnden beri emek, \u00f6zg\u00fcrl\u00fck ve adaletin ayr\u0131lmaz bir b\u00fct\u00fcn oldu\u011fu ger\u00e7e\u011finden hareketle, e\u011fitim \u00e7al\u0131\u015fanlar\u0131n\u0131n hak ettiklerini almas\u0131n\u0131 sa\u011flayacak adil payla\u015f\u0131m i\u00e7in m\u00fccadele etmi\u015ftir. E\u011fitim-Bir-Sen, 28 \u015eubat\u2019\u0131n utan\u00e7 verici kararlar\u0131n\u0131n hayat\u0131m\u0131zdan \u00e7\u0131kmas\u0131n\u0131n, ba\u015f\u00f6rt\u00fcs\u00fc zulm\u00fcn\u00fcn sona ermesinin, katsay\u0131 engelinin son bulmas\u0131n\u0131n, \u2018Biri Bizi G\u00f6zetliyor\u2019a d\u00f6n\u00fc\u015fen milli g\u00fcvenlik dersinin kald\u0131r\u0131lmas\u0131n\u0131n \u00f6nc\u00fcs\u00fc, 15 Temmuz darbe ve i\u015fgal giri\u015fiminin p\u00fcsk\u00fcrt\u00fclmesinde alanlara ilk \u00e7\u0131kan te\u015fkilat olmu\u015ftur\u201d ifadelerini kulland\u0131.<\/p>\n<p>E\u011fitim Bir Sen\u2019in adaletin \u00f6rg\u00fctl\u00fc vicdan\u0131 ve sesi oldu\u011funa vurgu yapan Acar, \u201cE\u011fitim Bir Sen olarak hakikatin ve bu hakikate inananlar\u0131n en \u00e7ok h\u0131rpaland\u0131\u011f\u0131, darbelerin ve darbe giri\u015fimlerinin ya\u015fand\u0131\u011f\u0131 d\u00f6nemlerde, hakk\u0131n, hakikatin, \u00f6zg\u00fcrl\u00fck aray\u0131\u015f\u0131n\u0131n, adaletin \u00f6rg\u00fctl\u00fc vicdan\u0131 ve sesi olduk. E\u011fitim-Bir-Sen, yetkili sendika ve Memur-Sen\u2019in yetkili konfederasyon olmas\u0131ndan sonra kamu g\u00f6revlileri sendikac\u0131l\u0131\u011f\u0131na anayasal g\u00fcvence, ricac\u0131 toplu g\u00f6r\u00fc\u015fme yerine toplu s\u00f6zle\u015fme ve pazarl\u0131k etme hakk\u0131 kazand\u0131rd\u0131. B\u00f6ylelikle eme\u011fin ve al\u0131n terinin hakk\u0131n\u0131 iktidarlar\u0131n insaf\u0131na b\u0131rakmad\u0131, iktisadi ve sosyal adaletin tesisi, mali, sosyal ve \u00f6zl\u00fck haklar\u0131n iyile\u015ftirilmesi konusunda kararl\u0131kla m\u00fccadele etti ve kazand\u0131. E\u011fitim-Bir-Sen, insan\u0131 ve medeniyet de\u011ferlerimizi \u00f6ne \u00e7\u0131karan \u00f6zg\u00fcrl\u00fck\u00e7\u00fc bir perspektifle e\u011fitimin t\u00fcm meselelerini ara\u015ft\u0131ran, problemleri ortaya koyan, \u00e7\u00f6z\u00fcmler \u00f6neren, raporlar yay\u0131mlayan, \u00e7al\u0131\u015ftaylar, sempozyumlar d\u00fczenleyen, \u00fcreten, d\u00fczelten, engel kald\u0131ran, do\u011fruyu g\u00f6steren, yanl\u0131\u015fa i\u015faret eden bir sendikad\u0131r\u201d diye konu\u015ftu.<\/p>\n<p>Fikir al\u0131\u015fveri\u015flerinin yan\u0131 s\u0131ra yap\u0131lmas\u0131 planlanan \u00e7al\u0131\u015fmalar\u0131n da ele al\u0131nd\u0131\u011f\u0131 gecenin sonunda E\u011fitim Bir Sen Bursa 1 No\u2019lu \u015eube Ba\u015fkan\u0131 Ramazan Acar, \u00f6nceki d\u00f6nem ba\u015fkanlar\u0131 unutmad\u0131. Acar, kurucu ba\u015fkan Ayd\u0131n K\u0131l\u0131\u00e7\u2019a, E\u011fitim Bir Sen 1 No\u2019lu \u015eube\u2019nin bir \u00f6nceki ba\u015fkan\u0131 Mustafa Sar\u0131g\u00fcl ve \u00f6nceki d\u00f6nem Memur-Sen \u0130l Ba\u015fkan\u0131 Hasan \u00dcnal\u2019a Mehmet Akif \u0130nan\u2019\u0131n foto\u011fraf ve s\u00f6zlerinin yer ald\u0131\u011f\u0131 tabloyu hediye etti. Kendilerine g\u00f6sterilen vefadan dolay\u0131 duyduklar\u0131 memnuniyeti dile getiren ba\u015fkanlar Ramazan Acar\u2019a te\u015fekk\u00fcr etti.<div class=\"tiled-gallery type-rectangular tiled-gallery-unresized\" data-original-width=\"500\" data-carousel-extra='null' itemscope itemtype=\"http:\/\/schema.org\/ImageGallery\" > <div class=\"gallery-row\" style=\"width: 500px; height: 218px;\" data-original-width=\"500\" data-original-height=\"218\" > <div class=\"gallery-group images-2\" style=\"width: 201px; height: 218px;\" data-original-width=\"201\" data-original-height=\"218\" > <div class=\"tiled-gallery-item tiled-gallery-item-small\" itemprop=\"associatedMedia\" itemscope itemtype=\"http:\/\/schema.org\/ImageObject\"> <a href=\"http:\/\/www.tvturk.com\/index.php\/egitim-bir-senin-27inci-yil-gururu\/egitim-bir-senin-27inci-yil-gururu-3\/\" border=\"0\" itemprop=\"url\"> <meta itemprop=\"width\" content=\"197\"> <meta itemprop=\"height\" content=\"103\"> <img decoding=\"async\" class=\"\" data-attachment-id=\"35510\" data-orig-file=\"http:\/\/www.tvturk.com\/wp-content\/uploads\/2019\/02\/egitim-bir-senin-27inci-yil-gururu_42f1644.jpg\" data-orig-size=\"1000,524\" data-comments-opened=\"\" data-image-meta=\"{&quot;aperture&quot;:&quot;0&quot;,&quot;credit&quot;:&quot;IHA&quot;,&quot;camera&quot;:&quot;&quot;,&quot;caption&quot;:&quot;E\\u011e\\u0130T\\u0130M B\\u0130R SEN BURSA 1 NO\\u2019LU \\u015eUBE TARAFINDAN SEND\\u0130KANIN 27. KURULU\\u015e YILD\\u00d6N\\u00dcM\\u00dc VE MEMUR-SEN ESK\\u0130 GENEL BA\\u015eKANLARINDAN MEHMET AK\\u0130F \\u0130NAN\\u0027I ANMA PROGRAMI D\\u00dcZENLEND\\u0130. (\\u0130HA\\\/BURSA-\\u0130HA)&quot;,&quot;created_timestamp&quot;:&quot;0&quot;,&quot;copyright&quot;:&quot;\\u0130HLAS HABER AJANSI, www.iha.com.tr&quot;,&quot;focal_length&quot;:&quot;0&quot;,&quot;iso&quot;:&quot;0&quot;,&quot;shutter_speed&quot;:&quot;0&quot;,&quot;title&quot;:&quot;E\\u011e\\u0130T\\u0130M B\\u0130R SEN\\u0027\\u0130N 27\\u0027\\u0130NC\\u0130 YIL GURURU&quot;,&quot;orientation&quot;:&quot;0&quot;}\" data-image-title=\"E\u011fitim Bir Sen\u2019in 27\u2019inci y\u0131l gururu\" data-image-description=\"&lt;p&gt;E\u011fitim Bir Sen\u2019in 27\u2019inci y\u0131l gururu&lt;\/p&gt; \" data-medium-file=\"https:\/\/i0.wp.com\/www.tvturk.com\/wp-content\/uploads\/2019\/02\/egitim-bir-senin-27inci-yil-gururu_42f1644.jpg?fit=300%2C157\" data-large-file=\"https:\/\/i0.wp.com\/www.tvturk.com\/wp-content\/uploads\/2019\/02\/egitim-bir-senin-27inci-yil-gururu_42f1644.jpg?fit=1000%2C524\" src=\"https:\/\/i0.wp.com\/www.tvturk.com\/wp-content\/uploads\/2019\/02\/egitim-bir-senin-27inci-yil-gururu_42f1644.jpg?w=197&#038;h=103\" srcset=\"https:\/\/i0.wp.com\/www.tvturk.com\/wp-content\/uploads\/2019\/02\/egitim-bir-senin-27inci-yil-gururu_42f1644.jpg?w=1000 1000w, https:\/\/i0.wp.com\/www.tvturk.com\/wp-content\/uploads\/2019\/02\/egitim-bir-senin-27inci-yil-gururu_42f1644.jpg?resize=150%2C79 150w, https:\/\/i0.wp.com\/www.tvturk.com\/wp-content\/uploads\/2019\/02\/egitim-bir-senin-27inci-yil-gururu_42f1644.jpg?resize=300%2C157 300w, https:\/\/i0.wp.com\/www.tvturk.com\/wp-content\/uploads\/2019\/02\/egitim-bir-senin-27inci-yil-gururu_42f1644.jpg?resize=768%2C402 768w\" width=\"197\" height=\"103\" loading=\"lazy\" data-original-width=\"197\" data-original-height=\"103\" itemprop=\"http:\/\/schema.org\/image\" title=\"E\u011fitim Bir Sen\u2019in 27\u2019inci y\u0131l gururu\" alt=\"E\u011fitim Bir Sen\u2019in 27\u2019inci y\u0131l gururu\" style=\"width: 197px; height: 103px;\" \/> <\/a> <\/div> <div class=\"tiled-gallery-item tiled-gallery-item-small\" itemprop=\"associatedMedia\" itemscope itemtype=\"http:\/\/schema.org\/ImageObject\"> <a href=\"http:\/\/www.tvturk.com\/index.php\/egitim-bir-senin-27inci-yil-gururu\/egitim-bir-senin-27inci-yil-gururu-4\/\" border=\"0\" itemprop=\"url\"> <meta itemprop=\"width\" content=\"197\"> <meta itemprop=\"height\" content=\"107\"> <img decoding=\"async\" class=\"\" data-attachment-id=\"35511\" data-orig-file=\"http:\/\/www.tvturk.com\/wp-content\/uploads\/2019\/02\/egitim-bir-senin-27inci-yil-gururu_21db4f6.jpg\" data-orig-size=\"1000,545\" data-comments-opened=\"\" data-image-meta=\"{&quot;aperture&quot;:&quot;0&quot;,&quot;credit&quot;:&quot;IHA&quot;,&quot;camera&quot;:&quot;&quot;,&quot;caption&quot;:&quot;E\\u011e\\u0130T\\u0130M B\\u0130R SEN BURSA 1 NO\\u2019LU \\u015eUBE TARAFINDAN SEND\\u0130KANIN 27. KURULU\\u015e YILD\\u00d6N\\u00dcM\\u00dc VE MEMUR-SEN ESK\\u0130 GENEL BA\\u015eKANLARINDAN MEHMET AK\\u0130F \\u0130NAN\\u0027I ANMA PROGRAMI D\\u00dcZENLEND\\u0130. (\\u0130HA\\\/BURSA-\\u0130HA)&quot;,&quot;created_timestamp&quot;:&quot;0&quot;,&quot;copyright&quot;:&quot;\\u0130HLAS HABER AJANSI, www.iha.com.tr&quot;,&quot;focal_length&quot;:&quot;0&quot;,&quot;iso&quot;:&quot;0&quot;,&quot;shutter_speed&quot;:&quot;0&quot;,&quot;title&quot;:&quot;E\\u011e\\u0130T\\u0130M B\\u0130R SEN\\u0027\\u0130N 27\\u0027\\u0130NC\\u0130 YIL GURURU&quot;,&quot;orientation&quot;:&quot;0&quot;}\" data-image-title=\"E\u011fitim Bir Sen\u2019in 27\u2019inci y\u0131l gururu\" data-image-description=\"&lt;p&gt;E\u011fitim Bir Sen\u2019in 27\u2019inci y\u0131l gururu&lt;\/p&gt; \" data-medium-file=\"https:\/\/i0.wp.com\/www.tvturk.com\/wp-content\/uploads\/2019\/02\/egitim-bir-senin-27inci-yil-gururu_21db4f6.jpg?fit=300%2C164\" data-large-file=\"https:\/\/i0.wp.com\/www.tvturk.com\/wp-content\/uploads\/2019\/02\/egitim-bir-senin-27inci-yil-gururu_21db4f6.jpg?fit=1000%2C545\" src=\"https:\/\/i0.wp.com\/www.tvturk.com\/wp-content\/uploads\/2019\/02\/egitim-bir-senin-27inci-yil-gururu_21db4f6.jpg?w=197&#038;h=107\" srcset=\"https:\/\/i0.wp.com\/www.tvturk.com\/wp-content\/uploads\/2019\/02\/egitim-bir-senin-27inci-yil-gururu_21db4f6.jpg?w=1000 1000w, https:\/\/i0.wp.com\/www.tvturk.com\/wp-content\/uploads\/2019\/02\/egitim-bir-senin-27inci-yil-gururu_21db4f6.jpg?resize=150%2C82 150w, https:\/\/i0.wp.com\/www.tvturk.com\/wp-content\/uploads\/2019\/02\/egitim-bir-senin-27inci-yil-gururu_21db4f6.jpg?resize=300%2C164 300w, https:\/\/i0.wp.com\/www.tvturk.com\/wp-content\/uploads\/2019\/02\/egitim-bir-senin-27inci-yil-gururu_21db4f6.jpg?resize=768%2C419 768w\" width=\"197\" height=\"107\" loading=\"lazy\" data-original-width=\"197\" data-original-height=\"107\" itemprop=\"http:\/\/schema.org\/image\" title=\"E\u011fitim Bir Sen\u2019in 27\u2019inci y\u0131l gururu\" alt=\"E\u011fitim Bir Sen\u2019in 27\u2019inci y\u0131l gururu\" style=\"width: 197px; height: 107px;\" \/> <\/a> <\/div> <\/div> <!-- close group --> <div class=\"gallery-group images-1\" style=\"width: 299px; height: 218px;\" data-original-width=\"299\" data-original-height=\"218\" > <div class=\"tiled-gallery-item tiled-gallery-item-large\" itemprop=\"associatedMedia\" itemscope itemtype=\"http:\/\/schema.org\/ImageObject\"> <a href=\"http:\/\/www.tvturk.com\/index.php\/egitim-bir-senin-27inci-yil-gururu\/egitim-bir-senin-27inci-yil-gururu-5\/\" border=\"0\" itemprop=\"url\"> <meta itemprop=\"width\" content=\"295\"> <meta itemprop=\"height\" content=\"214\"> <img decoding=\"async\" class=\"\" data-attachment-id=\"35512\" data-orig-file=\"http:\/\/www.tvturk.com\/wp-content\/uploads\/2019\/02\/egitim-bir-senin-27inci-yil-gururu_bff013a.jpg\" data-orig-size=\"1000,726\" data-comments-opened=\"\" data-image-meta=\"{&quot;aperture&quot;:&quot;0&quot;,&quot;credit&quot;:&quot;IHA&quot;,&quot;camera&quot;:&quot;&quot;,&quot;caption&quot;:&quot;E\\u011e\\u0130T\\u0130M B\\u0130R SEN BURSA 1 NO\\u2019LU \\u015eUBE TARAFINDAN SEND\\u0130KANIN 27. KURULU\\u015e YILD\\u00d6N\\u00dcM\\u00dc VE MEMUR-SEN ESK\\u0130 GENEL BA\\u015eKANLARINDAN MEHMET AK\\u0130F \\u0130NAN\\u0027I ANMA PROGRAMI D\\u00dcZENLEND\\u0130. F\\u0130K\\u0130R ALI\\u015eVER\\u0130\\u015eLER\\u0130N\\u0130N YANI SIRA YAPILMASI PLANLANAN \\u00c7ALI\\u015eMALARIN DA ELE ALINDI\\u011eI GECEN\\u0130N SONUNDA E\\u011e\\u0130T\\u0130M B\\u0130R SEN BURSA 1 NO\\u2019LU \\u015eUBE BA\\u015eKANI RAMAZAN ACAR, \\u00d6NCEK\\u0130 D\\u00d6NEM BA\\u015eKANLARI UNUTMADI. ACAR, KURUCU BA\\u015eKAN AYDIN KILI\\u00c7\\u2019A, E\\u011e\\u0130T\\u0130M B\\u0130R SEN 1 NO\\u2019LU \\u015eUBE\\u2019N\\u0130N B\\u0130R \\u00d6NCEK\\u0130 BA\\u015eKANI MUSTAFA SARIG\\u00dcL VE \\u00d6NCEK\\u0130 D\\u00d6NEM MEMUR-SEN \\u0130L BA\\u015eKANI HASAN \\u00dcNAL\\u2019A MEHMET AK\\u0130F \\u0130NAN\\u2019IN FOTO\\u011eRAF VE S\\u00d6ZLER\\u0130N\\u0130N YER ALDI\\u011eI TABLOYU HED\\u0130YE ETT\\u0130. (\\u0130HA\\\/BURSA-\\u0130HA)&quot;,&quot;created_timestamp&quot;:&quot;0&quot;,&quot;copyright&quot;:&quot;\\u0130HLAS HABER AJANSI, www.iha.com.tr&quot;,&quot;focal_length&quot;:&quot;0&quot;,&quot;iso&quot;:&quot;0&quot;,&quot;shutter_speed&quot;:&quot;0&quot;,&quot;title&quot;:&quot;E\\u011e\\u0130T\\u0130M B\\u0130R SEN\\u0027\\u0130N 27\\u0027\\u0130NC\\u0130 YIL GURURU&quot;,&quot;orientation&quot;:&quot;0&quot;}\" data-image-title=\"E\u011fitim Bir Sen\u2019in 27\u2019inci y\u0131l gururu\" data-image-description=\"&lt;p&gt;E\u011fitim Bir Sen\u2019in 27\u2019inci y\u0131l gururu&lt;\/p&gt; \" data-medium-file=\"https:\/\/i0.wp.com\/www.tvturk.com\/wp-content\/uploads\/2019\/02\/egitim-bir-senin-27inci-yil-gururu_bff013a.jpg?fit=300%2C218\" data-large-file=\"https:\/\/i0.wp.com\/www.tvturk.com\/wp-content\/uploads\/2019\/02\/egitim-bir-senin-27inci-yil-gururu_bff013a.jpg?fit=1000%2C726\" src=\"https:\/\/i0.wp.com\/www.tvturk.com\/wp-content\/uploads\/2019\/02\/egitim-bir-senin-27inci-yil-gururu_bff013a.jpg?w=295&#038;h=214\" srcset=\"https:\/\/i0.wp.com\/www.tvturk.com\/wp-content\/uploads\/2019\/02\/egitim-bir-senin-27inci-yil-gururu_bff013a.jpg?w=1000 1000w, https:\/\/i0.wp.com\/www.tvturk.com\/wp-content\/uploads\/2019\/02\/egitim-bir-senin-27inci-yil-gururu_bff013a.jpg?resize=150%2C109 150w, https:\/\/i0.wp.com\/www.tvturk.com\/wp-content\/uploads\/2019\/02\/egitim-bir-senin-27inci-yil-gururu_bff013a.jpg?resize=300%2C218 300w, https:\/\/i0.wp.com\/www.tvturk.com\/wp-content\/uploads\/2019\/02\/egitim-bir-senin-27inci-yil-gururu_bff013a.jpg?resize=768%2C558 768w\" width=\"295\" height=\"214\" loading=\"lazy\" data-original-width=\"295\" data-original-height=\"214\" itemprop=\"http:\/\/schema.org\/image\" title=\"E\u011fitim Bir Sen\u2019in 27\u2019inci y\u0131l gururu\" alt=\"E\u011fitim Bir Sen\u2019in 27\u2019inci y\u0131l gururu\" style=\"width: 295px; height: 214px;\" \/> <\/a> <\/div> <\/div> <!-- close group --> <\/div> <!-- close row --> <div class=\"gallery-row\" style=\"width: 500px; height: 187px;\" data-original-width=\"500\" data-original-height=\"187\" > <div class=\"gallery-group images-1\" style=\"width: 253px; height: 187px;\" data-original-width=\"253\" data-original-height=\"187\" > <div class=\"tiled-gallery-item tiled-gallery-item-small\" itemprop=\"associatedMedia\" itemscope itemtype=\"http:\/\/schema.org\/ImageObject\"> <a href=\"http:\/\/www.tvturk.com\/index.php\/egitim-bir-senin-27inci-yil-gururu\/egitim-bir-senin-27inci-yil-gururu-6\/\" border=\"0\" itemprop=\"url\"> <meta itemprop=\"width\" content=\"249\"> <meta itemprop=\"height\" content=\"183\"> <img decoding=\"async\" class=\"\" data-attachment-id=\"35513\" data-orig-file=\"http:\/\/www.tvturk.com\/wp-content\/uploads\/2019\/02\/egitim-bir-senin-27inci-yil-gururu_f1b1f65.jpg\" data-orig-size=\"1000,735\" data-comments-opened=\"\" data-image-meta=\"{&quot;aperture&quot;:&quot;0&quot;,&quot;credit&quot;:&quot;IHA&quot;,&quot;camera&quot;:&quot;&quot;,&quot;caption&quot;:&quot;E\\u011e\\u0130T\\u0130M B\\u0130R SEN BURSA 1 NO\\u2019LU \\u015eUBE TARAFINDAN SEND\\u0130KANIN 27. KURULU\\u015e YILD\\u00d6N\\u00dcM\\u00dc VE MEMUR-SEN ESK\\u0130 GENEL BA\\u015eKANLARINDAN MEHMET AK\\u0130F \\u0130NAN\\u0027I ANMA PROGRAMI D\\u00dcZENLEND\\u0130. F\\u0130K\\u0130R ALI\\u015eVER\\u0130\\u015eLER\\u0130N\\u0130N YANI SIRA YAPILMASI PLANLANAN \\u00c7ALI\\u015eMALARIN DA ELE ALINDI\\u011eI GECEN\\u0130N SONUNDA E\\u011e\\u0130T\\u0130M B\\u0130R SEN BURSA 1 NO\\u2019LU \\u015eUBE BA\\u015eKANI RAMAZAN ACAR, \\u00d6NCEK\\u0130 D\\u00d6NEM BA\\u015eKANLARI UNUTMADI. ACAR, KURUCU BA\\u015eKAN AYDIN KILI\\u00c7\\u2019A, E\\u011e\\u0130T\\u0130M B\\u0130R SEN 1 NO\\u2019LU \\u015eUBE\\u2019N\\u0130N B\\u0130R \\u00d6NCEK\\u0130 BA\\u015eKANI MUSTAFA SARIG\\u00dcL VE \\u00d6NCEK\\u0130 D\\u00d6NEM MEMUR-SEN \\u0130L BA\\u015eKANI HASAN \\u00dcNAL\\u2019A MEHMET AK\\u0130F \\u0130NAN\\u2019IN FOTO\\u011eRAF VE S\\u00d6ZLER\\u0130N\\u0130N YER ALDI\\u011eI TABLOYU HED\\u0130YE ETT\\u0130. (\\u0130HA\\\/BURSA-\\u0130HA)&quot;,&quot;created_timestamp&quot;:&quot;0&quot;,&quot;copyright&quot;:&quot;\\u0130HLAS HABER AJANSI, www.iha.com.tr&quot;,&quot;focal_length&quot;:&quot;0&quot;,&quot;iso&quot;:&quot;0&quot;,&quot;shutter_speed&quot;:&quot;0&quot;,&quot;title&quot;:&quot;E\\u011e\\u0130T\\u0130M B\\u0130R SEN\\u0027\\u0130N 27\\u0027\\u0130NC\\u0130 YIL GURURU&quot;,&quot;orientation&quot;:&quot;0&quot;}\" data-image-title=\"E\u011fitim Bir Sen\u2019in 27\u2019inci y\u0131l gururu\" data-image-description=\"&lt;p&gt;E\u011fitim Bir Sen\u2019in 27\u2019inci y\u0131l gururu&lt;\/p&gt; \" data-medium-file=\"https:\/\/i0.wp.com\/www.tvturk.com\/wp-content\/uploads\/2019\/02\/egitim-bir-senin-27inci-yil-gururu_f1b1f65.jpg?fit=300%2C221\" data-large-file=\"https:\/\/i0.wp.com\/www.tvturk.com\/wp-content\/uploads\/2019\/02\/egitim-bir-senin-27inci-yil-gururu_f1b1f65.jpg?fit=1000%2C735\" src=\"https:\/\/i0.wp.com\/www.tvturk.com\/wp-content\/uploads\/2019\/02\/egitim-bir-senin-27inci-yil-gururu_f1b1f65.jpg?w=249&#038;h=183\" srcset=\"https:\/\/i0.wp.com\/www.tvturk.com\/wp-content\/uploads\/2019\/02\/egitim-bir-senin-27inci-yil-gururu_f1b1f65.jpg?w=1000 1000w, https:\/\/i0.wp.com\/www.tvturk.com\/wp-content\/uploads\/2019\/02\/egitim-bir-senin-27inci-yil-gururu_f1b1f65.jpg?resize=150%2C110 150w, https:\/\/i0.wp.com\/www.tvturk.com\/wp-content\/uploads\/2019\/02\/egitim-bir-senin-27inci-yil-gururu_f1b1f65.jpg?resize=300%2C221 300w, https:\/\/i0.wp.com\/www.tvturk.com\/wp-content\/uploads\/2019\/02\/egitim-bir-senin-27inci-yil-gururu_f1b1f65.jpg?resize=768%2C564 768w\" width=\"249\" height=\"183\" loading=\"lazy\" data-original-width=\"249\" data-original-height=\"183\" itemprop=\"http:\/\/schema.org\/image\" title=\"E\u011fitim Bir Sen\u2019in 27\u2019inci y\u0131l gururu\" alt=\"E\u011fitim Bir Sen\u2019in 27\u2019inci y\u0131l gururu\" style=\"width: 249px; height: 183px;\" \/> <\/a> <\/div> <\/div> <!-- close group --> <div class=\"gallery-group images-1\" style=\"width: 247px; height: 187px;\" data-original-width=\"247\" data-original-height=\"187\" > <div class=\"tiled-gallery-item tiled-gallery-item-small\" itemprop=\"associatedMedia\" itemscope itemtype=\"http:\/\/schema.org\/ImageObject\"> <a href=\"http:\/\/www.tvturk.com\/index.php\/egitim-bir-senin-27inci-yil-gururu\/egitim-bir-senin-27inci-yil-gururu-7\/\" border=\"0\" itemprop=\"url\"> <meta itemprop=\"width\" content=\"243\"> <meta itemprop=\"height\" content=\"183\"> <img decoding=\"async\" class=\"\" data-attachment-id=\"35514\" data-orig-file=\"http:\/\/www.tvturk.com\/wp-content\/uploads\/2019\/02\/egitim-bir-senin-27inci-yil-gururu_8eb3105.jpg\" data-orig-size=\"1000,751\" data-comments-opened=\"\" data-image-meta=\"{&quot;aperture&quot;:&quot;0&quot;,&quot;credit&quot;:&quot;IHA&quot;,&quot;camera&quot;:&quot;&quot;,&quot;caption&quot;:&quot;E\\u011e\\u0130T\\u0130M B\\u0130R SEN BURSA 1 NO\\u2019LU \\u015eUBE TARAFINDAN SEND\\u0130KANIN 27. KURULU\\u015e YILD\\u00d6N\\u00dcM\\u00dc VE MEMUR-SEN ESK\\u0130 GENEL BA\\u015eKANLARINDAN MEHMET AK\\u0130F \\u0130NAN\\u0027I ANMA PROGRAMI D\\u00dcZENLEND\\u0130. F\\u0130K\\u0130R ALI\\u015eVER\\u0130\\u015eLER\\u0130N\\u0130N YANI SIRA YAPILMASI PLANLANAN \\u00c7ALI\\u015eMALARIN DA ELE ALINDI\\u011eI GECEN\\u0130N SONUNDA E\\u011e\\u0130T\\u0130M B\\u0130R SEN BURSA 1 NO\\u2019LU \\u015eUBE BA\\u015eKANI RAMAZAN ACAR, \\u00d6NCEK\\u0130 D\\u00d6NEM BA\\u015eKANLARI UNUTMADI. ACAR, KURUCU BA\\u015eKAN AYDIN KILI\\u00c7\\u2019A, E\\u011e\\u0130T\\u0130M B\\u0130R SEN 1 NO\\u2019LU \\u015eUBE\\u2019N\\u0130N B\\u0130R \\u00d6NCEK\\u0130 BA\\u015eKANI MUSTAFA SARIG\\u00dcL VE \\u00d6NCEK\\u0130 D\\u00d6NEM MEMUR-SEN \\u0130L BA\\u015eKANI HASAN \\u00dcNAL\\u2019A MEHMET AK\\u0130F \\u0130NAN\\u2019IN FOTO\\u011eRAF VE S\\u00d6ZLER\\u0130N\\u0130N YER ALDI\\u011eI TABLOYU HED\\u0130YE ETT\\u0130. (\\u0130HA\\\/BURSA-\\u0130HA)&quot;,&quot;created_timestamp&quot;:&quot;0&quot;,&quot;copyright&quot;:&quot;\\u0130HLAS HABER AJANSI, www.iha.com.tr&quot;,&quot;focal_length&quot;:&quot;0&quot;,&quot;iso&quot;:&quot;0&quot;,&quot;shutter_speed&quot;:&quot;0&quot;,&quot;title&quot;:&quot;E\\u011e\\u0130T\\u0130M B\\u0130R SEN\\u0027\\u0130N 27\\u0027\\u0130NC\\u0130 YIL GURURU&quot;,&quot;orientation&quot;:&quot;0&quot;}\" data-image-title=\"E\u011fitim Bir Sen\u2019in 27\u2019inci y\u0131l gururu\" data-image-description=\"&lt;p&gt;E\u011fitim Bir Sen\u2019in 27\u2019inci y\u0131l gururu&lt;\/p&gt; \" data-medium-file=\"https:\/\/i0.wp.com\/www.tvturk.com\/wp-content\/uploads\/2019\/02\/egitim-bir-senin-27inci-yil-gururu_8eb3105.jpg?fit=300%2C225\" data-large-file=\"https:\/\/i0.wp.com\/www.tvturk.com\/wp-content\/uploads\/2019\/02\/egitim-bir-senin-27inci-yil-gururu_8eb3105.jpg?fit=1000%2C751\" src=\"https:\/\/i0.wp.com\/www.tvturk.com\/wp-content\/uploads\/2019\/02\/egitim-bir-senin-27inci-yil-gururu_8eb3105.jpg?w=243&#038;h=183\" srcset=\"https:\/\/i0.wp.com\/www.tvturk.com\/wp-content\/uploads\/2019\/02\/egitim-bir-senin-27inci-yil-gururu_8eb3105.jpg?w=1000 1000w, https:\/\/i0.wp.com\/www.tvturk.com\/wp-content\/uploads\/2019\/02\/egitim-bir-senin-27inci-yil-gururu_8eb3105.jpg?resize=150%2C113 150w, https:\/\/i0.wp.com\/www.tvturk.com\/wp-content\/uploads\/2019\/02\/egitim-bir-senin-27inci-yil-gururu_8eb3105.jpg?resize=300%2C225 300w, https:\/\/i0.wp.com\/www.tvturk.com\/wp-content\/uploads\/2019\/02\/egitim-bir-senin-27inci-yil-gururu_8eb3105.jpg?resize=768%2C577 768w\" width=\"243\" height=\"183\" loading=\"lazy\" data-original-width=\"243\" data-original-height=\"183\" itemprop=\"http:\/\/schema.org\/image\" title=\"E\u011fitim Bir Sen\u2019in 27\u2019inci y\u0131l gururu\" alt=\"E\u011fitim Bir Sen\u2019in 27\u2019inci y\u0131l gururu\" style=\"width: 243px; height: 183px;\" \/> <\/a> <\/div> <\/div> <!-- close group --> <\/div> <!-- close row --> <\/div><\/p>\n","protected":false},"excerpt":{"rendered":"<p>E\u011e\u0130T\u0130M B\u0130R SEN BURSA 1 NO\u2019LU \u015eUBE TARAFINDAN SEND\u0130KANIN 27. KURULU\u015e YILD\u00d6N\u00dcM\u00dc VE MEMUR-SEN ESK\u0130 GENEL BA\u015eKANLARINDAN MEHMET AK\u0130F \u0130NAN&#8217;I ANMA PROGRAMI D\u00dcZENLEND\u0130.<\/p>\n","protected":false},"author":1,"featured_media":35509,"comment_status":"closed","ping_status":"open","sticky":false,"template":"","format":"standard","meta":{"jetpack_post_was_ever_published":false,"_jetpack_newsletter_access":"","_jetpack_dont_email_post_to_subs":false,"_jetpack_newsletter_tier_id":0,"_jetpack_memberships_contains_paywalled_content":false,"_jetpack_memberships_contains_paid_content":false,"footnotes":"","jetpack_publicize_message":"","jetpack_publicize_feature_enabled":true,"jetpack_social_post_already_shared":false,"jetpack_social_options":{"image_generator_settings":{"template":"highway","default_image_id":0,"font":"","enabled":false},"version":2}},"categories":[659],"tags":[13420,125,398,1343,9373,231],"class_list":["post-35508","post","type-post","status-publish","format-standard","has-post-thumbnail","hentry","category-egitim","tag-27inci","tag-bir","tag-egitim","tag-gururu","tag-senin","tag-yil"],"jetpack_publicize_connections":[],"jetpack_featured_media_url":"https:\/\/i0.wp.com\/www.tvturk.com\/wp-content\/uploads\/2019\/02\/egitim-bir-senin-27inci-yil-gururu_2eca050.jpg?fit=1000%2C633","jetpack_sharing_enabled":true,"jetpack_shortlink":"https:\/\/wp.me\/paKIfm-9eI","_links":{"self":[{"href":"http:\/\/www.tvturk.com\/index.php\/wp-json\/wp\/v2\/posts\/35508","targetHints":{"allow":["GET"]}}],"collection":[{"href":"http:\/\/www.tvturk.com\/index.php\/wp-json\/wp\/v2\/posts"}],"about":[{"href":"http:\/\/www.tvturk.com\/index.php\/wp-json\/wp\/v2\/types\/post"}],"author":[{"embeddable":true,"href":"http:\/\/www.tvturk.com\/index.php\/wp-json\/wp\/v2\/users\/1"}],"replies":[{"embeddable":true,"href":"http:\/\/www.tvturk.com\/index.php\/wp-json\/wp\/v2\/comments?post=35508"}],"version-history":[{"count":1,"href":"http:\/\/www.tvturk.com\/index.php\/wp-json\/wp\/v2\/posts\/35508\/revisions"}],"predecessor-version":[{"id":35515,"href":"http:\/\/www.tvturk.com\/index.php\/wp-json\/wp\/v2\/posts\/35508\/revisions\/35515"}],"wp:featuredmedia":[{"embeddable":true,"href":"http:\/\/www.tvturk.com\/index.php\/wp-json\/wp\/v2\/media\/35509"}],"wp:attachment":[{"href":"http:\/\/www.tvturk.com\/index.php\/wp-json\/wp\/v2\/media?parent=35508"}],"wp:term":[{"taxonomy":"category","embeddable":true,"href":"http:\/\/www.tvturk.com\/index.php\/wp-json\/wp\/v2\/categories?post=35508"},{"taxonomy":"post_tag","embeddable":true,"href":"http:\/\/www.tvturk.com\/index.php\/wp-json\/wp\/v2\/tags?post=35508"}],"curies":[{"name":"wp","href":"https:\/\/api.w.org\/{rel}","templated":true}]}}