{"id":35536,"date":"2019-02-15T13:11:10","date_gmt":"2019-02-15T10:11:10","guid":{"rendered":"http:\/\/www.tvturk.com\/index.php\/mike-pencein-abyi-suclayan-aciklamasinin-ardindan-surpriz-gorusme\/"},"modified":"2019-02-15T13:11:11","modified_gmt":"2019-02-15T10:11:11","slug":"mike-pencein-abyi-suclayan-aciklamasinin-ardindan-surpriz-gorusme","status":"publish","type":"post","link":"http:\/\/www.tvturk.com\/index.php\/mike-pencein-abyi-suclayan-aciklamasinin-ardindan-surpriz-gorusme\/","title":{"rendered":"Mike Pence\u2019in AB\u2019yi su\u00e7layan a\u00e7\u0131klamas\u0131n\u0131n ard\u0131ndan s\u00fcrpriz g\u00f6r\u00fc\u015fme"},"content":{"rendered":"<p>ABD D\u0131\u015fi\u015fleri Bakan\u0131 Mike Pompeo, Ba\u015fkan Yard\u0131mc\u0131s\u0131 Mike Pence\u2019in AB\u2019yi \u00fclkesinin kararlar\u0131n\u0131 engellemekle su\u00e7lamas\u0131ndan bir g\u00fcn sonra Avrupa Birli\u011fi D\u0131\u015fi\u015fleri Y\u00fcksek Temsilcisi Federica Mogherini ile bir araya geldi.<\/p>\n<p>Polonya\u2019n\u0131n Var\u015fova \u015fehri, ABD \u00f6nc\u00fcl\u00fc\u011f\u00fcnde d\u00fczenlenen Orta Do\u011fu G\u00fcvenlik Konferans\u0131na ev sahipli\u011fi yapt\u0131. Konferansa kat\u0131lan ABD Ba\u015fkan Yard\u0131mc\u0131s\u0131 Mike Pence, Avrupa Birli\u011fi\u2019ni ABD\u2019nin kararlar\u0131n\u0131 engellemekle su\u00e7lad\u0131. Pence\u2019in sert a\u00e7\u0131klamalar\u0131n\u0131n ard\u0131ndan ABD D\u0131\u015fi\u015fleri Bakan\u0131 Pompeo, bir g\u00fcn sonra Avrupa Birli\u011fi D\u0131\u015fi\u015fleri Y\u00fcksek Temsilcisi Federica Mogherini ile g\u00f6r\u00fc\u015fmek \u00fczere Br\u00fcksel\u2019e geldi. Avrupa Birli\u011fi D\u0131\u015f \u0130li\u015fkiler Ofisi taraf\u0131ndan yap\u0131lan a\u00e7\u0131klamada, sabah saatlerinde g\u00f6r\u00fc\u015fen ikilinin AB ve ABD aras\u0131ndaki i\u015f birli\u011fini g\u00f6r\u00fc\u015ft\u00fc\u011f\u00fc bildirildi.<\/p>\n<p>\u00d6te yandan a\u00e7\u0131klamada Pompeo ve Mogherini\u2019nin ikili ili\u015fkilerin yan\u0131 s\u0131ra Venezuela\u2019da yap\u0131lacak siyasi d\u00f6n\u00fc\u015f\u00fcm, Suriye ve Afganistan\u2019da siyasi \u00e7\u00f6z\u00fcm, Kore Yar\u0131madas\u0131\u2019n\u0131n n\u00fckleer silahlardan ar\u0131nd\u0131r\u0131lmas\u0131, Ukrayna-Rusya krizi ve Bat\u0131 Balkanlar hakk\u0131nda g\u00f6r\u00fc\u015ft\u00fc\u011f\u00fc ifade edildi.<\/p>\n<p>ABD\u2019nin \u00f6nc\u00fcl\u00fc\u011f\u00fcnde d\u00fczenlenen Konferansa Federica Mogherini kat\u0131lmam\u0131\u015f ve &#8220;\u0130ran n\u00fckleer anla\u015fmas\u0131na ili\u015fkin farkl\u0131 g\u00f6r\u00fc\u015flerimiz var&#8221; a\u00e7\u0131klamas\u0131nda bulunmu\u015ftu.<div class=\"tiled-gallery type-rectangular tiled-gallery-unresized\" data-original-width=\"500\" data-carousel-extra='null' itemscope itemtype=\"http:\/\/schema.org\/ImageGallery\" > <div class=\"gallery-row\" style=\"width: 500px; height: 267px;\" data-original-width=\"500\" data-original-height=\"267\" > <div class=\"gallery-group images-1\" style=\"width: 500px; height: 267px;\" data-original-width=\"500\" data-original-height=\"267\" > <div class=\"tiled-gallery-item tiled-gallery-item-large\" itemprop=\"associatedMedia\" itemscope itemtype=\"http:\/\/schema.org\/ImageObject\"> <a href=\"http:\/\/www.tvturk.com\/index.php\/mike-pencein-abyi-suclayan-aciklamasinin-ardindan-surpriz-gorusme\/mike-pencein-abyi-suclayan-aciklamasinin-ardindan-surpriz-gorusme-3\/\" border=\"0\" itemprop=\"url\"> <meta itemprop=\"width\" content=\"496\"> <meta itemprop=\"height\" content=\"263\"> <img decoding=\"async\" class=\"\" data-attachment-id=\"35538\" data-orig-file=\"http:\/\/www.tvturk.com\/wp-content\/uploads\/2019\/02\/mike-pencein-abyi-suclayan-aciklamasinin-ardindan-surpriz-gorusme_8d03fe9.jpg\" data-orig-size=\"1000,531\" data-comments-opened=\"\" data-image-meta=\"{&quot;aperture&quot;:&quot;0&quot;,&quot;credit&quot;:&quot;IHA&quot;,&quot;camera&quot;:&quot;&quot;,&quot;caption&quot;:&quot;ABD DI\\u015e\\u0130\\u015eLER\\u0130 BAKANI M\\u0130KE POMPEO, ABD BA\\u015eKAN YARDIMCISI M\\u0130KE PENCE\\u2019\\u0130N AVRUPA B\\u0130RL\\u0130\\u011e\\u0130N\\u0130 (AB), ABD\\u2019N\\u0130N KARARLARINI ENGELLEMEKLE SU\\u00c7LAMASINDAN B\\u0130R G\\u00dcN SONRA AB DI\\u015e\\u0130\\u015eLER\\u0130 Y\\u00dcKSEK TEMS\\u0130LC\\u0130S\\u0130 FEDER\\u0130CA MOGHER\\u0130N\\u0130 \\u0130LE B\\u0130R ARAYA GELD\\u0130. (\\u0130HA\\\/BR\\u00dcKSEL-\\u0130HA)&quot;,&quot;created_timestamp&quot;:&quot;0&quot;,&quot;copyright&quot;:&quot;\\u0130HLAS HABER AJANSI, www.iha.com.tr&quot;,&quot;focal_length&quot;:&quot;0&quot;,&quot;iso&quot;:&quot;0&quot;,&quot;shutter_speed&quot;:&quot;0&quot;,&quot;title&quot;:&quot;M\\u0130KE PENCE\\u0027\\u0130N AB\\u0027Y\\u0130 SU\\u00c7LAYAN A\\u00c7IKLAMASININ ARDINDAN S\\u00dcRPR\\u0130Z G\\u00d6R\\u00dc\\u015eME POMPEO, MOGHER\\u0130N\\u0130 \\u0130LE G\\u00d6R\\u00dc\\u015eT\\u00dc&quot;,&quot;orientation&quot;:&quot;0&quot;}\" data-image-title=\"Mike Pence\u2019in AB\u2019yi su\u00e7layan a\u00e7\u0131klamas\u0131n\u0131n ard\u0131ndan s\u00fcrpriz g\u00f6r\u00fc\u015fme\" data-image-description=\"&lt;p&gt;Mike Pence\u2019in AB\u2019yi su\u00e7layan a\u00e7\u0131klamas\u0131n\u0131n ard\u0131ndan s\u00fcrpriz g\u00f6r\u00fc\u015fme&lt;\/p&gt; \" data-medium-file=\"https:\/\/i0.wp.com\/www.tvturk.com\/wp-content\/uploads\/2019\/02\/mike-pencein-abyi-suclayan-aciklamasinin-ardindan-surpriz-gorusme_8d03fe9.jpg?fit=300%2C159\" data-large-file=\"https:\/\/i0.wp.com\/www.tvturk.com\/wp-content\/uploads\/2019\/02\/mike-pencein-abyi-suclayan-aciklamasinin-ardindan-surpriz-gorusme_8d03fe9.jpg?fit=1000%2C531\" src=\"https:\/\/i0.wp.com\/www.tvturk.com\/wp-content\/uploads\/2019\/02\/mike-pencein-abyi-suclayan-aciklamasinin-ardindan-surpriz-gorusme_8d03fe9.jpg?w=496&#038;h=263\" srcset=\"https:\/\/i0.wp.com\/www.tvturk.com\/wp-content\/uploads\/2019\/02\/mike-pencein-abyi-suclayan-aciklamasinin-ardindan-surpriz-gorusme_8d03fe9.jpg?w=1000 1000w, https:\/\/i0.wp.com\/www.tvturk.com\/wp-content\/uploads\/2019\/02\/mike-pencein-abyi-suclayan-aciklamasinin-ardindan-surpriz-gorusme_8d03fe9.jpg?resize=150%2C80 150w, https:\/\/i0.wp.com\/www.tvturk.com\/wp-content\/uploads\/2019\/02\/mike-pencein-abyi-suclayan-aciklamasinin-ardindan-surpriz-gorusme_8d03fe9.jpg?resize=300%2C159 300w, https:\/\/i0.wp.com\/www.tvturk.com\/wp-content\/uploads\/2019\/02\/mike-pencein-abyi-suclayan-aciklamasinin-ardindan-surpriz-gorusme_8d03fe9.jpg?resize=768%2C408 768w\" width=\"496\" height=\"263\" loading=\"lazy\" data-original-width=\"496\" data-original-height=\"263\" itemprop=\"http:\/\/schema.org\/image\" title=\"Mike Pence\u2019in AB\u2019yi su\u00e7layan a\u00e7\u0131klamas\u0131n\u0131n ard\u0131ndan s\u00fcrpriz g\u00f6r\u00fc\u015fme\" alt=\"Mike Pence\u2019in AB\u2019yi su\u00e7layan a\u00e7\u0131klamas\u0131n\u0131n ard\u0131ndan s\u00fcrpriz g\u00f6r\u00fc\u015fme\" style=\"width: 496px; height: 263px;\" \/> <\/a> <\/div> <\/div> <!-- close group --> <\/div> <!-- close row --> <\/div><\/p>\n","protected":false},"excerpt":{"rendered":"<p>ABD DI\u015e\u0130\u015eLER\u0130 BAKANI M\u0130KE POMPEO, ABD BA\u015eKAN YARDIMCISI M\u0130KE PENCE\u2019\u0130N AVRUPA B\u0130RL\u0130\u011e\u0130N\u0130 (AB), ABD\u2019N\u0130N KARARLARINI ENGELLEMEKLE SU\u00c7LAMASINDAN B\u0130R G\u00dcN SONRA AB DI\u015e\u0130\u015eLER\u0130 Y\u00dcKSEK TEMS\u0130LC\u0130S\u0130 FEDER\u0130CA MOGHER\u0130N\u0130 \u0130LE B\u0130R ARAYA GELD\u0130.<\/p>\n","protected":false},"author":1,"featured_media":35537,"comment_status":"closed","ping_status":"open","sticky":false,"template":"","format":"standard","meta":{"jetpack_post_was_ever_published":false,"_jetpack_newsletter_access":"","_jetpack_dont_email_post_to_subs":false,"_jetpack_newsletter_tier_id":0,"_jetpack_memberships_contains_paywalled_content":false,"_jetpack_memberships_contains_paid_content":false,"footnotes":"","jetpack_publicize_message":"","jetpack_publicize_feature_enabled":true,"jetpack_social_post_already_shared":false,"jetpack_social_options":{"image_generator_settings":{"template":"highway","default_image_id":0,"font":"","enabled":false},"version":2}},"categories":[9],"tags":[13430,13432,3469,9711,13428,13429,13431,1067],"class_list":["post-35536","post","type-post","status-publish","format-standard","has-post-thumbnail","hentry","category-siyaset","tag-abyi","tag-aciklamasinin","tag-ardindan","tag-gorusme","tag-mike","tag-pencein","tag-suclayan","tag-surpriz"],"jetpack_publicize_connections":[],"jetpack_featured_media_url":"https:\/\/i0.wp.com\/www.tvturk.com\/wp-content\/uploads\/2019\/02\/mike-pencein-abyi-suclayan-aciklamasinin-ardindan-surpriz-gorusme_e29e6da.jpg?fit=1000%2C676","jetpack_sharing_enabled":true,"jetpack_shortlink":"https:\/\/wp.me\/paKIfm-9fa","_links":{"self":[{"href":"http:\/\/www.tvturk.com\/index.php\/wp-json\/wp\/v2\/posts\/35536","targetHints":{"allow":["GET"]}}],"collection":[{"href":"http:\/\/www.tvturk.com\/index.php\/wp-json\/wp\/v2\/posts"}],"about":[{"href":"http:\/\/www.tvturk.com\/index.php\/wp-json\/wp\/v2\/types\/post"}],"author":[{"embeddable":true,"href":"http:\/\/www.tvturk.com\/index.php\/wp-json\/wp\/v2\/users\/1"}],"replies":[{"embeddable":true,"href":"http:\/\/www.tvturk.com\/index.php\/wp-json\/wp\/v2\/comments?post=35536"}],"version-history":[{"count":1,"href":"http:\/\/www.tvturk.com\/index.php\/wp-json\/wp\/v2\/posts\/35536\/revisions"}],"predecessor-version":[{"id":35539,"href":"http:\/\/www.tvturk.com\/index.php\/wp-json\/wp\/v2\/posts\/35536\/revisions\/35539"}],"wp:featuredmedia":[{"embeddable":true,"href":"http:\/\/www.tvturk.com\/index.php\/wp-json\/wp\/v2\/media\/35537"}],"wp:attachment":[{"href":"http:\/\/www.tvturk.com\/index.php\/wp-json\/wp\/v2\/media?parent=35536"}],"wp:term":[{"taxonomy":"category","embeddable":true,"href":"http:\/\/www.tvturk.com\/index.php\/wp-json\/wp\/v2\/categories?post=35536"},{"taxonomy":"post_tag","embeddable":true,"href":"http:\/\/www.tvturk.com\/index.php\/wp-json\/wp\/v2\/tags?post=35536"}],"curies":[{"name":"wp","href":"https:\/\/api.w.org\/{rel}","templated":true}]}}