{"id":35627,"date":"2019-02-15T13:31:43","date_gmt":"2019-02-15T10:31:43","guid":{"rendered":"http:\/\/www.tvturk.com\/index.php\/kaymakam-oner-imam-hatiplilerle-bir-araya-geldi\/"},"modified":"2019-02-15T13:31:48","modified_gmt":"2019-02-15T10:31:48","slug":"kaymakam-oner-imam-hatiplilerle-bir-araya-geldi","status":"publish","type":"post","link":"http:\/\/www.tvturk.com\/index.php\/kaymakam-oner-imam-hatiplilerle-bir-araya-geldi\/","title":{"rendered":"Kaymakam \u00d6ner, \u0130mam Hatiplilerle bir araya geldi"},"content":{"rendered":"<p>Burhaniye il\u00e7esinde, Bal\u0131kesir E\u011fitimde Niteli\u011fi Geli\u015ftirme (BENG\u0130) projesi kapsam\u0131nda okullar\u0131 ziyaret ederek \u00f6\u011frencilerle ayn\u0131 s\u0131ray\u0131 payla\u015fan Kaymakam H\u00fcseyin \u00d6ner, bu defa \u0130mam Hatipli \u00f6\u011frencilerle bir araya geldi.<\/p>\n<p>\u00d6ner, beraberinde \u0130l\u00e7e Milli E\u011fitim M\u00fcd\u00fcr\u00fc Bora Zihni ile Hac\u0131 Mehmet Fevzi K\u00f6yl\u00fc  Anadolu \u0130mam Hatip Lisesi\u2019ni ziyaret ederken, \u00f6\u011frencilerle birlikte kitap okudu.<\/p>\n<p>Ziyaret s\u0131ras\u0131nda, okul idaresi ve \u00f6\u011fretmenleri ile 1.D\u00f6nemi De\u011ferlendirme Toplant\u0131s\u0131 yapan Kaymakam \u00d6ner, toplant\u0131 sonras\u0131 11.s\u0131n\u0131flarla okuma program\u0131na kat\u0131ld\u0131. Okuma sonras\u0131nda ise,  \u00f6\u011frencilerle gelecek planlamalar\u0131, hayalleri ve hedefleri hakk\u0131nda s\u00f6yle\u015fi tad\u0131nda keyifli bir sohbet ger\u00e7ekle\u015ftiren \u00d6ner, \u00f6\u011frencilerle kariyer planlamas\u0131n\u0131n \u00f6nemi konusunda tecr\u00fcbelerini payla\u015farak \u00e7e\u015fitli tavsiyelerde bulundu ve bu yolda en b\u00fcy\u00fck dostlar\u0131 olan kitaplar\u0131 yanlar\u0131ndan ay\u0131rmamalar\u0131 gerekti\u011fini ifade etti.<div class=\"tiled-gallery type-rectangular tiled-gallery-unresized\" data-original-width=\"500\" data-carousel-extra='null' itemscope itemtype=\"http:\/\/schema.org\/ImageGallery\" > <div class=\"gallery-row\" style=\"width: 500px; height: 251px;\" data-original-width=\"500\" data-original-height=\"251\" > <div class=\"gallery-group images-1\" style=\"width: 334px; height: 251px;\" data-original-width=\"334\" data-original-height=\"251\" > <div class=\"tiled-gallery-item tiled-gallery-item-large\" itemprop=\"associatedMedia\" itemscope itemtype=\"http:\/\/schema.org\/ImageObject\"> <a href=\"http:\/\/www.tvturk.com\/index.php\/kaymakam-oner-imam-hatiplilerle-bir-araya-geldi\/kaymakam-oner-imam-hatiplilerle-bir-araya-geldi-3\/\" border=\"0\" itemprop=\"url\"> <meta itemprop=\"width\" content=\"330\"> <meta itemprop=\"height\" content=\"247\"> <img decoding=\"async\" class=\"\" data-attachment-id=\"35629\" data-orig-file=\"http:\/\/www.tvturk.com\/wp-content\/uploads\/2019\/02\/kaymakam-oner-imam-hatiplilerle-bir-araya-geldi_594975a.jpg\" data-orig-size=\"1000,750\" data-comments-opened=\"\" data-image-meta=\"{&quot;aperture&quot;:&quot;0&quot;,&quot;credit&quot;:&quot;IHA&quot;,&quot;camera&quot;:&quot;&quot;,&quot;caption&quot;:&quot;KAYMAKAM \\u00d6NER \\u00d6\\u011eRENC\\u0130LERLE (FATMA TALAY\\\/BALIKES\\u0130R-\\u0130HA)&quot;,&quot;created_timestamp&quot;:&quot;0&quot;,&quot;copyright&quot;:&quot;\\u0130HLAS HABER AJANSI, www.iha.com.tr&quot;,&quot;focal_length&quot;:&quot;0&quot;,&quot;iso&quot;:&quot;0&quot;,&quot;shutter_speed&quot;:&quot;0&quot;,&quot;title&quot;:&quot;KAYMAKAM \\u00d6NER, \\u0130MAM HAT\\u0130PL\\u0130LERLE B\\u0130R ARAYA GELD\\u0130&quot;,&quot;orientation&quot;:&quot;0&quot;}\" data-image-title=\"Kaymakam \u00d6ner, \u0130mam Hatiplilerle bir araya geldi\" data-image-description=\"&lt;p&gt;Kaymakam \u00d6ner, \u0130mam Hatiplilerle bir araya geldi&lt;\/p&gt; \" data-medium-file=\"https:\/\/i0.wp.com\/www.tvturk.com\/wp-content\/uploads\/2019\/02\/kaymakam-oner-imam-hatiplilerle-bir-araya-geldi_594975a.jpg?fit=300%2C225\" data-large-file=\"https:\/\/i0.wp.com\/www.tvturk.com\/wp-content\/uploads\/2019\/02\/kaymakam-oner-imam-hatiplilerle-bir-araya-geldi_594975a.jpg?fit=1000%2C750\" src=\"https:\/\/i0.wp.com\/www.tvturk.com\/wp-content\/uploads\/2019\/02\/kaymakam-oner-imam-hatiplilerle-bir-araya-geldi_594975a.jpg?w=330&#038;h=247\" srcset=\"https:\/\/i0.wp.com\/www.tvturk.com\/wp-content\/uploads\/2019\/02\/kaymakam-oner-imam-hatiplilerle-bir-araya-geldi_594975a.jpg?w=1000 1000w, https:\/\/i0.wp.com\/www.tvturk.com\/wp-content\/uploads\/2019\/02\/kaymakam-oner-imam-hatiplilerle-bir-araya-geldi_594975a.jpg?resize=150%2C113 150w, https:\/\/i0.wp.com\/www.tvturk.com\/wp-content\/uploads\/2019\/02\/kaymakam-oner-imam-hatiplilerle-bir-araya-geldi_594975a.jpg?resize=300%2C225 300w, https:\/\/i0.wp.com\/www.tvturk.com\/wp-content\/uploads\/2019\/02\/kaymakam-oner-imam-hatiplilerle-bir-araya-geldi_594975a.jpg?resize=768%2C576 768w\" width=\"330\" height=\"247\" loading=\"lazy\" data-original-width=\"330\" data-original-height=\"247\" itemprop=\"http:\/\/schema.org\/image\" title=\"Kaymakam \u00d6ner, \u0130mam Hatiplilerle bir araya geldi\" alt=\"Kaymakam \u00d6ner, \u0130mam Hatiplilerle bir araya geldi\" style=\"width: 330px; height: 247px;\" \/> <\/a> <\/div> <\/div> <!-- close group --> <div class=\"gallery-group images-2\" style=\"width: 166px; height: 251px;\" data-original-width=\"166\" data-original-height=\"251\" > <div class=\"tiled-gallery-item tiled-gallery-item-small\" itemprop=\"associatedMedia\" itemscope itemtype=\"http:\/\/schema.org\/ImageObject\"> <a href=\"http:\/\/www.tvturk.com\/index.php\/kaymakam-oner-imam-hatiplilerle-bir-araya-geldi\/kaymakam-oner-imam-hatiplilerle-bir-araya-geldi-4\/\" border=\"0\" itemprop=\"url\"> <meta itemprop=\"width\" content=\"162\"> <meta itemprop=\"height\" content=\"122\"> <img decoding=\"async\" class=\"\" data-attachment-id=\"35630\" data-orig-file=\"http:\/\/www.tvturk.com\/wp-content\/uploads\/2019\/02\/kaymakam-oner-imam-hatiplilerle-bir-araya-geldi_c0ff022.jpg\" data-orig-size=\"1000,750\" data-comments-opened=\"\" data-image-meta=\"{&quot;aperture&quot;:&quot;0&quot;,&quot;credit&quot;:&quot;IHA&quot;,&quot;camera&quot;:&quot;&quot;,&quot;caption&quot;:&quot;KAYMAKAM \\u00d6NER \\u00d6\\u011eRENC\\u0130LERLE (FATMA TALAY\\\/BALIKES\\u0130R-\\u0130HA)&quot;,&quot;created_timestamp&quot;:&quot;0&quot;,&quot;copyright&quot;:&quot;\\u0130HLAS HABER AJANSI, www.iha.com.tr&quot;,&quot;focal_length&quot;:&quot;0&quot;,&quot;iso&quot;:&quot;0&quot;,&quot;shutter_speed&quot;:&quot;0&quot;,&quot;title&quot;:&quot;KAYMAKAM \\u00d6NER, \\u0130MAM HAT\\u0130PL\\u0130LERLE B\\u0130R ARAYA GELD\\u0130&quot;,&quot;orientation&quot;:&quot;0&quot;}\" data-image-title=\"Kaymakam \u00d6ner, \u0130mam Hatiplilerle bir araya geldi\" data-image-description=\"&lt;p&gt;Kaymakam \u00d6ner, \u0130mam Hatiplilerle bir araya geldi&lt;\/p&gt; \" data-medium-file=\"https:\/\/i0.wp.com\/www.tvturk.com\/wp-content\/uploads\/2019\/02\/kaymakam-oner-imam-hatiplilerle-bir-araya-geldi_c0ff022.jpg?fit=300%2C225\" data-large-file=\"https:\/\/i0.wp.com\/www.tvturk.com\/wp-content\/uploads\/2019\/02\/kaymakam-oner-imam-hatiplilerle-bir-araya-geldi_c0ff022.jpg?fit=1000%2C750\" src=\"https:\/\/i0.wp.com\/www.tvturk.com\/wp-content\/uploads\/2019\/02\/kaymakam-oner-imam-hatiplilerle-bir-araya-geldi_c0ff022.jpg?w=162&#038;h=122\" srcset=\"https:\/\/i0.wp.com\/www.tvturk.com\/wp-content\/uploads\/2019\/02\/kaymakam-oner-imam-hatiplilerle-bir-araya-geldi_c0ff022.jpg?w=1000 1000w, https:\/\/i0.wp.com\/www.tvturk.com\/wp-content\/uploads\/2019\/02\/kaymakam-oner-imam-hatiplilerle-bir-araya-geldi_c0ff022.jpg?resize=150%2C113 150w, https:\/\/i0.wp.com\/www.tvturk.com\/wp-content\/uploads\/2019\/02\/kaymakam-oner-imam-hatiplilerle-bir-araya-geldi_c0ff022.jpg?resize=300%2C225 300w, https:\/\/i0.wp.com\/www.tvturk.com\/wp-content\/uploads\/2019\/02\/kaymakam-oner-imam-hatiplilerle-bir-araya-geldi_c0ff022.jpg?resize=768%2C576 768w\" width=\"162\" height=\"122\" loading=\"lazy\" data-original-width=\"162\" data-original-height=\"122\" itemprop=\"http:\/\/schema.org\/image\" title=\"Kaymakam \u00d6ner, \u0130mam Hatiplilerle bir araya geldi\" alt=\"Kaymakam \u00d6ner, \u0130mam Hatiplilerle bir araya geldi\" style=\"width: 162px; height: 122px;\" \/> <\/a> <\/div> <div class=\"tiled-gallery-item tiled-gallery-item-small\" itemprop=\"associatedMedia\" itemscope itemtype=\"http:\/\/schema.org\/ImageObject\"> <a href=\"http:\/\/www.tvturk.com\/index.php\/kaymakam-oner-imam-hatiplilerle-bir-araya-geldi\/kaymakam-oner-imam-hatiplilerle-bir-araya-geldi-5\/\" border=\"0\" itemprop=\"url\"> <meta itemprop=\"width\" content=\"162\"> <meta itemprop=\"height\" content=\"121\"> <img decoding=\"async\" class=\"\" data-attachment-id=\"35631\" data-orig-file=\"http:\/\/www.tvturk.com\/wp-content\/uploads\/2019\/02\/kaymakam-oner-imam-hatiplilerle-bir-araya-geldi_6372cfd.jpg\" data-orig-size=\"1000,750\" data-comments-opened=\"\" data-image-meta=\"{&quot;aperture&quot;:&quot;0&quot;,&quot;credit&quot;:&quot;IHA&quot;,&quot;camera&quot;:&quot;&quot;,&quot;caption&quot;:&quot;KAYMAKAM \\u00d6NER \\u00d6\\u011eRENC\\u0130LERLE (FATMA TALAY\\\/BALIKES\\u0130R-\\u0130HA)&quot;,&quot;created_timestamp&quot;:&quot;0&quot;,&quot;copyright&quot;:&quot;\\u0130HLAS HABER AJANSI, www.iha.com.tr&quot;,&quot;focal_length&quot;:&quot;0&quot;,&quot;iso&quot;:&quot;0&quot;,&quot;shutter_speed&quot;:&quot;0&quot;,&quot;title&quot;:&quot;KAYMAKAM \\u00d6NER, \\u0130MAM HAT\\u0130PL\\u0130LERLE B\\u0130R ARAYA GELD\\u0130&quot;,&quot;orientation&quot;:&quot;0&quot;}\" data-image-title=\"Kaymakam \u00d6ner, \u0130mam Hatiplilerle bir araya geldi\" data-image-description=\"&lt;p&gt;Kaymakam \u00d6ner, \u0130mam Hatiplilerle bir araya geldi&lt;\/p&gt; \" data-medium-file=\"https:\/\/i0.wp.com\/www.tvturk.com\/wp-content\/uploads\/2019\/02\/kaymakam-oner-imam-hatiplilerle-bir-araya-geldi_6372cfd.jpg?fit=300%2C225\" data-large-file=\"https:\/\/i0.wp.com\/www.tvturk.com\/wp-content\/uploads\/2019\/02\/kaymakam-oner-imam-hatiplilerle-bir-araya-geldi_6372cfd.jpg?fit=1000%2C750\" src=\"https:\/\/i0.wp.com\/www.tvturk.com\/wp-content\/uploads\/2019\/02\/kaymakam-oner-imam-hatiplilerle-bir-araya-geldi_6372cfd.jpg?w=162&#038;h=121\" srcset=\"https:\/\/i0.wp.com\/www.tvturk.com\/wp-content\/uploads\/2019\/02\/kaymakam-oner-imam-hatiplilerle-bir-araya-geldi_6372cfd.jpg?w=1000 1000w, https:\/\/i0.wp.com\/www.tvturk.com\/wp-content\/uploads\/2019\/02\/kaymakam-oner-imam-hatiplilerle-bir-araya-geldi_6372cfd.jpg?resize=150%2C113 150w, https:\/\/i0.wp.com\/www.tvturk.com\/wp-content\/uploads\/2019\/02\/kaymakam-oner-imam-hatiplilerle-bir-araya-geldi_6372cfd.jpg?resize=300%2C225 300w, https:\/\/i0.wp.com\/www.tvturk.com\/wp-content\/uploads\/2019\/02\/kaymakam-oner-imam-hatiplilerle-bir-araya-geldi_6372cfd.jpg?resize=768%2C576 768w\" width=\"162\" height=\"121\" loading=\"lazy\" data-original-width=\"162\" data-original-height=\"121\" itemprop=\"http:\/\/schema.org\/image\" title=\"Kaymakam \u00d6ner, \u0130mam Hatiplilerle bir araya geldi\" alt=\"Kaymakam \u00d6ner, \u0130mam Hatiplilerle bir araya geldi\" style=\"width: 162px; height: 121px;\" \/> <\/a> <\/div> <\/div> <!-- close group --> <\/div> <!-- close row --> <\/div><\/p>\n","protected":false},"excerpt":{"rendered":"<p>KAYMAKAM \u00d6\u011eRETMENLERLE<\/p>\n","protected":false},"author":1,"featured_media":35628,"comment_status":"closed","ping_status":"open","sticky":false,"template":"","format":"standard","meta":{"jetpack_post_was_ever_published":false,"_jetpack_newsletter_access":"","_jetpack_dont_email_post_to_subs":false,"_jetpack_newsletter_tier_id":0,"_jetpack_memberships_contains_paywalled_content":false,"_jetpack_memberships_contains_paid_content":false,"footnotes":"","jetpack_publicize_message":"","jetpack_publicize_feature_enabled":true,"jetpack_social_post_already_shared":false,"jetpack_social_options":{"image_generator_settings":{"template":"highway","default_image_id":0,"font":"","enabled":false},"version":2}},"categories":[659],"tags":[126,125,127,13453,1489,2957,2958],"class_list":["post-35627","post","type-post","status-publish","format-standard","has-post-thumbnail","hentry","category-egitim","tag-araya","tag-bir","tag-geldi","tag-hatiplilerle","tag-imam","tag-kaymakam","tag-oner"],"jetpack_publicize_connections":[],"jetpack_featured_media_url":"https:\/\/i0.wp.com\/www.tvturk.com\/wp-content\/uploads\/2019\/02\/kaymakam-oner-imam-hatiplilerle-bir-araya-geldi_b864598.jpg?fit=1000%2C750","jetpack_sharing_enabled":true,"jetpack_shortlink":"https:\/\/wp.me\/paKIfm-9gD","_links":{"self":[{"href":"http:\/\/www.tvturk.com\/index.php\/wp-json\/wp\/v2\/posts\/35627","targetHints":{"allow":["GET"]}}],"collection":[{"href":"http:\/\/www.tvturk.com\/index.php\/wp-json\/wp\/v2\/posts"}],"about":[{"href":"http:\/\/www.tvturk.com\/index.php\/wp-json\/wp\/v2\/types\/post"}],"author":[{"embeddable":true,"href":"http:\/\/www.tvturk.com\/index.php\/wp-json\/wp\/v2\/users\/1"}],"replies":[{"embeddable":true,"href":"http:\/\/www.tvturk.com\/index.php\/wp-json\/wp\/v2\/comments?post=35627"}],"version-history":[{"count":1,"href":"http:\/\/www.tvturk.com\/index.php\/wp-json\/wp\/v2\/posts\/35627\/revisions"}],"predecessor-version":[{"id":35632,"href":"http:\/\/www.tvturk.com\/index.php\/wp-json\/wp\/v2\/posts\/35627\/revisions\/35632"}],"wp:featuredmedia":[{"embeddable":true,"href":"http:\/\/www.tvturk.com\/index.php\/wp-json\/wp\/v2\/media\/35628"}],"wp:attachment":[{"href":"http:\/\/www.tvturk.com\/index.php\/wp-json\/wp\/v2\/media?parent=35627"}],"wp:term":[{"taxonomy":"category","embeddable":true,"href":"http:\/\/www.tvturk.com\/index.php\/wp-json\/wp\/v2\/categories?post=35627"},{"taxonomy":"post_tag","embeddable":true,"href":"http:\/\/www.tvturk.com\/index.php\/wp-json\/wp\/v2\/tags?post=35627"}],"curies":[{"name":"wp","href":"https:\/\/api.w.org\/{rel}","templated":true}]}}