{"id":35644,"date":"2019-02-15T13:41:06","date_gmt":"2019-02-15T10:41:06","guid":{"rendered":"http:\/\/www.tvturk.com\/index.php\/darende-ilce-emniyet-mudurlugune-yeni-arac\/"},"modified":"2019-02-15T13:41:07","modified_gmt":"2019-02-15T10:41:07","slug":"darende-ilce-emniyet-mudurlugune-yeni-arac","status":"publish","type":"post","link":"http:\/\/www.tvturk.com\/index.php\/darende-ilce-emniyet-mudurlugune-yeni-arac\/","title":{"rendered":"Darende \u0130l\u00e7e  Emniyet M\u00fcd\u00fcrl\u00fc\u011f\u00fcne yeni ara\u00e7"},"content":{"rendered":"<p>Malatya \u0130l Emniyet M\u00fcd\u00fcrl\u00fc\u011f\u00fcnden Darende \u0130l\u00e7e Emniyet M\u00fcd\u00fcrl\u00fc\u011f\u00fcne tahsis edilen ara\u00e7 dualarla hizmete ba\u015flad\u0131.<\/p>\n<p>Arac\u0131n hizmete girmesi nedeniyle \u0130l\u00e7e Emniyet M\u00fcd\u00fcrl\u00fc\u011f\u00fc \u00f6n\u00fcnde t\u00f6ren ger\u00e7ekle\u015ftirildi. T\u00f6rende konu\u015fma yapan il\u00e7e Kaymakam\u0131 Enver Hakan Zengince yeni arac\u0131n hay\u0131rl\u0131 olmas\u0131 temennisinde bulundu. Zengince  \u201cKadim huzur, bar\u0131\u015f il\u00e7esi k\u00fclt\u00fcr ve tarih il\u00e7esi Darende\u2019 ye ba\u015fta il\u00e7e emniyet , jandarma ve b\u00fct\u00fcn kamu kurumlar\u0131 ile hizmet etmeye \u00e7al\u0131\u015f\u0131yoruz.  Bug\u00fcn burada \u0130l emniyet m\u00fcd\u00fcrl\u00fc\u011f\u00fcm\u00fcz taraf\u0131ndan il\u00e7e emniyet m\u00fcd\u00fcrl\u00fc\u011f\u00fcm\u00fcze tahsis edilen arac\u0131n teslim t\u00f6renindeyiz.   Darende i\u00e7in gelecek g\u00fcnlerin daha iyi daha g\u00fczel  ve daha huzurlu olmas\u0131 temennisi ile  hepinize te\u015fekk\u00fcr ediyorum\u201d diye konu\u015ftu.<\/p>\n<p>Yap\u0131lan duan\u0131n ard\u0131ndan  Kaymakam Enver Hakan  Zengince arac\u0131n anahtar\u0131n\u0131 il\u00e7e Emniyet M\u00fcd\u00fcr Vekili Mustafa  Denizhan\u2019a teslim etti.<div class=\"tiled-gallery type-rectangular tiled-gallery-unresized\" data-original-width=\"500\" data-carousel-extra='null' itemscope itemtype=\"http:\/\/schema.org\/ImageGallery\" > <div class=\"gallery-row\" style=\"width: 500px; height: 753px;\" data-original-width=\"500\" data-original-height=\"753\" > <div class=\"gallery-group images-1\" style=\"width: 500px; height: 753px;\" data-original-width=\"500\" data-original-height=\"753\" > <div class=\"tiled-gallery-item tiled-gallery-item-large\" itemprop=\"associatedMedia\" itemscope itemtype=\"http:\/\/schema.org\/ImageObject\"> <a href=\"http:\/\/www.tvturk.com\/index.php\/darende-ilce-emniyet-mudurlugune-yeni-arac\/darende-ilce-emniyet-mudurlugune-yeni-arac-3\/\" border=\"0\" itemprop=\"url\"> <meta itemprop=\"width\" content=\"496\"> <meta itemprop=\"height\" content=\"749\"> <img decoding=\"async\" class=\"\" data-attachment-id=\"35646\" data-orig-file=\"http:\/\/www.tvturk.com\/wp-content\/uploads\/2019\/02\/darende-ilce-emniyet-mudurlugune-yeni-arac_5e5f339.jpg\" data-orig-size=\"662,1000\" data-comments-opened=\"\" data-image-meta=\"{&quot;aperture&quot;:&quot;0&quot;,&quot;credit&quot;:&quot;IHA&quot;,&quot;camera&quot;:&quot;&quot;,&quot;caption&quot;:&quot;MALATYA \\u0130L EMN\\u0130YET M\\u00dcD\\u00dcRL\\u00dc\\u011e\\u00dcNDEN DARENDE \\u0130L\\u00c7E EMN\\u0130YET M\\u00dcD\\u00dcRL\\u00dc\\u011e\\u00dcNE TAHS\\u0130S ED\\u0130LEN ARA\\u00c7 DUALARLA H\\u0130ZMETE BA\\u015eLADI. (\\u0130SMET H\\u00dcSEY\\u0130N U\\u011eUR\\\/MALATYA-\\u0130HA)&quot;,&quot;created_timestamp&quot;:&quot;0&quot;,&quot;copyright&quot;:&quot;\\u0130HLAS HABER AJANSI, www.iha.com.tr&quot;,&quot;focal_length&quot;:&quot;0&quot;,&quot;iso&quot;:&quot;0&quot;,&quot;shutter_speed&quot;:&quot;0&quot;,&quot;title&quot;:&quot;DARENDE \\u0130L\\u00c7E EMN\\u0130YET M\\u00dcD\\u00dcRL\\u00dc\\u011e\\u00dcNE YEN\\u0130 ARA\\u00c7&quot;,&quot;orientation&quot;:&quot;0&quot;}\" data-image-title=\"Darende \u0130l\u00e7e Emniyet M\u00fcd\u00fcrl\u00fc\u011f\u00fcne yeni ara\u00e7\" data-image-description=\"&lt;p&gt;Darende \u0130l\u00e7e Emniyet M\u00fcd\u00fcrl\u00fc\u011f\u00fcne yeni ara\u00e7&lt;\/p&gt; \" data-medium-file=\"https:\/\/i0.wp.com\/www.tvturk.com\/wp-content\/uploads\/2019\/02\/darende-ilce-emniyet-mudurlugune-yeni-arac_5e5f339.jpg?fit=199%2C300\" data-large-file=\"https:\/\/i0.wp.com\/www.tvturk.com\/wp-content\/uploads\/2019\/02\/darende-ilce-emniyet-mudurlugune-yeni-arac_5e5f339.jpg?fit=662%2C1000\" src=\"https:\/\/i0.wp.com\/www.tvturk.com\/wp-content\/uploads\/2019\/02\/darende-ilce-emniyet-mudurlugune-yeni-arac_5e5f339.jpg?w=496&#038;h=749\" srcset=\"https:\/\/i0.wp.com\/www.tvturk.com\/wp-content\/uploads\/2019\/02\/darende-ilce-emniyet-mudurlugune-yeni-arac_5e5f339.jpg?w=662 662w, https:\/\/i0.wp.com\/www.tvturk.com\/wp-content\/uploads\/2019\/02\/darende-ilce-emniyet-mudurlugune-yeni-arac_5e5f339.jpg?resize=99%2C150 99w, https:\/\/i0.wp.com\/www.tvturk.com\/wp-content\/uploads\/2019\/02\/darende-ilce-emniyet-mudurlugune-yeni-arac_5e5f339.jpg?resize=199%2C300 199w\" width=\"496\" height=\"749\" loading=\"lazy\" data-original-width=\"496\" data-original-height=\"749\" itemprop=\"http:\/\/schema.org\/image\" title=\"Darende \u0130l\u00e7e Emniyet M\u00fcd\u00fcrl\u00fc\u011f\u00fcne yeni ara\u00e7\" alt=\"Darende \u0130l\u00e7e Emniyet M\u00fcd\u00fcrl\u00fc\u011f\u00fcne yeni ara\u00e7\" style=\"width: 496px; height: 749px;\" \/> <\/a> <\/div> <\/div> <!-- close group --> <\/div> <!-- close row --> <\/div><\/p>\n","protected":false},"excerpt":{"rendered":"<p>MALATYA \u0130L EMN\u0130YET M\u00dcD\u00dcRL\u00dc\u011e\u00dcNDEN DARENDE \u0130L\u00c7E EMN\u0130YET M\u00dcD\u00dcRL\u00dc\u011e\u00dcNE TAHS\u0130S ED\u0130LEN ARA\u00c7 DUALARLA H\u0130ZMETE BA\u015eLADI.<\/p>\n","protected":false},"author":1,"featured_media":35645,"comment_status":"closed","ping_status":"open","sticky":false,"template":"","format":"standard","meta":{"jetpack_post_was_ever_published":false,"_jetpack_newsletter_access":"","_jetpack_dont_email_post_to_subs":false,"_jetpack_newsletter_tier_id":0,"_jetpack_memberships_contains_paywalled_content":false,"_jetpack_memberships_contains_paid_content":false,"footnotes":"","jetpack_publicize_message":"","jetpack_publicize_feature_enabled":true,"jetpack_social_post_already_shared":false,"jetpack_social_options":{"image_generator_settings":{"template":"highway","default_image_id":0,"font":"","enabled":false},"version":2}},"categories":[655],"tags":[1221,9062,253,511,735,87],"class_list":["post-35644","post","type-post","status-publish","format-standard","has-post-thumbnail","hentry","category-son-dakika","tag-arac","tag-darende","tag-emniyet","tag-ilce","tag-mudurlugune","tag-yeni"],"jetpack_publicize_connections":[],"jetpack_featured_media_url":"https:\/\/i0.wp.com\/www.tvturk.com\/wp-content\/uploads\/2019\/02\/darende-ilce-emniyet-mudurlugune-yeni-arac_c35e506.jpg?fit=1000%2C662","jetpack_sharing_enabled":true,"jetpack_shortlink":"https:\/\/wp.me\/paKIfm-9gU","_links":{"self":[{"href":"http:\/\/www.tvturk.com\/index.php\/wp-json\/wp\/v2\/posts\/35644","targetHints":{"allow":["GET"]}}],"collection":[{"href":"http:\/\/www.tvturk.com\/index.php\/wp-json\/wp\/v2\/posts"}],"about":[{"href":"http:\/\/www.tvturk.com\/index.php\/wp-json\/wp\/v2\/types\/post"}],"author":[{"embeddable":true,"href":"http:\/\/www.tvturk.com\/index.php\/wp-json\/wp\/v2\/users\/1"}],"replies":[{"embeddable":true,"href":"http:\/\/www.tvturk.com\/index.php\/wp-json\/wp\/v2\/comments?post=35644"}],"version-history":[{"count":1,"href":"http:\/\/www.tvturk.com\/index.php\/wp-json\/wp\/v2\/posts\/35644\/revisions"}],"predecessor-version":[{"id":35647,"href":"http:\/\/www.tvturk.com\/index.php\/wp-json\/wp\/v2\/posts\/35644\/revisions\/35647"}],"wp:featuredmedia":[{"embeddable":true,"href":"http:\/\/www.tvturk.com\/index.php\/wp-json\/wp\/v2\/media\/35645"}],"wp:attachment":[{"href":"http:\/\/www.tvturk.com\/index.php\/wp-json\/wp\/v2\/media?parent=35644"}],"wp:term":[{"taxonomy":"category","embeddable":true,"href":"http:\/\/www.tvturk.com\/index.php\/wp-json\/wp\/v2\/categories?post=35644"},{"taxonomy":"post_tag","embeddable":true,"href":"http:\/\/www.tvturk.com\/index.php\/wp-json\/wp\/v2\/tags?post=35644"}],"curies":[{"name":"wp","href":"https:\/\/api.w.org\/{rel}","templated":true}]}}