{"id":35820,"date":"2019-02-15T14:21:31","date_gmt":"2019-02-15T11:21:31","guid":{"rendered":"http:\/\/www.tvturk.com\/index.php\/kirsehirli-ozel-sporcu-masa-tenisi-sampiyonasinda-milli-takim-secmelerine-katilma-hakki-kazandi\/"},"modified":"2019-02-15T14:21:31","modified_gmt":"2019-02-15T11:21:31","slug":"kirsehirli-ozel-sporcu-masa-tenisi-sampiyonasinda-milli-takim-secmelerine-katilma-hakki-kazandi","status":"publish","type":"post","link":"http:\/\/www.tvturk.com\/index.php\/kirsehirli-ozel-sporcu-masa-tenisi-sampiyonasinda-milli-takim-secmelerine-katilma-hakki-kazandi\/","title":{"rendered":"K\u0131r\u015fehirli \u00f6zel sporcu, masa tenisi \u015fampiyonas\u0131nda milli tak\u0131m se\u00e7melerine kat\u0131lma hakk\u0131 kazand\u0131"},"content":{"rendered":"<p>\u00d6zel Sporcular Federasyonunun d\u00fczenledi\u011fi masa tenisi b\u00f6lge \u015fampiyonas\u0131nda K\u0131r\u015fehir Engelsiz Ya\u015fam Bak\u0131m ve Rehabilitasyon Merkezi, sporcusu Milli Tak\u0131m se\u00e7melerine kat\u0131lma hakk\u0131 kazand\u0131.<\/p>\n<p>\u00d6zel Sporcular Federasyonunu taraf\u0131ndan 10-12 \u015eubat tarihlerinde Antalya\u2019da d\u00fczenlenen masa tenisi b\u00f6lge \u015fampiyonas\u0131na K\u0131r\u015fehir\u2019den \u00f6zel e\u011fitimli sporcu Sezai Kocabacak ile antren\u00f6r\u00fc Nehir Karakaya kat\u0131ld\u0131.<\/p>\n<p>M\u00fcsabakalar sonunda K\u0131r\u015fehir\u2019e d\u00f6nen K\u0131r\u015fehir Engelsiz Ya\u015fam Bak\u0131m ve Rehabilitasyon Merkezi antren\u00f6r\u00fc Karakaya, K\u0131r\u015fehir\u2019de \u00f6zel bir sporcunun b\u00f6yle bir ba\u015far\u0131 elde etmesinin kendisini mutlu etti\u011fini ve verilen destekle daha fazla ba\u015far\u0131l\u0131 sporcu yeti\u015ftireceklerini s\u00f6yledi.<\/p>\n<p>Milli Tak\u0131m se\u00e7mesine ilk kez sporcusunu g\u00f6nderdi\u011fini ifade eden antren\u00f6r Karakaya, &#8220;Aile Sosyal \u00c7al\u0131\u015fma \u0130l M\u00fcd\u00fcrl\u00fc\u011f\u00fc deste\u011fi Engelsiz Ya\u015fam Bak\u0131m ve Rehabilitasyon Merkezi M\u00fcd\u00fcr\u00fc Arif Atak\u2019\u0131n da katk\u0131lar\u0131yla biz ekip olarak haz\u0131rland\u0131k ve ba\u015far\u0131 ka\u00e7\u0131n\u0131lmaz oldu. Engellerin ortadan kalkabilmesi ve ki\u015fisel geli\u015fim i\u00e7in yapmaya \u00e7al\u0131\u015ft\u0131\u011f\u0131m\u0131z her \u00e7al\u0131\u015fma engellilerin engellilerde ortadan kalkmas\u0131na neden oluyor. Bizi \u00f6zellikle antren\u00f6r olarak mutlu eden engelli karde\u015flerimizin \u00f6z g\u00fcvenlerinin tam olarak ortaya \u00e7\u0131kt\u0131\u011f\u0131n\u0131 g\u00f6rmek. Bu noktada bizleri destekleyen ve \u00e7al\u0131\u015fmalar\u0131m\u0131zda bizlere katk\u0131 sunan herkese te\u015fekk\u00fcr ederiz.&#8221;dedi.<\/p>\n","protected":false},"excerpt":{"rendered":"<p>\u00d6ZEL SPORCULAR FEDERASYONUNUN D\u00dcZENLED\u0130\u011e\u0130 MASA TEN\u0130S\u0130 B\u00d6LGE \u015eAMP\u0130YONASINDA KIR\u015eEH\u0130R ENGELS\u0130Z YA\u015eAM BAKIM VE REHAB\u0130L\u0130TASYON MERKEZ\u0130, SPORCUSU M\u0130LL\u0130 TAKIM SE\u00c7MELER\u0130 HAKKI KAZANDI.<\/p>\n","protected":false},"author":1,"featured_media":35821,"comment_status":"closed","ping_status":"open","sticky":false,"template":"","format":"standard","meta":{"jetpack_post_was_ever_published":false,"_jetpack_newsletter_access":"","_jetpack_dont_email_post_to_subs":false,"_jetpack_newsletter_tier_id":0,"_jetpack_memberships_contains_paywalled_content":false,"_jetpack_memberships_contains_paid_content":false,"footnotes":"","jetpack_publicize_message":"","jetpack_publicize_feature_enabled":true,"jetpack_social_post_already_shared":false,"jetpack_social_options":{"image_generator_settings":{"template":"highway","default_image_id":0,"font":"","enabled":false},"version":2}},"categories":[657],"tags":[1073,13510,13509,3801,13508,1055,429,13384,9113,3895,6670,4126],"class_list":["post-35820","post","type-post","status-publish","format-standard","has-post-thumbnail","hentry","category-spor","tag-ozel","tag-hakki","tag-katilma","tag-kazandi","tag-kirsehirli","tag-masa","tag-milli","tag-sampiyonasinda","tag-secmelerine","tag-sporcu","tag-takim","tag-tenisi"],"jetpack_publicize_connections":[],"jetpack_featured_media_url":"https:\/\/i0.wp.com\/www.tvturk.com\/wp-content\/uploads\/2019\/02\/kirsehirli-ozel-sporcu-masa-tenisi-sampiyonasinda-milli-takim-secmelerine-katilma-hakki-kazandi_1c7ff06.jpg?fit=1000%2C562","jetpack_sharing_enabled":true,"jetpack_shortlink":"https:\/\/wp.me\/paKIfm-9jK","_links":{"self":[{"href":"http:\/\/www.tvturk.com\/index.php\/wp-json\/wp\/v2\/posts\/35820","targetHints":{"allow":["GET"]}}],"collection":[{"href":"http:\/\/www.tvturk.com\/index.php\/wp-json\/wp\/v2\/posts"}],"about":[{"href":"http:\/\/www.tvturk.com\/index.php\/wp-json\/wp\/v2\/types\/post"}],"author":[{"embeddable":true,"href":"http:\/\/www.tvturk.com\/index.php\/wp-json\/wp\/v2\/users\/1"}],"replies":[{"embeddable":true,"href":"http:\/\/www.tvturk.com\/index.php\/wp-json\/wp\/v2\/comments?post=35820"}],"version-history":[{"count":0,"href":"http:\/\/www.tvturk.com\/index.php\/wp-json\/wp\/v2\/posts\/35820\/revisions"}],"wp:featuredmedia":[{"embeddable":true,"href":"http:\/\/www.tvturk.com\/index.php\/wp-json\/wp\/v2\/media\/35821"}],"wp:attachment":[{"href":"http:\/\/www.tvturk.com\/index.php\/wp-json\/wp\/v2\/media?parent=35820"}],"wp:term":[{"taxonomy":"category","embeddable":true,"href":"http:\/\/www.tvturk.com\/index.php\/wp-json\/wp\/v2\/categories?post=35820"},{"taxonomy":"post_tag","embeddable":true,"href":"http:\/\/www.tvturk.com\/index.php\/wp-json\/wp\/v2\/tags?post=35820"}],"curies":[{"name":"wp","href":"https:\/\/api.w.org\/{rel}","templated":true}]}}