{"id":36051,"date":"2019-02-15T15:02:23","date_gmt":"2019-02-15T12:02:23","guid":{"rendered":"http:\/\/www.tvturk.com\/index.php\/turk-atletizminin-yildizlari-balkan-sampiyonasinda-birincilik-pesinde\/"},"modified":"2019-02-15T15:02:23","modified_gmt":"2019-02-15T12:02:23","slug":"turk-atletizminin-yildizlari-balkan-sampiyonasinda-birincilik-pesinde","status":"publish","type":"post","link":"http:\/\/www.tvturk.com\/index.php\/turk-atletizminin-yildizlari-balkan-sampiyonasinda-birincilik-pesinde\/","title":{"rendered":"T\u00fcrk atletizminin y\u0131ld\u0131zlar\u0131 Balkan \u015eampiyonas\u0131\u2019nda birincilik pe\u015finde"},"content":{"rendered":"<p>Turkcell ve T\u00fcrkiye Atletizm Federasyonu i\u015f birli\u011finde yeni bir d\u00f6neme giren T\u00fcrk atletizminin y\u0131ld\u0131zlar\u0131, bir kez daha Balkan Salon Atletizm \u015eampiyonas\u0131\u2019nda zirveye \u00e7\u0131kmaya \u00e7al\u0131\u015facak. Ge\u00e7en sene oldu\u011fu gibi bu sene de \u0130stanbul\u2019un ev sahipli\u011finde ger\u00e7ekle\u015fecek organizasyonda 27 erkek, 27 kad\u0131n sporcu T\u00fcrkiye\u2019yi temsil edecek.<\/p>\n<p>Gen\u00e7lik ve Spor Bakanl\u0131\u011f\u0131 himayesinde Turkcell ve T\u00fcrkiye Atletizm Federasyonu i\u015f birli\u011finde yeni bir d\u00f6neme giren T\u00fcrk atletizminin y\u0131ld\u0131zlar\u0131, 24\u2019\u00fcnc\u00fc Balkan Salon Atletizm \u015eampiyonas\u0131\u2019nda birincilik i\u00e7in m\u00fccadele edecek. T\u00fcrkiye\u2019nin, 2012-2016 y\u0131llar\u0131 aras\u0131nda ve ge\u00e7en sene ev sahipli\u011fi yapt\u0131\u011f\u0131 organizasyonun 24\u2019\u00fcnc\u00fcs\u00fc de yar\u0131n (16 \u015eubat) \u0130stanbul\u2019da ger\u00e7ekle\u015fecek.<\/p>\n<p>Daha \u00f6nce 2013, 2014 ve 2015\u2019te erkeklerde, 2012 ve 2015\u2019de de kad\u0131nlarda birinci olan T\u00fcrkiye, bu ba\u015far\u0131lar\u0131n\u0131 yinelemeye \u00e7al\u0131\u015facak. 1-3 Mart\u2019ta Glosgow\u2019da yap\u0131lacak olan Avrupa Salon Atletizm \u015eampiyonas\u0131 i\u00e7in son haz\u0131rl\u0131k ve baraj ge\u00e7me f\u0131rsat\u0131 olacak 24. Balkan Salon Atletizm \u015eampiyonas\u0131\u2019nda T\u00fcrkiye\u2019yi 27\u2019si erkek, 27\u2019si de kad\u0131n olmak \u00fczere 54 sporcu temsil edecek.<\/p>\n<p>24 \u00fclkeden 122 sporcunun kat\u0131laca\u011f\u0131 ve T\u00fcrkiye\u2019nin 7. kez ev sahipli\u011fi yapaca\u011f\u0131 \u015fampiyonada yar\u0131\u015facak atletlerimiz ve yar\u0131\u015facaklar\u0131 disiplinler ise \u015fu \u015fekilde:<\/p>\n<p>Kad\u0131nlar:<\/p>\n<p>60 metre<\/p>\n<p>Mizgin Ay<\/p>\n<p>Burcu Erdemir<\/p>\n<p>400 metre \/ 4&#215;400 metre<\/p>\n<p>Derya Y\u0131ld\u0131r\u0131m<\/p>\n<p>Berfe Sancak<\/p>\n<p>800 metre<\/p>\n<p>Semra Karaslan<\/p>\n<p>Rahime Tekin<\/p>\n<p>1500 metre<\/p>\n<p>Burcu Subatan<\/p>\n<p>Emine Hatun Tuna<\/p>\n<p>3000 metre<\/p>\n<p>Derya Kunur<\/p>\n<p>Kader G\u00fcven\u00e7<\/p>\n<p>60 metre engelli<\/p>\n<p>\u015eevval Avaz<\/p>\n<p>\u00d6zge Soylu<\/p>\n<p>Uzun atlama<\/p>\n<p>Ecem \u00c7alagan<\/p>\n<p>Tu\u011fba Ayd\u0131n<\/p>\n<p>\u00dc\u00e7 ad\u0131m atlama<\/p>\n<p>Beyza Tilki<\/p>\n<p>Tu\u011fba Ayd\u0131n<\/p>\n<p>Y\u00fcksek atlama<\/p>\n<p>Kadriye Ayd\u0131n<\/p>\n<p>Merve Menek\u015fe<\/p>\n<p>S\u0131r\u0131kla atlama<\/p>\n<p>Buse Ar\u0131kazan<\/p>\n<p>B\u00fc\u015fra Pek\u015firin<\/p>\n<p>G\u00fclle atma<\/p>\n<p>Emel Dereli<\/p>\n<p>Aysel Y\u0131lmaz<\/p>\n<p>4&#215;400 metre<\/p>\n<p>Derya Y\u0131ld\u0131r\u0131m<\/p>\n<p>Meryem Keme\u00e7<\/p>\n<p>Yaren A\u00e7ar<\/p>\n<p>Zeynep Kuran<\/p>\n<p>Zehra B\u00f6rek\u00e7i<\/p>\n<p>Erkekler<\/p>\n<p>60 metre<\/p>\n<p>Emre Zafer Barnes<\/p>\n<p>Kayhan \u00d6zer<\/p>\n<p>400 metre \/ 4&#215;400 metre<\/p>\n<p>Yavuz Can<\/p>\n<p>Ak\u0131n \u00d6zy\u00fcrek<\/p>\n<p>Salih Tekg\u00f6z<\/p>\n<p>800 metre<\/p>\n<p>M. Mustafa Helvac\u0131<\/p>\n<p>Abdullah \u00d6zdemir<\/p>\n<p>1500 metre<\/p>\n<p>Abdurrahman Gediklio\u011flu<\/p>\n<p>3000 metre<\/p>\n<p>Hakan \u00c7oban<\/p>\n<p>S\u00fcleyman Bekmezci<\/p>\n<p>60 metre engelli<\/p>\n<p>Mikdat Sevler<\/p>\n<p>Batuhan Bu\u011fra Eruygun<\/p>\n<p>Furkan Akta\u015f<\/p>\n<p>Uzun atlama<\/p>\n<p>Muammer Demir<\/p>\n<p>Emre Dalk\u0131ran<\/p>\n<p>\u00dc\u00e7 ad\u0131m atlama<\/p>\n<p>Can \u00d6z\u00fcpek<\/p>\n<p>Necati Er<\/p>\n<p>Y\u00fcksek atlama<\/p>\n<p>Alperen Acet<\/p>\n<p>Enes Talha \u015eenses<\/p>\n<p>S\u0131r\u0131kla atlama<\/p>\n<p>Ersu Sa\u015fma<\/p>\n<p>\u0130lkay Aydemir<\/p>\n<p>G\u00fclle atma<\/p>\n<p>Osmancan \u00d6zdeveci<\/p>\n<p>Murat G\u00fcnd\u00fcz<\/p>\n<p>4&#215;400 metre<\/p>\n<p>O\u011fuz Akg\u00fcl<\/p>\n<p>Berke Ak\u00e7am<\/p>\n<p>O\u011fuzhan Kaya<\/p>\n<p>K\u00fcbilay En\u00e7\u00fc<\/p>\n","protected":false},"excerpt":{"rendered":"<p>TURKCELL VE T\u00dcRK\u0130YE ATLET\u0130ZM FEDERASYONU \u0130\u015eB\u0130RL\u0130\u011e\u0130NDE YEN\u0130 B\u0130R D\u00d6NEME G\u0130REN T\u00dcRK ATLET\u0130ZM\u0130N\u0130N YILDIZLARI, B\u0130R KEZ DAHA BALKAN SALON ATLET\u0130ZM \u015eAMP\u0130YONASI\u2019NDA Z\u0130RVEYE \u00c7IKMAYA \u00c7ALI\u015eACAK.<\/p>\n","protected":false},"author":1,"featured_media":36052,"comment_status":"closed","ping_status":"open","sticky":false,"template":"","format":"standard","meta":{"jetpack_post_was_ever_published":false,"_jetpack_newsletter_access":"","_jetpack_dont_email_post_to_subs":false,"_jetpack_newsletter_tier_id":0,"_jetpack_memberships_contains_paywalled_content":false,"_jetpack_memberships_contains_paid_content":false,"footnotes":"","jetpack_publicize_message":"","jetpack_publicize_feature_enabled":true,"jetpack_social_post_already_shared":false,"jetpack_social_options":{"image_generator_settings":{"template":"highway","default_image_id":0,"font":"","enabled":false},"version":2}},"categories":[657],"tags":[13548,10049,13550,781,13384,957,13549],"class_list":["post-36051","post","type-post","status-publish","format-standard","has-post-thumbnail","hentry","category-spor","tag-atletizminin","tag-balkan","tag-birincilik","tag-pesinde","tag-sampiyonasinda","tag-turk","tag-yildizlari"],"jetpack_publicize_connections":[],"jetpack_featured_media_url":"https:\/\/i0.wp.com\/www.tvturk.com\/wp-content\/uploads\/2019\/02\/turk-atletizminin-yildizlari-balkan-sampiyonasinda-birincilik-pesinde_7a0e938.jpg?fit=1000%2C642","jetpack_sharing_enabled":true,"jetpack_shortlink":"https:\/\/wp.me\/paKIfm-9nt","_links":{"self":[{"href":"http:\/\/www.tvturk.com\/index.php\/wp-json\/wp\/v2\/posts\/36051","targetHints":{"allow":["GET"]}}],"collection":[{"href":"http:\/\/www.tvturk.com\/index.php\/wp-json\/wp\/v2\/posts"}],"about":[{"href":"http:\/\/www.tvturk.com\/index.php\/wp-json\/wp\/v2\/types\/post"}],"author":[{"embeddable":true,"href":"http:\/\/www.tvturk.com\/index.php\/wp-json\/wp\/v2\/users\/1"}],"replies":[{"embeddable":true,"href":"http:\/\/www.tvturk.com\/index.php\/wp-json\/wp\/v2\/comments?post=36051"}],"version-history":[{"count":0,"href":"http:\/\/www.tvturk.com\/index.php\/wp-json\/wp\/v2\/posts\/36051\/revisions"}],"wp:featuredmedia":[{"embeddable":true,"href":"http:\/\/www.tvturk.com\/index.php\/wp-json\/wp\/v2\/media\/36052"}],"wp:attachment":[{"href":"http:\/\/www.tvturk.com\/index.php\/wp-json\/wp\/v2\/media?parent=36051"}],"wp:term":[{"taxonomy":"category","embeddable":true,"href":"http:\/\/www.tvturk.com\/index.php\/wp-json\/wp\/v2\/categories?post=36051"},{"taxonomy":"post_tag","embeddable":true,"href":"http:\/\/www.tvturk.com\/index.php\/wp-json\/wp\/v2\/tags?post=36051"}],"curies":[{"name":"wp","href":"https:\/\/api.w.org\/{rel}","templated":true}]}}