{"id":36108,"date":"2019-02-15T15:21:03","date_gmt":"2019-02-15T12:21:03","guid":{"rendered":"http:\/\/www.tvturk.com\/index.php\/kontrolden-cikan-otomobil-refuje-daldi-2-yarali\/"},"modified":"2019-02-15T15:21:05","modified_gmt":"2019-02-15T12:21:05","slug":"kontrolden-cikan-otomobil-refuje-daldi-2-yarali","status":"publish","type":"post","link":"http:\/\/www.tvturk.com\/index.php\/kontrolden-cikan-otomobil-refuje-daldi-2-yarali\/","title":{"rendered":"Kontrolden \u00e7\u0131kan otomobil ref\u00fcje dald\u0131: 2 yaral\u0131"},"content":{"rendered":"<p>Isparta\u2019da s\u00fcr\u00fcc\u00fcs\u00fcn\u00fcn kontrol\u00fcn\u00fc kaybetti\u011fi otomobilin ref\u00fcje girmesi sonucu meydana gelen trafik kazas\u0131nda 2 ki\u015fi yaraland\u0131.<\/p>\n<p>Edinilen bilgiye g\u00f6re kaza, bug\u00fcn saat 14.00 s\u0131ralar\u0131nda Isparta-Antalya karayolunun 12.kilometresinde meydana geldi. \u0130ddiaya g\u00f6re, Birg\u00fcl E. y\u00f6netimindeki 35 PR 140 plakal\u0131 otomobil, Antalya istikametinden Isparta y\u00f6n\u00fcne seyretti\u011fi s\u0131rada s\u00fcr\u00fcc\u00fcn\u00fcn direksiyon hakimiyetini kaybetmesi sonucu kontrolden \u00e7\u0131kt\u0131. Otomobil ref\u00fcje girdikten sonra bariyerlerin aras\u0131ndaki b\u00f6l\u00fcme inerek durabildi. Kazada s\u00fcr\u00fcc\u00fc Birg\u00fcl E. ile birlikte yolcu olarak bulunan Fatma D. yaraland\u0131. Durumun haber verilmesiyle birlikte olay yerine sevk edilen 112 acil servis ekipleri, yap\u0131lan ilk m\u00fcdahalenin ard\u0131ndan yaral\u0131lar\u0131 hastaneye sevk etti.<\/p>\n<p>Yaral\u0131lar\u0131n sa\u011fl\u0131k durumlar\u0131n\u0131n iyi oldu\u011fu belirtilirken, kazayla ilgili tahkikat ba\u015flat\u0131ld\u0131.<div class=\"tiled-gallery type-rectangular tiled-gallery-unresized\" data-original-width=\"500\" data-carousel-extra='null' itemscope itemtype=\"http:\/\/schema.org\/ImageGallery\" > <div class=\"gallery-row\" style=\"width: 500px; height: 221px;\" data-original-width=\"500\" data-original-height=\"221\" > <div class=\"gallery-group images-1\" style=\"width: 167px; height: 221px;\" data-original-width=\"167\" data-original-height=\"221\" > <div class=\"tiled-gallery-item tiled-gallery-item-small\" itemprop=\"associatedMedia\" itemscope itemtype=\"http:\/\/schema.org\/ImageObject\"> <a href=\"http:\/\/www.tvturk.com\/index.php\/kontrolden-cikan-otomobil-refuje-daldi-2-yarali\/kontrolden-cikan-otomobil-refuje-daldi-2-yarali-3\/\" border=\"0\" itemprop=\"url\"> <meta itemprop=\"width\" content=\"163\"> <meta itemprop=\"height\" content=\"217\"> <img decoding=\"async\" class=\"\" data-attachment-id=\"36110\" data-orig-file=\"http:\/\/www.tvturk.com\/wp-content\/uploads\/2019\/02\/kontrolden-cikan-otomobil-refuje-daldi-2-yarali_8950313.jpg\" data-orig-size=\"750,1000\" data-comments-opened=\"\" data-image-meta=\"{&quot;aperture&quot;:&quot;0&quot;,&quot;credit&quot;:&quot;IHA&quot;,&quot;camera&quot;:&quot;&quot;,&quot;caption&quot;:&quot;ISPARTA\\u2019DA KONTROLDEN \\u00c7IKAN OTOMOB\\u0130L\\u0130N REF\\u00dcJE G\\u0130RMES\\u0130 SONUCU MEYDANA GELEN TRAF\\u0130K KAZASINDA 2 K\\u0130\\u015e\\u0130 YARALANDI. (FET\\u0130 KILI\\u00c7\\\/ISPARTA-\\u0130HA)&quot;,&quot;created_timestamp&quot;:&quot;0&quot;,&quot;copyright&quot;:&quot;\\u0130HLAS HABER AJANSI, www.iha.com.tr&quot;,&quot;focal_length&quot;:&quot;0&quot;,&quot;iso&quot;:&quot;0&quot;,&quot;shutter_speed&quot;:&quot;0&quot;,&quot;title&quot;:&quot;KONTROLDEN \\u00c7IKAN OTOMOB\\u0130L REF\\u00dcJE DALDI: 2 YARALI&quot;,&quot;orientation&quot;:&quot;0&quot;}\" data-image-title=\"Kontrolden \u00e7\u0131kan otomobil ref\u00fcje dald\u0131: 2 yaral\u0131\" data-image-description=\"&lt;p&gt;Kontrolden \u00e7\u0131kan otomobil ref\u00fcje dald\u0131: 2 yaral\u0131&lt;\/p&gt; \" data-medium-file=\"https:\/\/i0.wp.com\/www.tvturk.com\/wp-content\/uploads\/2019\/02\/kontrolden-cikan-otomobil-refuje-daldi-2-yarali_8950313.jpg?fit=225%2C300\" data-large-file=\"https:\/\/i0.wp.com\/www.tvturk.com\/wp-content\/uploads\/2019\/02\/kontrolden-cikan-otomobil-refuje-daldi-2-yarali_8950313.jpg?fit=750%2C1000\" src=\"https:\/\/i0.wp.com\/www.tvturk.com\/wp-content\/uploads\/2019\/02\/kontrolden-cikan-otomobil-refuje-daldi-2-yarali_8950313.jpg?w=163&#038;h=217\" srcset=\"https:\/\/i0.wp.com\/www.tvturk.com\/wp-content\/uploads\/2019\/02\/kontrolden-cikan-otomobil-refuje-daldi-2-yarali_8950313.jpg?w=750 750w, https:\/\/i0.wp.com\/www.tvturk.com\/wp-content\/uploads\/2019\/02\/kontrolden-cikan-otomobil-refuje-daldi-2-yarali_8950313.jpg?resize=113%2C150 113w, https:\/\/i0.wp.com\/www.tvturk.com\/wp-content\/uploads\/2019\/02\/kontrolden-cikan-otomobil-refuje-daldi-2-yarali_8950313.jpg?resize=225%2C300 225w\" width=\"163\" height=\"217\" loading=\"lazy\" data-original-width=\"163\" data-original-height=\"217\" itemprop=\"http:\/\/schema.org\/image\" title=\"Kontrolden \u00e7\u0131kan otomobil ref\u00fcje dald\u0131: 2 yaral\u0131\" alt=\"Kontrolden \u00e7\u0131kan otomobil ref\u00fcje dald\u0131: 2 yaral\u0131\" style=\"width: 163px; height: 217px;\" \/> <\/a> <\/div> <\/div> <!-- close group --> <div class=\"gallery-group images-1\" style=\"width: 167px; height: 221px;\" data-original-width=\"167\" data-original-height=\"221\" > <div class=\"tiled-gallery-item tiled-gallery-item-small\" itemprop=\"associatedMedia\" itemscope itemtype=\"http:\/\/schema.org\/ImageObject\"> <a href=\"http:\/\/www.tvturk.com\/index.php\/kontrolden-cikan-otomobil-refuje-daldi-2-yarali\/kontrolden-cikan-otomobil-refuje-daldi-2-yarali-4\/\" border=\"0\" itemprop=\"url\"> <meta itemprop=\"width\" content=\"163\"> <meta itemprop=\"height\" content=\"217\"> <img decoding=\"async\" class=\"\" data-attachment-id=\"36111\" data-orig-file=\"http:\/\/www.tvturk.com\/wp-content\/uploads\/2019\/02\/kontrolden-cikan-otomobil-refuje-daldi-2-yarali_d4786c3.jpg\" data-orig-size=\"750,1000\" data-comments-opened=\"\" data-image-meta=\"{&quot;aperture&quot;:&quot;0&quot;,&quot;credit&quot;:&quot;IHA&quot;,&quot;camera&quot;:&quot;&quot;,&quot;caption&quot;:&quot;ISPARTA\\u2019DA KONTROLDEN \\u00c7IKAN OTOMOB\\u0130L\\u0130N REF\\u00dcJE G\\u0130RMES\\u0130 SONUCU MEYDANA GELEN TRAF\\u0130K KAZASINDA 2 K\\u0130\\u015e\\u0130 YARALANDI. (FET\\u0130 KILI\\u00c7\\\/ISPARTA-\\u0130HA)&quot;,&quot;created_timestamp&quot;:&quot;0&quot;,&quot;copyright&quot;:&quot;\\u0130HLAS HABER AJANSI, www.iha.com.tr&quot;,&quot;focal_length&quot;:&quot;0&quot;,&quot;iso&quot;:&quot;0&quot;,&quot;shutter_speed&quot;:&quot;0&quot;,&quot;title&quot;:&quot;KONTROLDEN \\u00c7IKAN OTOMOB\\u0130L REF\\u00dcJE DALDI: 2 YARALI&quot;,&quot;orientation&quot;:&quot;0&quot;}\" data-image-title=\"Kontrolden \u00e7\u0131kan otomobil ref\u00fcje dald\u0131: 2 yaral\u0131\" data-image-description=\"&lt;p&gt;Kontrolden \u00e7\u0131kan otomobil ref\u00fcje dald\u0131: 2 yaral\u0131&lt;\/p&gt; \" data-medium-file=\"https:\/\/i0.wp.com\/www.tvturk.com\/wp-content\/uploads\/2019\/02\/kontrolden-cikan-otomobil-refuje-daldi-2-yarali_d4786c3.jpg?fit=225%2C300\" data-large-file=\"https:\/\/i0.wp.com\/www.tvturk.com\/wp-content\/uploads\/2019\/02\/kontrolden-cikan-otomobil-refuje-daldi-2-yarali_d4786c3.jpg?fit=750%2C1000\" src=\"https:\/\/i0.wp.com\/www.tvturk.com\/wp-content\/uploads\/2019\/02\/kontrolden-cikan-otomobil-refuje-daldi-2-yarali_d4786c3.jpg?w=163&#038;h=217\" srcset=\"https:\/\/i0.wp.com\/www.tvturk.com\/wp-content\/uploads\/2019\/02\/kontrolden-cikan-otomobil-refuje-daldi-2-yarali_d4786c3.jpg?w=750 750w, https:\/\/i0.wp.com\/www.tvturk.com\/wp-content\/uploads\/2019\/02\/kontrolden-cikan-otomobil-refuje-daldi-2-yarali_d4786c3.jpg?resize=113%2C150 113w, https:\/\/i0.wp.com\/www.tvturk.com\/wp-content\/uploads\/2019\/02\/kontrolden-cikan-otomobil-refuje-daldi-2-yarali_d4786c3.jpg?resize=225%2C300 225w\" width=\"163\" height=\"217\" loading=\"lazy\" data-original-width=\"163\" data-original-height=\"217\" itemprop=\"http:\/\/schema.org\/image\" title=\"Kontrolden \u00e7\u0131kan otomobil ref\u00fcje dald\u0131: 2 yaral\u0131\" alt=\"Kontrolden \u00e7\u0131kan otomobil ref\u00fcje dald\u0131: 2 yaral\u0131\" style=\"width: 163px; height: 217px;\" \/> <\/a> <\/div> <\/div> <!-- close group --> <div class=\"gallery-group images-1\" style=\"width: 166px; height: 221px;\" data-original-width=\"166\" data-original-height=\"221\" > <div class=\"tiled-gallery-item tiled-gallery-item-small\" itemprop=\"associatedMedia\" itemscope itemtype=\"http:\/\/schema.org\/ImageObject\"> <a href=\"http:\/\/www.tvturk.com\/index.php\/kontrolden-cikan-otomobil-refuje-daldi-2-yarali\/kontrolden-cikan-otomobil-refuje-daldi-2-yarali-5\/\" border=\"0\" itemprop=\"url\"> <meta itemprop=\"width\" content=\"162\"> <meta itemprop=\"height\" content=\"217\"> <img decoding=\"async\" class=\"\" data-attachment-id=\"36112\" data-orig-file=\"http:\/\/www.tvturk.com\/wp-content\/uploads\/2019\/02\/kontrolden-cikan-otomobil-refuje-daldi-2-yarali_52e9102.jpg\" data-orig-size=\"750,1000\" data-comments-opened=\"\" data-image-meta=\"{&quot;aperture&quot;:&quot;0&quot;,&quot;credit&quot;:&quot;IHA&quot;,&quot;camera&quot;:&quot;&quot;,&quot;caption&quot;:&quot;ISPARTA\\u2019DA KONTROLDEN \\u00c7IKAN OTOMOB\\u0130L\\u0130N REF\\u00dcJE G\\u0130RMES\\u0130 SONUCU MEYDANA GELEN TRAF\\u0130K KAZASINDA 2 K\\u0130\\u015e\\u0130 YARALANDI. (FET\\u0130 KILI\\u00c7\\\/ISPARTA-\\u0130HA)&quot;,&quot;created_timestamp&quot;:&quot;0&quot;,&quot;copyright&quot;:&quot;\\u0130HLAS HABER AJANSI, www.iha.com.tr&quot;,&quot;focal_length&quot;:&quot;0&quot;,&quot;iso&quot;:&quot;0&quot;,&quot;shutter_speed&quot;:&quot;0&quot;,&quot;title&quot;:&quot;KONTROLDEN \\u00c7IKAN OTOMOB\\u0130L REF\\u00dcJE DALDI: 2 YARALI&quot;,&quot;orientation&quot;:&quot;0&quot;}\" data-image-title=\"Kontrolden \u00e7\u0131kan otomobil ref\u00fcje dald\u0131: 2 yaral\u0131\" data-image-description=\"&lt;p&gt;Kontrolden \u00e7\u0131kan otomobil ref\u00fcje dald\u0131: 2 yaral\u0131&lt;\/p&gt; \" data-medium-file=\"https:\/\/i0.wp.com\/www.tvturk.com\/wp-content\/uploads\/2019\/02\/kontrolden-cikan-otomobil-refuje-daldi-2-yarali_52e9102.jpg?fit=225%2C300\" data-large-file=\"https:\/\/i0.wp.com\/www.tvturk.com\/wp-content\/uploads\/2019\/02\/kontrolden-cikan-otomobil-refuje-daldi-2-yarali_52e9102.jpg?fit=750%2C1000\" src=\"https:\/\/i0.wp.com\/www.tvturk.com\/wp-content\/uploads\/2019\/02\/kontrolden-cikan-otomobil-refuje-daldi-2-yarali_52e9102.jpg?w=162&#038;h=217\" srcset=\"https:\/\/i0.wp.com\/www.tvturk.com\/wp-content\/uploads\/2019\/02\/kontrolden-cikan-otomobil-refuje-daldi-2-yarali_52e9102.jpg?w=750 750w, https:\/\/i0.wp.com\/www.tvturk.com\/wp-content\/uploads\/2019\/02\/kontrolden-cikan-otomobil-refuje-daldi-2-yarali_52e9102.jpg?resize=113%2C150 113w, https:\/\/i0.wp.com\/www.tvturk.com\/wp-content\/uploads\/2019\/02\/kontrolden-cikan-otomobil-refuje-daldi-2-yarali_52e9102.jpg?resize=225%2C300 225w\" width=\"162\" height=\"217\" loading=\"lazy\" data-original-width=\"162\" data-original-height=\"217\" itemprop=\"http:\/\/schema.org\/image\" title=\"Kontrolden \u00e7\u0131kan otomobil ref\u00fcje dald\u0131: 2 yaral\u0131\" alt=\"Kontrolden \u00e7\u0131kan otomobil ref\u00fcje dald\u0131: 2 yaral\u0131\" style=\"width: 162px; height: 217px;\" \/> <\/a> <\/div> <\/div> <!-- close group --> <\/div> <!-- close row --> <\/div><\/p>\n","protected":false},"excerpt":{"rendered":"<p>ISPARTA\u2019DA KONTROLDEN \u00c7IKAN OTOMOB\u0130L\u0130N REF\u00dcJE G\u0130RMES\u0130 SONUCU MEYDANA GELEN TRAF\u0130K KAZASINDA 2 K\u0130\u015e\u0130 YARALANDI.<\/p>\n","protected":false},"author":1,"featured_media":36109,"comment_status":"closed","ping_status":"open","sticky":false,"template":"","format":"standard","meta":{"jetpack_post_was_ever_published":false,"_jetpack_newsletter_access":"","_jetpack_dont_email_post_to_subs":false,"_jetpack_newsletter_tier_id":0,"_jetpack_memberships_contains_paywalled_content":false,"_jetpack_memberships_contains_paid_content":false,"footnotes":"","jetpack_publicize_message":"","jetpack_publicize_feature_enabled":true,"jetpack_social_post_already_shared":false,"jetpack_social_options":{"image_generator_settings":{"template":"highway","default_image_id":0,"font":"","enabled":false},"version":2}},"categories":[655],"tags":[2114,837,3838,2873,13564,774],"class_list":["post-36108","post","type-post","status-publish","format-standard","has-post-thumbnail","hentry","category-son-dakika","tag-cikan","tag-daldi","tag-kontrolden","tag-otomobil","tag-refuje","tag-yarali"],"jetpack_publicize_connections":[],"jetpack_featured_media_url":"https:\/\/i0.wp.com\/www.tvturk.com\/wp-content\/uploads\/2019\/02\/kontrolden-cikan-otomobil-refuje-daldi-2-yarali_9abfcfa.jpg?fit=750%2C1000","jetpack_sharing_enabled":true,"jetpack_shortlink":"https:\/\/wp.me\/paKIfm-9oo","_links":{"self":[{"href":"http:\/\/www.tvturk.com\/index.php\/wp-json\/wp\/v2\/posts\/36108","targetHints":{"allow":["GET"]}}],"collection":[{"href":"http:\/\/www.tvturk.com\/index.php\/wp-json\/wp\/v2\/posts"}],"about":[{"href":"http:\/\/www.tvturk.com\/index.php\/wp-json\/wp\/v2\/types\/post"}],"author":[{"embeddable":true,"href":"http:\/\/www.tvturk.com\/index.php\/wp-json\/wp\/v2\/users\/1"}],"replies":[{"embeddable":true,"href":"http:\/\/www.tvturk.com\/index.php\/wp-json\/wp\/v2\/comments?post=36108"}],"version-history":[{"count":1,"href":"http:\/\/www.tvturk.com\/index.php\/wp-json\/wp\/v2\/posts\/36108\/revisions"}],"predecessor-version":[{"id":36113,"href":"http:\/\/www.tvturk.com\/index.php\/wp-json\/wp\/v2\/posts\/36108\/revisions\/36113"}],"wp:featuredmedia":[{"embeddable":true,"href":"http:\/\/www.tvturk.com\/index.php\/wp-json\/wp\/v2\/media\/36109"}],"wp:attachment":[{"href":"http:\/\/www.tvturk.com\/index.php\/wp-json\/wp\/v2\/media?parent=36108"}],"wp:term":[{"taxonomy":"category","embeddable":true,"href":"http:\/\/www.tvturk.com\/index.php\/wp-json\/wp\/v2\/categories?post=36108"},{"taxonomy":"post_tag","embeddable":true,"href":"http:\/\/www.tvturk.com\/index.php\/wp-json\/wp\/v2\/tags?post=36108"}],"curies":[{"name":"wp","href":"https:\/\/api.w.org\/{rel}","templated":true}]}}