{"id":36118,"date":"2019-02-15T15:21:10","date_gmt":"2019-02-15T12:21:10","guid":{"rendered":"http:\/\/www.tvturk.com\/index.php\/manisa-eczaci-odasindan-ilac-stoku-aciklamasi\/"},"modified":"2019-02-15T15:21:12","modified_gmt":"2019-02-15T12:21:12","slug":"manisa-eczaci-odasindan-ilac-stoku-aciklamasi","status":"publish","type":"post","link":"http:\/\/www.tvturk.com\/index.php\/manisa-eczaci-odasindan-ilac-stoku-aciklamasi\/","title":{"rendered":"Manisa Eczac\u0131 Odas\u0131ndan ila\u00e7 stoku a\u00e7\u0131klamas\u0131"},"content":{"rendered":"<p>T\u00fcrk Eczac\u0131lar\u0131 Birli\u011fi (TEB) 29. B\u00f6lge Manisa Eczac\u0131 Odas\u0131 Ba\u015fkan\u0131 Devrim Bal\u0131, son g\u00fcnlerde ilaca eri\u015fim konusunda s\u0131k\u0131nt\u0131 ya\u015fad\u0131klar\u0131n\u0131 belirterek, \u201cBiz, hastalarla her g\u00fcn kar\u015f\u0131 kar\u015f\u0131ya geliyoruz. Gelin bak\u0131n eczanelerde antibiyotik bulam\u0131yoruz. Bug\u00fcn salg\u0131nlar var. G\u00fcnde 150 tane ayn\u0131 ila\u00e7tan yaz\u0131l\u0131yor. Raf\u0131mda benim 2 tane var. Hangi birine vereceksin\u201d dedi.<\/p>\n<p>TEB 29. B\u00f6lge Manisa Eczac\u0131 Odas\u0131, bir s\u00fcredir vatanda\u015flar\u0131n ilaca eri\u015fim konusunda ya\u015fad\u0131klar\u0131 s\u0131k\u0131nt\u0131lar ve eczac\u0131lar\u0131n fiyat y\u00fckselmesi beklentisiyle stok\u00e7ulu\u011fa y\u00f6neldi\u011fi haberleriyle ilgili a\u00e7\u0131klama yapt\u0131. 29. B\u00f6lge Manisa Eczac\u0131 Odas\u0131 Ba\u015fkan\u0131 Devrim Bal\u0131, yakla\u015f\u0131k 2 ayd\u0131r ilaca eri\u015fim konusunda s\u0131k\u0131nt\u0131 oldu\u011funu belirterek, \u201cBunun tabii birka\u00e7 tane nedeni var. \u00d6zellikle son 2 ay \u00f6ncesinden ba\u015flayan \u2018ilaca zam gelecek\u2019 s\u00f6ylentisi ilaca eri\u015fimde s\u0131k\u0131nt\u0131 olu\u015fturdu. Eczac\u0131lar stok yapmaz. Eczac\u0131lar, ilac\u0131 depoda bulup halka ula\u015ft\u0131rmakla g\u00f6revli ve bu konuda etik de\u011ferleri olan, mesle\u011fe ba\u015flarken eczac\u0131l\u0131k yeminiyle halka sa\u011fl\u0131k hizmeti sunaca\u011f\u0131n\u0131 belirtmi\u015f bir mesle\u011fin mensuplar\u0131d\u0131r. Bizim elimizde bulunan b\u00fct\u00fcn ila\u00e7lar \u2018ila\u00e7 takip sistemi\u2019 taraf\u0131ndan izlenmektedir. Zaten elimizde bir ila\u00e7 olsa ve bunu stoklam\u0131\u015f olsa \u0130l M\u00fcd\u00fcrl\u00fckleri ve Sa\u011fl\u0131k Bakanl\u0131\u011f\u0131 taraf\u0131ndan bu ila\u00e7lar an\u0131nda g\u00f6r\u00fclebilmektedir. Eczanelerin \u00fczerine at\u0131lan stok\u00e7uluk ila\u00e7lar\u0131 saklay\u0131p zamdan sonra satacaklar\u0131 gibi yaftalar\u0131 hi\u00e7bir \u015fekilde biz kabul etmiyoruz. 13 \u015eubat tarihinde Bakan\u0131m\u0131z\u0131n \u2018ilaca zam gelecek\u2019 diye bir a\u00e7\u0131klamas\u0131 oldu. Bu a\u00e7\u0131klamadan sonra s\u0131k\u0131nt\u0131lar\u0131m\u0131z tepe noktas\u0131na \u00e7\u0131kt\u0131. Uzun s\u00fcredir ila\u00e7lara ula\u015fam\u0131yorduk ama son iki \u00fc\u00e7 g\u00fcnd\u00fcr hi\u00e7bir \u015fekilde ila\u00e7 bulam\u0131yoruz. Basit a\u011fr\u0131 kesiciler bile depodan bir veya iki adet \u015feklinde geliyor. Depo say\u0131s\u0131 s\u0131n\u0131rl\u0131. Biz Sa\u011fl\u0131k Bakanl\u0131\u011f\u0131n\u0131, \u0130l Sa\u011fl\u0131k M\u00fcd\u00fcrlerini ve bu konuda yetkili kim varsa \u00f6ncelikle eczanelerin \u00fczerine bir \u00e7izgi \u00e7ekip, depolar ve firmalara s\u0131k\u0131 bir denetim yapmaya davet ediyoruz\u201d dedi.<\/p>\n<p>\u0130la\u00e7 s\u0131k\u0131nt\u0131s\u0131n\u0131n \u00fcretici firmalardan kaynakland\u0131\u011f\u0131n\u0131 ifade eden Bal\u0131, a\u00e7\u0131klamas\u0131na \u015f\u00f6yle devam etti:<\/p>\n<p>&#8220;\u00dcretici firmalar zaten y\u0131llard\u0131r euro kuruna g\u00f6re fiyat veriyorlar. Euro kuru 2,69\u2019du, \u015fimdi 3,40\u2019lara \u00e7\u0131kacak. Onlar euro kurunun g\u00fcncel olmas\u0131n\u0131 istiyorlar. Daha da \u00e7ok bir zam istiyorlar. Bu y\u00fczden yeterli miktarda yollam\u0131yorlar. Depo aya\u011f\u0131nda bu miktar kesiliyor. Eczaneler ele\u011fin en alt\u0131nda bulunuyor. \u00d6yle az ila\u00e7 geliyor ki i\u015fin sonunda denetimler yap\u0131ld\u0131. T\u00fcrkiye\u2019de binlerce eczane denetlendi. 32 eczane stok\u00e7uluk ile su\u00e7land\u0131. Bizim rakamlar\u0131m\u0131z do\u011frultusunda binde birlere geliyor ama biz bunu bile kabul etmiyoruz. Biz hastalarla her g\u00fcn kar\u015f\u0131 kar\u015f\u0131ya geliyoruz. Gelin bak\u0131n eczanelerde antibiyotik bulam\u0131yoruz. Bug\u00fcn salg\u0131nlar var. G\u00fcnde 150 tane ayn\u0131 ila\u00e7tan yaz\u0131l\u0131yor. Raf\u0131mda benim 2 tane var. Hangi birine vereceksin.&#8221;<\/p>\n<p>Oda hizmet binas\u0131nda ger\u00e7ekle\u015ftirilen bas\u0131n a\u00e7\u0131klamas\u0131na T\u00fcrk Eczac\u0131lar\u0131 Birli\u011fi Merkez Heyeti \u00dcyesi Cem Merc\u00fcl ve oda y\u00f6netim kurulu \u00fcyeleri kat\u0131ld\u0131.<div class=\"tiled-gallery type-rectangular tiled-gallery-unresized\" data-original-width=\"500\" data-carousel-extra='null' itemscope itemtype=\"http:\/\/schema.org\/ImageGallery\" > <div class=\"gallery-row\" style=\"width: 500px; height: 526px;\" data-original-width=\"500\" data-original-height=\"526\" > <div class=\"gallery-group images-1\" style=\"width: 500px; height: 526px;\" data-original-width=\"500\" data-original-height=\"526\" > <div class=\"tiled-gallery-item tiled-gallery-item-large\" itemprop=\"associatedMedia\" itemscope itemtype=\"http:\/\/schema.org\/ImageObject\"> <a href=\"http:\/\/www.tvturk.com\/index.php\/manisa-eczaci-odasindan-ilac-stoku-aciklamasi\/manisa-eczaci-odasindan-ilac-stoku-aciklamasi-3\/\" border=\"0\" itemprop=\"url\"> <meta itemprop=\"width\" content=\"496\"> <meta itemprop=\"height\" content=\"522\"> <img decoding=\"async\" class=\"\" data-attachment-id=\"36120\" data-orig-file=\"http:\/\/www.tvturk.com\/wp-content\/uploads\/2019\/02\/manisa-eczaci-odasindan-ilac-stoku-aciklamasi_408e3af.jpg\" data-orig-size=\"950,1000\" data-comments-opened=\"\" data-image-meta=\"{&quot;aperture&quot;:&quot;0&quot;,&quot;credit&quot;:&quot;IHA&quot;,&quot;camera&quot;:&quot;&quot;,&quot;caption&quot;:&quot;T\\u00dcRK ECZACILARI B\\u0130RL\\u0130\\u011e\\u0130 (TEB) 29. B\\u00d6LGE MAN\\u0130SA ECZACI ODASI BA\\u015eKANI DEVR\\u0130M BALI, SON G\\u00dcNLERDE \\u0130LACA ER\\u0130\\u015e\\u0130M KONUSUNDA SIKINTI YA\\u015eADIKLARINI BEL\\u0130RTEREK, \\u201cB\\u0130Z, HASTALARLA HER G\\u00dcN KAR\\u015eI KAR\\u015eIYA GEL\\u0130YORUZ. GEL\\u0130N BAKIN ECZANELERDE ANT\\u0130B\\u0130YOT\\u0130K BULAMIYORUZ. BUG\\u00dcN SALGINLAR VAR. G\\u00dcNDE 150 TANE AYNI \\u0130LA\\u00c7TAN YAZILIYOR. RAFIMDA BEN\\u0130M 2 TANE VAR. HANG\\u0130 B\\u0130R\\u0130NE VERECEKS\\u0130N\\u201d DED\\u0130. (\\u00d6NDER AYDIN\\\/MAN\\u0130SA-\\u0130HA)&quot;,&quot;created_timestamp&quot;:&quot;0&quot;,&quot;copyright&quot;:&quot;\\u0130HLAS HABER AJANSI, www.iha.com.tr&quot;,&quot;focal_length&quot;:&quot;0&quot;,&quot;iso&quot;:&quot;0&quot;,&quot;shutter_speed&quot;:&quot;0&quot;,&quot;title&quot;:&quot;MAN\\u0130SA ECZACI ODASINDAN \\u0130LA\\u00c7 STOKU A\\u00c7IKLAMASI T\\u00dcRK ECZACILARI B\\u0130RL\\u0130\\u011e\\u0130 29. B\\u00d6LGE MAN\\u0130SA ECZACI ODASI BA\\u015eKANI DEVR\\u0130M BALI: \\u201cUZUN S\\u00dcRED\\u0130R \\u0130LA\\u00c7LARA ULA\\u015eAMIYORDUK AMA SON \\u0130K\\u0130 \\u00dc\\u00c7 G\\u00dcND\\u00dcR H\\u0130\\u00c7B\\u0130R \\u015eEK\\u0130LDE \\u0130LA\\u00c7 BULAMIYORUZ. BAS\\u0130T A\\u011eRI KES\\u0130C\\u0130LER B\\u0130LE DEPODAN B\\u0130R VEYA \\u0130K\\u0130 ADET \\u015eEKL\\u0130NDE GEL\\u0130YOR\\u201d&quot;,&quot;orientation&quot;:&quot;0&quot;}\" data-image-title=\"Manisa Eczac\u0131 Odas\u0131ndan ila\u00e7 stoku a\u00e7\u0131klamas\u0131\" data-image-description=\"&lt;p&gt;Manisa Eczac\u0131 Odas\u0131ndan ila\u00e7 stoku a\u00e7\u0131klamas\u0131&lt;\/p&gt; \" data-medium-file=\"https:\/\/i0.wp.com\/www.tvturk.com\/wp-content\/uploads\/2019\/02\/manisa-eczaci-odasindan-ilac-stoku-aciklamasi_408e3af.jpg?fit=285%2C300\" data-large-file=\"https:\/\/i0.wp.com\/www.tvturk.com\/wp-content\/uploads\/2019\/02\/manisa-eczaci-odasindan-ilac-stoku-aciklamasi_408e3af.jpg?fit=950%2C1000\" src=\"https:\/\/i0.wp.com\/www.tvturk.com\/wp-content\/uploads\/2019\/02\/manisa-eczaci-odasindan-ilac-stoku-aciklamasi_408e3af.jpg?w=496&#038;h=522\" srcset=\"https:\/\/i0.wp.com\/www.tvturk.com\/wp-content\/uploads\/2019\/02\/manisa-eczaci-odasindan-ilac-stoku-aciklamasi_408e3af.jpg?w=950 950w, https:\/\/i0.wp.com\/www.tvturk.com\/wp-content\/uploads\/2019\/02\/manisa-eczaci-odasindan-ilac-stoku-aciklamasi_408e3af.jpg?resize=143%2C150 143w, https:\/\/i0.wp.com\/www.tvturk.com\/wp-content\/uploads\/2019\/02\/manisa-eczaci-odasindan-ilac-stoku-aciklamasi_408e3af.jpg?resize=285%2C300 285w, https:\/\/i0.wp.com\/www.tvturk.com\/wp-content\/uploads\/2019\/02\/manisa-eczaci-odasindan-ilac-stoku-aciklamasi_408e3af.jpg?resize=768%2C808 768w\" width=\"496\" height=\"522\" loading=\"lazy\" data-original-width=\"496\" data-original-height=\"522\" itemprop=\"http:\/\/schema.org\/image\" title=\"Manisa Eczac\u0131 Odas\u0131ndan ila\u00e7 stoku a\u00e7\u0131klamas\u0131\" alt=\"Manisa Eczac\u0131 Odas\u0131ndan ila\u00e7 stoku a\u00e7\u0131klamas\u0131\" style=\"width: 496px; height: 522px;\" \/> <\/a> <\/div> <\/div> <!-- close group --> <\/div> <!-- close row --> <\/div><\/p>\n","protected":false},"excerpt":{"rendered":"<p>TEB 29. B\u00d6LGE MAN\u0130SA ECZACI ODASI, B\u0130R S\u00dcRED\u0130R VATANDA\u015eLARIN \u0130LACA ER\u0130\u015e\u0130M KONUSUNDA YA\u015eADIKLARI SIKINTILAR VE ECZACILARIN F\u0130YAT Y\u00dcKSELMES\u0130 BEKLENT\u0130S\u0130YLE STOK\u00c7ULU\u011eA Y\u00d6NELD\u0130\u011e\u0130 HABERLER\u0130YLE \u0130LG\u0130L\u0130 A\u00c7IKLAMA YAPTI.<\/p>\n","protected":false},"author":1,"featured_media":36119,"comment_status":"closed","ping_status":"open","sticky":false,"template":"","format":"standard","meta":{"jetpack_post_was_ever_published":false,"_jetpack_newsletter_access":"","_jetpack_dont_email_post_to_subs":false,"_jetpack_newsletter_tier_id":0,"_jetpack_memberships_contains_paywalled_content":false,"_jetpack_memberships_contains_paid_content":false,"footnotes":"","jetpack_publicize_message":"","jetpack_publicize_feature_enabled":true,"jetpack_social_post_already_shared":false,"jetpack_social_options":{"image_generator_settings":{"template":"highway","default_image_id":0,"font":"","enabled":false},"version":2}},"categories":[655],"tags":[1072,13567,3712,2618,1426,13568],"class_list":["post-36118","post","type-post","status-publish","format-standard","has-post-thumbnail","hentry","category-son-dakika","tag-aciklamasi","tag-eczaci","tag-ilac","tag-manisa","tag-odasindan","tag-stoku"],"jetpack_publicize_connections":[],"jetpack_featured_media_url":"https:\/\/i0.wp.com\/www.tvturk.com\/wp-content\/uploads\/2019\/02\/manisa-eczaci-odasindan-ilac-stoku-aciklamasi_4bbd639.jpg?fit=1000%2C494","jetpack_sharing_enabled":true,"jetpack_shortlink":"https:\/\/wp.me\/paKIfm-9oy","_links":{"self":[{"href":"http:\/\/www.tvturk.com\/index.php\/wp-json\/wp\/v2\/posts\/36118","targetHints":{"allow":["GET"]}}],"collection":[{"href":"http:\/\/www.tvturk.com\/index.php\/wp-json\/wp\/v2\/posts"}],"about":[{"href":"http:\/\/www.tvturk.com\/index.php\/wp-json\/wp\/v2\/types\/post"}],"author":[{"embeddable":true,"href":"http:\/\/www.tvturk.com\/index.php\/wp-json\/wp\/v2\/users\/1"}],"replies":[{"embeddable":true,"href":"http:\/\/www.tvturk.com\/index.php\/wp-json\/wp\/v2\/comments?post=36118"}],"version-history":[{"count":1,"href":"http:\/\/www.tvturk.com\/index.php\/wp-json\/wp\/v2\/posts\/36118\/revisions"}],"predecessor-version":[{"id":36121,"href":"http:\/\/www.tvturk.com\/index.php\/wp-json\/wp\/v2\/posts\/36118\/revisions\/36121"}],"wp:featuredmedia":[{"embeddable":true,"href":"http:\/\/www.tvturk.com\/index.php\/wp-json\/wp\/v2\/media\/36119"}],"wp:attachment":[{"href":"http:\/\/www.tvturk.com\/index.php\/wp-json\/wp\/v2\/media?parent=36118"}],"wp:term":[{"taxonomy":"category","embeddable":true,"href":"http:\/\/www.tvturk.com\/index.php\/wp-json\/wp\/v2\/categories?post=36118"},{"taxonomy":"post_tag","embeddable":true,"href":"http:\/\/www.tvturk.com\/index.php\/wp-json\/wp\/v2\/tags?post=36118"}],"curies":[{"name":"wp","href":"https:\/\/api.w.org\/{rel}","templated":true}]}}