{"id":36393,"date":"2019-02-15T16:11:13","date_gmt":"2019-02-15T13:11:13","guid":{"rendered":"http:\/\/www.tvturk.com\/index.php\/ormana-terk-edilen-kopeklere-belediye-eli\/"},"modified":"2019-02-15T16:11:19","modified_gmt":"2019-02-15T13:11:19","slug":"ormana-terk-edilen-kopeklere-belediye-eli","status":"publish","type":"post","link":"http:\/\/www.tvturk.com\/index.php\/ormana-terk-edilen-kopeklere-belediye-eli\/","title":{"rendered":"Ormana terk edilen k\u00f6peklere belediye eli"},"content":{"rendered":"<p>Boz\u00fcy\u00fck Belediyesi \u2019Onlar Bize Emanet\u2019 slogan\u0131yla sokak hayvanlar\u0131na \u015fefkatle kucak a\u00e7maya devam ediyor.<\/p>\n<p>Boz\u00fcy\u00fck Belediyesi Mezbaha M\u00fcd\u00fcrl\u00fc\u011f\u00fc Ekipleri il\u00e7e genelindeki mevcut kedi ve k\u00f6pek mama noktalar\u0131n\u0131n yan\u0131 s\u0131ra Ormang\u00fczle b\u00f6lgesindeki ormanl\u0131k alana s\u0131\u011f\u0131nan sahipsiz ve terk edilmi\u015f k\u00f6pekleri de unutmuyor. \u0130l\u00e7e genelinde mama kaplar\u0131n\u0131n d\u00fczenli kontrol ve dolumunu yapan ekipler sahipsiz kedi ve k\u00f6peklerin so\u011fuk ve ya\u011f\u0131\u015fl\u0131 havalarda a\u00e7 kalmas\u0131na izin vermezken ormanl\u0131k alanda bulunan sahipsiz ve terk edilmi\u015f k\u00f6peklere de belirli aral\u0131klarla mama g\u00f6t\u00fcrerek kar\u0131nlar\u0131n\u0131 doyuruyor. K\u0131rsaldaki sahipsiz hayvanlar\u0131 sa\u011fl\u0131k kontrol\u00fcnden ge\u00e7iren ve gerekli tedavilerini de yapan ekipler \u201cBiz can dostlar\u0131m\u0131z\u0131n her zaman yan\u0131nday\u0131z. Onlar\u0131nda bizim kadar ya\u015fama haklar\u0131 var. Vatanda\u015flar\u0131m\u0131z\u0131n sahipsiz ve zor durumda g\u00f6rd\u00fckleri sokak hayvanlar\u0131 konusunda daha duyarl\u0131 olmalar\u0131n\u0131 bekliyor, k\u0131rsal alanlara hayvan b\u0131rakan \u015fah\u0131slar\u0131 g\u00f6rd\u00fcklerinde de bize haber vermelerini rica ediyoruz\u201d ifadelerini kulland\u0131.<\/p>\n<p>Boz\u00fcy\u00fck\u2019te ayr\u0131ca kar ya\u011f\u0131\u015f\u0131 ile birlikte ekipler olas\u0131 ku\u015f \u00f6l\u00fcmlerinin \u00f6n\u00fcne ge\u00e7ebilmek amac\u0131 ile Ye\u015filkent Mahallesi, 4 Eyl\u00fcl Mahallesi ve Cumhuriyet Meydan\u0131 gibi il\u00e7e genelinde belirlenen \u00e7e\u015fitli noktalara yem b\u0131rak\u0131yor. Yap\u0131lan \u00e7al\u0131\u015fmalar\u0131n do\u011fal dengenin korunmas\u0131 amac\u0131yla yap\u0131ld\u0131\u011f\u0131n\u0131 belirten ekipler, kar \u00f6rt\u00fcs\u00fc tamamen kalkana kadar yiyecek bulmakta zorlanan ku\u015flar i\u00e7in yem b\u0131rakma i\u015fleminin devam edece\u011fini belirtti.<div class=\"tiled-gallery type-rectangular tiled-gallery-unresized\" data-original-width=\"500\" data-carousel-extra='null' itemscope itemtype=\"http:\/\/schema.org\/ImageGallery\" > <div class=\"gallery-row\" style=\"width: 500px; height: 224px;\" data-original-width=\"500\" data-original-height=\"224\" > <div class=\"gallery-group images-1\" style=\"width: 334px; height: 224px;\" data-original-width=\"334\" data-original-height=\"224\" > <div class=\"tiled-gallery-item tiled-gallery-item-large\" itemprop=\"associatedMedia\" itemscope itemtype=\"http:\/\/schema.org\/ImageObject\"> <a href=\"http:\/\/www.tvturk.com\/index.php\/ormana-terk-edilen-kopeklere-belediye-eli\/ormana-terk-edilen-kopeklere-belediye-eli-3\/\" border=\"0\" itemprop=\"url\"> <meta itemprop=\"width\" content=\"330\"> <meta itemprop=\"height\" content=\"220\"> <img decoding=\"async\" class=\"\" data-attachment-id=\"36395\" data-orig-file=\"http:\/\/www.tvturk.com\/wp-content\/uploads\/2019\/02\/ormana-terk-edilen-kopeklere-belediye-eli_ab7243b.jpg\" data-orig-size=\"1000,667\" data-comments-opened=\"\" data-image-meta=\"{&quot;aperture&quot;:&quot;0&quot;,&quot;credit&quot;:&quot;IHA&quot;,&quot;camera&quot;:&quot;&quot;,&quot;caption&quot;:&quot;ORMANA TERK ED\\u0130LM\\u0130\\u015e SAH\\u0130PS\\u0130Z K\\u00d6PEKLER BOZ\\u00dcY\\u00dcK BELED\\u0130YES\\u0130\\u2019N\\u0130N KORUMASI ALTINDA (FATMA SAVA\\u015e \\u0130NAL\\\/B\\u0130LEC\\u0130K-\\u0130HA)&quot;,&quot;created_timestamp&quot;:&quot;0&quot;,&quot;copyright&quot;:&quot;\\u0130HLAS HABER AJANSI, www.iha.com.tr&quot;,&quot;focal_length&quot;:&quot;0&quot;,&quot;iso&quot;:&quot;0&quot;,&quot;shutter_speed&quot;:&quot;0&quot;,&quot;title&quot;:&quot;ORMANA TERK ED\\u0130LEN K\\u00d6PEKLERE BELED\\u0130YE EL\\u0130 SAH\\u0130PS\\u0130Z K\\u00d6PEKLER BOZ\\u00dcY\\u00dcK BELED\\u0130YES\\u0130N\\u0130N KORUMASI ALDINDA&quot;,&quot;orientation&quot;:&quot;0&quot;}\" data-image-title=\"Ormana terk edilen k\u00f6peklere belediye eli\" data-image-description=\"&lt;p&gt;Ormana terk edilen k\u00f6peklere belediye eli&lt;\/p&gt; \" data-medium-file=\"https:\/\/i0.wp.com\/www.tvturk.com\/wp-content\/uploads\/2019\/02\/ormana-terk-edilen-kopeklere-belediye-eli_ab7243b.jpg?fit=300%2C200\" data-large-file=\"https:\/\/i0.wp.com\/www.tvturk.com\/wp-content\/uploads\/2019\/02\/ormana-terk-edilen-kopeklere-belediye-eli_ab7243b.jpg?fit=1000%2C667\" src=\"https:\/\/i0.wp.com\/www.tvturk.com\/wp-content\/uploads\/2019\/02\/ormana-terk-edilen-kopeklere-belediye-eli_ab7243b.jpg?w=330&#038;h=220\" srcset=\"https:\/\/i0.wp.com\/www.tvturk.com\/wp-content\/uploads\/2019\/02\/ormana-terk-edilen-kopeklere-belediye-eli_ab7243b.jpg?w=1000 1000w, https:\/\/i0.wp.com\/www.tvturk.com\/wp-content\/uploads\/2019\/02\/ormana-terk-edilen-kopeklere-belediye-eli_ab7243b.jpg?resize=150%2C100 150w, https:\/\/i0.wp.com\/www.tvturk.com\/wp-content\/uploads\/2019\/02\/ormana-terk-edilen-kopeklere-belediye-eli_ab7243b.jpg?resize=300%2C200 300w, https:\/\/i0.wp.com\/www.tvturk.com\/wp-content\/uploads\/2019\/02\/ormana-terk-edilen-kopeklere-belediye-eli_ab7243b.jpg?resize=768%2C512 768w, https:\/\/i0.wp.com\/www.tvturk.com\/wp-content\/uploads\/2019\/02\/ormana-terk-edilen-kopeklere-belediye-eli_ab7243b.jpg?resize=170%2C113 170w, https:\/\/i0.wp.com\/www.tvturk.com\/wp-content\/uploads\/2019\/02\/ormana-terk-edilen-kopeklere-belediye-eli_ab7243b.jpg?resize=120%2C80 120w\" width=\"330\" height=\"220\" loading=\"lazy\" data-original-width=\"330\" data-original-height=\"220\" itemprop=\"http:\/\/schema.org\/image\" title=\"Ormana terk edilen k\u00f6peklere belediye eli\" alt=\"Ormana terk edilen k\u00f6peklere belediye eli\" style=\"width: 330px; height: 220px;\" \/> <\/a> <\/div> <\/div> <!-- close group --> <div class=\"gallery-group images-2\" style=\"width: 166px; height: 224px;\" data-original-width=\"166\" data-original-height=\"224\" > <div class=\"tiled-gallery-item tiled-gallery-item-small\" itemprop=\"associatedMedia\" itemscope itemtype=\"http:\/\/schema.org\/ImageObject\"> <a href=\"http:\/\/www.tvturk.com\/index.php\/ormana-terk-edilen-kopeklere-belediye-eli\/ormana-terk-edilen-kopeklere-belediye-eli-4\/\" border=\"0\" itemprop=\"url\"> <meta itemprop=\"width\" content=\"162\"> <meta itemprop=\"height\" content=\"108\"> <img decoding=\"async\" class=\"\" data-attachment-id=\"36396\" data-orig-file=\"http:\/\/www.tvturk.com\/wp-content\/uploads\/2019\/02\/ormana-terk-edilen-kopeklere-belediye-eli_524fbf3.jpg\" data-orig-size=\"1000,667\" data-comments-opened=\"\" data-image-meta=\"{&quot;aperture&quot;:&quot;0&quot;,&quot;credit&quot;:&quot;IHA&quot;,&quot;camera&quot;:&quot;&quot;,&quot;caption&quot;:&quot;ORMANA TERK ED\\u0130LM\\u0130\\u015e SAH\\u0130PS\\u0130Z K\\u00d6PEKLER BOZ\\u00dcY\\u00dcK BELED\\u0130YES\\u0130\\u2019N\\u0130N KORUMASI ALTINDA (FATMA SAVA\\u015e \\u0130NAL\\\/B\\u0130LEC\\u0130K-\\u0130HA)&quot;,&quot;created_timestamp&quot;:&quot;0&quot;,&quot;copyright&quot;:&quot;\\u0130HLAS HABER AJANSI, www.iha.com.tr&quot;,&quot;focal_length&quot;:&quot;0&quot;,&quot;iso&quot;:&quot;0&quot;,&quot;shutter_speed&quot;:&quot;0&quot;,&quot;title&quot;:&quot;ORMANA TERK ED\\u0130LEN K\\u00d6PEKLERE BELED\\u0130YE EL\\u0130 SAH\\u0130PS\\u0130Z K\\u00d6PEKLER BOZ\\u00dcY\\u00dcK BELED\\u0130YES\\u0130N\\u0130N KORUMASI ALDINDA&quot;,&quot;orientation&quot;:&quot;0&quot;}\" data-image-title=\"Ormana terk edilen k\u00f6peklere belediye eli\" data-image-description=\"&lt;p&gt;Ormana terk edilen k\u00f6peklere belediye eli&lt;\/p&gt; \" data-medium-file=\"https:\/\/i0.wp.com\/www.tvturk.com\/wp-content\/uploads\/2019\/02\/ormana-terk-edilen-kopeklere-belediye-eli_524fbf3.jpg?fit=300%2C200\" data-large-file=\"https:\/\/i0.wp.com\/www.tvturk.com\/wp-content\/uploads\/2019\/02\/ormana-terk-edilen-kopeklere-belediye-eli_524fbf3.jpg?fit=1000%2C667\" src=\"https:\/\/i0.wp.com\/www.tvturk.com\/wp-content\/uploads\/2019\/02\/ormana-terk-edilen-kopeklere-belediye-eli_524fbf3.jpg?w=162&#038;h=108\" srcset=\"https:\/\/i0.wp.com\/www.tvturk.com\/wp-content\/uploads\/2019\/02\/ormana-terk-edilen-kopeklere-belediye-eli_524fbf3.jpg?w=1000 1000w, https:\/\/i0.wp.com\/www.tvturk.com\/wp-content\/uploads\/2019\/02\/ormana-terk-edilen-kopeklere-belediye-eli_524fbf3.jpg?resize=150%2C100 150w, https:\/\/i0.wp.com\/www.tvturk.com\/wp-content\/uploads\/2019\/02\/ormana-terk-edilen-kopeklere-belediye-eli_524fbf3.jpg?resize=300%2C200 300w, https:\/\/i0.wp.com\/www.tvturk.com\/wp-content\/uploads\/2019\/02\/ormana-terk-edilen-kopeklere-belediye-eli_524fbf3.jpg?resize=768%2C512 768w, https:\/\/i0.wp.com\/www.tvturk.com\/wp-content\/uploads\/2019\/02\/ormana-terk-edilen-kopeklere-belediye-eli_524fbf3.jpg?resize=170%2C113 170w, https:\/\/i0.wp.com\/www.tvturk.com\/wp-content\/uploads\/2019\/02\/ormana-terk-edilen-kopeklere-belediye-eli_524fbf3.jpg?resize=120%2C80 120w\" width=\"162\" height=\"108\" loading=\"lazy\" data-original-width=\"162\" data-original-height=\"108\" itemprop=\"http:\/\/schema.org\/image\" title=\"Ormana terk edilen k\u00f6peklere belediye eli\" alt=\"Ormana terk edilen k\u00f6peklere belediye eli\" style=\"width: 162px; height: 108px;\" \/> <\/a> <\/div> <div class=\"tiled-gallery-item tiled-gallery-item-small\" itemprop=\"associatedMedia\" itemscope itemtype=\"http:\/\/schema.org\/ImageObject\"> <a href=\"http:\/\/www.tvturk.com\/index.php\/ormana-terk-edilen-kopeklere-belediye-eli\/ormana-terk-edilen-kopeklere-belediye-eli-5\/\" border=\"0\" itemprop=\"url\"> <meta itemprop=\"width\" content=\"162\"> <meta itemprop=\"height\" content=\"108\"> <img decoding=\"async\" class=\"\" data-attachment-id=\"36397\" data-orig-file=\"http:\/\/www.tvturk.com\/wp-content\/uploads\/2019\/02\/ormana-terk-edilen-kopeklere-belediye-eli_6132350.jpg\" data-orig-size=\"1000,667\" data-comments-opened=\"\" data-image-meta=\"{&quot;aperture&quot;:&quot;0&quot;,&quot;credit&quot;:&quot;IHA&quot;,&quot;camera&quot;:&quot;&quot;,&quot;caption&quot;:&quot;ORMANA TERK ED\\u0130LM\\u0130\\u015e SAH\\u0130PS\\u0130Z K\\u00d6PEKLER BOZ\\u00dcY\\u00dcK BELED\\u0130YES\\u0130\\u2019N\\u0130N KORUMASI ALTINDA (FATMA SAVA\\u015e \\u0130NAL\\\/B\\u0130LEC\\u0130K-\\u0130HA)&quot;,&quot;created_timestamp&quot;:&quot;0&quot;,&quot;copyright&quot;:&quot;\\u0130HLAS HABER AJANSI, www.iha.com.tr&quot;,&quot;focal_length&quot;:&quot;0&quot;,&quot;iso&quot;:&quot;0&quot;,&quot;shutter_speed&quot;:&quot;0&quot;,&quot;title&quot;:&quot;ORMANA TERK ED\\u0130LEN K\\u00d6PEKLERE BELED\\u0130YE EL\\u0130 SAH\\u0130PS\\u0130Z K\\u00d6PEKLER BOZ\\u00dcY\\u00dcK BELED\\u0130YES\\u0130N\\u0130N KORUMASI ALDINDA&quot;,&quot;orientation&quot;:&quot;0&quot;}\" data-image-title=\"Ormana terk edilen k\u00f6peklere belediye eli\" data-image-description=\"&lt;p&gt;Ormana terk edilen k\u00f6peklere belediye eli&lt;\/p&gt; \" data-medium-file=\"https:\/\/i0.wp.com\/www.tvturk.com\/wp-content\/uploads\/2019\/02\/ormana-terk-edilen-kopeklere-belediye-eli_6132350.jpg?fit=300%2C200\" data-large-file=\"https:\/\/i0.wp.com\/www.tvturk.com\/wp-content\/uploads\/2019\/02\/ormana-terk-edilen-kopeklere-belediye-eli_6132350.jpg?fit=1000%2C667\" src=\"https:\/\/i0.wp.com\/www.tvturk.com\/wp-content\/uploads\/2019\/02\/ormana-terk-edilen-kopeklere-belediye-eli_6132350.jpg?w=162&#038;h=108\" srcset=\"https:\/\/i0.wp.com\/www.tvturk.com\/wp-content\/uploads\/2019\/02\/ormana-terk-edilen-kopeklere-belediye-eli_6132350.jpg?w=1000 1000w, https:\/\/i0.wp.com\/www.tvturk.com\/wp-content\/uploads\/2019\/02\/ormana-terk-edilen-kopeklere-belediye-eli_6132350.jpg?resize=150%2C100 150w, https:\/\/i0.wp.com\/www.tvturk.com\/wp-content\/uploads\/2019\/02\/ormana-terk-edilen-kopeklere-belediye-eli_6132350.jpg?resize=300%2C200 300w, https:\/\/i0.wp.com\/www.tvturk.com\/wp-content\/uploads\/2019\/02\/ormana-terk-edilen-kopeklere-belediye-eli_6132350.jpg?resize=768%2C512 768w, https:\/\/i0.wp.com\/www.tvturk.com\/wp-content\/uploads\/2019\/02\/ormana-terk-edilen-kopeklere-belediye-eli_6132350.jpg?resize=170%2C113 170w, https:\/\/i0.wp.com\/www.tvturk.com\/wp-content\/uploads\/2019\/02\/ormana-terk-edilen-kopeklere-belediye-eli_6132350.jpg?resize=120%2C80 120w\" width=\"162\" height=\"108\" loading=\"lazy\" data-original-width=\"162\" data-original-height=\"108\" itemprop=\"http:\/\/schema.org\/image\" title=\"Ormana terk edilen k\u00f6peklere belediye eli\" alt=\"Ormana terk edilen k\u00f6peklere belediye eli\" style=\"width: 162px; height: 108px;\" \/> <\/a> <\/div> <\/div> <!-- close group --> <\/div> <!-- close row --> <div class=\"gallery-row\" style=\"width: 500px; height: 112px;\" data-original-width=\"500\" data-original-height=\"112\" > <div class=\"gallery-group images-1\" style=\"width: 167px; height: 112px;\" data-original-width=\"167\" data-original-height=\"112\" > <div class=\"tiled-gallery-item tiled-gallery-item-small\" itemprop=\"associatedMedia\" itemscope itemtype=\"http:\/\/schema.org\/ImageObject\"> <a href=\"http:\/\/www.tvturk.com\/index.php\/ormana-terk-edilen-kopeklere-belediye-eli\/ormana-terk-edilen-kopeklere-belediye-eli-6\/\" border=\"0\" itemprop=\"url\"> <meta itemprop=\"width\" content=\"163\"> <meta itemprop=\"height\" content=\"108\"> <img decoding=\"async\" class=\"\" data-attachment-id=\"36398\" data-orig-file=\"http:\/\/www.tvturk.com\/wp-content\/uploads\/2019\/02\/ormana-terk-edilen-kopeklere-belediye-eli_cf0d2f7.jpg\" data-orig-size=\"1000,667\" data-comments-opened=\"\" data-image-meta=\"{&quot;aperture&quot;:&quot;0&quot;,&quot;credit&quot;:&quot;IHA&quot;,&quot;camera&quot;:&quot;&quot;,&quot;caption&quot;:&quot;ORMANA TERK ED\\u0130LM\\u0130\\u015e SAH\\u0130PS\\u0130Z K\\u00d6PEKLER BOZ\\u00dcY\\u00dcK BELED\\u0130YES\\u0130\\u2019N\\u0130N KORUMASI ALTINDA (FATMA SAVA\\u015e \\u0130NAL\\\/B\\u0130LEC\\u0130K-\\u0130HA)&quot;,&quot;created_timestamp&quot;:&quot;0&quot;,&quot;copyright&quot;:&quot;\\u0130HLAS HABER AJANSI, www.iha.com.tr&quot;,&quot;focal_length&quot;:&quot;0&quot;,&quot;iso&quot;:&quot;0&quot;,&quot;shutter_speed&quot;:&quot;0&quot;,&quot;title&quot;:&quot;ORMANA TERK ED\\u0130LEN K\\u00d6PEKLERE BELED\\u0130YE EL\\u0130 SAH\\u0130PS\\u0130Z K\\u00d6PEKLER BOZ\\u00dcY\\u00dcK BELED\\u0130YES\\u0130N\\u0130N KORUMASI ALDINDA&quot;,&quot;orientation&quot;:&quot;0&quot;}\" data-image-title=\"Ormana terk edilen k\u00f6peklere belediye eli\" data-image-description=\"&lt;p&gt;Ormana terk edilen k\u00f6peklere belediye eli&lt;\/p&gt; \" data-medium-file=\"https:\/\/i0.wp.com\/www.tvturk.com\/wp-content\/uploads\/2019\/02\/ormana-terk-edilen-kopeklere-belediye-eli_cf0d2f7.jpg?fit=300%2C200\" data-large-file=\"https:\/\/i0.wp.com\/www.tvturk.com\/wp-content\/uploads\/2019\/02\/ormana-terk-edilen-kopeklere-belediye-eli_cf0d2f7.jpg?fit=1000%2C667\" src=\"https:\/\/i0.wp.com\/www.tvturk.com\/wp-content\/uploads\/2019\/02\/ormana-terk-edilen-kopeklere-belediye-eli_cf0d2f7.jpg?w=163&#038;h=108\" srcset=\"https:\/\/i0.wp.com\/www.tvturk.com\/wp-content\/uploads\/2019\/02\/ormana-terk-edilen-kopeklere-belediye-eli_cf0d2f7.jpg?w=1000 1000w, https:\/\/i0.wp.com\/www.tvturk.com\/wp-content\/uploads\/2019\/02\/ormana-terk-edilen-kopeklere-belediye-eli_cf0d2f7.jpg?resize=150%2C100 150w, https:\/\/i0.wp.com\/www.tvturk.com\/wp-content\/uploads\/2019\/02\/ormana-terk-edilen-kopeklere-belediye-eli_cf0d2f7.jpg?resize=300%2C200 300w, https:\/\/i0.wp.com\/www.tvturk.com\/wp-content\/uploads\/2019\/02\/ormana-terk-edilen-kopeklere-belediye-eli_cf0d2f7.jpg?resize=768%2C512 768w, https:\/\/i0.wp.com\/www.tvturk.com\/wp-content\/uploads\/2019\/02\/ormana-terk-edilen-kopeklere-belediye-eli_cf0d2f7.jpg?resize=170%2C113 170w, https:\/\/i0.wp.com\/www.tvturk.com\/wp-content\/uploads\/2019\/02\/ormana-terk-edilen-kopeklere-belediye-eli_cf0d2f7.jpg?resize=120%2C80 120w\" width=\"163\" height=\"108\" loading=\"lazy\" data-original-width=\"163\" data-original-height=\"108\" itemprop=\"http:\/\/schema.org\/image\" title=\"Ormana terk edilen k\u00f6peklere belediye eli\" alt=\"Ormana terk edilen k\u00f6peklere belediye eli\" style=\"width: 163px; height: 108px;\" \/> <\/a> <\/div> <\/div> <!-- close group --> <div class=\"gallery-group images-1\" style=\"width: 167px; height: 112px;\" data-original-width=\"167\" data-original-height=\"112\" > <div class=\"tiled-gallery-item tiled-gallery-item-small\" itemprop=\"associatedMedia\" itemscope itemtype=\"http:\/\/schema.org\/ImageObject\"> <a href=\"http:\/\/www.tvturk.com\/index.php\/ormana-terk-edilen-kopeklere-belediye-eli\/ormana-terk-edilen-kopeklere-belediye-eli-7\/\" border=\"0\" itemprop=\"url\"> <meta itemprop=\"width\" content=\"163\"> <meta itemprop=\"height\" content=\"108\"> <img decoding=\"async\" class=\"\" data-attachment-id=\"36399\" data-orig-file=\"http:\/\/www.tvturk.com\/wp-content\/uploads\/2019\/02\/ormana-terk-edilen-kopeklere-belediye-eli_57b1e12.jpg\" data-orig-size=\"1000,667\" data-comments-opened=\"\" data-image-meta=\"{&quot;aperture&quot;:&quot;0&quot;,&quot;credit&quot;:&quot;IHA&quot;,&quot;camera&quot;:&quot;&quot;,&quot;caption&quot;:&quot;ORMANA TERK ED\\u0130LM\\u0130\\u015e SAH\\u0130PS\\u0130Z K\\u00d6PEKLER BOZ\\u00dcY\\u00dcK BELED\\u0130YES\\u0130\\u2019N\\u0130N KORUMASI ALTINDA (FATMA SAVA\\u015e \\u0130NAL\\\/B\\u0130LEC\\u0130K-\\u0130HA)&quot;,&quot;created_timestamp&quot;:&quot;0&quot;,&quot;copyright&quot;:&quot;\\u0130HLAS HABER AJANSI, www.iha.com.tr&quot;,&quot;focal_length&quot;:&quot;0&quot;,&quot;iso&quot;:&quot;0&quot;,&quot;shutter_speed&quot;:&quot;0&quot;,&quot;title&quot;:&quot;ORMANA TERK ED\\u0130LEN K\\u00d6PEKLERE BELED\\u0130YE EL\\u0130 SAH\\u0130PS\\u0130Z K\\u00d6PEKLER BOZ\\u00dcY\\u00dcK BELED\\u0130YES\\u0130N\\u0130N KORUMASI ALDINDA&quot;,&quot;orientation&quot;:&quot;0&quot;}\" data-image-title=\"Ormana terk edilen k\u00f6peklere belediye eli\" data-image-description=\"&lt;p&gt;Ormana terk edilen k\u00f6peklere belediye eli&lt;\/p&gt; \" data-medium-file=\"https:\/\/i0.wp.com\/www.tvturk.com\/wp-content\/uploads\/2019\/02\/ormana-terk-edilen-kopeklere-belediye-eli_57b1e12.jpg?fit=300%2C200\" data-large-file=\"https:\/\/i0.wp.com\/www.tvturk.com\/wp-content\/uploads\/2019\/02\/ormana-terk-edilen-kopeklere-belediye-eli_57b1e12.jpg?fit=1000%2C667\" src=\"https:\/\/i0.wp.com\/www.tvturk.com\/wp-content\/uploads\/2019\/02\/ormana-terk-edilen-kopeklere-belediye-eli_57b1e12.jpg?w=163&#038;h=108\" srcset=\"https:\/\/i0.wp.com\/www.tvturk.com\/wp-content\/uploads\/2019\/02\/ormana-terk-edilen-kopeklere-belediye-eli_57b1e12.jpg?w=1000 1000w, https:\/\/i0.wp.com\/www.tvturk.com\/wp-content\/uploads\/2019\/02\/ormana-terk-edilen-kopeklere-belediye-eli_57b1e12.jpg?resize=150%2C100 150w, https:\/\/i0.wp.com\/www.tvturk.com\/wp-content\/uploads\/2019\/02\/ormana-terk-edilen-kopeklere-belediye-eli_57b1e12.jpg?resize=300%2C200 300w, https:\/\/i0.wp.com\/www.tvturk.com\/wp-content\/uploads\/2019\/02\/ormana-terk-edilen-kopeklere-belediye-eli_57b1e12.jpg?resize=768%2C512 768w, https:\/\/i0.wp.com\/www.tvturk.com\/wp-content\/uploads\/2019\/02\/ormana-terk-edilen-kopeklere-belediye-eli_57b1e12.jpg?resize=170%2C113 170w, https:\/\/i0.wp.com\/www.tvturk.com\/wp-content\/uploads\/2019\/02\/ormana-terk-edilen-kopeklere-belediye-eli_57b1e12.jpg?resize=120%2C80 120w\" width=\"163\" height=\"108\" loading=\"lazy\" data-original-width=\"163\" data-original-height=\"108\" itemprop=\"http:\/\/schema.org\/image\" title=\"Ormana terk edilen k\u00f6peklere belediye eli\" alt=\"Ormana terk edilen k\u00f6peklere belediye eli\" style=\"width: 163px; height: 108px;\" \/> <\/a> <\/div> <\/div> <!-- close group --> <div class=\"gallery-group images-1\" style=\"width: 166px; height: 112px;\" data-original-width=\"166\" data-original-height=\"112\" > <div class=\"tiled-gallery-item tiled-gallery-item-small\" itemprop=\"associatedMedia\" itemscope itemtype=\"http:\/\/schema.org\/ImageObject\"> <a href=\"http:\/\/www.tvturk.com\/index.php\/ormana-terk-edilen-kopeklere-belediye-eli\/ormana-terk-edilen-kopeklere-belediye-eli-8\/\" border=\"0\" itemprop=\"url\"> <meta itemprop=\"width\" content=\"162\"> <meta itemprop=\"height\" content=\"108\"> <img decoding=\"async\" class=\"\" data-attachment-id=\"36400\" data-orig-file=\"http:\/\/www.tvturk.com\/wp-content\/uploads\/2019\/02\/ormana-terk-edilen-kopeklere-belediye-eli_7bdcf4a.jpg\" data-orig-size=\"1000,667\" data-comments-opened=\"\" data-image-meta=\"{&quot;aperture&quot;:&quot;0&quot;,&quot;credit&quot;:&quot;IHA&quot;,&quot;camera&quot;:&quot;&quot;,&quot;caption&quot;:&quot;ORMANA TERK ED\\u0130LM\\u0130\\u015e SAH\\u0130PS\\u0130Z K\\u00d6PEKLER BOZ\\u00dcY\\u00dcK BELED\\u0130YES\\u0130\\u2019N\\u0130N KORUMASI ALTINDA (FATMA SAVA\\u015e \\u0130NAL\\\/B\\u0130LEC\\u0130K-\\u0130HA)&quot;,&quot;created_timestamp&quot;:&quot;0&quot;,&quot;copyright&quot;:&quot;\\u0130HLAS HABER AJANSI, www.iha.com.tr&quot;,&quot;focal_length&quot;:&quot;0&quot;,&quot;iso&quot;:&quot;0&quot;,&quot;shutter_speed&quot;:&quot;0&quot;,&quot;title&quot;:&quot;ORMANA TERK ED\\u0130LEN K\\u00d6PEKLERE BELED\\u0130YE EL\\u0130 SAH\\u0130PS\\u0130Z K\\u00d6PEKLER BOZ\\u00dcY\\u00dcK BELED\\u0130YES\\u0130N\\u0130N KORUMASI ALDINDA&quot;,&quot;orientation&quot;:&quot;0&quot;}\" data-image-title=\"Ormana terk edilen k\u00f6peklere belediye eli\" data-image-description=\"&lt;p&gt;Ormana terk edilen k\u00f6peklere belediye eli&lt;\/p&gt; \" data-medium-file=\"https:\/\/i0.wp.com\/www.tvturk.com\/wp-content\/uploads\/2019\/02\/ormana-terk-edilen-kopeklere-belediye-eli_7bdcf4a.jpg?fit=300%2C200\" data-large-file=\"https:\/\/i0.wp.com\/www.tvturk.com\/wp-content\/uploads\/2019\/02\/ormana-terk-edilen-kopeklere-belediye-eli_7bdcf4a.jpg?fit=1000%2C667\" src=\"https:\/\/i0.wp.com\/www.tvturk.com\/wp-content\/uploads\/2019\/02\/ormana-terk-edilen-kopeklere-belediye-eli_7bdcf4a.jpg?w=162&#038;h=108\" srcset=\"https:\/\/i0.wp.com\/www.tvturk.com\/wp-content\/uploads\/2019\/02\/ormana-terk-edilen-kopeklere-belediye-eli_7bdcf4a.jpg?w=1000 1000w, https:\/\/i0.wp.com\/www.tvturk.com\/wp-content\/uploads\/2019\/02\/ormana-terk-edilen-kopeklere-belediye-eli_7bdcf4a.jpg?resize=150%2C100 150w, https:\/\/i0.wp.com\/www.tvturk.com\/wp-content\/uploads\/2019\/02\/ormana-terk-edilen-kopeklere-belediye-eli_7bdcf4a.jpg?resize=300%2C200 300w, https:\/\/i0.wp.com\/www.tvturk.com\/wp-content\/uploads\/2019\/02\/ormana-terk-edilen-kopeklere-belediye-eli_7bdcf4a.jpg?resize=768%2C512 768w, https:\/\/i0.wp.com\/www.tvturk.com\/wp-content\/uploads\/2019\/02\/ormana-terk-edilen-kopeklere-belediye-eli_7bdcf4a.jpg?resize=170%2C113 170w, https:\/\/i0.wp.com\/www.tvturk.com\/wp-content\/uploads\/2019\/02\/ormana-terk-edilen-kopeklere-belediye-eli_7bdcf4a.jpg?resize=120%2C80 120w\" width=\"162\" height=\"108\" loading=\"lazy\" data-original-width=\"162\" data-original-height=\"108\" itemprop=\"http:\/\/schema.org\/image\" title=\"Ormana terk edilen k\u00f6peklere belediye eli\" alt=\"Ormana terk edilen k\u00f6peklere belediye eli\" style=\"width: 162px; height: 108px;\" \/> <\/a> <\/div> <\/div> <!-- close group --> <\/div> <!-- close row --> <\/div><\/p>\n","protected":false},"excerpt":{"rendered":"<p>ORMANA TERK ED\u0130LM\u0130\u015e SAH\u0130PS\u0130Z K\u00d6PEKLER BOZ\u00dcY\u00dcK BELED\u0130YES\u0130\u2019N\u0130N KORUMASI ALTINDA<\/p>\n","protected":false},"author":1,"featured_media":36394,"comment_status":"closed","ping_status":"open","sticky":false,"template":"","format":"standard","meta":{"jetpack_post_was_ever_published":false,"_jetpack_newsletter_access":"","_jetpack_dont_email_post_to_subs":false,"_jetpack_newsletter_tier_id":0,"_jetpack_memberships_contains_paywalled_content":false,"_jetpack_memberships_contains_paid_content":false,"footnotes":"","jetpack_publicize_message":"","jetpack_publicize_feature_enabled":true,"jetpack_social_post_already_shared":false,"jetpack_social_options":{"image_generator_settings":{"template":"highway","default_image_id":0,"font":"","enabled":false},"version":2}},"categories":[655],"tags":[134,3670,4118,9102,4427,9869],"class_list":["post-36393","post","type-post","status-publish","format-standard","has-post-thumbnail","hentry","category-son-dakika","tag-belediye","tag-edilen","tag-eli","tag-kopeklere","tag-ormana","tag-terk"],"jetpack_publicize_connections":[],"jetpack_featured_media_url":"https:\/\/i0.wp.com\/www.tvturk.com\/wp-content\/uploads\/2019\/02\/ormana-terk-edilen-kopeklere-belediye-eli_939d674.jpg?fit=1000%2C667","jetpack_sharing_enabled":true,"jetpack_shortlink":"https:\/\/wp.me\/paKIfm-9sZ","_links":{"self":[{"href":"http:\/\/www.tvturk.com\/index.php\/wp-json\/wp\/v2\/posts\/36393","targetHints":{"allow":["GET"]}}],"collection":[{"href":"http:\/\/www.tvturk.com\/index.php\/wp-json\/wp\/v2\/posts"}],"about":[{"href":"http:\/\/www.tvturk.com\/index.php\/wp-json\/wp\/v2\/types\/post"}],"author":[{"embeddable":true,"href":"http:\/\/www.tvturk.com\/index.php\/wp-json\/wp\/v2\/users\/1"}],"replies":[{"embeddable":true,"href":"http:\/\/www.tvturk.com\/index.php\/wp-json\/wp\/v2\/comments?post=36393"}],"version-history":[{"count":1,"href":"http:\/\/www.tvturk.com\/index.php\/wp-json\/wp\/v2\/posts\/36393\/revisions"}],"predecessor-version":[{"id":36401,"href":"http:\/\/www.tvturk.com\/index.php\/wp-json\/wp\/v2\/posts\/36393\/revisions\/36401"}],"wp:featuredmedia":[{"embeddable":true,"href":"http:\/\/www.tvturk.com\/index.php\/wp-json\/wp\/v2\/media\/36394"}],"wp:attachment":[{"href":"http:\/\/www.tvturk.com\/index.php\/wp-json\/wp\/v2\/media?parent=36393"}],"wp:term":[{"taxonomy":"category","embeddable":true,"href":"http:\/\/www.tvturk.com\/index.php\/wp-json\/wp\/v2\/categories?post=36393"},{"taxonomy":"post_tag","embeddable":true,"href":"http:\/\/www.tvturk.com\/index.php\/wp-json\/wp\/v2\/tags?post=36393"}],"curies":[{"name":"wp","href":"https:\/\/api.w.org\/{rel}","templated":true}]}}