{"id":36507,"date":"2019-02-15T16:31:33","date_gmt":"2019-02-15T13:31:33","guid":{"rendered":"http:\/\/www.tvturk.com\/index.php\/ozel-haber-taksimde-mescitte-yer-bulamayan-vatandaslar-yagmur-altinda-cuma-namazi-kildi\/"},"modified":"2019-02-15T16:31:37","modified_gmt":"2019-02-15T13:31:37","slug":"ozel-haber-taksimde-mescitte-yer-bulamayan-vatandaslar-yagmur-altinda-cuma-namazi-kildi","status":"publish","type":"post","link":"http:\/\/www.tvturk.com\/index.php\/ozel-haber-taksimde-mescitte-yer-bulamayan-vatandaslar-yagmur-altinda-cuma-namazi-kildi\/","title":{"rendered":"(\u00d6zel haber) Taksim\u2019de mescitte yer bulamayan vatanda\u015flar ya\u011fmur alt\u0131nda cuma namaz\u0131 k\u0131ld\u0131"},"content":{"rendered":"<p>\u0130stanbul\u2019da cuma namaz\u0131 s\u0131ras\u0131nda aniden bast\u0131ran \u015fiddetli ya\u011fmur, Taksim Mescidi\u2019nde yer bulamay\u0131p mescit \u00e7evresindeki alanda ibadetini yerine getirmek i\u00e7in toplanan vatanda\u015flar\u0131n \u0131slanmas\u0131na neden oldu. Vatanda\u015flar ya\u011fmura ald\u0131r\u0131\u015f etmeden ibadetlerini ger\u00e7ekle\u015ftirirken ortaya \u00e7\u0131kan g\u00f6r\u00fcnt\u00fc in\u015fas\u0131 devam eden Taksim Camii\u2019nin gereklili\u011fini bir kez daha g\u00f6zler \u00f6n\u00fcne serdi.<\/p>\n<p>Cuma namaz\u0131n\u0131 k\u0131lmak i\u00e7in Beyo\u011flu\u2019nda bulunan Taksim Mescidi\u2019ne gelen \u00e7ok say\u0131da vatanda\u015f mescidi doldurdu. D\u0131\u015far\u0131da kalan vatanda\u015flar mescidin etraf\u0131ndaki alanda a\u00e7\u0131k havada ibadetlerini yerine getirdi. Namaz esnas\u0131nda bast\u0131ran ya\u011fmur ibadetini yerine getirmek i\u00e7in toplanan vatanda\u015flar\u0131n \u0131slanmas\u0131na sebep oldu. Vatanda\u015flar ise ya\u011fmura ald\u0131r\u0131\u015f etmeden ibadetlerini yerine getirdi.<\/p>\n<p>Mescidin \u00e7evresinde ortaya \u00e7\u0131kan g\u00f6r\u00fcnt\u00fcler ise in\u015fas\u0131 devam eden Taksim Camii\u2019nin gereklili\u011fini de bir kez daha g\u00f6zler \u00f6n\u00fcne serdi. Cami tamamland\u0131\u011f\u0131nda 2 bin 500 ki\u015fi ayn\u0131 anda namaz k\u0131labilecek.<div class=\"tiled-gallery type-rectangular tiled-gallery-unresized\" data-original-width=\"500\" data-carousel-extra='null' itemscope itemtype=\"http:\/\/schema.org\/ImageGallery\" > <div class=\"gallery-row\" style=\"width: 500px; height: 188px;\" data-original-width=\"500\" data-original-height=\"188\" > <div class=\"gallery-group images-1\" style=\"width: 250px; height: 188px;\" data-original-width=\"250\" data-original-height=\"188\" > <div class=\"tiled-gallery-item tiled-gallery-item-small\" itemprop=\"associatedMedia\" itemscope itemtype=\"http:\/\/schema.org\/ImageObject\"> <a href=\"http:\/\/www.tvturk.com\/index.php\/ozel-haber-taksimde-mescitte-yer-bulamayan-vatandaslar-yagmur-altinda-cuma-namazi-kildi\/ozel-haber-taksimde-mescitte-yer-bulamayan-vatandaslar-yagmur-altinda-cuma-namazi-kildi-3\/\" border=\"0\" itemprop=\"url\"> <meta itemprop=\"width\" content=\"246\"> <meta itemprop=\"height\" content=\"184\"> <img decoding=\"async\" class=\"\" data-attachment-id=\"36509\" data-orig-file=\"http:\/\/www.tvturk.com\/wp-content\/uploads\/2019\/02\/ozel-haber-taksimde-mescitte-yer-bulamayan-vatandaslar-yagmur-altinda-cuma-namazi-kildi_1c7ff06.jpg\" data-orig-size=\"1000,750\" data-comments-opened=\"\" data-image-meta=\"{&quot;aperture&quot;:&quot;0&quot;,&quot;credit&quot;:&quot;IHA&quot;,&quot;camera&quot;:&quot;&quot;,&quot;caption&quot;:&quot;\\u0130STANBUL\\u0027DA CUMA NAMAZI SIRASINDA AN\\u0130DEN BASTIRAN \\u015e\\u0130DDETL\\u0130 YA\\u011eMUR, TAKS\\u0130M MESC\\u0130D\\u0130\\u2019NDE YER BULAMAYIP MESC\\u0130T \\u00c7EVRES\\u0130NDEK\\u0130 ALANDA \\u0130BADET\\u0130N\\u0130 YER\\u0130NE GET\\u0130RMEK \\u0130\\u00c7\\u0130N TOPLANAN VATANDA\\u015eLARIN ISLANMASINA NEDEN OLDU. VATANDA\\u015eLAR YA\\u011eMURA ALDIRI\\u015e ETMEDEN \\u0130BADETLER\\u0130N\\u0130 GER\\u00c7EKLE\\u015eT\\u0130R\\u0130RKEN ORTAYA \\u00c7IKAN G\\u00d6R\\u00dcNT\\u00dc \\u0130N\\u015eASI DEVAM EDEN TAKS\\u0130M CAM\\u0130\\u0130\\u2019N\\u0130N GEREKL\\u0130L\\u0130\\u011e\\u0130N\\u0130 B\\u0130R KEZ DAHA G\\u00d6ZLER \\u00d6N\\u00dcNE SERD\\u0130. (S\\u00dcMER AVCI\\\/\\u0130STANBUL-\\u0130HA)&quot;,&quot;created_timestamp&quot;:&quot;0&quot;,&quot;copyright&quot;:&quot;\\u0130HLAS HABER AJANSI, www.iha.com.tr&quot;,&quot;focal_length&quot;:&quot;0&quot;,&quot;iso&quot;:&quot;0&quot;,&quot;shutter_speed&quot;:&quot;0&quot;,&quot;title&quot;:&quot;(\\u00d6ZEL HABER) TAKS\\u0130M\\u2019DE MESC\\u0130TTE YER BULAMAYAN VATANDA\\u015eLAR YA\\u011eMUR ALTINDA CUMA NAMAZI KILDI DI\\u015eARI TA\\u015eAN KALABALIK TAKS\\u0130M CAM\\u0130\\u0130\\u2019N\\u0130N GEREKL\\u0130L\\u0130\\u011e\\u0130N\\u0130 G\\u00d6ZLER \\u00d6N\\u00dcNE SERD\\u0130&quot;,&quot;orientation&quot;:&quot;0&quot;}\" data-image-title=\"(\u00d6zel haber) Taksim\u2019de mescitte yer bulamayan vatanda\u015flar ya\u011fmur alt\u0131nda cuma namaz\u0131 k\u0131ld\u0131\" data-image-description=\"&lt;p&gt;(\u00d6zel haber) Taksim\u2019de mescitte yer bulamayan vatanda\u015flar ya\u011fmur alt\u0131nda cuma namaz\u0131 k\u0131ld\u0131&lt;\/p&gt; \" data-medium-file=\"https:\/\/i0.wp.com\/www.tvturk.com\/wp-content\/uploads\/2019\/02\/ozel-haber-taksimde-mescitte-yer-bulamayan-vatandaslar-yagmur-altinda-cuma-namazi-kildi_1c7ff06.jpg?fit=300%2C225\" data-large-file=\"https:\/\/i0.wp.com\/www.tvturk.com\/wp-content\/uploads\/2019\/02\/ozel-haber-taksimde-mescitte-yer-bulamayan-vatandaslar-yagmur-altinda-cuma-namazi-kildi_1c7ff06.jpg?fit=1000%2C750\" src=\"https:\/\/i0.wp.com\/www.tvturk.com\/wp-content\/uploads\/2019\/02\/ozel-haber-taksimde-mescitte-yer-bulamayan-vatandaslar-yagmur-altinda-cuma-namazi-kildi_1c7ff06.jpg?w=246&#038;h=184\" srcset=\"https:\/\/i0.wp.com\/www.tvturk.com\/wp-content\/uploads\/2019\/02\/ozel-haber-taksimde-mescitte-yer-bulamayan-vatandaslar-yagmur-altinda-cuma-namazi-kildi_1c7ff06.jpg?w=1000 1000w, https:\/\/i0.wp.com\/www.tvturk.com\/wp-content\/uploads\/2019\/02\/ozel-haber-taksimde-mescitte-yer-bulamayan-vatandaslar-yagmur-altinda-cuma-namazi-kildi_1c7ff06.jpg?resize=150%2C113 150w, https:\/\/i0.wp.com\/www.tvturk.com\/wp-content\/uploads\/2019\/02\/ozel-haber-taksimde-mescitte-yer-bulamayan-vatandaslar-yagmur-altinda-cuma-namazi-kildi_1c7ff06.jpg?resize=300%2C225 300w, https:\/\/i0.wp.com\/www.tvturk.com\/wp-content\/uploads\/2019\/02\/ozel-haber-taksimde-mescitte-yer-bulamayan-vatandaslar-yagmur-altinda-cuma-namazi-kildi_1c7ff06.jpg?resize=768%2C576 768w\" width=\"246\" height=\"184\" loading=\"lazy\" data-original-width=\"246\" data-original-height=\"184\" itemprop=\"http:\/\/schema.org\/image\" title=\"(\u00d6zel haber) Taksim\u2019de mescitte yer bulamayan vatanda\u015flar ya\u011fmur alt\u0131nda cuma namaz\u0131 k\u0131ld\u0131\" alt=\"(\u00d6zel haber) Taksim\u2019de mescitte yer bulamayan vatanda\u015flar ya\u011fmur alt\u0131nda cuma namaz\u0131 k\u0131ld\u0131\" style=\"width: 246px; height: 184px;\" \/> <\/a> <\/div> <\/div> <!-- close group --> <div class=\"gallery-group images-1\" style=\"width: 250px; height: 188px;\" data-original-width=\"250\" data-original-height=\"188\" > <div class=\"tiled-gallery-item tiled-gallery-item-small\" itemprop=\"associatedMedia\" itemscope itemtype=\"http:\/\/schema.org\/ImageObject\"> <a href=\"http:\/\/www.tvturk.com\/index.php\/ozel-haber-taksimde-mescitte-yer-bulamayan-vatandaslar-yagmur-altinda-cuma-namazi-kildi\/ozel-haber-taksimde-mescitte-yer-bulamayan-vatandaslar-yagmur-altinda-cuma-namazi-kildi-4\/\" border=\"0\" itemprop=\"url\"> <meta itemprop=\"width\" content=\"246\"> <meta itemprop=\"height\" content=\"184\"> <img decoding=\"async\" class=\"\" data-attachment-id=\"36510\" data-orig-file=\"http:\/\/www.tvturk.com\/wp-content\/uploads\/2019\/02\/ozel-haber-taksimde-mescitte-yer-bulamayan-vatandaslar-yagmur-altinda-cuma-namazi-kildi_d4d76fe.jpg\" data-orig-size=\"1000,749\" data-comments-opened=\"\" data-image-meta=\"{&quot;aperture&quot;:&quot;0&quot;,&quot;credit&quot;:&quot;IHA&quot;,&quot;camera&quot;:&quot;&quot;,&quot;caption&quot;:&quot;\\u0130STANBUL\\u0027DA CUMA NAMAZI SIRASINDA AN\\u0130DEN BASTIRAN \\u015e\\u0130DDETL\\u0130 YA\\u011eMUR, TAKS\\u0130M MESC\\u0130D\\u0130\\u2019NDE YER BULAMAYIP MESC\\u0130T \\u00c7EVRES\\u0130NDEK\\u0130 ALANDA \\u0130BADET\\u0130N\\u0130 YER\\u0130NE GET\\u0130RMEK \\u0130\\u00c7\\u0130N TOPLANAN VATANDA\\u015eLARIN ISLANMASINA NEDEN OLDU. VATANDA\\u015eLAR YA\\u011eMURA ALDIRI\\u015e ETMEDEN \\u0130BADETLER\\u0130N\\u0130 GER\\u00c7EKLE\\u015eT\\u0130R\\u0130RKEN ORTAYA \\u00c7IKAN G\\u00d6R\\u00dcNT\\u00dc \\u0130N\\u015eASI DEVAM EDEN TAKS\\u0130M CAM\\u0130\\u0130\\u2019N\\u0130N GEREKL\\u0130L\\u0130\\u011e\\u0130N\\u0130 B\\u0130R KEZ DAHA G\\u00d6ZLER \\u00d6N\\u00dcNE SERD\\u0130. (S\\u00dcMER AVCI\\\/\\u0130STANBUL-\\u0130HA)&quot;,&quot;created_timestamp&quot;:&quot;0&quot;,&quot;copyright&quot;:&quot;\\u0130HLAS HABER AJANSI, www.iha.com.tr&quot;,&quot;focal_length&quot;:&quot;0&quot;,&quot;iso&quot;:&quot;0&quot;,&quot;shutter_speed&quot;:&quot;0&quot;,&quot;title&quot;:&quot;(\\u00d6ZEL HABER) TAKS\\u0130M\\u2019DE MESC\\u0130TTE YER BULAMAYAN VATANDA\\u015eLAR YA\\u011eMUR ALTINDA CUMA NAMAZI KILDI DI\\u015eARI TA\\u015eAN KALABALIK TAKS\\u0130M CAM\\u0130\\u0130\\u2019N\\u0130N GEREKL\\u0130L\\u0130\\u011e\\u0130N\\u0130 G\\u00d6ZLER \\u00d6N\\u00dcNE SERD\\u0130&quot;,&quot;orientation&quot;:&quot;0&quot;}\" data-image-title=\"(\u00d6zel haber) Taksim\u2019de mescitte yer bulamayan vatanda\u015flar ya\u011fmur alt\u0131nda cuma namaz\u0131 k\u0131ld\u0131\" data-image-description=\"&lt;p&gt;(\u00d6zel haber) Taksim\u2019de mescitte yer bulamayan vatanda\u015flar ya\u011fmur alt\u0131nda cuma namaz\u0131 k\u0131ld\u0131&lt;\/p&gt; \" data-medium-file=\"https:\/\/i0.wp.com\/www.tvturk.com\/wp-content\/uploads\/2019\/02\/ozel-haber-taksimde-mescitte-yer-bulamayan-vatandaslar-yagmur-altinda-cuma-namazi-kildi_d4d76fe.jpg?fit=300%2C225\" data-large-file=\"https:\/\/i0.wp.com\/www.tvturk.com\/wp-content\/uploads\/2019\/02\/ozel-haber-taksimde-mescitte-yer-bulamayan-vatandaslar-yagmur-altinda-cuma-namazi-kildi_d4d76fe.jpg?fit=1000%2C749\" src=\"https:\/\/i0.wp.com\/www.tvturk.com\/wp-content\/uploads\/2019\/02\/ozel-haber-taksimde-mescitte-yer-bulamayan-vatandaslar-yagmur-altinda-cuma-namazi-kildi_d4d76fe.jpg?w=246&#038;h=184\" srcset=\"https:\/\/i0.wp.com\/www.tvturk.com\/wp-content\/uploads\/2019\/02\/ozel-haber-taksimde-mescitte-yer-bulamayan-vatandaslar-yagmur-altinda-cuma-namazi-kildi_d4d76fe.jpg?w=1000 1000w, https:\/\/i0.wp.com\/www.tvturk.com\/wp-content\/uploads\/2019\/02\/ozel-haber-taksimde-mescitte-yer-bulamayan-vatandaslar-yagmur-altinda-cuma-namazi-kildi_d4d76fe.jpg?resize=150%2C112 150w, https:\/\/i0.wp.com\/www.tvturk.com\/wp-content\/uploads\/2019\/02\/ozel-haber-taksimde-mescitte-yer-bulamayan-vatandaslar-yagmur-altinda-cuma-namazi-kildi_d4d76fe.jpg?resize=300%2C225 300w, https:\/\/i0.wp.com\/www.tvturk.com\/wp-content\/uploads\/2019\/02\/ozel-haber-taksimde-mescitte-yer-bulamayan-vatandaslar-yagmur-altinda-cuma-namazi-kildi_d4d76fe.jpg?resize=768%2C575 768w\" width=\"246\" height=\"184\" loading=\"lazy\" data-original-width=\"246\" data-original-height=\"184\" itemprop=\"http:\/\/schema.org\/image\" title=\"(\u00d6zel haber) Taksim\u2019de mescitte yer bulamayan vatanda\u015flar ya\u011fmur alt\u0131nda cuma namaz\u0131 k\u0131ld\u0131\" alt=\"(\u00d6zel haber) Taksim\u2019de mescitte yer bulamayan vatanda\u015flar ya\u011fmur alt\u0131nda cuma namaz\u0131 k\u0131ld\u0131\" style=\"width: 246px; height: 184px;\" \/> <\/a> <\/div> <\/div> <!-- close group --> <\/div> <!-- close row --> <\/div><\/p>\n","protected":false},"excerpt":{"rendered":"<p>\u0130STANBUL&#8217;DA CUMA NAMAZI SIRASINDA AN\u0130DEN BASTIRAN \u015e\u0130DDETL\u0130 YA\u011eMUR, TAKS\u0130M MESC\u0130D\u0130\u2019NDE YER BULAMAYIP MESC\u0130T \u00c7EVRES\u0130NDEK\u0130 ALANDA \u0130BADET\u0130N\u0130 YER\u0130NE GET\u0130RMEK \u0130\u00c7\u0130N TOPLANAN VATANDA\u015eLARIN ISLANMASINA NEDEN OLDU. VATANDA\u015eLAR YA\u011eMURA ALDIRI\u015e ETMEDEN \u0130BADETLER\u0130N\u0130 GER\u00c7EKLE\u015eT\u0130R\u0130RKEN ORTAYA \u00c7IKAN G\u00d6R\u00dcNT\u00dc \u0130N\u015eASI DEVAM EDEN TAKS\u0130M CAM\u0130\u0130\u2019N\u0130N GEREKL\u0130L\u0130\u011e\u0130N\u0130 B\u0130R KEZ DAHA G\u00d6ZLER \u00d6N\u00dcNE SERD\u0130.<\/p>\n","protected":false},"author":1,"featured_media":36508,"comment_status":"closed","ping_status":"open","sticky":false,"template":"","format":"standard","meta":{"jetpack_post_was_ever_published":false,"_jetpack_newsletter_access":"","_jetpack_dont_email_post_to_subs":false,"_jetpack_newsletter_tier_id":0,"_jetpack_memberships_contains_paywalled_content":false,"_jetpack_memberships_contains_paid_content":false,"footnotes":"","jetpack_publicize_message":"","jetpack_publicize_feature_enabled":true,"jetpack_social_post_already_shared":false,"jetpack_social_options":{"image_generator_settings":{"template":"highway","default_image_id":0,"font":"","enabled":false},"version":2}},"categories":[655],"tags":[1073,3114,13661,6705,1545,6709,13660,7174,13659,2344,1366,4243],"class_list":["post-36507","post","type-post","status-publish","format-standard","has-post-thumbnail","hentry","category-son-dakika","tag-ozel","tag-altinda","tag-bulamayan","tag-cuma","tag-haber","tag-kildi","tag-mescitte","tag-namazi","tag-taksimde","tag-vatandaslar","tag-yagmur","tag-yer"],"jetpack_publicize_connections":[],"jetpack_featured_media_url":"https:\/\/i0.wp.com\/www.tvturk.com\/wp-content\/uploads\/2019\/02\/ozel-haber-taksimde-mescitte-yer-bulamayan-vatandaslar-yagmur-altinda-cuma-namazi-kildi_0a3d0df.jpg?fit=1000%2C750","jetpack_sharing_enabled":true,"jetpack_shortlink":"https:\/\/wp.me\/paKIfm-9uP","_links":{"self":[{"href":"http:\/\/www.tvturk.com\/index.php\/wp-json\/wp\/v2\/posts\/36507","targetHints":{"allow":["GET"]}}],"collection":[{"href":"http:\/\/www.tvturk.com\/index.php\/wp-json\/wp\/v2\/posts"}],"about":[{"href":"http:\/\/www.tvturk.com\/index.php\/wp-json\/wp\/v2\/types\/post"}],"author":[{"embeddable":true,"href":"http:\/\/www.tvturk.com\/index.php\/wp-json\/wp\/v2\/users\/1"}],"replies":[{"embeddable":true,"href":"http:\/\/www.tvturk.com\/index.php\/wp-json\/wp\/v2\/comments?post=36507"}],"version-history":[{"count":1,"href":"http:\/\/www.tvturk.com\/index.php\/wp-json\/wp\/v2\/posts\/36507\/revisions"}],"predecessor-version":[{"id":36511,"href":"http:\/\/www.tvturk.com\/index.php\/wp-json\/wp\/v2\/posts\/36507\/revisions\/36511"}],"wp:featuredmedia":[{"embeddable":true,"href":"http:\/\/www.tvturk.com\/index.php\/wp-json\/wp\/v2\/media\/36508"}],"wp:attachment":[{"href":"http:\/\/www.tvturk.com\/index.php\/wp-json\/wp\/v2\/media?parent=36507"}],"wp:term":[{"taxonomy":"category","embeddable":true,"href":"http:\/\/www.tvturk.com\/index.php\/wp-json\/wp\/v2\/categories?post=36507"},{"taxonomy":"post_tag","embeddable":true,"href":"http:\/\/www.tvturk.com\/index.php\/wp-json\/wp\/v2\/tags?post=36507"}],"curies":[{"name":"wp","href":"https:\/\/api.w.org\/{rel}","templated":true}]}}