{"id":36592,"date":"2019-02-15T17:01:20","date_gmt":"2019-02-15T14:01:20","guid":{"rendered":"http:\/\/www.tvturk.com\/index.php\/konyadan-cinin-dogu-turkistanda-uyguladigi-zulme-tepki\/"},"modified":"2019-02-15T17:01:22","modified_gmt":"2019-02-15T14:01:22","slug":"konyadan-cinin-dogu-turkistanda-uyguladigi-zulme-tepki","status":"publish","type":"post","link":"http:\/\/www.tvturk.com\/index.php\/konyadan-cinin-dogu-turkistanda-uyguladigi-zulme-tepki\/","title":{"rendered":"Konya\u2019dan \u00c7in\u2019in Do\u011fu T\u00fcrkistan\u2019da uygulad\u0131\u011f\u0131 zulme tepki"},"content":{"rendered":"<p>Konya Sivil Toplum Kurulu\u015flar\u0131 (STK) Platformu, \u00c7in\u2019in Do\u011fu T\u00fcrkistan \u00fczerinde uygulad\u0131\u011f\u0131 zul\u00fcm ve soyk\u0131r\u0131m \u00e7al\u0131\u015fmalar\u0131na kar\u015f\u0131 kamuoyunu duyarl\u0131 olmaya davet etti.<\/p>\n<p>Konya STK Platformu taraf\u0131ndan, \u00c7in h\u00fckumetinin Do\u011fu T\u00fcrkistan \u00fczerinde uygulad\u0131\u011f\u0131 soyk\u0131r\u0131m \u00e7al\u0131\u015fmalar\u0131na ve zul\u00fcmlere kar\u015f\u0131 tepki g\u00f6stermek amac\u0131yla bas\u0131n toplant\u0131s\u0131 d\u00fczenlendi. Toplant\u0131da konu\u015fan Konya STK Platform Ba\u015fkan\u0131 Muhsin G\u00f6rg\u00fcl\u00fcgil, d\u00fcnya devletlerinin 1949\u2019dan bug\u00fcne Kom\u00fcnist \u00c7in rejiminin zulm\u00fc alt\u0131nda var olma m\u00fccadelesi veren Do\u011fu T\u00fcrkistan\u2019a kar\u015f\u0131 \u00fc\u00e7 maymunu oynad\u0131klar\u0131n\u0131 belirterek, &#8220;\u00c7in h\u00fckumeti y\u0131llard\u0131r b\u00f6lgede ya\u015fayan M\u00fcsl\u00fcman T\u00fcrklere kar\u015f\u0131 soyk\u0131r\u0131m uygulamakta, y\u0131llara yayd\u0131\u011f\u0131 katliamlar\u0131 devlet politikas\u0131 halinde y\u00fcr\u00fctmektedir. D\u00fcnya liderleri g\u00fcya ter\u00f6rizmle m\u00fccadele etmek i\u00e7in bir araya gelirken, \u00c7in h\u00fckumetinin Do\u011fu T\u00fcrkistan\u2019da uygulad\u0131\u011f\u0131 devlet ter\u00f6r\u00fcn\u00fc g\u00f6rmezlikten gelmekte, duymayarak, g\u00f6rmeyerek, konu\u015fmayarak \u00fc\u00e7 maymunu oynamaktad\u0131r. Uygurlar \u00fczerindeki dini, siyasi, ekonomik ve k\u00fclt\u00fcrel alandaki bask\u0131lar\u0131n\u0131 her ge\u00e7en g\u00fcn art\u0131ran \u00c7in h\u00fckumeti, yapt\u0131klar\u0131 kar\u015f\u0131s\u0131nda sessiz kalan d\u00fcnya devletleri taraf\u0131ndan bir nevi \u00f6d\u00fcllendirilmektedir. Ne yaz\u0131k ki bu sessiz duru\u015fu, halk\u0131 T\u00fcrk ve \u0130slam olan devletler de s\u00fcrd\u00fcrmekte, \u00c7in\u2019in dinda\u015flar\u0131na ve soyda\u015flar\u0131na yapt\u0131klar\u0131 kar\u015f\u0131s\u0131nda sessiz kalarak zulme ortak olmaktad\u0131r. Bu hazin tablo kar\u015f\u0131s\u0131nda Konya Sivil Toplum Kurulu\u015flar\u0131 Platformu olarak \u00fc\u00e7 maymunu oynamayaca\u011f\u0131z. Her f\u0131rsatta ve platformda sizlerin hakl\u0131 davas\u0131n\u0131 dile getirece\u011fiz ve bunun savunucusu olaca\u011f\u0131z&#8221; dedi.<div class=\"tiled-gallery type-rectangular tiled-gallery-unresized\" data-original-width=\"500\" data-carousel-extra='null' itemscope itemtype=\"http:\/\/schema.org\/ImageGallery\" > <div class=\"gallery-row\" style=\"width: 500px; height: 334px;\" data-original-width=\"500\" data-original-height=\"334\" > <div class=\"gallery-group images-1\" style=\"width: 500px; height: 334px;\" data-original-width=\"500\" data-original-height=\"334\" > <div class=\"tiled-gallery-item tiled-gallery-item-large\" itemprop=\"associatedMedia\" itemscope itemtype=\"http:\/\/schema.org\/ImageObject\"> <a href=\"http:\/\/www.tvturk.com\/index.php\/konyadan-cinin-dogu-turkistanda-uyguladigi-zulme-tepki\/konyadan-cinin-dogu-turkistanda-uyguladigi-zulme-tepki-3\/\" border=\"0\" itemprop=\"url\"> <meta itemprop=\"width\" content=\"496\"> <meta itemprop=\"height\" content=\"330\"> <img decoding=\"async\" class=\"\" data-attachment-id=\"36594\" data-orig-file=\"http:\/\/www.tvturk.com\/wp-content\/uploads\/2019\/02\/konyadan-cinin-dogu-turkistanda-uyguladigi-zulme-tepki_09ace68.jpg\" data-orig-size=\"1000,666\" data-comments-opened=\"\" data-image-meta=\"{&quot;aperture&quot;:&quot;0&quot;,&quot;credit&quot;:&quot;IHA&quot;,&quot;camera&quot;:&quot;&quot;,&quot;caption&quot;:&quot;KONYA S\\u0130V\\u0130L TOPLUM KURULU\\u015eLARI (STK) PLATFORMU, \\u00c7\\u0130N H\\u00dcKUMET\\u0130N\\u0130N DO\\u011eU T\\u00dcRK\\u0130STAN \\u00dcZER\\u0130NDE UYGULADI\\u011eI ZUL\\u00dcM VE SOYKIRIM \\u00c7ALI\\u015eMALARINA KAR\\u015eI KAMUOYUNU DUYARLI OLMAYA DAVET ETT\\u0130. (MUSTAFA USLU\\\/KONYA-\\u0130HA)&quot;,&quot;created_timestamp&quot;:&quot;0&quot;,&quot;copyright&quot;:&quot;\\u0130HLAS HABER AJANSI, www.iha.com.tr&quot;,&quot;focal_length&quot;:&quot;0&quot;,&quot;iso&quot;:&quot;0&quot;,&quot;shutter_speed&quot;:&quot;0&quot;,&quot;title&quot;:&quot;KONYA\\u2019DAN \\u00c7\\u0130N\\u2019\\u0130N DO\\u011eU T\\u00dcRK\\u0130STAN\\u0027DA UYGULADI\\u011eI ZULME TEPK\\u0130&quot;,&quot;orientation&quot;:&quot;0&quot;}\" data-image-title=\"Konya\u2019dan \u00c7in\u2019in Do\u011fu T\u00fcrkistan\u2019da uygulad\u0131\u011f\u0131 zulme tepki\" data-image-description=\"&lt;p&gt;Konya\u2019dan \u00c7in\u2019in Do\u011fu T\u00fcrkistan\u2019da uygulad\u0131\u011f\u0131 zulme tepki&lt;\/p&gt; \" data-medium-file=\"https:\/\/i0.wp.com\/www.tvturk.com\/wp-content\/uploads\/2019\/02\/konyadan-cinin-dogu-turkistanda-uyguladigi-zulme-tepki_09ace68.jpg?fit=300%2C200\" data-large-file=\"https:\/\/i0.wp.com\/www.tvturk.com\/wp-content\/uploads\/2019\/02\/konyadan-cinin-dogu-turkistanda-uyguladigi-zulme-tepki_09ace68.jpg?fit=1000%2C666\" src=\"https:\/\/i0.wp.com\/www.tvturk.com\/wp-content\/uploads\/2019\/02\/konyadan-cinin-dogu-turkistanda-uyguladigi-zulme-tepki_09ace68.jpg?w=496&#038;h=330\" srcset=\"https:\/\/i0.wp.com\/www.tvturk.com\/wp-content\/uploads\/2019\/02\/konyadan-cinin-dogu-turkistanda-uyguladigi-zulme-tepki_09ace68.jpg?w=1000 1000w, https:\/\/i0.wp.com\/www.tvturk.com\/wp-content\/uploads\/2019\/02\/konyadan-cinin-dogu-turkistanda-uyguladigi-zulme-tepki_09ace68.jpg?resize=150%2C100 150w, https:\/\/i0.wp.com\/www.tvturk.com\/wp-content\/uploads\/2019\/02\/konyadan-cinin-dogu-turkistanda-uyguladigi-zulme-tepki_09ace68.jpg?resize=300%2C200 300w, https:\/\/i0.wp.com\/www.tvturk.com\/wp-content\/uploads\/2019\/02\/konyadan-cinin-dogu-turkistanda-uyguladigi-zulme-tepki_09ace68.jpg?resize=768%2C511 768w, https:\/\/i0.wp.com\/www.tvturk.com\/wp-content\/uploads\/2019\/02\/konyadan-cinin-dogu-turkistanda-uyguladigi-zulme-tepki_09ace68.jpg?resize=170%2C113 170w, https:\/\/i0.wp.com\/www.tvturk.com\/wp-content\/uploads\/2019\/02\/konyadan-cinin-dogu-turkistanda-uyguladigi-zulme-tepki_09ace68.jpg?resize=120%2C80 120w\" width=\"496\" height=\"330\" loading=\"lazy\" data-original-width=\"496\" data-original-height=\"330\" itemprop=\"http:\/\/schema.org\/image\" title=\"Konya\u2019dan \u00c7in\u2019in Do\u011fu T\u00fcrkistan\u2019da uygulad\u0131\u011f\u0131 zulme tepki\" alt=\"Konya\u2019dan \u00c7in\u2019in Do\u011fu T\u00fcrkistan\u2019da uygulad\u0131\u011f\u0131 zulme tepki\" style=\"width: 496px; height: 330px;\" \/> <\/a> <\/div> <\/div> <!-- close group --> <\/div> <!-- close row --> <\/div><\/p>\n","protected":false},"excerpt":{"rendered":"<p>KONYA S\u0130V\u0130L TOPLUM KURULU\u015eLARI (STK) PLATFORMU, \u00c7\u0130N H\u00dcKUMET\u0130N\u0130N DO\u011eU T\u00dcRK\u0130STAN \u00dcZER\u0130NDE UYGULADI\u011eI ZUL\u00dcM VE SOYKIRIM \u00c7ALI\u015eMALARINA KAR\u015eI KAMUOYUNU DUYARLI OLMAYA DAVET ETT\u0130.<\/p>\n","protected":false},"author":1,"featured_media":36593,"comment_status":"closed","ping_status":"open","sticky":false,"template":"","format":"standard","meta":{"jetpack_post_was_ever_published":false,"_jetpack_newsletter_access":"","_jetpack_dont_email_post_to_subs":false,"_jetpack_newsletter_tier_id":0,"_jetpack_memberships_contains_paywalled_content":false,"_jetpack_memberships_contains_paid_content":false,"footnotes":"","jetpack_publicize_message":"","jetpack_publicize_feature_enabled":true,"jetpack_social_post_already_shared":false,"jetpack_social_options":{"image_generator_settings":{"template":"highway","default_image_id":0,"font":"","enabled":false},"version":2}},"categories":[655],"tags":[8363,2476,1916,961,13678,3551,6024],"class_list":["post-36592","post","type-post","status-publish","format-standard","has-post-thumbnail","hentry","category-son-dakika","tag-cinin","tag-dogu","tag-konyadan","tag-tepki","tag-turkistanda","tag-uyguladigi","tag-zulme"],"jetpack_publicize_connections":[],"jetpack_featured_media_url":"https:\/\/i0.wp.com\/www.tvturk.com\/wp-content\/uploads\/2019\/02\/konyadan-cinin-dogu-turkistanda-uyguladigi-zulme-tepki_3b775c9.jpg?fit=1000%2C666","jetpack_sharing_enabled":true,"jetpack_shortlink":"https:\/\/wp.me\/paKIfm-9wc","_links":{"self":[{"href":"http:\/\/www.tvturk.com\/index.php\/wp-json\/wp\/v2\/posts\/36592","targetHints":{"allow":["GET"]}}],"collection":[{"href":"http:\/\/www.tvturk.com\/index.php\/wp-json\/wp\/v2\/posts"}],"about":[{"href":"http:\/\/www.tvturk.com\/index.php\/wp-json\/wp\/v2\/types\/post"}],"author":[{"embeddable":true,"href":"http:\/\/www.tvturk.com\/index.php\/wp-json\/wp\/v2\/users\/1"}],"replies":[{"embeddable":true,"href":"http:\/\/www.tvturk.com\/index.php\/wp-json\/wp\/v2\/comments?post=36592"}],"version-history":[{"count":1,"href":"http:\/\/www.tvturk.com\/index.php\/wp-json\/wp\/v2\/posts\/36592\/revisions"}],"predecessor-version":[{"id":36595,"href":"http:\/\/www.tvturk.com\/index.php\/wp-json\/wp\/v2\/posts\/36592\/revisions\/36595"}],"wp:featuredmedia":[{"embeddable":true,"href":"http:\/\/www.tvturk.com\/index.php\/wp-json\/wp\/v2\/media\/36593"}],"wp:attachment":[{"href":"http:\/\/www.tvturk.com\/index.php\/wp-json\/wp\/v2\/media?parent=36592"}],"wp:term":[{"taxonomy":"category","embeddable":true,"href":"http:\/\/www.tvturk.com\/index.php\/wp-json\/wp\/v2\/categories?post=36592"},{"taxonomy":"post_tag","embeddable":true,"href":"http:\/\/www.tvturk.com\/index.php\/wp-json\/wp\/v2\/tags?post=36592"}],"curies":[{"name":"wp","href":"https:\/\/api.w.org\/{rel}","templated":true}]}}