{"id":36610,"date":"2019-02-15T17:01:36","date_gmt":"2019-02-15T14:01:36","guid":{"rendered":"http:\/\/www.tvturk.com\/index.php\/vali-pekmez-civadan-zehirlenen-ogrencileri-ziyaret-etti\/"},"modified":"2019-02-15T17:01:39","modified_gmt":"2019-02-15T14:01:39","slug":"vali-pekmez-civadan-zehirlenen-ogrencileri-ziyaret-etti","status":"publish","type":"post","link":"http:\/\/www.tvturk.com\/index.php\/vali-pekmez-civadan-zehirlenen-ogrencileri-ziyaret-etti\/","title":{"rendered":"Vali Pekmez civadan zehirlenen \u00f6\u011frencileri ziyaret etti"},"content":{"rendered":"<p>Ad\u0131yaman Valisi Aykut Pekmez, civa zehirlenmesi \u015f\u00fcphesiyle hastanede tedavileri s\u00fcren \u00f6\u011frencileri ziyaret etti.<\/p>\n<p>T\u00fcrkiye Petrolleri Ortaokulu\u2019nda ge\u00e7ti\u011fimiz g\u00fcnlerde bir \u00f6\u011frencinin okula getirdi\u011fi c\u0131vadan etkilenerek hastanede tedavi alt\u0131na al\u0131nan 33 \u00f6\u011frenciden 27\u2019sinin tedavisi devam ediyor. Ad\u0131yaman Valisi Aykut Pekmez Ad\u0131yaman E\u011fitim ve Ara\u015ft\u0131rma Hastanesi\u2019nde tedavisi devam eden \u00f6\u011frencileri ziyaret ederek \u2018ge\u00e7mi\u015f olsun\u2019 dileklerini iletti.<\/p>\n<p>Sa\u011fl\u0131k M\u00fcd\u00fcr\u00fc Erdo\u011fan \u00d6zve Ba\u015fhekim Fatih Do\u011fan\u2019\u0131n e\u015flik etti\u011fi ziyarette, \u00f6\u011frencilere ve ailelerine ge\u00e7mi\u015f olsun dileklerini ileten Vali Aykut Pekmez, tedavisi s\u00fcren 27 \u00f6\u011frencinin genel sa\u011fl\u0131k durumlar\u0131n\u0131n iyi oldu\u011funu s\u00f6yledi.<\/p>\n<p>\u00d6\u011frencilerin 5 g\u00fcn boyunca g\u00f6zetim alt\u0131nda olaca\u011f\u0131n\u0131 kaydeden Vali Aykut Pekmez, \u201c\u00c7ocuklardan al\u0131nan kan \u00f6rnekleri ambulans u\u00e7ak ile Ankara\u2019ya g\u00f6nderildi. 33 \u00f6\u011frencimizden 27\u2019sinin kan de\u011ferleri y\u00fcksek \u00e7\u0131kt\u0131\u011f\u0131 i\u00e7in hastanemizde g\u00f6zetim alt\u0131nda tutulmas\u0131 gerekti\u011fine doktorlar\u0131m\u0131z karar verdi. \u00d6\u011frencilerimizin genel sa\u011fl\u0131k durumlar\u0131 iyi, bir s\u0131k\u0131nt\u0131 yok. \u00d6\u011frencilerimizin derslerinden geri kalmamalar\u0131 hastanede hafta sonu e\u011fitim g\u00f6rmelerini sa\u011flayaca\u011f\u0131z. Bununla ilgili gerekli \u00e7al\u0131\u015fma y\u00fcr\u00fct\u00fcl\u00fcyor\u201d diye konu\u015ftu.<div class=\"tiled-gallery type-rectangular tiled-gallery-unresized\" data-original-width=\"500\" data-carousel-extra='null' itemscope itemtype=\"http:\/\/schema.org\/ImageGallery\" > <div class=\"gallery-row\" style=\"width: 500px; height: 224px;\" data-original-width=\"500\" data-original-height=\"224\" > <div class=\"gallery-group images-1\" style=\"width: 334px; height: 224px;\" data-original-width=\"334\" data-original-height=\"224\" > <div class=\"tiled-gallery-item tiled-gallery-item-large\" itemprop=\"associatedMedia\" itemscope itemtype=\"http:\/\/schema.org\/ImageObject\"> <a href=\"http:\/\/www.tvturk.com\/index.php\/vali-pekmez-civadan-zehirlenen-ogrencileri-ziyaret-etti\/vali-pekmez-civadan-zehirlenen-ogrencileri-ziyaret-etti-3\/\" border=\"0\" itemprop=\"url\"> <meta itemprop=\"width\" content=\"330\"> <meta itemprop=\"height\" content=\"220\"> <img decoding=\"async\" class=\"\" data-attachment-id=\"36612\" data-orig-file=\"http:\/\/www.tvturk.com\/wp-content\/uploads\/2019\/02\/vali-pekmez-civadan-zehirlenen-ogrencileri-ziyaret-etti_70efcfa.jpg\" data-orig-size=\"1000,666\" data-comments-opened=\"\" data-image-meta=\"{&quot;aperture&quot;:&quot;0&quot;,&quot;credit&quot;:&quot;IHA&quot;,&quot;camera&quot;:&quot;&quot;,&quot;caption&quot;:&quot;ADIYAMAN VAL\\u0130S\\u0130 AYKUT PEKMEZ, C\\u0130VA ZEH\\u0130RLENMES\\u0130 \\u015e\\u00dcPHES\\u0130YLE HASTANEDE TEDAV\\u0130LER\\u0130 S\\u00dcREN \\u00d6\\u011eRENC\\u0130LER\\u0130 Z\\u0130YARET ETT\\u0130. (AHMET ARSLANTA\\u015e\\\/ADIYAMAN-\\u0130HA)&quot;,&quot;created_timestamp&quot;:&quot;0&quot;,&quot;copyright&quot;:&quot;\\u0130HLAS HABER AJANSI, www.iha.com.tr&quot;,&quot;focal_length&quot;:&quot;0&quot;,&quot;iso&quot;:&quot;0&quot;,&quot;shutter_speed&quot;:&quot;0&quot;,&quot;title&quot;:&quot;VAL\\u0130 PEKMEZ C\\u0130VADAN ZEH\\u0130RLENEN \\u00d6\\u011eRENC\\u0130LER\\u0130 Z\\u0130YARET ETT\\u0130&quot;,&quot;orientation&quot;:&quot;0&quot;}\" data-image-title=\"Vali Pekmez civadan zehirlenen \u00f6\u011frencileri ziyaret etti\" data-image-description=\"&lt;p&gt;Vali Pekmez civadan zehirlenen \u00f6\u011frencileri ziyaret etti&lt;\/p&gt; \" data-medium-file=\"https:\/\/i0.wp.com\/www.tvturk.com\/wp-content\/uploads\/2019\/02\/vali-pekmez-civadan-zehirlenen-ogrencileri-ziyaret-etti_70efcfa.jpg?fit=300%2C200\" data-large-file=\"https:\/\/i0.wp.com\/www.tvturk.com\/wp-content\/uploads\/2019\/02\/vali-pekmez-civadan-zehirlenen-ogrencileri-ziyaret-etti_70efcfa.jpg?fit=1000%2C666\" src=\"https:\/\/i0.wp.com\/www.tvturk.com\/wp-content\/uploads\/2019\/02\/vali-pekmez-civadan-zehirlenen-ogrencileri-ziyaret-etti_70efcfa.jpg?w=330&#038;h=220\" srcset=\"https:\/\/i0.wp.com\/www.tvturk.com\/wp-content\/uploads\/2019\/02\/vali-pekmez-civadan-zehirlenen-ogrencileri-ziyaret-etti_70efcfa.jpg?w=1000 1000w, https:\/\/i0.wp.com\/www.tvturk.com\/wp-content\/uploads\/2019\/02\/vali-pekmez-civadan-zehirlenen-ogrencileri-ziyaret-etti_70efcfa.jpg?resize=150%2C100 150w, https:\/\/i0.wp.com\/www.tvturk.com\/wp-content\/uploads\/2019\/02\/vali-pekmez-civadan-zehirlenen-ogrencileri-ziyaret-etti_70efcfa.jpg?resize=300%2C200 300w, https:\/\/i0.wp.com\/www.tvturk.com\/wp-content\/uploads\/2019\/02\/vali-pekmez-civadan-zehirlenen-ogrencileri-ziyaret-etti_70efcfa.jpg?resize=768%2C511 768w, https:\/\/i0.wp.com\/www.tvturk.com\/wp-content\/uploads\/2019\/02\/vali-pekmez-civadan-zehirlenen-ogrencileri-ziyaret-etti_70efcfa.jpg?resize=170%2C113 170w, https:\/\/i0.wp.com\/www.tvturk.com\/wp-content\/uploads\/2019\/02\/vali-pekmez-civadan-zehirlenen-ogrencileri-ziyaret-etti_70efcfa.jpg?resize=120%2C80 120w\" width=\"330\" height=\"220\" loading=\"lazy\" data-original-width=\"330\" data-original-height=\"220\" itemprop=\"http:\/\/schema.org\/image\" title=\"Vali Pekmez civadan zehirlenen \u00f6\u011frencileri ziyaret etti\" alt=\"Vali Pekmez civadan zehirlenen \u00f6\u011frencileri ziyaret etti\" style=\"width: 330px; height: 220px;\" \/> <\/a> <\/div> <\/div> <!-- close group --> <div class=\"gallery-group images-2\" style=\"width: 166px; height: 224px;\" data-original-width=\"166\" data-original-height=\"224\" > <div class=\"tiled-gallery-item tiled-gallery-item-small\" itemprop=\"associatedMedia\" itemscope itemtype=\"http:\/\/schema.org\/ImageObject\"> <a href=\"http:\/\/www.tvturk.com\/index.php\/vali-pekmez-civadan-zehirlenen-ogrencileri-ziyaret-etti\/vali-pekmez-civadan-zehirlenen-ogrencileri-ziyaret-etti-4\/\" border=\"0\" itemprop=\"url\"> <meta itemprop=\"width\" content=\"162\"> <meta itemprop=\"height\" content=\"108\"> <img decoding=\"async\" class=\"\" data-attachment-id=\"36613\" data-orig-file=\"http:\/\/www.tvturk.com\/wp-content\/uploads\/2019\/02\/vali-pekmez-civadan-zehirlenen-ogrencileri-ziyaret-etti_8659cfc.jpg\" data-orig-size=\"1000,666\" data-comments-opened=\"\" data-image-meta=\"{&quot;aperture&quot;:&quot;0&quot;,&quot;credit&quot;:&quot;IHA&quot;,&quot;camera&quot;:&quot;&quot;,&quot;caption&quot;:&quot;ADIYAMAN VAL\\u0130S\\u0130 AYKUT PEKMEZ, C\\u0130VA ZEH\\u0130RLENMES\\u0130 \\u015e\\u00dcPHES\\u0130YLE HASTANEDE TEDAV\\u0130LER\\u0130 S\\u00dcREN \\u00d6\\u011eRENC\\u0130LER\\u0130 Z\\u0130YARET ETT\\u0130. (AHMET ARSLANTA\\u015e\\\/ADIYAMAN-\\u0130HA)&quot;,&quot;created_timestamp&quot;:&quot;0&quot;,&quot;copyright&quot;:&quot;\\u0130HLAS HABER AJANSI, www.iha.com.tr&quot;,&quot;focal_length&quot;:&quot;0&quot;,&quot;iso&quot;:&quot;0&quot;,&quot;shutter_speed&quot;:&quot;0&quot;,&quot;title&quot;:&quot;VAL\\u0130 PEKMEZ C\\u0130VADAN ZEH\\u0130RLENEN \\u00d6\\u011eRENC\\u0130LER\\u0130 Z\\u0130YARET ETT\\u0130&quot;,&quot;orientation&quot;:&quot;0&quot;}\" data-image-title=\"Vali Pekmez civadan zehirlenen \u00f6\u011frencileri ziyaret etti\" data-image-description=\"&lt;p&gt;Vali Pekmez civadan zehirlenen \u00f6\u011frencileri ziyaret etti&lt;\/p&gt; \" data-medium-file=\"https:\/\/i0.wp.com\/www.tvturk.com\/wp-content\/uploads\/2019\/02\/vali-pekmez-civadan-zehirlenen-ogrencileri-ziyaret-etti_8659cfc.jpg?fit=300%2C200\" data-large-file=\"https:\/\/i0.wp.com\/www.tvturk.com\/wp-content\/uploads\/2019\/02\/vali-pekmez-civadan-zehirlenen-ogrencileri-ziyaret-etti_8659cfc.jpg?fit=1000%2C666\" src=\"https:\/\/i0.wp.com\/www.tvturk.com\/wp-content\/uploads\/2019\/02\/vali-pekmez-civadan-zehirlenen-ogrencileri-ziyaret-etti_8659cfc.jpg?w=162&#038;h=108\" srcset=\"https:\/\/i0.wp.com\/www.tvturk.com\/wp-content\/uploads\/2019\/02\/vali-pekmez-civadan-zehirlenen-ogrencileri-ziyaret-etti_8659cfc.jpg?w=1000 1000w, https:\/\/i0.wp.com\/www.tvturk.com\/wp-content\/uploads\/2019\/02\/vali-pekmez-civadan-zehirlenen-ogrencileri-ziyaret-etti_8659cfc.jpg?resize=150%2C100 150w, https:\/\/i0.wp.com\/www.tvturk.com\/wp-content\/uploads\/2019\/02\/vali-pekmez-civadan-zehirlenen-ogrencileri-ziyaret-etti_8659cfc.jpg?resize=300%2C200 300w, https:\/\/i0.wp.com\/www.tvturk.com\/wp-content\/uploads\/2019\/02\/vali-pekmez-civadan-zehirlenen-ogrencileri-ziyaret-etti_8659cfc.jpg?resize=768%2C511 768w, https:\/\/i0.wp.com\/www.tvturk.com\/wp-content\/uploads\/2019\/02\/vali-pekmez-civadan-zehirlenen-ogrencileri-ziyaret-etti_8659cfc.jpg?resize=170%2C113 170w, https:\/\/i0.wp.com\/www.tvturk.com\/wp-content\/uploads\/2019\/02\/vali-pekmez-civadan-zehirlenen-ogrencileri-ziyaret-etti_8659cfc.jpg?resize=120%2C80 120w\" width=\"162\" height=\"108\" loading=\"lazy\" data-original-width=\"162\" data-original-height=\"108\" itemprop=\"http:\/\/schema.org\/image\" title=\"Vali Pekmez civadan zehirlenen \u00f6\u011frencileri ziyaret etti\" alt=\"Vali Pekmez civadan zehirlenen \u00f6\u011frencileri ziyaret etti\" style=\"width: 162px; height: 108px;\" \/> <\/a> <\/div> <div class=\"tiled-gallery-item tiled-gallery-item-small\" itemprop=\"associatedMedia\" itemscope itemtype=\"http:\/\/schema.org\/ImageObject\"> <a href=\"http:\/\/www.tvturk.com\/index.php\/vali-pekmez-civadan-zehirlenen-ogrencileri-ziyaret-etti\/vali-pekmez-civadan-zehirlenen-ogrencileri-ziyaret-etti-5\/\" border=\"0\" itemprop=\"url\"> <meta itemprop=\"width\" content=\"162\"> <meta itemprop=\"height\" content=\"108\"> <img decoding=\"async\" class=\"\" data-attachment-id=\"36614\" data-orig-file=\"http:\/\/www.tvturk.com\/wp-content\/uploads\/2019\/02\/vali-pekmez-civadan-zehirlenen-ogrencileri-ziyaret-etti_a6bb148.jpg\" data-orig-size=\"1000,666\" data-comments-opened=\"\" data-image-meta=\"{&quot;aperture&quot;:&quot;0&quot;,&quot;credit&quot;:&quot;IHA&quot;,&quot;camera&quot;:&quot;&quot;,&quot;caption&quot;:&quot;ADIYAMAN VAL\\u0130S\\u0130 AYKUT PEKMEZ, C\\u0130VA ZEH\\u0130RLENMES\\u0130 \\u015e\\u00dcPHES\\u0130YLE HASTANEDE TEDAV\\u0130LER\\u0130 S\\u00dcREN \\u00d6\\u011eRENC\\u0130LER\\u0130 Z\\u0130YARET ETT\\u0130. (AHMET ARSLANTA\\u015e\\\/ADIYAMAN-\\u0130HA)&quot;,&quot;created_timestamp&quot;:&quot;0&quot;,&quot;copyright&quot;:&quot;\\u0130HLAS HABER AJANSI, www.iha.com.tr&quot;,&quot;focal_length&quot;:&quot;0&quot;,&quot;iso&quot;:&quot;0&quot;,&quot;shutter_speed&quot;:&quot;0&quot;,&quot;title&quot;:&quot;VAL\\u0130 PEKMEZ C\\u0130VADAN ZEH\\u0130RLENEN \\u00d6\\u011eRENC\\u0130LER\\u0130 Z\\u0130YARET ETT\\u0130&quot;,&quot;orientation&quot;:&quot;0&quot;}\" data-image-title=\"Vali Pekmez civadan zehirlenen \u00f6\u011frencileri ziyaret etti\" data-image-description=\"&lt;p&gt;Vali Pekmez civadan zehirlenen \u00f6\u011frencileri ziyaret etti&lt;\/p&gt; \" data-medium-file=\"https:\/\/i0.wp.com\/www.tvturk.com\/wp-content\/uploads\/2019\/02\/vali-pekmez-civadan-zehirlenen-ogrencileri-ziyaret-etti_a6bb148.jpg?fit=300%2C200\" data-large-file=\"https:\/\/i0.wp.com\/www.tvturk.com\/wp-content\/uploads\/2019\/02\/vali-pekmez-civadan-zehirlenen-ogrencileri-ziyaret-etti_a6bb148.jpg?fit=1000%2C666\" src=\"https:\/\/i0.wp.com\/www.tvturk.com\/wp-content\/uploads\/2019\/02\/vali-pekmez-civadan-zehirlenen-ogrencileri-ziyaret-etti_a6bb148.jpg?w=162&#038;h=108\" srcset=\"https:\/\/i0.wp.com\/www.tvturk.com\/wp-content\/uploads\/2019\/02\/vali-pekmez-civadan-zehirlenen-ogrencileri-ziyaret-etti_a6bb148.jpg?w=1000 1000w, https:\/\/i0.wp.com\/www.tvturk.com\/wp-content\/uploads\/2019\/02\/vali-pekmez-civadan-zehirlenen-ogrencileri-ziyaret-etti_a6bb148.jpg?resize=150%2C100 150w, https:\/\/i0.wp.com\/www.tvturk.com\/wp-content\/uploads\/2019\/02\/vali-pekmez-civadan-zehirlenen-ogrencileri-ziyaret-etti_a6bb148.jpg?resize=300%2C200 300w, https:\/\/i0.wp.com\/www.tvturk.com\/wp-content\/uploads\/2019\/02\/vali-pekmez-civadan-zehirlenen-ogrencileri-ziyaret-etti_a6bb148.jpg?resize=768%2C511 768w, https:\/\/i0.wp.com\/www.tvturk.com\/wp-content\/uploads\/2019\/02\/vali-pekmez-civadan-zehirlenen-ogrencileri-ziyaret-etti_a6bb148.jpg?resize=170%2C113 170w, https:\/\/i0.wp.com\/www.tvturk.com\/wp-content\/uploads\/2019\/02\/vali-pekmez-civadan-zehirlenen-ogrencileri-ziyaret-etti_a6bb148.jpg?resize=120%2C80 120w\" width=\"162\" height=\"108\" loading=\"lazy\" data-original-width=\"162\" data-original-height=\"108\" itemprop=\"http:\/\/schema.org\/image\" title=\"Vali Pekmez civadan zehirlenen \u00f6\u011frencileri ziyaret etti\" alt=\"Vali Pekmez civadan zehirlenen \u00f6\u011frencileri ziyaret etti\" style=\"width: 162px; height: 108px;\" \/> <\/a> <\/div> <\/div> <!-- close group --> <\/div> <!-- close row --> <\/div><\/p>\n","protected":false},"excerpt":{"rendered":"<p>ADIYAMAN VAL\u0130S\u0130 AYKUT PEKMEZ, C\u0130VA ZEH\u0130RLENMES\u0130 \u015e\u00dcPHES\u0130YLE HASTANEDE TEDAV\u0130LER\u0130 S\u00dcREN \u00d6\u011eRENC\u0130LER\u0130 Z\u0130YARET ETT\u0130.<\/p>\n","protected":false},"author":1,"featured_media":36611,"comment_status":"closed","ping_status":"open","sticky":false,"template":"","format":"standard","meta":{"jetpack_post_was_ever_published":false,"_jetpack_newsletter_access":"","_jetpack_dont_email_post_to_subs":false,"_jetpack_newsletter_tier_id":0,"_jetpack_memberships_contains_paywalled_content":false,"_jetpack_memberships_contains_paid_content":false,"footnotes":"","jetpack_publicize_message":"","jetpack_publicize_feature_enabled":true,"jetpack_social_post_already_shared":false,"jetpack_social_options":{"image_generator_settings":{"template":"highway","default_image_id":0,"font":"","enabled":false},"version":2}},"categories":[658],"tags":[13592,207,1491,405,148,9882,150],"class_list":["post-36610","post","type-post","status-publish","format-standard","has-post-thumbnail","hentry","category-saglik","tag-civadan","tag-etti","tag-ogrencileri","tag-pekmez","tag-vali","tag-zehirlenen","tag-ziyaret"],"jetpack_publicize_connections":[],"jetpack_featured_media_url":"https:\/\/i0.wp.com\/www.tvturk.com\/wp-content\/uploads\/2019\/02\/vali-pekmez-civadan-zehirlenen-ogrencileri-ziyaret-etti_fe13a5d.jpg?fit=1000%2C666","jetpack_sharing_enabled":true,"jetpack_shortlink":"https:\/\/wp.me\/paKIfm-9wu","_links":{"self":[{"href":"http:\/\/www.tvturk.com\/index.php\/wp-json\/wp\/v2\/posts\/36610","targetHints":{"allow":["GET"]}}],"collection":[{"href":"http:\/\/www.tvturk.com\/index.php\/wp-json\/wp\/v2\/posts"}],"about":[{"href":"http:\/\/www.tvturk.com\/index.php\/wp-json\/wp\/v2\/types\/post"}],"author":[{"embeddable":true,"href":"http:\/\/www.tvturk.com\/index.php\/wp-json\/wp\/v2\/users\/1"}],"replies":[{"embeddable":true,"href":"http:\/\/www.tvturk.com\/index.php\/wp-json\/wp\/v2\/comments?post=36610"}],"version-history":[{"count":1,"href":"http:\/\/www.tvturk.com\/index.php\/wp-json\/wp\/v2\/posts\/36610\/revisions"}],"predecessor-version":[{"id":36615,"href":"http:\/\/www.tvturk.com\/index.php\/wp-json\/wp\/v2\/posts\/36610\/revisions\/36615"}],"wp:featuredmedia":[{"embeddable":true,"href":"http:\/\/www.tvturk.com\/index.php\/wp-json\/wp\/v2\/media\/36611"}],"wp:attachment":[{"href":"http:\/\/www.tvturk.com\/index.php\/wp-json\/wp\/v2\/media?parent=36610"}],"wp:term":[{"taxonomy":"category","embeddable":true,"href":"http:\/\/www.tvturk.com\/index.php\/wp-json\/wp\/v2\/categories?post=36610"},{"taxonomy":"post_tag","embeddable":true,"href":"http:\/\/www.tvturk.com\/index.php\/wp-json\/wp\/v2\/tags?post=36610"}],"curies":[{"name":"wp","href":"https:\/\/api.w.org\/{rel}","templated":true}]}}