{"id":36726,"date":"2019-02-15T17:21:38","date_gmt":"2019-02-15T14:21:38","guid":{"rendered":"http:\/\/www.tvturk.com\/index.php\/emre-demir-imzali-formasini-hediye-etti\/"},"modified":"2019-02-15T17:21:39","modified_gmt":"2019-02-15T14:21:39","slug":"emre-demir-imzali-formasini-hediye-etti","status":"publish","type":"post","link":"http:\/\/www.tvturk.com\/index.php\/emre-demir-imzali-formasini-hediye-etti\/","title":{"rendered":"Emre Demir imzal\u0131 formas\u0131n\u0131 hediye etti"},"content":{"rendered":"<p>\u0130stikbal Mobilya Kayserispor\u2019un 2004 do\u011fumlu gen\u00e7 ve milli futbolcu Emre Demir,  \u0130l\u00e7e Milli M\u00fcd\u00fcr\u00fc Ya\u015far \u00d6zt\u00fcrk\u2019e imzal\u0131 formas\u0131n\u0131 hediye etti.<\/p>\n<p>\u0130stikbal Mobilya Kayserispor\u2019un yerli Messi\u2019si olan ve b\u00fcy\u00fck beklentiler olan gen\u00e7 y\u0131ld\u0131z oyuncu Emre Demir, okudu\u011fu U\u011fur Okullar\u0131n\u0131 ziyaret etti. \u00d6\u011fretmenleri ve Okul M\u00fcd\u00fcr\u00fc ile sohbet eden Emre Demir, Ya\u015far \u00d6zt\u00fcrk\u2019e 14 numaral\u0131 formas\u0131 imzalayarak hediye etti.<\/p>\n<p>U\u011fur Okullar\u0131 yapt\u0131\u011f\u0131 payla\u015f\u0131mda, \u201c \u0130stikbal Mobilya Kayserispor A Tak\u0131m\u0131 oyuncusu \u00f6\u011frencimiz Emre Demir imzal\u0131 formas\u0131n\u0131 \u0130l\u00e7e Milli E\u011fitim M\u00fcd\u00fcr\u00fcm\u00fcz Ya\u015far \u00d6zt\u00fcrk\u2019e hediye etti\u201d<div class=\"tiled-gallery type-rectangular tiled-gallery-unresized\" data-original-width=\"500\" data-carousel-extra='null' itemscope itemtype=\"http:\/\/schema.org\/ImageGallery\" > <div class=\"gallery-row\" style=\"width: 500px; height: 283px;\" data-original-width=\"500\" data-original-height=\"283\" > <div class=\"gallery-group images-1\" style=\"width: 500px; height: 283px;\" data-original-width=\"500\" data-original-height=\"283\" > <div class=\"tiled-gallery-item tiled-gallery-item-large\" itemprop=\"associatedMedia\" itemscope itemtype=\"http:\/\/schema.org\/ImageObject\"> <a href=\"http:\/\/www.tvturk.com\/index.php\/emre-demir-imzali-formasini-hediye-etti\/emre-demir-imzali-formasini-hediye-etti-3\/\" border=\"0\" itemprop=\"url\"> <meta itemprop=\"width\" content=\"496\"> <meta itemprop=\"height\" content=\"279\"> <img decoding=\"async\" class=\"\" data-attachment-id=\"36728\" data-orig-file=\"http:\/\/www.tvturk.com\/wp-content\/uploads\/2019\/02\/emre-demir-imzali-formasini-hediye-etti_162b47c.jpg\" data-orig-size=\"1000,562\" data-comments-opened=\"\" data-image-meta=\"{&quot;aperture&quot;:&quot;0&quot;,&quot;credit&quot;:&quot;IHA&quot;,&quot;camera&quot;:&quot;&quot;,&quot;caption&quot;:&quot;\\u0130ST\\u0130KBAL MOB\\u0130LYA KAYSER\\u0130SPOR\\u2019UN 2004 DO\\u011eUMLU GEN\\u00c7 VE M\\u0130LL\\u0130 FUTBOLCU EMRE DEM\\u0130R, \\u0130L\\u00c7E M\\u0130LL\\u0130 M\\u00dcD\\u00dcR\\u00dc YA\\u015eAR \\u00d6ZT\\u00dcRK\\u2019E \\u0130MZALI FORMASINI HED\\u0130YE ETT\\u0130. (Y\\u00dcKSEL YIKILMAZ\\\/KAYSER\\u0130-\\u0130HA)&quot;,&quot;created_timestamp&quot;:&quot;0&quot;,&quot;copyright&quot;:&quot;\\u0130HLAS HABER AJANSI, www.iha.com.tr&quot;,&quot;focal_length&quot;:&quot;0&quot;,&quot;iso&quot;:&quot;0&quot;,&quot;shutter_speed&quot;:&quot;0&quot;,&quot;title&quot;:&quot;EMRE DEM\\u0130R \\u0130MZALI FORMASINI HED\\u0130YE ETT\\u0130&quot;,&quot;orientation&quot;:&quot;0&quot;}\" data-image-title=\"Emre Demir imzal\u0131 formas\u0131n\u0131 hediye etti\" data-image-description=\"&lt;p&gt;Emre Demir imzal\u0131 formas\u0131n\u0131 hediye etti&lt;\/p&gt; \" data-medium-file=\"https:\/\/i0.wp.com\/www.tvturk.com\/wp-content\/uploads\/2019\/02\/emre-demir-imzali-formasini-hediye-etti_162b47c.jpg?fit=300%2C169\" data-large-file=\"https:\/\/i0.wp.com\/www.tvturk.com\/wp-content\/uploads\/2019\/02\/emre-demir-imzali-formasini-hediye-etti_162b47c.jpg?fit=1000%2C562\" src=\"https:\/\/i0.wp.com\/www.tvturk.com\/wp-content\/uploads\/2019\/02\/emre-demir-imzali-formasini-hediye-etti_162b47c.jpg?w=496&#038;h=279\" srcset=\"https:\/\/i0.wp.com\/www.tvturk.com\/wp-content\/uploads\/2019\/02\/emre-demir-imzali-formasini-hediye-etti_162b47c.jpg?w=1000 1000w, https:\/\/i0.wp.com\/www.tvturk.com\/wp-content\/uploads\/2019\/02\/emre-demir-imzali-formasini-hediye-etti_162b47c.jpg?resize=150%2C84 150w, https:\/\/i0.wp.com\/www.tvturk.com\/wp-content\/uploads\/2019\/02\/emre-demir-imzali-formasini-hediye-etti_162b47c.jpg?resize=300%2C169 300w, https:\/\/i0.wp.com\/www.tvturk.com\/wp-content\/uploads\/2019\/02\/emre-demir-imzali-formasini-hediye-etti_162b47c.jpg?resize=768%2C432 768w, https:\/\/i0.wp.com\/www.tvturk.com\/wp-content\/uploads\/2019\/02\/emre-demir-imzali-formasini-hediye-etti_162b47c.jpg?resize=200%2C113 200w\" width=\"496\" height=\"279\" loading=\"lazy\" data-original-width=\"496\" data-original-height=\"279\" itemprop=\"http:\/\/schema.org\/image\" title=\"Emre Demir imzal\u0131 formas\u0131n\u0131 hediye etti\" alt=\"Emre Demir imzal\u0131 formas\u0131n\u0131 hediye etti\" style=\"width: 496px; height: 279px;\" \/> <\/a> <\/div> <\/div> <!-- close group --> <\/div> <!-- close row --> <\/div><\/p>\n","protected":false},"excerpt":{"rendered":"<p>\u0130ST\u0130KBAL MOB\u0130LYA KAYSER\u0130SPOR\u2019UN 2004 DO\u011eUMLU GEN\u00c7 VE M\u0130LL\u0130 FUTBOLCU EMRE DEM\u0130R,  \u0130L\u00c7E M\u0130LL\u0130 M\u00dcD\u00dcR\u00dc YA\u015eAR \u00d6ZT\u00dcRK\u2019E \u0130MZALI FORMASINI HED\u0130YE ETT\u0130.<\/p>\n","protected":false},"author":1,"featured_media":36727,"comment_status":"closed","ping_status":"open","sticky":false,"template":"","format":"standard","meta":{"jetpack_post_was_ever_published":false,"_jetpack_newsletter_access":"","_jetpack_dont_email_post_to_subs":false,"_jetpack_newsletter_tier_id":0,"_jetpack_memberships_contains_paywalled_content":false,"_jetpack_memberships_contains_paid_content":false,"footnotes":"","jetpack_publicize_message":"","jetpack_publicize_feature_enabled":true,"jetpack_social_post_already_shared":false,"jetpack_social_options":{"image_generator_settings":{"template":"highway","default_image_id":0,"font":"","enabled":false},"version":2}},"categories":[657],"tags":[491,6360,207,13709,4357,13708],"class_list":["post-36726","post","type-post","status-publish","format-standard","has-post-thumbnail","hentry","category-spor","tag-demir","tag-emre","tag-etti","tag-formasini","tag-hediye","tag-imzali"],"jetpack_publicize_connections":[],"jetpack_featured_media_url":"https:\/\/i0.wp.com\/www.tvturk.com\/wp-content\/uploads\/2019\/02\/emre-demir-imzali-formasini-hediye-etti_7b63637.jpg?fit=1000%2C562","jetpack_sharing_enabled":true,"jetpack_shortlink":"https:\/\/wp.me\/paKIfm-9ym","_links":{"self":[{"href":"http:\/\/www.tvturk.com\/index.php\/wp-json\/wp\/v2\/posts\/36726","targetHints":{"allow":["GET"]}}],"collection":[{"href":"http:\/\/www.tvturk.com\/index.php\/wp-json\/wp\/v2\/posts"}],"about":[{"href":"http:\/\/www.tvturk.com\/index.php\/wp-json\/wp\/v2\/types\/post"}],"author":[{"embeddable":true,"href":"http:\/\/www.tvturk.com\/index.php\/wp-json\/wp\/v2\/users\/1"}],"replies":[{"embeddable":true,"href":"http:\/\/www.tvturk.com\/index.php\/wp-json\/wp\/v2\/comments?post=36726"}],"version-history":[{"count":1,"href":"http:\/\/www.tvturk.com\/index.php\/wp-json\/wp\/v2\/posts\/36726\/revisions"}],"predecessor-version":[{"id":36729,"href":"http:\/\/www.tvturk.com\/index.php\/wp-json\/wp\/v2\/posts\/36726\/revisions\/36729"}],"wp:featuredmedia":[{"embeddable":true,"href":"http:\/\/www.tvturk.com\/index.php\/wp-json\/wp\/v2\/media\/36727"}],"wp:attachment":[{"href":"http:\/\/www.tvturk.com\/index.php\/wp-json\/wp\/v2\/media?parent=36726"}],"wp:term":[{"taxonomy":"category","embeddable":true,"href":"http:\/\/www.tvturk.com\/index.php\/wp-json\/wp\/v2\/categories?post=36726"},{"taxonomy":"post_tag","embeddable":true,"href":"http:\/\/www.tvturk.com\/index.php\/wp-json\/wp\/v2\/tags?post=36726"}],"curies":[{"name":"wp","href":"https:\/\/api.w.org\/{rel}","templated":true}]}}