{"id":36754,"date":"2019-02-15T17:31:30","date_gmt":"2019-02-15T14:31:30","guid":{"rendered":"http:\/\/www.tvturk.com\/index.php\/kubra-ogretmen-ogrencilerinin-gozyaslari-arasinda-defnedildi\/"},"modified":"2019-02-15T17:31:40","modified_gmt":"2019-02-15T14:31:40","slug":"kubra-ogretmen-ogrencilerinin-gozyaslari-arasinda-defnedildi","status":"publish","type":"post","link":"http:\/\/www.tvturk.com\/index.php\/kubra-ogretmen-ogrencilerinin-gozyaslari-arasinda-defnedildi\/","title":{"rendered":"K\u00fcbra \u00f6\u011fretmen \u00f6\u011frencilerinin g\u00f6zya\u015flar\u0131 aras\u0131nda defnedildi"},"content":{"rendered":"<p>Mersin\u2019de eski e\u015fi taraf\u0131ndan arac\u0131yla takip edildikten sonra kur\u015fun ya\u011fmuruna tutularak \u00f6ld\u00fcr\u00fclen K\u00fcbra A\u015fk\u0131n, \u00f6\u011frencilerinin ve yak\u0131nlar\u0131n\u0131n g\u00f6zya\u015flar\u0131 aras\u0131nda topra\u011fa verildi.<\/p>\n<p>Mersin\u2019de eski e\u015fi taraf\u0131ndan arac\u0131yla takip edildikten sonra kur\u015fun ya\u011fmuruna tutularak \u00f6ld\u00fcr\u00fclen \u00c7aml\u0131bel K\u0131z Meslek Lisesi M\u00fcd\u00fcr Yard\u0131mc\u0131s\u0131 K\u00fcbra A\u015fk\u0131n\u2019\u0131n (37) cenazesi, Mersin \u015eehir Hastanesi morgundaki otopsisinin tamamlanmas\u0131n\u0131n ard\u0131ndan topra\u011fa verilmek \u00fczere yak\u0131nlar\u0131 taraf\u0131ndan G\u00fcneykent Mezarl\u0131\u011f\u0131\u2019na getirildi.<\/p>\n<p>Cenaze t\u00f6renine gen\u00e7 kad\u0131n\u0131n yak\u0131nlar\u0131n\u0131n yan\u0131 s\u0131ra \u00f6\u011frencileri, meslekta\u015flar\u0131 ve sevenleri de kat\u0131ld\u0131. K\u00fcbra A\u015fk\u0131n\u2019\u0131n cenazesi, ikindi namaz\u0131n\u0131 m\u00fcteakip k\u0131l\u0131nan cenaze namaz\u0131n\u0131n ard\u0131ndan topra\u011fa verilirken, \u00f6\u011frencileri g\u00f6zya\u015flar\u0131na bo\u011fuldu.<\/p>\n<p>Gen\u00e7 kad\u0131n\u0131n yak\u0131nlar\u0131 ise &#8220;\u00d6ks\u00fcz b\u00fcy\u00fcd\u00fc. 10 y\u0131l i\u015fkence etti. Bo\u015fand\u0131 yine kurtulamad\u0131. \u0130\u015fkenceyle \u00f6ld\u00fcrm\u00fc\u015fler. Vicdans\u0131zlar, \u00f6m\u00fcr boyu hapis etsinler. Kad\u0131n cinayetleri yeter art\u0131k. Art\u0131k idam \u00e7\u0131ks\u0131n&#8221; ifadelerini kulland\u0131.<\/p>\n<p>Olay\u0131n ge\u00e7mi\u015fi<\/p>\n<p>D\u00fcn gece merkez Yeni\u015fehir il\u00e7esi Mente\u015f Mahallesi \u0130stemihan Talay Bulvar\u0131 \u00fczerinde meydana gelen olayda, \u00c7aml\u0131bel K\u0131z Meslek Lisesi M\u00fcd\u00fcr Yard\u0131mc\u0131s\u0131 K\u00fcbra A\u015fk\u0131n, arac\u0131yla seyir halinde iken kendisini takip eden eski kocas\u0131 Davut D. taraf\u0131ndan ara\u00e7la \u00f6n\u00fc kesildikten sonra tabanca ile vurularak \u00f6ld\u00fcr\u00fclm\u00fc\u015ft\u00fc. Olaydan sonra ka\u00e7an cinayet zanl\u0131s\u0131 ise daha sonra polise teslim olmu\u015ftu.<div class=\"tiled-gallery type-rectangular tiled-gallery-unresized\" data-original-width=\"500\" data-carousel-extra='null' itemscope itemtype=\"http:\/\/schema.org\/ImageGallery\" > <div class=\"gallery-row\" style=\"width: 500px; height: 142px;\" data-original-width=\"500\" data-original-height=\"142\" > <div class=\"gallery-group images-1\" style=\"width: 250px; height: 142px;\" data-original-width=\"250\" data-original-height=\"142\" > <div class=\"tiled-gallery-item tiled-gallery-item-small\" itemprop=\"associatedMedia\" itemscope itemtype=\"http:\/\/schema.org\/ImageObject\"> <a href=\"http:\/\/www.tvturk.com\/index.php\/kubra-ogretmen-ogrencilerinin-gozyaslari-arasinda-defnedildi\/kubra-ogretmen-ogrencilerinin-gozyaslari-arasinda-defnedildi-3\/\" border=\"0\" itemprop=\"url\"> <meta itemprop=\"width\" content=\"246\"> <meta itemprop=\"height\" content=\"138\"> <img decoding=\"async\" class=\"\" data-attachment-id=\"36756\" data-orig-file=\"http:\/\/www.tvturk.com\/wp-content\/uploads\/2019\/02\/kubra-ogretmen-ogrencilerinin-gozyaslari-arasinda-defnedildi_6969d52.jpg\" data-orig-size=\"1000,562\" data-comments-opened=\"\" data-image-meta=\"{&quot;aperture&quot;:&quot;0&quot;,&quot;credit&quot;:&quot;IHA&quot;,&quot;camera&quot;:&quot;&quot;,&quot;caption&quot;:&quot;MERS\\u0130N\\u0027DE ESK\\u0130 E\\u015e\\u0130 TARAFINDAN ARACIYLA TAK\\u0130P ED\\u0130LD\\u0130KTEN SONRA KUR\\u015eUN YA\\u011eMURUNA TUTULARAK \\u00d6LD\\u00dcR\\u00dcLEN K\\u00dcBRA A\\u015eKIN, \\u00d6\\u011eRENC\\u0130LER\\u0130N\\u0130N VE YAKINLARININ G\\u00d6ZYA\\u015eLARI ARASINDA TOPRA\\u011eA VER\\u0130LD\\u0130. (\\u0130HA\\\/MERS\\u0130N-\\u0130HA)&quot;,&quot;created_timestamp&quot;:&quot;0&quot;,&quot;copyright&quot;:&quot;\\u0130HLAS HABER AJANSI, www.iha.com.tr&quot;,&quot;focal_length&quot;:&quot;0&quot;,&quot;iso&quot;:&quot;0&quot;,&quot;shutter_speed&quot;:&quot;0&quot;,&quot;title&quot;:&quot;K\\u00dcBRA \\u00d6\\u011eRETMEN \\u00d6\\u011eRENC\\u0130LER\\u0130N\\u0130N G\\u00d6ZYA\\u015eLARI ARASINDA DEFNED\\u0130LD\\u0130 MERS\\u0130N\\u0027DE ESK\\u0130 E\\u015e\\u0130 TARAFINDAN ARACIYLA TAK\\u0130P ED\\u0130LD\\u0130KTEN SONRA KUR\\u015eUN YA\\u011eMURUNA TUTULARAK \\u00d6LD\\u00dcR\\u00dcLEN \\u00c7AMLIBEL KIZ MESLEK L\\u0130SES\\u0130 M\\u00dcD\\u00dcR YARDIMCISI K\\u00dcBRA A\\u015eKIN,&quot;,&quot;orientation&quot;:&quot;0&quot;}\" data-image-title=\"K\u00fcbra \u00f6\u011fretmen \u00f6\u011frencilerinin g\u00f6zya\u015flar\u0131 aras\u0131nda defnedildi\" data-image-description=\"&lt;p&gt;K\u00fcbra \u00f6\u011fretmen \u00f6\u011frencilerinin g\u00f6zya\u015flar\u0131 aras\u0131nda defnedildi&lt;\/p&gt; \" data-medium-file=\"https:\/\/i0.wp.com\/www.tvturk.com\/wp-content\/uploads\/2019\/02\/kubra-ogretmen-ogrencilerinin-gozyaslari-arasinda-defnedildi_6969d52.jpg?fit=300%2C169\" data-large-file=\"https:\/\/i0.wp.com\/www.tvturk.com\/wp-content\/uploads\/2019\/02\/kubra-ogretmen-ogrencilerinin-gozyaslari-arasinda-defnedildi_6969d52.jpg?fit=1000%2C562\" src=\"https:\/\/i0.wp.com\/www.tvturk.com\/wp-content\/uploads\/2019\/02\/kubra-ogretmen-ogrencilerinin-gozyaslari-arasinda-defnedildi_6969d52.jpg?w=246&#038;h=138\" srcset=\"https:\/\/i0.wp.com\/www.tvturk.com\/wp-content\/uploads\/2019\/02\/kubra-ogretmen-ogrencilerinin-gozyaslari-arasinda-defnedildi_6969d52.jpg?w=1000 1000w, https:\/\/i0.wp.com\/www.tvturk.com\/wp-content\/uploads\/2019\/02\/kubra-ogretmen-ogrencilerinin-gozyaslari-arasinda-defnedildi_6969d52.jpg?resize=150%2C84 150w, https:\/\/i0.wp.com\/www.tvturk.com\/wp-content\/uploads\/2019\/02\/kubra-ogretmen-ogrencilerinin-gozyaslari-arasinda-defnedildi_6969d52.jpg?resize=300%2C169 300w, https:\/\/i0.wp.com\/www.tvturk.com\/wp-content\/uploads\/2019\/02\/kubra-ogretmen-ogrencilerinin-gozyaslari-arasinda-defnedildi_6969d52.jpg?resize=768%2C432 768w, https:\/\/i0.wp.com\/www.tvturk.com\/wp-content\/uploads\/2019\/02\/kubra-ogretmen-ogrencilerinin-gozyaslari-arasinda-defnedildi_6969d52.jpg?resize=200%2C113 200w\" width=\"246\" height=\"138\" loading=\"lazy\" data-original-width=\"246\" data-original-height=\"138\" itemprop=\"http:\/\/schema.org\/image\" title=\"K\u00fcbra \u00f6\u011fretmen \u00f6\u011frencilerinin g\u00f6zya\u015flar\u0131 aras\u0131nda defnedildi\" alt=\"K\u00fcbra \u00f6\u011fretmen \u00f6\u011frencilerinin g\u00f6zya\u015flar\u0131 aras\u0131nda defnedildi\" style=\"width: 246px; height: 138px;\" \/> <\/a> <\/div> <\/div> <!-- close group --> <div class=\"gallery-group images-1\" style=\"width: 250px; height: 142px;\" data-original-width=\"250\" data-original-height=\"142\" > <div class=\"tiled-gallery-item tiled-gallery-item-small\" itemprop=\"associatedMedia\" itemscope itemtype=\"http:\/\/schema.org\/ImageObject\"> <a href=\"http:\/\/www.tvturk.com\/index.php\/kubra-ogretmen-ogrencilerinin-gozyaslari-arasinda-defnedildi\/kubra-ogretmen-ogrencilerinin-gozyaslari-arasinda-defnedildi-4\/\" border=\"0\" itemprop=\"url\"> <meta itemprop=\"width\" content=\"246\"> <meta itemprop=\"height\" content=\"138\"> <img decoding=\"async\" class=\"\" data-attachment-id=\"36757\" data-orig-file=\"http:\/\/www.tvturk.com\/wp-content\/uploads\/2019\/02\/kubra-ogretmen-ogrencilerinin-gozyaslari-arasinda-defnedildi_a540cbc.jpg\" data-orig-size=\"1000,562\" data-comments-opened=\"\" data-image-meta=\"{&quot;aperture&quot;:&quot;0&quot;,&quot;credit&quot;:&quot;IHA&quot;,&quot;camera&quot;:&quot;&quot;,&quot;caption&quot;:&quot;MERS\\u0130N\\u0027DE ESK\\u0130 E\\u015e\\u0130 TARAFINDAN ARACIYLA TAK\\u0130P ED\\u0130LD\\u0130KTEN SONRA KUR\\u015eUN YA\\u011eMURUNA TUTULARAK \\u00d6LD\\u00dcR\\u00dcLEN K\\u00dcBRA A\\u015eKIN, \\u00d6\\u011eRENC\\u0130LER\\u0130N\\u0130N VE YAKINLARININ G\\u00d6ZYA\\u015eLARI ARASINDA TOPRA\\u011eA VER\\u0130LD\\u0130. (\\u0130HA\\\/MERS\\u0130N-\\u0130HA)&quot;,&quot;created_timestamp&quot;:&quot;0&quot;,&quot;copyright&quot;:&quot;\\u0130HLAS HABER AJANSI, www.iha.com.tr&quot;,&quot;focal_length&quot;:&quot;0&quot;,&quot;iso&quot;:&quot;0&quot;,&quot;shutter_speed&quot;:&quot;0&quot;,&quot;title&quot;:&quot;K\\u00dcBRA \\u00d6\\u011eRETMEN \\u00d6\\u011eRENC\\u0130LER\\u0130N\\u0130N G\\u00d6ZYA\\u015eLARI ARASINDA DEFNED\\u0130LD\\u0130 MERS\\u0130N\\u0027DE ESK\\u0130 E\\u015e\\u0130 TARAFINDAN ARACIYLA TAK\\u0130P ED\\u0130LD\\u0130KTEN SONRA KUR\\u015eUN YA\\u011eMURUNA TUTULARAK \\u00d6LD\\u00dcR\\u00dcLEN \\u00c7AMLIBEL KIZ MESLEK L\\u0130SES\\u0130 M\\u00dcD\\u00dcR YARDIMCISI K\\u00dcBRA A\\u015eKIN,&quot;,&quot;orientation&quot;:&quot;0&quot;}\" data-image-title=\"K\u00fcbra \u00f6\u011fretmen \u00f6\u011frencilerinin g\u00f6zya\u015flar\u0131 aras\u0131nda defnedildi\" data-image-description=\"&lt;p&gt;K\u00fcbra \u00f6\u011fretmen \u00f6\u011frencilerinin g\u00f6zya\u015flar\u0131 aras\u0131nda defnedildi&lt;\/p&gt; \" data-medium-file=\"https:\/\/i0.wp.com\/www.tvturk.com\/wp-content\/uploads\/2019\/02\/kubra-ogretmen-ogrencilerinin-gozyaslari-arasinda-defnedildi_a540cbc.jpg?fit=300%2C169\" data-large-file=\"https:\/\/i0.wp.com\/www.tvturk.com\/wp-content\/uploads\/2019\/02\/kubra-ogretmen-ogrencilerinin-gozyaslari-arasinda-defnedildi_a540cbc.jpg?fit=1000%2C562\" src=\"https:\/\/i0.wp.com\/www.tvturk.com\/wp-content\/uploads\/2019\/02\/kubra-ogretmen-ogrencilerinin-gozyaslari-arasinda-defnedildi_a540cbc.jpg?w=246&#038;h=138\" srcset=\"https:\/\/i0.wp.com\/www.tvturk.com\/wp-content\/uploads\/2019\/02\/kubra-ogretmen-ogrencilerinin-gozyaslari-arasinda-defnedildi_a540cbc.jpg?w=1000 1000w, https:\/\/i0.wp.com\/www.tvturk.com\/wp-content\/uploads\/2019\/02\/kubra-ogretmen-ogrencilerinin-gozyaslari-arasinda-defnedildi_a540cbc.jpg?resize=150%2C84 150w, https:\/\/i0.wp.com\/www.tvturk.com\/wp-content\/uploads\/2019\/02\/kubra-ogretmen-ogrencilerinin-gozyaslari-arasinda-defnedildi_a540cbc.jpg?resize=300%2C169 300w, https:\/\/i0.wp.com\/www.tvturk.com\/wp-content\/uploads\/2019\/02\/kubra-ogretmen-ogrencilerinin-gozyaslari-arasinda-defnedildi_a540cbc.jpg?resize=768%2C432 768w, https:\/\/i0.wp.com\/www.tvturk.com\/wp-content\/uploads\/2019\/02\/kubra-ogretmen-ogrencilerinin-gozyaslari-arasinda-defnedildi_a540cbc.jpg?resize=200%2C113 200w\" width=\"246\" height=\"138\" loading=\"lazy\" data-original-width=\"246\" data-original-height=\"138\" itemprop=\"http:\/\/schema.org\/image\" title=\"K\u00fcbra \u00f6\u011fretmen \u00f6\u011frencilerinin g\u00f6zya\u015flar\u0131 aras\u0131nda defnedildi\" alt=\"K\u00fcbra \u00f6\u011fretmen \u00f6\u011frencilerinin g\u00f6zya\u015flar\u0131 aras\u0131nda defnedildi\" style=\"width: 246px; height: 138px;\" \/> <\/a> <\/div> <\/div> <!-- close group --> <\/div> <!-- close row --> <div class=\"gallery-row\" style=\"width: 500px; height: 142px;\" data-original-width=\"500\" data-original-height=\"142\" > <div class=\"gallery-group images-1\" style=\"width: 250px; height: 142px;\" data-original-width=\"250\" data-original-height=\"142\" > <div class=\"tiled-gallery-item tiled-gallery-item-small\" itemprop=\"associatedMedia\" itemscope itemtype=\"http:\/\/schema.org\/ImageObject\"> <a href=\"http:\/\/www.tvturk.com\/index.php\/kubra-ogretmen-ogrencilerinin-gozyaslari-arasinda-defnedildi\/kubra-ogretmen-ogrencilerinin-gozyaslari-arasinda-defnedildi-5\/\" border=\"0\" itemprop=\"url\"> <meta itemprop=\"width\" content=\"246\"> <meta itemprop=\"height\" content=\"138\"> <img decoding=\"async\" class=\"\" data-attachment-id=\"36758\" data-orig-file=\"http:\/\/www.tvturk.com\/wp-content\/uploads\/2019\/02\/kubra-ogretmen-ogrencilerinin-gozyaslari-arasinda-defnedildi_7ab1ccb.jpg\" data-orig-size=\"1000,562\" data-comments-opened=\"\" data-image-meta=\"{&quot;aperture&quot;:&quot;0&quot;,&quot;credit&quot;:&quot;IHA&quot;,&quot;camera&quot;:&quot;&quot;,&quot;caption&quot;:&quot;MERS\\u0130N\\u0027DE ESK\\u0130 E\\u015e\\u0130 TARAFINDAN ARACIYLA TAK\\u0130P ED\\u0130LD\\u0130KTEN SONRA KUR\\u015eUN YA\\u011eMURUNA TUTULARAK \\u00d6LD\\u00dcR\\u00dcLEN K\\u00dcBRA A\\u015eKIN, \\u00d6\\u011eRENC\\u0130LER\\u0130N\\u0130N VE YAKINLARININ G\\u00d6ZYA\\u015eLARI ARASINDA TOPRA\\u011eA VER\\u0130LD\\u0130. (\\u0130HA\\\/MERS\\u0130N-\\u0130HA)&quot;,&quot;created_timestamp&quot;:&quot;0&quot;,&quot;copyright&quot;:&quot;\\u0130HLAS HABER AJANSI, www.iha.com.tr&quot;,&quot;focal_length&quot;:&quot;0&quot;,&quot;iso&quot;:&quot;0&quot;,&quot;shutter_speed&quot;:&quot;0&quot;,&quot;title&quot;:&quot;K\\u00dcBRA \\u00d6\\u011eRETMEN \\u00d6\\u011eRENC\\u0130LER\\u0130N\\u0130N G\\u00d6ZYA\\u015eLARI ARASINDA DEFNED\\u0130LD\\u0130 MERS\\u0130N\\u0027DE ESK\\u0130 E\\u015e\\u0130 TARAFINDAN ARACIYLA TAK\\u0130P ED\\u0130LD\\u0130KTEN SONRA KUR\\u015eUN YA\\u011eMURUNA TUTULARAK \\u00d6LD\\u00dcR\\u00dcLEN \\u00c7AMLIBEL KIZ MESLEK L\\u0130SES\\u0130 M\\u00dcD\\u00dcR YARDIMCISI K\\u00dcBRA A\\u015eKIN,&quot;,&quot;orientation&quot;:&quot;0&quot;}\" data-image-title=\"K\u00fcbra \u00f6\u011fretmen \u00f6\u011frencilerinin g\u00f6zya\u015flar\u0131 aras\u0131nda defnedildi\" data-image-description=\"&lt;p&gt;K\u00fcbra \u00f6\u011fretmen \u00f6\u011frencilerinin g\u00f6zya\u015flar\u0131 aras\u0131nda defnedildi&lt;\/p&gt; \" data-medium-file=\"https:\/\/i0.wp.com\/www.tvturk.com\/wp-content\/uploads\/2019\/02\/kubra-ogretmen-ogrencilerinin-gozyaslari-arasinda-defnedildi_7ab1ccb.jpg?fit=300%2C169\" data-large-file=\"https:\/\/i0.wp.com\/www.tvturk.com\/wp-content\/uploads\/2019\/02\/kubra-ogretmen-ogrencilerinin-gozyaslari-arasinda-defnedildi_7ab1ccb.jpg?fit=1000%2C562\" src=\"https:\/\/i0.wp.com\/www.tvturk.com\/wp-content\/uploads\/2019\/02\/kubra-ogretmen-ogrencilerinin-gozyaslari-arasinda-defnedildi_7ab1ccb.jpg?w=246&#038;h=138\" srcset=\"https:\/\/i0.wp.com\/www.tvturk.com\/wp-content\/uploads\/2019\/02\/kubra-ogretmen-ogrencilerinin-gozyaslari-arasinda-defnedildi_7ab1ccb.jpg?w=1000 1000w, https:\/\/i0.wp.com\/www.tvturk.com\/wp-content\/uploads\/2019\/02\/kubra-ogretmen-ogrencilerinin-gozyaslari-arasinda-defnedildi_7ab1ccb.jpg?resize=150%2C84 150w, https:\/\/i0.wp.com\/www.tvturk.com\/wp-content\/uploads\/2019\/02\/kubra-ogretmen-ogrencilerinin-gozyaslari-arasinda-defnedildi_7ab1ccb.jpg?resize=300%2C169 300w, https:\/\/i0.wp.com\/www.tvturk.com\/wp-content\/uploads\/2019\/02\/kubra-ogretmen-ogrencilerinin-gozyaslari-arasinda-defnedildi_7ab1ccb.jpg?resize=768%2C432 768w, https:\/\/i0.wp.com\/www.tvturk.com\/wp-content\/uploads\/2019\/02\/kubra-ogretmen-ogrencilerinin-gozyaslari-arasinda-defnedildi_7ab1ccb.jpg?resize=200%2C113 200w\" width=\"246\" height=\"138\" loading=\"lazy\" data-original-width=\"246\" data-original-height=\"138\" itemprop=\"http:\/\/schema.org\/image\" title=\"K\u00fcbra \u00f6\u011fretmen \u00f6\u011frencilerinin g\u00f6zya\u015flar\u0131 aras\u0131nda defnedildi\" alt=\"K\u00fcbra \u00f6\u011fretmen \u00f6\u011frencilerinin g\u00f6zya\u015flar\u0131 aras\u0131nda defnedildi\" style=\"width: 246px; height: 138px;\" \/> <\/a> <\/div> <\/div> <!-- close group --> <div class=\"gallery-group images-1\" style=\"width: 250px; height: 142px;\" data-original-width=\"250\" data-original-height=\"142\" > <div class=\"tiled-gallery-item tiled-gallery-item-small\" itemprop=\"associatedMedia\" itemscope itemtype=\"http:\/\/schema.org\/ImageObject\"> <a href=\"http:\/\/www.tvturk.com\/index.php\/kubra-ogretmen-ogrencilerinin-gozyaslari-arasinda-defnedildi\/kubra-ogretmen-ogrencilerinin-gozyaslari-arasinda-defnedildi-6\/\" border=\"0\" itemprop=\"url\"> <meta itemprop=\"width\" content=\"246\"> <meta itemprop=\"height\" content=\"138\"> <img decoding=\"async\" class=\"\" data-attachment-id=\"36759\" data-orig-file=\"http:\/\/www.tvturk.com\/wp-content\/uploads\/2019\/02\/kubra-ogretmen-ogrencilerinin-gozyaslari-arasinda-defnedildi_692c3bf.jpg\" data-orig-size=\"1000,562\" data-comments-opened=\"\" data-image-meta=\"{&quot;aperture&quot;:&quot;0&quot;,&quot;credit&quot;:&quot;IHA&quot;,&quot;camera&quot;:&quot;&quot;,&quot;caption&quot;:&quot;MERS\\u0130N\\u0027DE ESK\\u0130 E\\u015e\\u0130 TARAFINDAN ARACIYLA TAK\\u0130P ED\\u0130LD\\u0130KTEN SONRA KUR\\u015eUN YA\\u011eMURUNA TUTULARAK \\u00d6LD\\u00dcR\\u00dcLEN K\\u00dcBRA A\\u015eKIN, \\u00d6\\u011eRENC\\u0130LER\\u0130N\\u0130N VE YAKINLARININ G\\u00d6ZYA\\u015eLARI ARASINDA TOPRA\\u011eA VER\\u0130LD\\u0130. (\\u0130HA\\\/MERS\\u0130N-\\u0130HA)&quot;,&quot;created_timestamp&quot;:&quot;0&quot;,&quot;copyright&quot;:&quot;\\u0130HLAS HABER AJANSI, www.iha.com.tr&quot;,&quot;focal_length&quot;:&quot;0&quot;,&quot;iso&quot;:&quot;0&quot;,&quot;shutter_speed&quot;:&quot;0&quot;,&quot;title&quot;:&quot;K\\u00dcBRA \\u00d6\\u011eRETMEN \\u00d6\\u011eRENC\\u0130LER\\u0130N\\u0130N G\\u00d6ZYA\\u015eLARI ARASINDA DEFNED\\u0130LD\\u0130 MERS\\u0130N\\u0027DE ESK\\u0130 E\\u015e\\u0130 TARAFINDAN ARACIYLA TAK\\u0130P ED\\u0130LD\\u0130KTEN SONRA KUR\\u015eUN YA\\u011eMURUNA TUTULARAK \\u00d6LD\\u00dcR\\u00dcLEN \\u00c7AMLIBEL KIZ MESLEK L\\u0130SES\\u0130 M\\u00dcD\\u00dcR YARDIMCISI K\\u00dcBRA A\\u015eKIN,&quot;,&quot;orientation&quot;:&quot;0&quot;}\" data-image-title=\"K\u00fcbra \u00f6\u011fretmen \u00f6\u011frencilerinin g\u00f6zya\u015flar\u0131 aras\u0131nda defnedildi\" data-image-description=\"&lt;p&gt;K\u00fcbra \u00f6\u011fretmen \u00f6\u011frencilerinin g\u00f6zya\u015flar\u0131 aras\u0131nda defnedildi&lt;\/p&gt; \" data-medium-file=\"https:\/\/i0.wp.com\/www.tvturk.com\/wp-content\/uploads\/2019\/02\/kubra-ogretmen-ogrencilerinin-gozyaslari-arasinda-defnedildi_692c3bf.jpg?fit=300%2C169\" data-large-file=\"https:\/\/i0.wp.com\/www.tvturk.com\/wp-content\/uploads\/2019\/02\/kubra-ogretmen-ogrencilerinin-gozyaslari-arasinda-defnedildi_692c3bf.jpg?fit=1000%2C562\" src=\"https:\/\/i0.wp.com\/www.tvturk.com\/wp-content\/uploads\/2019\/02\/kubra-ogretmen-ogrencilerinin-gozyaslari-arasinda-defnedildi_692c3bf.jpg?w=246&#038;h=138\" srcset=\"https:\/\/i0.wp.com\/www.tvturk.com\/wp-content\/uploads\/2019\/02\/kubra-ogretmen-ogrencilerinin-gozyaslari-arasinda-defnedildi_692c3bf.jpg?w=1000 1000w, https:\/\/i0.wp.com\/www.tvturk.com\/wp-content\/uploads\/2019\/02\/kubra-ogretmen-ogrencilerinin-gozyaslari-arasinda-defnedildi_692c3bf.jpg?resize=150%2C84 150w, https:\/\/i0.wp.com\/www.tvturk.com\/wp-content\/uploads\/2019\/02\/kubra-ogretmen-ogrencilerinin-gozyaslari-arasinda-defnedildi_692c3bf.jpg?resize=300%2C169 300w, https:\/\/i0.wp.com\/www.tvturk.com\/wp-content\/uploads\/2019\/02\/kubra-ogretmen-ogrencilerinin-gozyaslari-arasinda-defnedildi_692c3bf.jpg?resize=768%2C432 768w, https:\/\/i0.wp.com\/www.tvturk.com\/wp-content\/uploads\/2019\/02\/kubra-ogretmen-ogrencilerinin-gozyaslari-arasinda-defnedildi_692c3bf.jpg?resize=200%2C113 200w\" width=\"246\" height=\"138\" loading=\"lazy\" data-original-width=\"246\" data-original-height=\"138\" itemprop=\"http:\/\/schema.org\/image\" title=\"K\u00fcbra \u00f6\u011fretmen \u00f6\u011frencilerinin g\u00f6zya\u015flar\u0131 aras\u0131nda defnedildi\" alt=\"K\u00fcbra \u00f6\u011fretmen \u00f6\u011frencilerinin g\u00f6zya\u015flar\u0131 aras\u0131nda defnedildi\" style=\"width: 246px; height: 138px;\" \/> <\/a> <\/div> <\/div> <!-- close group --> <\/div> <!-- close row --> <div class=\"gallery-row\" style=\"width: 500px; height: 142px;\" data-original-width=\"500\" data-original-height=\"142\" > <div class=\"gallery-group images-1\" style=\"width: 250px; height: 142px;\" data-original-width=\"250\" data-original-height=\"142\" > <div class=\"tiled-gallery-item tiled-gallery-item-small\" itemprop=\"associatedMedia\" itemscope itemtype=\"http:\/\/schema.org\/ImageObject\"> <a href=\"http:\/\/www.tvturk.com\/index.php\/kubra-ogretmen-ogrencilerinin-gozyaslari-arasinda-defnedildi\/kubra-ogretmen-ogrencilerinin-gozyaslari-arasinda-defnedildi-7\/\" border=\"0\" itemprop=\"url\"> <meta itemprop=\"width\" content=\"246\"> <meta itemprop=\"height\" content=\"138\"> <img decoding=\"async\" class=\"\" data-attachment-id=\"36760\" data-orig-file=\"http:\/\/www.tvturk.com\/wp-content\/uploads\/2019\/02\/kubra-ogretmen-ogrencilerinin-gozyaslari-arasinda-defnedildi_141f12d.jpg\" data-orig-size=\"1000,562\" data-comments-opened=\"\" data-image-meta=\"{&quot;aperture&quot;:&quot;0&quot;,&quot;credit&quot;:&quot;IHA&quot;,&quot;camera&quot;:&quot;&quot;,&quot;caption&quot;:&quot;MERS\\u0130N\\u0027DE ESK\\u0130 E\\u015e\\u0130 TARAFINDAN ARACIYLA TAK\\u0130P ED\\u0130LD\\u0130KTEN SONRA KUR\\u015eUN YA\\u011eMURUNA TUTULARAK \\u00d6LD\\u00dcR\\u00dcLEN K\\u00dcBRA A\\u015eKIN, \\u00d6\\u011eRENC\\u0130LER\\u0130N\\u0130N VE YAKINLARININ G\\u00d6ZYA\\u015eLARI ARASINDA TOPRA\\u011eA VER\\u0130LD\\u0130. (\\u0130HA\\\/MERS\\u0130N-\\u0130HA)&quot;,&quot;created_timestamp&quot;:&quot;0&quot;,&quot;copyright&quot;:&quot;\\u0130HLAS HABER AJANSI, www.iha.com.tr&quot;,&quot;focal_length&quot;:&quot;0&quot;,&quot;iso&quot;:&quot;0&quot;,&quot;shutter_speed&quot;:&quot;0&quot;,&quot;title&quot;:&quot;K\\u00dcBRA \\u00d6\\u011eRETMEN \\u00d6\\u011eRENC\\u0130LER\\u0130N\\u0130N G\\u00d6ZYA\\u015eLARI ARASINDA DEFNED\\u0130LD\\u0130 MERS\\u0130N\\u0027DE ESK\\u0130 E\\u015e\\u0130 TARAFINDAN ARACIYLA TAK\\u0130P ED\\u0130LD\\u0130KTEN SONRA KUR\\u015eUN YA\\u011eMURUNA TUTULARAK \\u00d6LD\\u00dcR\\u00dcLEN \\u00c7AMLIBEL KIZ MESLEK L\\u0130SES\\u0130 M\\u00dcD\\u00dcR YARDIMCISI K\\u00dcBRA A\\u015eKIN,&quot;,&quot;orientation&quot;:&quot;0&quot;}\" data-image-title=\"K\u00fcbra \u00f6\u011fretmen \u00f6\u011frencilerinin g\u00f6zya\u015flar\u0131 aras\u0131nda defnedildi\" data-image-description=\"&lt;p&gt;K\u00fcbra \u00f6\u011fretmen \u00f6\u011frencilerinin g\u00f6zya\u015flar\u0131 aras\u0131nda defnedildi&lt;\/p&gt; \" data-medium-file=\"https:\/\/i0.wp.com\/www.tvturk.com\/wp-content\/uploads\/2019\/02\/kubra-ogretmen-ogrencilerinin-gozyaslari-arasinda-defnedildi_141f12d.jpg?fit=300%2C169\" data-large-file=\"https:\/\/i0.wp.com\/www.tvturk.com\/wp-content\/uploads\/2019\/02\/kubra-ogretmen-ogrencilerinin-gozyaslari-arasinda-defnedildi_141f12d.jpg?fit=1000%2C562\" src=\"https:\/\/i0.wp.com\/www.tvturk.com\/wp-content\/uploads\/2019\/02\/kubra-ogretmen-ogrencilerinin-gozyaslari-arasinda-defnedildi_141f12d.jpg?w=246&#038;h=138\" srcset=\"https:\/\/i0.wp.com\/www.tvturk.com\/wp-content\/uploads\/2019\/02\/kubra-ogretmen-ogrencilerinin-gozyaslari-arasinda-defnedildi_141f12d.jpg?w=1000 1000w, https:\/\/i0.wp.com\/www.tvturk.com\/wp-content\/uploads\/2019\/02\/kubra-ogretmen-ogrencilerinin-gozyaslari-arasinda-defnedildi_141f12d.jpg?resize=150%2C84 150w, https:\/\/i0.wp.com\/www.tvturk.com\/wp-content\/uploads\/2019\/02\/kubra-ogretmen-ogrencilerinin-gozyaslari-arasinda-defnedildi_141f12d.jpg?resize=300%2C169 300w, https:\/\/i0.wp.com\/www.tvturk.com\/wp-content\/uploads\/2019\/02\/kubra-ogretmen-ogrencilerinin-gozyaslari-arasinda-defnedildi_141f12d.jpg?resize=768%2C432 768w, https:\/\/i0.wp.com\/www.tvturk.com\/wp-content\/uploads\/2019\/02\/kubra-ogretmen-ogrencilerinin-gozyaslari-arasinda-defnedildi_141f12d.jpg?resize=200%2C113 200w\" width=\"246\" height=\"138\" loading=\"lazy\" data-original-width=\"246\" data-original-height=\"138\" itemprop=\"http:\/\/schema.org\/image\" title=\"K\u00fcbra \u00f6\u011fretmen \u00f6\u011frencilerinin g\u00f6zya\u015flar\u0131 aras\u0131nda defnedildi\" alt=\"K\u00fcbra \u00f6\u011fretmen \u00f6\u011frencilerinin g\u00f6zya\u015flar\u0131 aras\u0131nda defnedildi\" style=\"width: 246px; height: 138px;\" \/> <\/a> <\/div> <\/div> <!-- close group --> <div class=\"gallery-group images-1\" style=\"width: 250px; height: 142px;\" data-original-width=\"250\" data-original-height=\"142\" > <div class=\"tiled-gallery-item tiled-gallery-item-small\" itemprop=\"associatedMedia\" itemscope itemtype=\"http:\/\/schema.org\/ImageObject\"> <a href=\"http:\/\/www.tvturk.com\/index.php\/kubra-ogretmen-ogrencilerinin-gozyaslari-arasinda-defnedildi\/kubra-ogretmen-ogrencilerinin-gozyaslari-arasinda-defnedildi-8\/\" border=\"0\" itemprop=\"url\"> <meta itemprop=\"width\" content=\"246\"> <meta itemprop=\"height\" content=\"138\"> <img decoding=\"async\" class=\"\" data-attachment-id=\"36761\" data-orig-file=\"http:\/\/www.tvturk.com\/wp-content\/uploads\/2019\/02\/kubra-ogretmen-ogrencilerinin-gozyaslari-arasinda-defnedildi_0c97d09.jpg\" data-orig-size=\"1000,562\" data-comments-opened=\"\" data-image-meta=\"{&quot;aperture&quot;:&quot;0&quot;,&quot;credit&quot;:&quot;IHA&quot;,&quot;camera&quot;:&quot;&quot;,&quot;caption&quot;:&quot;MERS\\u0130N\\u0027DE ESK\\u0130 E\\u015e\\u0130 TARAFINDAN ARACIYLA TAK\\u0130P ED\\u0130LD\\u0130KTEN SONRA KUR\\u015eUN YA\\u011eMURUNA TUTULARAK \\u00d6LD\\u00dcR\\u00dcLEN K\\u00dcBRA A\\u015eKIN, \\u00d6\\u011eRENC\\u0130LER\\u0130N\\u0130N VE YAKINLARININ G\\u00d6ZYA\\u015eLARI ARASINDA TOPRA\\u011eA VER\\u0130LD\\u0130. (\\u0130HA\\\/MERS\\u0130N-\\u0130HA)&quot;,&quot;created_timestamp&quot;:&quot;0&quot;,&quot;copyright&quot;:&quot;\\u0130HLAS HABER AJANSI, www.iha.com.tr&quot;,&quot;focal_length&quot;:&quot;0&quot;,&quot;iso&quot;:&quot;0&quot;,&quot;shutter_speed&quot;:&quot;0&quot;,&quot;title&quot;:&quot;K\\u00dcBRA \\u00d6\\u011eRETMEN \\u00d6\\u011eRENC\\u0130LER\\u0130N\\u0130N G\\u00d6ZYA\\u015eLARI ARASINDA DEFNED\\u0130LD\\u0130 MERS\\u0130N\\u0027DE ESK\\u0130 E\\u015e\\u0130 TARAFINDAN ARACIYLA TAK\\u0130P ED\\u0130LD\\u0130KTEN SONRA KUR\\u015eUN YA\\u011eMURUNA TUTULARAK \\u00d6LD\\u00dcR\\u00dcLEN \\u00c7AMLIBEL KIZ MESLEK L\\u0130SES\\u0130 M\\u00dcD\\u00dcR YARDIMCISI K\\u00dcBRA A\\u015eKIN,&quot;,&quot;orientation&quot;:&quot;0&quot;}\" data-image-title=\"K\u00fcbra \u00f6\u011fretmen \u00f6\u011frencilerinin g\u00f6zya\u015flar\u0131 aras\u0131nda defnedildi\" data-image-description=\"&lt;p&gt;K\u00fcbra \u00f6\u011fretmen \u00f6\u011frencilerinin g\u00f6zya\u015flar\u0131 aras\u0131nda defnedildi&lt;\/p&gt; \" data-medium-file=\"https:\/\/i0.wp.com\/www.tvturk.com\/wp-content\/uploads\/2019\/02\/kubra-ogretmen-ogrencilerinin-gozyaslari-arasinda-defnedildi_0c97d09.jpg?fit=300%2C169\" data-large-file=\"https:\/\/i0.wp.com\/www.tvturk.com\/wp-content\/uploads\/2019\/02\/kubra-ogretmen-ogrencilerinin-gozyaslari-arasinda-defnedildi_0c97d09.jpg?fit=1000%2C562\" src=\"https:\/\/i0.wp.com\/www.tvturk.com\/wp-content\/uploads\/2019\/02\/kubra-ogretmen-ogrencilerinin-gozyaslari-arasinda-defnedildi_0c97d09.jpg?w=246&#038;h=138\" srcset=\"https:\/\/i0.wp.com\/www.tvturk.com\/wp-content\/uploads\/2019\/02\/kubra-ogretmen-ogrencilerinin-gozyaslari-arasinda-defnedildi_0c97d09.jpg?w=1000 1000w, https:\/\/i0.wp.com\/www.tvturk.com\/wp-content\/uploads\/2019\/02\/kubra-ogretmen-ogrencilerinin-gozyaslari-arasinda-defnedildi_0c97d09.jpg?resize=150%2C84 150w, https:\/\/i0.wp.com\/www.tvturk.com\/wp-content\/uploads\/2019\/02\/kubra-ogretmen-ogrencilerinin-gozyaslari-arasinda-defnedildi_0c97d09.jpg?resize=300%2C169 300w, https:\/\/i0.wp.com\/www.tvturk.com\/wp-content\/uploads\/2019\/02\/kubra-ogretmen-ogrencilerinin-gozyaslari-arasinda-defnedildi_0c97d09.jpg?resize=768%2C432 768w, https:\/\/i0.wp.com\/www.tvturk.com\/wp-content\/uploads\/2019\/02\/kubra-ogretmen-ogrencilerinin-gozyaslari-arasinda-defnedildi_0c97d09.jpg?resize=200%2C113 200w\" width=\"246\" height=\"138\" loading=\"lazy\" data-original-width=\"246\" data-original-height=\"138\" itemprop=\"http:\/\/schema.org\/image\" title=\"K\u00fcbra \u00f6\u011fretmen \u00f6\u011frencilerinin g\u00f6zya\u015flar\u0131 aras\u0131nda defnedildi\" alt=\"K\u00fcbra \u00f6\u011fretmen \u00f6\u011frencilerinin g\u00f6zya\u015flar\u0131 aras\u0131nda defnedildi\" style=\"width: 246px; height: 138px;\" \/> <\/a> <\/div> <\/div> <!-- close group --> <\/div> <!-- close row --> <div class=\"gallery-row\" style=\"width: 500px; height: 142px;\" data-original-width=\"500\" data-original-height=\"142\" > <div class=\"gallery-group images-1\" style=\"width: 250px; height: 142px;\" data-original-width=\"250\" data-original-height=\"142\" > <div class=\"tiled-gallery-item tiled-gallery-item-small\" itemprop=\"associatedMedia\" itemscope itemtype=\"http:\/\/schema.org\/ImageObject\"> <a href=\"http:\/\/www.tvturk.com\/index.php\/kubra-ogretmen-ogrencilerinin-gozyaslari-arasinda-defnedildi\/kubra-ogretmen-ogrencilerinin-gozyaslari-arasinda-defnedildi-9\/\" border=\"0\" itemprop=\"url\"> <meta itemprop=\"width\" content=\"246\"> <meta itemprop=\"height\" content=\"138\"> <img decoding=\"async\" class=\"\" data-attachment-id=\"36762\" data-orig-file=\"http:\/\/www.tvturk.com\/wp-content\/uploads\/2019\/02\/kubra-ogretmen-ogrencilerinin-gozyaslari-arasinda-defnedildi_f77ac0e.jpg\" data-orig-size=\"1000,562\" data-comments-opened=\"\" data-image-meta=\"{&quot;aperture&quot;:&quot;0&quot;,&quot;credit&quot;:&quot;IHA&quot;,&quot;camera&quot;:&quot;&quot;,&quot;caption&quot;:&quot;MERS\\u0130N\\u0027DE ESK\\u0130 E\\u015e\\u0130 TARAFINDAN ARACIYLA TAK\\u0130P ED\\u0130LD\\u0130KTEN SONRA KUR\\u015eUN YA\\u011eMURUNA TUTULARAK \\u00d6LD\\u00dcR\\u00dcLEN K\\u00dcBRA A\\u015eKIN, \\u00d6\\u011eRENC\\u0130LER\\u0130N\\u0130N VE YAKINLARININ G\\u00d6ZYA\\u015eLARI ARASINDA TOPRA\\u011eA VER\\u0130LD\\u0130. (\\u0130HA\\\/MERS\\u0130N-\\u0130HA)&quot;,&quot;created_timestamp&quot;:&quot;0&quot;,&quot;copyright&quot;:&quot;\\u0130HLAS HABER AJANSI, www.iha.com.tr&quot;,&quot;focal_length&quot;:&quot;0&quot;,&quot;iso&quot;:&quot;0&quot;,&quot;shutter_speed&quot;:&quot;0&quot;,&quot;title&quot;:&quot;K\\u00dcBRA \\u00d6\\u011eRETMEN \\u00d6\\u011eRENC\\u0130LER\\u0130N\\u0130N G\\u00d6ZYA\\u015eLARI ARASINDA DEFNED\\u0130LD\\u0130 MERS\\u0130N\\u0027DE ESK\\u0130 E\\u015e\\u0130 TARAFINDAN ARACIYLA TAK\\u0130P ED\\u0130LD\\u0130KTEN SONRA KUR\\u015eUN YA\\u011eMURUNA TUTULARAK \\u00d6LD\\u00dcR\\u00dcLEN \\u00c7AMLIBEL KIZ MESLEK L\\u0130SES\\u0130 M\\u00dcD\\u00dcR YARDIMCISI K\\u00dcBRA A\\u015eKIN,&quot;,&quot;orientation&quot;:&quot;0&quot;}\" data-image-title=\"K\u00fcbra \u00f6\u011fretmen \u00f6\u011frencilerinin g\u00f6zya\u015flar\u0131 aras\u0131nda defnedildi\" data-image-description=\"&lt;p&gt;K\u00fcbra \u00f6\u011fretmen \u00f6\u011frencilerinin g\u00f6zya\u015flar\u0131 aras\u0131nda defnedildi&lt;\/p&gt; \" data-medium-file=\"https:\/\/i0.wp.com\/www.tvturk.com\/wp-content\/uploads\/2019\/02\/kubra-ogretmen-ogrencilerinin-gozyaslari-arasinda-defnedildi_f77ac0e.jpg?fit=300%2C169\" data-large-file=\"https:\/\/i0.wp.com\/www.tvturk.com\/wp-content\/uploads\/2019\/02\/kubra-ogretmen-ogrencilerinin-gozyaslari-arasinda-defnedildi_f77ac0e.jpg?fit=1000%2C562\" src=\"https:\/\/i0.wp.com\/www.tvturk.com\/wp-content\/uploads\/2019\/02\/kubra-ogretmen-ogrencilerinin-gozyaslari-arasinda-defnedildi_f77ac0e.jpg?w=246&#038;h=138\" srcset=\"https:\/\/i0.wp.com\/www.tvturk.com\/wp-content\/uploads\/2019\/02\/kubra-ogretmen-ogrencilerinin-gozyaslari-arasinda-defnedildi_f77ac0e.jpg?w=1000 1000w, https:\/\/i0.wp.com\/www.tvturk.com\/wp-content\/uploads\/2019\/02\/kubra-ogretmen-ogrencilerinin-gozyaslari-arasinda-defnedildi_f77ac0e.jpg?resize=150%2C84 150w, https:\/\/i0.wp.com\/www.tvturk.com\/wp-content\/uploads\/2019\/02\/kubra-ogretmen-ogrencilerinin-gozyaslari-arasinda-defnedildi_f77ac0e.jpg?resize=300%2C169 300w, https:\/\/i0.wp.com\/www.tvturk.com\/wp-content\/uploads\/2019\/02\/kubra-ogretmen-ogrencilerinin-gozyaslari-arasinda-defnedildi_f77ac0e.jpg?resize=768%2C432 768w, https:\/\/i0.wp.com\/www.tvturk.com\/wp-content\/uploads\/2019\/02\/kubra-ogretmen-ogrencilerinin-gozyaslari-arasinda-defnedildi_f77ac0e.jpg?resize=200%2C113 200w\" width=\"246\" height=\"138\" loading=\"lazy\" data-original-width=\"246\" data-original-height=\"138\" itemprop=\"http:\/\/schema.org\/image\" title=\"K\u00fcbra \u00f6\u011fretmen \u00f6\u011frencilerinin g\u00f6zya\u015flar\u0131 aras\u0131nda defnedildi\" alt=\"K\u00fcbra \u00f6\u011fretmen \u00f6\u011frencilerinin g\u00f6zya\u015flar\u0131 aras\u0131nda defnedildi\" style=\"width: 246px; height: 138px;\" \/> <\/a> <\/div> <\/div> <!-- close group --> <div class=\"gallery-group images-1\" style=\"width: 250px; height: 142px;\" data-original-width=\"250\" data-original-height=\"142\" > <div class=\"tiled-gallery-item tiled-gallery-item-small\" itemprop=\"associatedMedia\" itemscope itemtype=\"http:\/\/schema.org\/ImageObject\"> <a href=\"http:\/\/www.tvturk.com\/index.php\/kubra-ogretmen-ogrencilerinin-gozyaslari-arasinda-defnedildi\/kubra-ogretmen-ogrencilerinin-gozyaslari-arasinda-defnedildi-10\/\" border=\"0\" itemprop=\"url\"> <meta itemprop=\"width\" content=\"246\"> <meta itemprop=\"height\" content=\"138\"> <img decoding=\"async\" class=\"\" data-attachment-id=\"36763\" data-orig-file=\"http:\/\/www.tvturk.com\/wp-content\/uploads\/2019\/02\/kubra-ogretmen-ogrencilerinin-gozyaslari-arasinda-defnedildi_8fe6ef3.jpg\" data-orig-size=\"1000,562\" data-comments-opened=\"\" data-image-meta=\"{&quot;aperture&quot;:&quot;0&quot;,&quot;credit&quot;:&quot;IHA&quot;,&quot;camera&quot;:&quot;&quot;,&quot;caption&quot;:&quot;MERS\\u0130N\\u0027DE ESK\\u0130 E\\u015e\\u0130 TARAFINDAN ARACIYLA TAK\\u0130P ED\\u0130LD\\u0130KTEN SONRA KUR\\u015eUN YA\\u011eMURUNA TUTULARAK \\u00d6LD\\u00dcR\\u00dcLEN K\\u00dcBRA A\\u015eKIN, \\u00d6\\u011eRENC\\u0130LER\\u0130N\\u0130N VE YAKINLARININ G\\u00d6ZYA\\u015eLARI ARASINDA TOPRA\\u011eA VER\\u0130LD\\u0130. (\\u0130HA\\\/MERS\\u0130N-\\u0130HA)&quot;,&quot;created_timestamp&quot;:&quot;0&quot;,&quot;copyright&quot;:&quot;\\u0130HLAS HABER AJANSI, www.iha.com.tr&quot;,&quot;focal_length&quot;:&quot;0&quot;,&quot;iso&quot;:&quot;0&quot;,&quot;shutter_speed&quot;:&quot;0&quot;,&quot;title&quot;:&quot;K\\u00dcBRA \\u00d6\\u011eRETMEN \\u00d6\\u011eRENC\\u0130LER\\u0130N\\u0130N G\\u00d6ZYA\\u015eLARI ARASINDA DEFNED\\u0130LD\\u0130 MERS\\u0130N\\u0027DE ESK\\u0130 E\\u015e\\u0130 TARAFINDAN ARACIYLA TAK\\u0130P ED\\u0130LD\\u0130KTEN SONRA KUR\\u015eUN YA\\u011eMURUNA TUTULARAK \\u00d6LD\\u00dcR\\u00dcLEN \\u00c7AMLIBEL KIZ MESLEK L\\u0130SES\\u0130 M\\u00dcD\\u00dcR YARDIMCISI K\\u00dcBRA A\\u015eKIN,&quot;,&quot;orientation&quot;:&quot;0&quot;}\" data-image-title=\"K\u00fcbra \u00f6\u011fretmen \u00f6\u011frencilerinin g\u00f6zya\u015flar\u0131 aras\u0131nda defnedildi\" data-image-description=\"&lt;p&gt;K\u00fcbra \u00f6\u011fretmen \u00f6\u011frencilerinin g\u00f6zya\u015flar\u0131 aras\u0131nda defnedildi&lt;\/p&gt; \" data-medium-file=\"https:\/\/i0.wp.com\/www.tvturk.com\/wp-content\/uploads\/2019\/02\/kubra-ogretmen-ogrencilerinin-gozyaslari-arasinda-defnedildi_8fe6ef3.jpg?fit=300%2C169\" data-large-file=\"https:\/\/i0.wp.com\/www.tvturk.com\/wp-content\/uploads\/2019\/02\/kubra-ogretmen-ogrencilerinin-gozyaslari-arasinda-defnedildi_8fe6ef3.jpg?fit=1000%2C562\" src=\"https:\/\/i0.wp.com\/www.tvturk.com\/wp-content\/uploads\/2019\/02\/kubra-ogretmen-ogrencilerinin-gozyaslari-arasinda-defnedildi_8fe6ef3.jpg?w=246&#038;h=138\" srcset=\"https:\/\/i0.wp.com\/www.tvturk.com\/wp-content\/uploads\/2019\/02\/kubra-ogretmen-ogrencilerinin-gozyaslari-arasinda-defnedildi_8fe6ef3.jpg?w=1000 1000w, https:\/\/i0.wp.com\/www.tvturk.com\/wp-content\/uploads\/2019\/02\/kubra-ogretmen-ogrencilerinin-gozyaslari-arasinda-defnedildi_8fe6ef3.jpg?resize=150%2C84 150w, https:\/\/i0.wp.com\/www.tvturk.com\/wp-content\/uploads\/2019\/02\/kubra-ogretmen-ogrencilerinin-gozyaslari-arasinda-defnedildi_8fe6ef3.jpg?resize=300%2C169 300w, https:\/\/i0.wp.com\/www.tvturk.com\/wp-content\/uploads\/2019\/02\/kubra-ogretmen-ogrencilerinin-gozyaslari-arasinda-defnedildi_8fe6ef3.jpg?resize=768%2C432 768w, https:\/\/i0.wp.com\/www.tvturk.com\/wp-content\/uploads\/2019\/02\/kubra-ogretmen-ogrencilerinin-gozyaslari-arasinda-defnedildi_8fe6ef3.jpg?resize=200%2C113 200w\" width=\"246\" height=\"138\" loading=\"lazy\" data-original-width=\"246\" data-original-height=\"138\" itemprop=\"http:\/\/schema.org\/image\" title=\"K\u00fcbra \u00f6\u011fretmen \u00f6\u011frencilerinin g\u00f6zya\u015flar\u0131 aras\u0131nda defnedildi\" alt=\"K\u00fcbra \u00f6\u011fretmen \u00f6\u011frencilerinin g\u00f6zya\u015flar\u0131 aras\u0131nda defnedildi\" style=\"width: 246px; height: 138px;\" \/> <\/a> <\/div> <\/div> <!-- close group --> <\/div> <!-- close row --> <div class=\"gallery-row\" style=\"width: 500px; height: 142px;\" data-original-width=\"500\" data-original-height=\"142\" > <div class=\"gallery-group images-1\" style=\"width: 250px; height: 142px;\" data-original-width=\"250\" data-original-height=\"142\" > <div class=\"tiled-gallery-item tiled-gallery-item-small\" itemprop=\"associatedMedia\" itemscope itemtype=\"http:\/\/schema.org\/ImageObject\"> <a href=\"http:\/\/www.tvturk.com\/index.php\/kubra-ogretmen-ogrencilerinin-gozyaslari-arasinda-defnedildi\/kubra-ogretmen-ogrencilerinin-gozyaslari-arasinda-defnedildi-11\/\" border=\"0\" itemprop=\"url\"> <meta itemprop=\"width\" content=\"246\"> <meta itemprop=\"height\" content=\"138\"> <img decoding=\"async\" class=\"\" data-attachment-id=\"36764\" data-orig-file=\"http:\/\/www.tvturk.com\/wp-content\/uploads\/2019\/02\/kubra-ogretmen-ogrencilerinin-gozyaslari-arasinda-defnedildi_9449784.jpg\" data-orig-size=\"1000,562\" data-comments-opened=\"\" data-image-meta=\"{&quot;aperture&quot;:&quot;0&quot;,&quot;credit&quot;:&quot;IHA&quot;,&quot;camera&quot;:&quot;&quot;,&quot;caption&quot;:&quot;MERS\\u0130N\\u0027DE ESK\\u0130 E\\u015e\\u0130 TARAFINDAN ARACIYLA TAK\\u0130P ED\\u0130LD\\u0130KTEN SONRA KUR\\u015eUN YA\\u011eMURUNA TUTULARAK \\u00d6LD\\u00dcR\\u00dcLEN K\\u00dcBRA A\\u015eKIN, \\u00d6\\u011eRENC\\u0130LER\\u0130N\\u0130N VE YAKINLARININ G\\u00d6ZYA\\u015eLARI ARASINDA TOPRA\\u011eA VER\\u0130LD\\u0130. (\\u0130HA\\\/MERS\\u0130N-\\u0130HA)&quot;,&quot;created_timestamp&quot;:&quot;0&quot;,&quot;copyright&quot;:&quot;\\u0130HLAS HABER AJANSI, www.iha.com.tr&quot;,&quot;focal_length&quot;:&quot;0&quot;,&quot;iso&quot;:&quot;0&quot;,&quot;shutter_speed&quot;:&quot;0&quot;,&quot;title&quot;:&quot;K\\u00dcBRA \\u00d6\\u011eRETMEN \\u00d6\\u011eRENC\\u0130LER\\u0130N\\u0130N G\\u00d6ZYA\\u015eLARI ARASINDA DEFNED\\u0130LD\\u0130 MERS\\u0130N\\u0027DE ESK\\u0130 E\\u015e\\u0130 TARAFINDAN ARACIYLA TAK\\u0130P ED\\u0130LD\\u0130KTEN SONRA KUR\\u015eUN YA\\u011eMURUNA TUTULARAK \\u00d6LD\\u00dcR\\u00dcLEN \\u00c7AMLIBEL KIZ MESLEK L\\u0130SES\\u0130 M\\u00dcD\\u00dcR YARDIMCISI K\\u00dcBRA A\\u015eKIN,&quot;,&quot;orientation&quot;:&quot;0&quot;}\" data-image-title=\"K\u00fcbra \u00f6\u011fretmen \u00f6\u011frencilerinin g\u00f6zya\u015flar\u0131 aras\u0131nda defnedildi\" data-image-description=\"&lt;p&gt;K\u00fcbra \u00f6\u011fretmen \u00f6\u011frencilerinin g\u00f6zya\u015flar\u0131 aras\u0131nda defnedildi&lt;\/p&gt; \" data-medium-file=\"https:\/\/i0.wp.com\/www.tvturk.com\/wp-content\/uploads\/2019\/02\/kubra-ogretmen-ogrencilerinin-gozyaslari-arasinda-defnedildi_9449784.jpg?fit=300%2C169\" data-large-file=\"https:\/\/i0.wp.com\/www.tvturk.com\/wp-content\/uploads\/2019\/02\/kubra-ogretmen-ogrencilerinin-gozyaslari-arasinda-defnedildi_9449784.jpg?fit=1000%2C562\" src=\"https:\/\/i0.wp.com\/www.tvturk.com\/wp-content\/uploads\/2019\/02\/kubra-ogretmen-ogrencilerinin-gozyaslari-arasinda-defnedildi_9449784.jpg?w=246&#038;h=138\" srcset=\"https:\/\/i0.wp.com\/www.tvturk.com\/wp-content\/uploads\/2019\/02\/kubra-ogretmen-ogrencilerinin-gozyaslari-arasinda-defnedildi_9449784.jpg?w=1000 1000w, https:\/\/i0.wp.com\/www.tvturk.com\/wp-content\/uploads\/2019\/02\/kubra-ogretmen-ogrencilerinin-gozyaslari-arasinda-defnedildi_9449784.jpg?resize=150%2C84 150w, https:\/\/i0.wp.com\/www.tvturk.com\/wp-content\/uploads\/2019\/02\/kubra-ogretmen-ogrencilerinin-gozyaslari-arasinda-defnedildi_9449784.jpg?resize=300%2C169 300w, https:\/\/i0.wp.com\/www.tvturk.com\/wp-content\/uploads\/2019\/02\/kubra-ogretmen-ogrencilerinin-gozyaslari-arasinda-defnedildi_9449784.jpg?resize=768%2C432 768w, https:\/\/i0.wp.com\/www.tvturk.com\/wp-content\/uploads\/2019\/02\/kubra-ogretmen-ogrencilerinin-gozyaslari-arasinda-defnedildi_9449784.jpg?resize=200%2C113 200w\" width=\"246\" height=\"138\" loading=\"lazy\" data-original-width=\"246\" data-original-height=\"138\" itemprop=\"http:\/\/schema.org\/image\" title=\"K\u00fcbra \u00f6\u011fretmen \u00f6\u011frencilerinin g\u00f6zya\u015flar\u0131 aras\u0131nda defnedildi\" alt=\"K\u00fcbra \u00f6\u011fretmen \u00f6\u011frencilerinin g\u00f6zya\u015flar\u0131 aras\u0131nda defnedildi\" style=\"width: 246px; height: 138px;\" \/> <\/a> <\/div> <\/div> <!-- close group --> <div class=\"gallery-group images-1\" style=\"width: 250px; height: 142px;\" data-original-width=\"250\" data-original-height=\"142\" > <div class=\"tiled-gallery-item tiled-gallery-item-small\" itemprop=\"associatedMedia\" itemscope itemtype=\"http:\/\/schema.org\/ImageObject\"> <a href=\"http:\/\/www.tvturk.com\/index.php\/kubra-ogretmen-ogrencilerinin-gozyaslari-arasinda-defnedildi\/kubra-ogretmen-ogrencilerinin-gozyaslari-arasinda-defnedildi-12\/\" border=\"0\" itemprop=\"url\"> <meta itemprop=\"width\" content=\"246\"> <meta itemprop=\"height\" content=\"138\"> <img decoding=\"async\" class=\"\" data-attachment-id=\"36765\" data-orig-file=\"http:\/\/www.tvturk.com\/wp-content\/uploads\/2019\/02\/kubra-ogretmen-ogrencilerinin-gozyaslari-arasinda-defnedildi_0e6127f.jpg\" data-orig-size=\"1000,562\" data-comments-opened=\"\" data-image-meta=\"{&quot;aperture&quot;:&quot;0&quot;,&quot;credit&quot;:&quot;IHA&quot;,&quot;camera&quot;:&quot;&quot;,&quot;caption&quot;:&quot;MERS\\u0130N\\u0027DE ESK\\u0130 E\\u015e\\u0130 TARAFINDAN ARACIYLA TAK\\u0130P ED\\u0130LD\\u0130KTEN SONRA KUR\\u015eUN YA\\u011eMURUNA TUTULARAK \\u00d6LD\\u00dcR\\u00dcLEN K\\u00dcBRA A\\u015eKIN, \\u00d6\\u011eRENC\\u0130LER\\u0130N\\u0130N VE YAKINLARININ G\\u00d6ZYA\\u015eLARI ARASINDA TOPRA\\u011eA VER\\u0130LD\\u0130. (\\u0130HA\\\/MERS\\u0130N-\\u0130HA)&quot;,&quot;created_timestamp&quot;:&quot;0&quot;,&quot;copyright&quot;:&quot;\\u0130HLAS HABER AJANSI, www.iha.com.tr&quot;,&quot;focal_length&quot;:&quot;0&quot;,&quot;iso&quot;:&quot;0&quot;,&quot;shutter_speed&quot;:&quot;0&quot;,&quot;title&quot;:&quot;K\\u00dcBRA \\u00d6\\u011eRETMEN \\u00d6\\u011eRENC\\u0130LER\\u0130N\\u0130N G\\u00d6ZYA\\u015eLARI ARASINDA DEFNED\\u0130LD\\u0130 MERS\\u0130N\\u0027DE ESK\\u0130 E\\u015e\\u0130 TARAFINDAN ARACIYLA TAK\\u0130P ED\\u0130LD\\u0130KTEN SONRA KUR\\u015eUN YA\\u011eMURUNA TUTULARAK \\u00d6LD\\u00dcR\\u00dcLEN \\u00c7AMLIBEL KIZ MESLEK L\\u0130SES\\u0130 M\\u00dcD\\u00dcR YARDIMCISI K\\u00dcBRA A\\u015eKIN,&quot;,&quot;orientation&quot;:&quot;0&quot;}\" data-image-title=\"K\u00fcbra \u00f6\u011fretmen \u00f6\u011frencilerinin g\u00f6zya\u015flar\u0131 aras\u0131nda defnedildi\" data-image-description=\"&lt;p&gt;K\u00fcbra \u00f6\u011fretmen \u00f6\u011frencilerinin g\u00f6zya\u015flar\u0131 aras\u0131nda defnedildi&lt;\/p&gt; \" data-medium-file=\"https:\/\/i0.wp.com\/www.tvturk.com\/wp-content\/uploads\/2019\/02\/kubra-ogretmen-ogrencilerinin-gozyaslari-arasinda-defnedildi_0e6127f.jpg?fit=300%2C169\" data-large-file=\"https:\/\/i0.wp.com\/www.tvturk.com\/wp-content\/uploads\/2019\/02\/kubra-ogretmen-ogrencilerinin-gozyaslari-arasinda-defnedildi_0e6127f.jpg?fit=1000%2C562\" src=\"https:\/\/i0.wp.com\/www.tvturk.com\/wp-content\/uploads\/2019\/02\/kubra-ogretmen-ogrencilerinin-gozyaslari-arasinda-defnedildi_0e6127f.jpg?w=246&#038;h=138\" srcset=\"https:\/\/i0.wp.com\/www.tvturk.com\/wp-content\/uploads\/2019\/02\/kubra-ogretmen-ogrencilerinin-gozyaslari-arasinda-defnedildi_0e6127f.jpg?w=1000 1000w, https:\/\/i0.wp.com\/www.tvturk.com\/wp-content\/uploads\/2019\/02\/kubra-ogretmen-ogrencilerinin-gozyaslari-arasinda-defnedildi_0e6127f.jpg?resize=150%2C84 150w, https:\/\/i0.wp.com\/www.tvturk.com\/wp-content\/uploads\/2019\/02\/kubra-ogretmen-ogrencilerinin-gozyaslari-arasinda-defnedildi_0e6127f.jpg?resize=300%2C169 300w, https:\/\/i0.wp.com\/www.tvturk.com\/wp-content\/uploads\/2019\/02\/kubra-ogretmen-ogrencilerinin-gozyaslari-arasinda-defnedildi_0e6127f.jpg?resize=768%2C432 768w, https:\/\/i0.wp.com\/www.tvturk.com\/wp-content\/uploads\/2019\/02\/kubra-ogretmen-ogrencilerinin-gozyaslari-arasinda-defnedildi_0e6127f.jpg?resize=200%2C113 200w\" width=\"246\" height=\"138\" loading=\"lazy\" data-original-width=\"246\" data-original-height=\"138\" itemprop=\"http:\/\/schema.org\/image\" title=\"K\u00fcbra \u00f6\u011fretmen \u00f6\u011frencilerinin g\u00f6zya\u015flar\u0131 aras\u0131nda defnedildi\" alt=\"K\u00fcbra \u00f6\u011fretmen \u00f6\u011frencilerinin g\u00f6zya\u015flar\u0131 aras\u0131nda defnedildi\" style=\"width: 246px; height: 138px;\" \/> <\/a> <\/div> <\/div> <!-- close group --> <\/div> <!-- close row --> <div class=\"gallery-row\" style=\"width: 500px; height: 316px;\" data-original-width=\"500\" data-original-height=\"316\" > <div class=\"gallery-group images-3\" style=\"width: 185px; height: 316px;\" data-original-width=\"185\" data-original-height=\"316\" > <div class=\"tiled-gallery-item tiled-gallery-item-small\" itemprop=\"associatedMedia\" itemscope itemtype=\"http:\/\/schema.org\/ImageObject\"> <a href=\"http:\/\/www.tvturk.com\/index.php\/kubra-ogretmen-ogrencilerinin-gozyaslari-arasinda-defnedildi\/kubra-ogretmen-ogrencilerinin-gozyaslari-arasinda-defnedildi-13\/\" border=\"0\" itemprop=\"url\"> <meta itemprop=\"width\" content=\"181\"> <meta itemprop=\"height\" content=\"102\"> <img decoding=\"async\" class=\"\" data-attachment-id=\"36766\" data-orig-file=\"http:\/\/www.tvturk.com\/wp-content\/uploads\/2019\/02\/kubra-ogretmen-ogrencilerinin-gozyaslari-arasinda-defnedildi_90b4568.jpg\" data-orig-size=\"1000,562\" data-comments-opened=\"\" data-image-meta=\"{&quot;aperture&quot;:&quot;0&quot;,&quot;credit&quot;:&quot;IHA&quot;,&quot;camera&quot;:&quot;&quot;,&quot;caption&quot;:&quot;MERS\\u0130N\\u0027DE ESK\\u0130 E\\u015e\\u0130 TARAFINDAN ARACIYLA TAK\\u0130P ED\\u0130LD\\u0130KTEN SONRA KUR\\u015eUN YA\\u011eMURUNA TUTULARAK \\u00d6LD\\u00dcR\\u00dcLEN K\\u00dcBRA A\\u015eKIN, \\u00d6\\u011eRENC\\u0130LER\\u0130N\\u0130N VE YAKINLARININ G\\u00d6ZYA\\u015eLARI ARASINDA TOPRA\\u011eA VER\\u0130LD\\u0130. (\\u0130HA\\\/MERS\\u0130N-\\u0130HA)&quot;,&quot;created_timestamp&quot;:&quot;0&quot;,&quot;copyright&quot;:&quot;\\u0130HLAS HABER AJANSI, www.iha.com.tr&quot;,&quot;focal_length&quot;:&quot;0&quot;,&quot;iso&quot;:&quot;0&quot;,&quot;shutter_speed&quot;:&quot;0&quot;,&quot;title&quot;:&quot;K\\u00dcBRA \\u00d6\\u011eRETMEN \\u00d6\\u011eRENC\\u0130LER\\u0130N\\u0130N G\\u00d6ZYA\\u015eLARI ARASINDA DEFNED\\u0130LD\\u0130 MERS\\u0130N\\u0027DE ESK\\u0130 E\\u015e\\u0130 TARAFINDAN ARACIYLA TAK\\u0130P ED\\u0130LD\\u0130KTEN SONRA KUR\\u015eUN YA\\u011eMURUNA TUTULARAK \\u00d6LD\\u00dcR\\u00dcLEN \\u00c7AMLIBEL KIZ MESLEK L\\u0130SES\\u0130 M\\u00dcD\\u00dcR YARDIMCISI K\\u00dcBRA A\\u015eKIN,&quot;,&quot;orientation&quot;:&quot;0&quot;}\" data-image-title=\"K\u00fcbra \u00f6\u011fretmen \u00f6\u011frencilerinin g\u00f6zya\u015flar\u0131 aras\u0131nda defnedildi\" data-image-description=\"&lt;p&gt;K\u00fcbra \u00f6\u011fretmen \u00f6\u011frencilerinin g\u00f6zya\u015flar\u0131 aras\u0131nda defnedildi&lt;\/p&gt; \" data-medium-file=\"https:\/\/i0.wp.com\/www.tvturk.com\/wp-content\/uploads\/2019\/02\/kubra-ogretmen-ogrencilerinin-gozyaslari-arasinda-defnedildi_90b4568.jpg?fit=300%2C169\" data-large-file=\"https:\/\/i0.wp.com\/www.tvturk.com\/wp-content\/uploads\/2019\/02\/kubra-ogretmen-ogrencilerinin-gozyaslari-arasinda-defnedildi_90b4568.jpg?fit=1000%2C562\" src=\"https:\/\/i0.wp.com\/www.tvturk.com\/wp-content\/uploads\/2019\/02\/kubra-ogretmen-ogrencilerinin-gozyaslari-arasinda-defnedildi_90b4568.jpg?w=181&#038;h=102\" srcset=\"https:\/\/i0.wp.com\/www.tvturk.com\/wp-content\/uploads\/2019\/02\/kubra-ogretmen-ogrencilerinin-gozyaslari-arasinda-defnedildi_90b4568.jpg?w=1000 1000w, https:\/\/i0.wp.com\/www.tvturk.com\/wp-content\/uploads\/2019\/02\/kubra-ogretmen-ogrencilerinin-gozyaslari-arasinda-defnedildi_90b4568.jpg?resize=150%2C84 150w, https:\/\/i0.wp.com\/www.tvturk.com\/wp-content\/uploads\/2019\/02\/kubra-ogretmen-ogrencilerinin-gozyaslari-arasinda-defnedildi_90b4568.jpg?resize=300%2C169 300w, https:\/\/i0.wp.com\/www.tvturk.com\/wp-content\/uploads\/2019\/02\/kubra-ogretmen-ogrencilerinin-gozyaslari-arasinda-defnedildi_90b4568.jpg?resize=768%2C432 768w, https:\/\/i0.wp.com\/www.tvturk.com\/wp-content\/uploads\/2019\/02\/kubra-ogretmen-ogrencilerinin-gozyaslari-arasinda-defnedildi_90b4568.jpg?resize=200%2C113 200w\" width=\"181\" height=\"102\" loading=\"lazy\" data-original-width=\"181\" data-original-height=\"102\" itemprop=\"http:\/\/schema.org\/image\" title=\"K\u00fcbra \u00f6\u011fretmen \u00f6\u011frencilerinin g\u00f6zya\u015flar\u0131 aras\u0131nda defnedildi\" alt=\"K\u00fcbra \u00f6\u011fretmen \u00f6\u011frencilerinin g\u00f6zya\u015flar\u0131 aras\u0131nda defnedildi\" style=\"width: 181px; height: 102px;\" \/> <\/a> <\/div> <div class=\"tiled-gallery-item tiled-gallery-item-small\" itemprop=\"associatedMedia\" itemscope itemtype=\"http:\/\/schema.org\/ImageObject\"> <a href=\"http:\/\/www.tvturk.com\/index.php\/kubra-ogretmen-ogrencilerinin-gozyaslari-arasinda-defnedildi\/kubra-ogretmen-ogrencilerinin-gozyaslari-arasinda-defnedildi-14\/\" border=\"0\" itemprop=\"url\"> <meta itemprop=\"width\" content=\"181\"> <meta itemprop=\"height\" content=\"101\"> <img decoding=\"async\" class=\"\" data-attachment-id=\"36767\" data-orig-file=\"http:\/\/www.tvturk.com\/wp-content\/uploads\/2019\/02\/kubra-ogretmen-ogrencilerinin-gozyaslari-arasinda-defnedildi_611d6eb.jpg\" data-orig-size=\"1000,562\" data-comments-opened=\"\" data-image-meta=\"{&quot;aperture&quot;:&quot;0&quot;,&quot;credit&quot;:&quot;IHA&quot;,&quot;camera&quot;:&quot;&quot;,&quot;caption&quot;:&quot;MERS\\u0130N\\u0027DE ESK\\u0130 E\\u015e\\u0130 TARAFINDAN ARACIYLA TAK\\u0130P ED\\u0130LD\\u0130KTEN SONRA KUR\\u015eUN YA\\u011eMURUNA TUTULARAK \\u00d6LD\\u00dcR\\u00dcLEN K\\u00dcBRA A\\u015eKIN, \\u00d6\\u011eRENC\\u0130LER\\u0130N\\u0130N VE YAKINLARININ G\\u00d6ZYA\\u015eLARI ARASINDA TOPRA\\u011eA VER\\u0130LD\\u0130. (\\u0130HA\\\/MERS\\u0130N-\\u0130HA)&quot;,&quot;created_timestamp&quot;:&quot;0&quot;,&quot;copyright&quot;:&quot;\\u0130HLAS HABER AJANSI, www.iha.com.tr&quot;,&quot;focal_length&quot;:&quot;0&quot;,&quot;iso&quot;:&quot;0&quot;,&quot;shutter_speed&quot;:&quot;0&quot;,&quot;title&quot;:&quot;K\\u00dcBRA \\u00d6\\u011eRETMEN \\u00d6\\u011eRENC\\u0130LER\\u0130N\\u0130N G\\u00d6ZYA\\u015eLARI ARASINDA DEFNED\\u0130LD\\u0130 MERS\\u0130N\\u0027DE ESK\\u0130 E\\u015e\\u0130 TARAFINDAN ARACIYLA TAK\\u0130P ED\\u0130LD\\u0130KTEN SONRA KUR\\u015eUN YA\\u011eMURUNA TUTULARAK \\u00d6LD\\u00dcR\\u00dcLEN \\u00c7AMLIBEL KIZ MESLEK L\\u0130SES\\u0130 M\\u00dcD\\u00dcR YARDIMCISI K\\u00dcBRA A\\u015eKIN,&quot;,&quot;orientation&quot;:&quot;0&quot;}\" data-image-title=\"K\u00fcbra \u00f6\u011fretmen \u00f6\u011frencilerinin g\u00f6zya\u015flar\u0131 aras\u0131nda defnedildi\" data-image-description=\"&lt;p&gt;K\u00fcbra \u00f6\u011fretmen \u00f6\u011frencilerinin g\u00f6zya\u015flar\u0131 aras\u0131nda defnedildi&lt;\/p&gt; \" data-medium-file=\"https:\/\/i0.wp.com\/www.tvturk.com\/wp-content\/uploads\/2019\/02\/kubra-ogretmen-ogrencilerinin-gozyaslari-arasinda-defnedildi_611d6eb.jpg?fit=300%2C169\" data-large-file=\"https:\/\/i0.wp.com\/www.tvturk.com\/wp-content\/uploads\/2019\/02\/kubra-ogretmen-ogrencilerinin-gozyaslari-arasinda-defnedildi_611d6eb.jpg?fit=1000%2C562\" src=\"https:\/\/i0.wp.com\/www.tvturk.com\/wp-content\/uploads\/2019\/02\/kubra-ogretmen-ogrencilerinin-gozyaslari-arasinda-defnedildi_611d6eb.jpg?w=181&#038;h=101\" srcset=\"https:\/\/i0.wp.com\/www.tvturk.com\/wp-content\/uploads\/2019\/02\/kubra-ogretmen-ogrencilerinin-gozyaslari-arasinda-defnedildi_611d6eb.jpg?w=1000 1000w, https:\/\/i0.wp.com\/www.tvturk.com\/wp-content\/uploads\/2019\/02\/kubra-ogretmen-ogrencilerinin-gozyaslari-arasinda-defnedildi_611d6eb.jpg?resize=150%2C84 150w, https:\/\/i0.wp.com\/www.tvturk.com\/wp-content\/uploads\/2019\/02\/kubra-ogretmen-ogrencilerinin-gozyaslari-arasinda-defnedildi_611d6eb.jpg?resize=300%2C169 300w, https:\/\/i0.wp.com\/www.tvturk.com\/wp-content\/uploads\/2019\/02\/kubra-ogretmen-ogrencilerinin-gozyaslari-arasinda-defnedildi_611d6eb.jpg?resize=768%2C432 768w, https:\/\/i0.wp.com\/www.tvturk.com\/wp-content\/uploads\/2019\/02\/kubra-ogretmen-ogrencilerinin-gozyaslari-arasinda-defnedildi_611d6eb.jpg?resize=200%2C113 200w\" width=\"181\" height=\"101\" loading=\"lazy\" data-original-width=\"181\" data-original-height=\"101\" itemprop=\"http:\/\/schema.org\/image\" title=\"K\u00fcbra \u00f6\u011fretmen \u00f6\u011frencilerinin g\u00f6zya\u015flar\u0131 aras\u0131nda defnedildi\" alt=\"K\u00fcbra \u00f6\u011fretmen \u00f6\u011frencilerinin g\u00f6zya\u015flar\u0131 aras\u0131nda defnedildi\" style=\"width: 181px; height: 101px;\" \/> <\/a> <\/div> <div class=\"tiled-gallery-item tiled-gallery-item-small\" itemprop=\"associatedMedia\" itemscope itemtype=\"http:\/\/schema.org\/ImageObject\"> <a href=\"http:\/\/www.tvturk.com\/index.php\/kubra-ogretmen-ogrencilerinin-gozyaslari-arasinda-defnedildi\/kubra-ogretmen-ogrencilerinin-gozyaslari-arasinda-defnedildi-15\/\" border=\"0\" itemprop=\"url\"> <meta itemprop=\"width\" content=\"181\"> <meta itemprop=\"height\" content=\"101\"> <img decoding=\"async\" class=\"\" data-attachment-id=\"36768\" data-orig-file=\"http:\/\/www.tvturk.com\/wp-content\/uploads\/2019\/02\/kubra-ogretmen-ogrencilerinin-gozyaslari-arasinda-defnedildi_655c3fc.jpg\" data-orig-size=\"1000,562\" data-comments-opened=\"\" data-image-meta=\"{&quot;aperture&quot;:&quot;0&quot;,&quot;credit&quot;:&quot;IHA&quot;,&quot;camera&quot;:&quot;&quot;,&quot;caption&quot;:&quot;MERS\\u0130N\\u0027DE ESK\\u0130 E\\u015e\\u0130 TARAFINDAN ARACIYLA TAK\\u0130P ED\\u0130LD\\u0130KTEN SONRA KUR\\u015eUN YA\\u011eMURUNA TUTULARAK \\u00d6LD\\u00dcR\\u00dcLEN K\\u00dcBRA A\\u015eKIN, \\u00d6\\u011eRENC\\u0130LER\\u0130N\\u0130N VE YAKINLARININ G\\u00d6ZYA\\u015eLARI ARASINDA TOPRA\\u011eA VER\\u0130LD\\u0130. (\\u0130HA\\\/MERS\\u0130N-\\u0130HA)&quot;,&quot;created_timestamp&quot;:&quot;0&quot;,&quot;copyright&quot;:&quot;\\u0130HLAS HABER AJANSI, www.iha.com.tr&quot;,&quot;focal_length&quot;:&quot;0&quot;,&quot;iso&quot;:&quot;0&quot;,&quot;shutter_speed&quot;:&quot;0&quot;,&quot;title&quot;:&quot;K\\u00dcBRA \\u00d6\\u011eRETMEN \\u00d6\\u011eRENC\\u0130LER\\u0130N\\u0130N G\\u00d6ZYA\\u015eLARI ARASINDA DEFNED\\u0130LD\\u0130 MERS\\u0130N\\u0027DE ESK\\u0130 E\\u015e\\u0130 TARAFINDAN ARACIYLA TAK\\u0130P ED\\u0130LD\\u0130KTEN SONRA KUR\\u015eUN YA\\u011eMURUNA TUTULARAK \\u00d6LD\\u00dcR\\u00dcLEN \\u00c7AMLIBEL KIZ MESLEK L\\u0130SES\\u0130 M\\u00dcD\\u00dcR YARDIMCISI K\\u00dcBRA A\\u015eKIN,&quot;,&quot;orientation&quot;:&quot;0&quot;}\" data-image-title=\"K\u00fcbra \u00f6\u011fretmen \u00f6\u011frencilerinin g\u00f6zya\u015flar\u0131 aras\u0131nda defnedildi\" data-image-description=\"&lt;p&gt;K\u00fcbra \u00f6\u011fretmen \u00f6\u011frencilerinin g\u00f6zya\u015flar\u0131 aras\u0131nda defnedildi&lt;\/p&gt; \" data-medium-file=\"https:\/\/i0.wp.com\/www.tvturk.com\/wp-content\/uploads\/2019\/02\/kubra-ogretmen-ogrencilerinin-gozyaslari-arasinda-defnedildi_655c3fc.jpg?fit=300%2C169\" data-large-file=\"https:\/\/i0.wp.com\/www.tvturk.com\/wp-content\/uploads\/2019\/02\/kubra-ogretmen-ogrencilerinin-gozyaslari-arasinda-defnedildi_655c3fc.jpg?fit=1000%2C562\" src=\"https:\/\/i0.wp.com\/www.tvturk.com\/wp-content\/uploads\/2019\/02\/kubra-ogretmen-ogrencilerinin-gozyaslari-arasinda-defnedildi_655c3fc.jpg?w=181&#038;h=101\" srcset=\"https:\/\/i0.wp.com\/www.tvturk.com\/wp-content\/uploads\/2019\/02\/kubra-ogretmen-ogrencilerinin-gozyaslari-arasinda-defnedildi_655c3fc.jpg?w=1000 1000w, https:\/\/i0.wp.com\/www.tvturk.com\/wp-content\/uploads\/2019\/02\/kubra-ogretmen-ogrencilerinin-gozyaslari-arasinda-defnedildi_655c3fc.jpg?resize=150%2C84 150w, https:\/\/i0.wp.com\/www.tvturk.com\/wp-content\/uploads\/2019\/02\/kubra-ogretmen-ogrencilerinin-gozyaslari-arasinda-defnedildi_655c3fc.jpg?resize=300%2C169 300w, https:\/\/i0.wp.com\/www.tvturk.com\/wp-content\/uploads\/2019\/02\/kubra-ogretmen-ogrencilerinin-gozyaslari-arasinda-defnedildi_655c3fc.jpg?resize=768%2C432 768w, https:\/\/i0.wp.com\/www.tvturk.com\/wp-content\/uploads\/2019\/02\/kubra-ogretmen-ogrencilerinin-gozyaslari-arasinda-defnedildi_655c3fc.jpg?resize=200%2C113 200w\" width=\"181\" height=\"101\" loading=\"lazy\" data-original-width=\"181\" data-original-height=\"101\" itemprop=\"http:\/\/schema.org\/image\" title=\"K\u00fcbra \u00f6\u011fretmen \u00f6\u011frencilerinin g\u00f6zya\u015flar\u0131 aras\u0131nda defnedildi\" alt=\"K\u00fcbra \u00f6\u011fretmen \u00f6\u011frencilerinin g\u00f6zya\u015flar\u0131 aras\u0131nda defnedildi\" style=\"width: 181px; height: 101px;\" \/> <\/a> <\/div> <\/div> <!-- close group --> <div class=\"gallery-group images-1\" style=\"width: 315px; height: 316px;\" data-original-width=\"315\" data-original-height=\"316\" > <div class=\"tiled-gallery-item tiled-gallery-item-large\" itemprop=\"associatedMedia\" itemscope itemtype=\"http:\/\/schema.org\/ImageObject\"> <a href=\"http:\/\/www.tvturk.com\/index.php\/kubra-ogretmen-ogrencilerinin-gozyaslari-arasinda-defnedildi\/kubra-ogretmen-ogrencilerinin-gozyaslari-arasinda-defnedildi-16\/\" border=\"0\" itemprop=\"url\"> <meta itemprop=\"width\" content=\"311\"> <meta itemprop=\"height\" content=\"312\"> <img decoding=\"async\" class=\"\" data-attachment-id=\"36769\" data-orig-file=\"http:\/\/www.tvturk.com\/wp-content\/uploads\/2019\/02\/kubra-ogretmen-ogrencilerinin-gozyaslari-arasinda-defnedildi_6388177.jpg\" data-orig-size=\"640,642\" data-comments-opened=\"\" data-image-meta=\"{&quot;aperture&quot;:&quot;0&quot;,&quot;credit&quot;:&quot;IHA&quot;,&quot;camera&quot;:&quot;&quot;,&quot;caption&quot;:&quot;MERS\\u0130N\\u0027DE ESK\\u0130 E\\u015e\\u0130 TARAFINDAN ARACIYLA TAK\\u0130P ED\\u0130LD\\u0130KTEN SONRA KUR\\u015eUN YA\\u011eMURUNA TUTULARAK \\u00d6LD\\u00dcR\\u00dcLEN K\\u00dcBRA A\\u015eKIN, \\u00d6\\u011eRENC\\u0130LER\\u0130N\\u0130N VE YAKINLARININ G\\u00d6ZYA\\u015eLARI ARASINDA TOPRA\\u011eA VER\\u0130LD\\u0130. (\\u0130HA\\\/MERS\\u0130N-\\u0130HA)&quot;,&quot;created_timestamp&quot;:&quot;0&quot;,&quot;copyright&quot;:&quot;\\u0130HLAS HABER AJANSI, www.iha.com.tr&quot;,&quot;focal_length&quot;:&quot;0&quot;,&quot;iso&quot;:&quot;0&quot;,&quot;shutter_speed&quot;:&quot;0&quot;,&quot;title&quot;:&quot;K\\u00dcBRA \\u00d6\\u011eRETMEN \\u00d6\\u011eRENC\\u0130LER\\u0130N\\u0130N G\\u00d6ZYA\\u015eLARI ARASINDA DEFNED\\u0130LD\\u0130 MERS\\u0130N\\u0027DE ESK\\u0130 E\\u015e\\u0130 TARAFINDAN ARACIYLA TAK\\u0130P ED\\u0130LD\\u0130KTEN SONRA KUR\\u015eUN YA\\u011eMURUNA TUTULARAK \\u00d6LD\\u00dcR\\u00dcLEN \\u00c7AMLIBEL KIZ MESLEK L\\u0130SES\\u0130 M\\u00dcD\\u00dcR YARDIMCISI K\\u00dcBRA A\\u015eKIN,&quot;,&quot;orientation&quot;:&quot;0&quot;}\" data-image-title=\"K\u00fcbra \u00f6\u011fretmen \u00f6\u011frencilerinin g\u00f6zya\u015flar\u0131 aras\u0131nda defnedildi\" data-image-description=\"&lt;p&gt;K\u00fcbra \u00f6\u011fretmen \u00f6\u011frencilerinin g\u00f6zya\u015flar\u0131 aras\u0131nda defnedildi&lt;\/p&gt; \" data-medium-file=\"https:\/\/i0.wp.com\/www.tvturk.com\/wp-content\/uploads\/2019\/02\/kubra-ogretmen-ogrencilerinin-gozyaslari-arasinda-defnedildi_6388177.jpg?fit=300%2C300\" data-large-file=\"https:\/\/i0.wp.com\/www.tvturk.com\/wp-content\/uploads\/2019\/02\/kubra-ogretmen-ogrencilerinin-gozyaslari-arasinda-defnedildi_6388177.jpg?fit=640%2C642\" src=\"https:\/\/i0.wp.com\/www.tvturk.com\/wp-content\/uploads\/2019\/02\/kubra-ogretmen-ogrencilerinin-gozyaslari-arasinda-defnedildi_6388177.jpg?w=311&#038;h=312\" srcset=\"https:\/\/i0.wp.com\/www.tvturk.com\/wp-content\/uploads\/2019\/02\/kubra-ogretmen-ogrencilerinin-gozyaslari-arasinda-defnedildi_6388177.jpg?w=640 640w, https:\/\/i0.wp.com\/www.tvturk.com\/wp-content\/uploads\/2019\/02\/kubra-ogretmen-ogrencilerinin-gozyaslari-arasinda-defnedildi_6388177.jpg?resize=150%2C150 150w, https:\/\/i0.wp.com\/www.tvturk.com\/wp-content\/uploads\/2019\/02\/kubra-ogretmen-ogrencilerinin-gozyaslari-arasinda-defnedildi_6388177.jpg?resize=300%2C300 300w\" width=\"311\" height=\"312\" loading=\"lazy\" data-original-width=\"311\" data-original-height=\"312\" itemprop=\"http:\/\/schema.org\/image\" title=\"K\u00fcbra \u00f6\u011fretmen \u00f6\u011frencilerinin g\u00f6zya\u015flar\u0131 aras\u0131nda defnedildi\" alt=\"K\u00fcbra \u00f6\u011fretmen \u00f6\u011frencilerinin g\u00f6zya\u015flar\u0131 aras\u0131nda defnedildi\" style=\"width: 311px; height: 312px;\" \/> <\/a> <\/div> <\/div> <!-- close group --> <\/div> <!-- close row --> <\/div><\/p>\n","protected":false},"excerpt":{"rendered":"<p>MERS\u0130N&#8217;DE ESK\u0130 E\u015e\u0130 TARAFINDAN ARACIYLA TAK\u0130P ED\u0130LD\u0130KTEN SONRA KUR\u015eUN YA\u011eMURUNA TUTULARAK \u00d6LD\u00dcR\u00dcLEN K\u00dcBRA A\u015eKIN, \u00d6\u011eRENC\u0130LER\u0130N\u0130N VE YAKINLARININ G\u00d6ZYA\u015eLARI ARASINDA TOPRA\u011eA VER\u0130LD\u0130.<\/p>\n","protected":false},"author":1,"featured_media":36755,"comment_status":"closed","ping_status":"open","sticky":false,"template":"","format":"standard","meta":{"jetpack_post_was_ever_published":false,"_jetpack_newsletter_access":"","_jetpack_dont_email_post_to_subs":false,"_jetpack_newsletter_tier_id":0,"_jetpack_memberships_contains_paywalled_content":false,"_jetpack_memberships_contains_paid_content":false,"footnotes":"","jetpack_publicize_message":"","jetpack_publicize_feature_enabled":true,"jetpack_social_post_already_shared":false,"jetpack_social_options":{"image_generator_settings":{"template":"highway","default_image_id":0,"font":"","enabled":false},"version":2}},"categories":[655],"tags":[1882,2138,5268,13710,6638,1904],"class_list":["post-36754","post","type-post","status-publish","format-standard","has-post-thumbnail","hentry","category-son-dakika","tag-arasinda","tag-defnedildi","tag-gozyaslari","tag-kubra","tag-ogrencilerinin","tag-ogretmen"],"jetpack_publicize_connections":[],"jetpack_featured_media_url":"https:\/\/i0.wp.com\/www.tvturk.com\/wp-content\/uploads\/2019\/02\/kubra-ogretmen-ogrencilerinin-gozyaslari-arasinda-defnedildi_65e080a.jpg?fit=1000%2C562","jetpack_sharing_enabled":true,"jetpack_shortlink":"https:\/\/wp.me\/paKIfm-9yO","_links":{"self":[{"href":"http:\/\/www.tvturk.com\/index.php\/wp-json\/wp\/v2\/posts\/36754","targetHints":{"allow":["GET"]}}],"collection":[{"href":"http:\/\/www.tvturk.com\/index.php\/wp-json\/wp\/v2\/posts"}],"about":[{"href":"http:\/\/www.tvturk.com\/index.php\/wp-json\/wp\/v2\/types\/post"}],"author":[{"embeddable":true,"href":"http:\/\/www.tvturk.com\/index.php\/wp-json\/wp\/v2\/users\/1"}],"replies":[{"embeddable":true,"href":"http:\/\/www.tvturk.com\/index.php\/wp-json\/wp\/v2\/comments?post=36754"}],"version-history":[{"count":1,"href":"http:\/\/www.tvturk.com\/index.php\/wp-json\/wp\/v2\/posts\/36754\/revisions"}],"predecessor-version":[{"id":36770,"href":"http:\/\/www.tvturk.com\/index.php\/wp-json\/wp\/v2\/posts\/36754\/revisions\/36770"}],"wp:featuredmedia":[{"embeddable":true,"href":"http:\/\/www.tvturk.com\/index.php\/wp-json\/wp\/v2\/media\/36755"}],"wp:attachment":[{"href":"http:\/\/www.tvturk.com\/index.php\/wp-json\/wp\/v2\/media?parent=36754"}],"wp:term":[{"taxonomy":"category","embeddable":true,"href":"http:\/\/www.tvturk.com\/index.php\/wp-json\/wp\/v2\/categories?post=36754"},{"taxonomy":"post_tag","embeddable":true,"href":"http:\/\/www.tvturk.com\/index.php\/wp-json\/wp\/v2\/tags?post=36754"}],"curies":[{"name":"wp","href":"https:\/\/api.w.org\/{rel}","templated":true}]}}