{"id":36789,"date":"2019-02-15T17:32:02","date_gmt":"2019-02-15T14:32:02","guid":{"rendered":"http:\/\/www.tvturk.com\/index.php\/aleyna-nur-sungur-katara-gidiyor\/"},"modified":"2019-02-15T17:32:05","modified_gmt":"2019-02-15T14:32:05","slug":"aleyna-nur-sungur-katara-gidiyor","status":"publish","type":"post","link":"http:\/\/www.tvturk.com\/index.php\/aleyna-nur-sungur-katara-gidiyor\/","title":{"rendered":"Aleyna Nur Sungur Katar\u2019a gidiyor"},"content":{"rendered":"<p>Y\u00fczme Milli Tak\u0131m ve Kayseri TOHM sporcusu Aleyna Nur Sungur ve antren\u00f6r\u00fc Ali \u00d6zmen Katar\u2019\u0131n Doha \u015fehrinde yap\u0131lacak olan Fina Marathon Swim World Series i\u00e7in yola \u00e7\u0131kt\u0131.<\/p>\n<p>Ocak ay\u0131nda Kocaeli\u2019nde yap\u0131lan A\u00e7\u0131k Su Y\u00fczme \u015eampiyonas\u0131nda 10 bin metrede 2:04:51.98\u2019lik derecesiyle birinci olarak alt\u0131n madalyan\u0131n sahibi olan Aleyna Nur Sungur milli mayoyla yar\u0131\u015fmaya hak kazanm\u0131\u015ft\u0131.<\/p>\n<p>Ba\u015far\u0131s\u0131yla g\u00f6z dolduran milli sporcu Aleyna Nur Sungur ve antren\u00f6r\u00fc Ali \u00d6zmen y\u00fczme milli tak\u0131m\u0131yla Katar\u2019a gitti.<\/p>\n<p>Gen\u00e7lik ve Spor \u0130l M\u00fcd\u00fcr\u00fc Murat Eskici, milli tak\u0131m sporcular\u0131na ve antren\u00f6rlerine kat\u0131lacaklar\u0131 D\u00fcnya A\u00e7\u0131k Su \u015eampiyonas\u0131nda ba\u015far\u0131lar diledi.<div class=\"tiled-gallery type-rectangular tiled-gallery-unresized\" data-original-width=\"500\" data-carousel-extra='null' itemscope itemtype=\"http:\/\/schema.org\/ImageGallery\" > <div class=\"gallery-row\" style=\"width: 500px; height: 148px;\" data-original-width=\"500\" data-original-height=\"148\" > <div class=\"gallery-group images-1\" style=\"width: 220px; height: 148px;\" data-original-width=\"220\" data-original-height=\"148\" > <div class=\"tiled-gallery-item tiled-gallery-item-small\" itemprop=\"associatedMedia\" itemscope itemtype=\"http:\/\/schema.org\/ImageObject\"> <a href=\"http:\/\/www.tvturk.com\/index.php\/aleyna-nur-sungur-katara-gidiyor\/aleyna-nur-sungur-katara-gidiyor-3\/\" border=\"0\" itemprop=\"url\"> <meta itemprop=\"width\" content=\"216\"> <meta itemprop=\"height\" content=\"144\"> <img decoding=\"async\" class=\"\" data-attachment-id=\"36791\" data-orig-file=\"http:\/\/www.tvturk.com\/wp-content\/uploads\/2019\/02\/aleyna-nur-sungur-katara-gidiyor_042386b.jpg\" data-orig-size=\"960,637\" data-comments-opened=\"\" data-image-meta=\"{&quot;aperture&quot;:&quot;0&quot;,&quot;credit&quot;:&quot;IHA&quot;,&quot;camera&quot;:&quot;&quot;,&quot;caption&quot;:&quot;Y\\u00dcZME M\\u0130LL\\u0130 TAKIM VE KAYSER\\u0130 TOHM SPORCUSU ALEYNA NUR SUNGUR VE ANTREN\\u00d6R\\u00dc AL\\u0130 \\u00d6ZMEN KATAR\\u2019IN DOHA \\u015eEHR\\u0130NDE YAPILACAK OLAN F\\u0130NA MARATHON SW\\u0130M WORLD SER\\u0130ES \\u0130\\u00c7\\u0130N YOLA \\u00c7IKTI. (ERHAN KAN\\\/KAYSER\\u0130-\\u0130HA)&quot;,&quot;created_timestamp&quot;:&quot;0&quot;,&quot;copyright&quot;:&quot;\\u0130HLAS HABER AJANSI, www.iha.com.tr&quot;,&quot;focal_length&quot;:&quot;0&quot;,&quot;iso&quot;:&quot;0&quot;,&quot;shutter_speed&quot;:&quot;0&quot;,&quot;title&quot;:&quot;ALEYNA NUR SUNGUR KATAR\\u0027A G\\u0130D\\u0130YOR&quot;,&quot;orientation&quot;:&quot;0&quot;}\" data-image-title=\"Aleyna Nur Sungur Katar\u2019a gidiyor\" data-image-description=\"&lt;p&gt;Aleyna Nur Sungur Katar\u2019a gidiyor&lt;\/p&gt; \" data-medium-file=\"https:\/\/i0.wp.com\/www.tvturk.com\/wp-content\/uploads\/2019\/02\/aleyna-nur-sungur-katara-gidiyor_042386b.jpg?fit=300%2C199\" data-large-file=\"https:\/\/i0.wp.com\/www.tvturk.com\/wp-content\/uploads\/2019\/02\/aleyna-nur-sungur-katara-gidiyor_042386b.jpg?fit=960%2C637\" src=\"https:\/\/i0.wp.com\/www.tvturk.com\/wp-content\/uploads\/2019\/02\/aleyna-nur-sungur-katara-gidiyor_042386b.jpg?w=216&#038;h=144\" srcset=\"https:\/\/i0.wp.com\/www.tvturk.com\/wp-content\/uploads\/2019\/02\/aleyna-nur-sungur-katara-gidiyor_042386b.jpg?w=960 960w, https:\/\/i0.wp.com\/www.tvturk.com\/wp-content\/uploads\/2019\/02\/aleyna-nur-sungur-katara-gidiyor_042386b.jpg?resize=150%2C100 150w, https:\/\/i0.wp.com\/www.tvturk.com\/wp-content\/uploads\/2019\/02\/aleyna-nur-sungur-katara-gidiyor_042386b.jpg?resize=300%2C200 300w, https:\/\/i0.wp.com\/www.tvturk.com\/wp-content\/uploads\/2019\/02\/aleyna-nur-sungur-katara-gidiyor_042386b.jpg?resize=768%2C510 768w, https:\/\/i0.wp.com\/www.tvturk.com\/wp-content\/uploads\/2019\/02\/aleyna-nur-sungur-katara-gidiyor_042386b.jpg?resize=170%2C113 170w, https:\/\/i0.wp.com\/www.tvturk.com\/wp-content\/uploads\/2019\/02\/aleyna-nur-sungur-katara-gidiyor_042386b.jpg?resize=120%2C80 120w\" width=\"216\" height=\"144\" loading=\"lazy\" data-original-width=\"216\" data-original-height=\"144\" itemprop=\"http:\/\/schema.org\/image\" title=\"Aleyna Nur Sungur Katar\u2019a gidiyor\" alt=\"Aleyna Nur Sungur Katar\u2019a gidiyor\" style=\"width: 216px; height: 144px;\" \/> <\/a> <\/div> <\/div> <!-- close group --> <div class=\"gallery-group images-1\" style=\"width: 280px; height: 148px;\" data-original-width=\"280\" data-original-height=\"148\" > <div class=\"tiled-gallery-item tiled-gallery-item-large\" itemprop=\"associatedMedia\" itemscope itemtype=\"http:\/\/schema.org\/ImageObject\"> <a href=\"http:\/\/www.tvturk.com\/index.php\/aleyna-nur-sungur-katara-gidiyor\/aleyna-nur-sungur-katara-gidiyor-4\/\" border=\"0\" itemprop=\"url\"> <meta itemprop=\"width\" content=\"276\"> <meta itemprop=\"height\" content=\"144\"> <img decoding=\"async\" class=\"\" data-attachment-id=\"36792\" data-orig-file=\"http:\/\/www.tvturk.com\/wp-content\/uploads\/2019\/02\/aleyna-nur-sungur-katara-gidiyor_0680a69.jpg\" data-orig-size=\"730,380\" data-comments-opened=\"\" data-image-meta=\"{&quot;aperture&quot;:&quot;0&quot;,&quot;credit&quot;:&quot;IHA&quot;,&quot;camera&quot;:&quot;&quot;,&quot;caption&quot;:&quot;Y\\u00dcZME M\\u0130LL\\u0130 TAKIM VE KAYSER\\u0130 TOHM SPORCUSU ALEYNA NUR SUNGUR VE ANTREN\\u00d6R\\u00dc AL\\u0130 \\u00d6ZMEN KATAR\\u2019IN DOHA \\u015eEHR\\u0130NDE YAPILACAK OLAN F\\u0130NA MARATHON SW\\u0130M WORLD SER\\u0130ES \\u0130\\u00c7\\u0130N YOLA \\u00c7IKTI. (ERHAN KAN\\\/KAYSER\\u0130-\\u0130HA)&quot;,&quot;created_timestamp&quot;:&quot;0&quot;,&quot;copyright&quot;:&quot;\\u0130HLAS HABER AJANSI, www.iha.com.tr&quot;,&quot;focal_length&quot;:&quot;0&quot;,&quot;iso&quot;:&quot;0&quot;,&quot;shutter_speed&quot;:&quot;0&quot;,&quot;title&quot;:&quot;ALEYNA NUR SUNGUR KATAR\\u0027A G\\u0130D\\u0130YOR&quot;,&quot;orientation&quot;:&quot;0&quot;}\" data-image-title=\"Aleyna Nur Sungur Katar\u2019a gidiyor\" data-image-description=\"&lt;p&gt;Aleyna Nur Sungur Katar\u2019a gidiyor&lt;\/p&gt; \" data-medium-file=\"https:\/\/i0.wp.com\/www.tvturk.com\/wp-content\/uploads\/2019\/02\/aleyna-nur-sungur-katara-gidiyor_0680a69.jpg?fit=300%2C156\" data-large-file=\"https:\/\/i0.wp.com\/www.tvturk.com\/wp-content\/uploads\/2019\/02\/aleyna-nur-sungur-katara-gidiyor_0680a69.jpg?fit=730%2C380\" src=\"https:\/\/i0.wp.com\/www.tvturk.com\/wp-content\/uploads\/2019\/02\/aleyna-nur-sungur-katara-gidiyor_0680a69.jpg?w=276&#038;h=144\" srcset=\"https:\/\/i0.wp.com\/www.tvturk.com\/wp-content\/uploads\/2019\/02\/aleyna-nur-sungur-katara-gidiyor_0680a69.jpg?w=730 730w, https:\/\/i0.wp.com\/www.tvturk.com\/wp-content\/uploads\/2019\/02\/aleyna-nur-sungur-katara-gidiyor_0680a69.jpg?resize=150%2C78 150w, https:\/\/i0.wp.com\/www.tvturk.com\/wp-content\/uploads\/2019\/02\/aleyna-nur-sungur-katara-gidiyor_0680a69.jpg?resize=300%2C156 300w\" width=\"276\" height=\"144\" loading=\"lazy\" data-original-width=\"276\" data-original-height=\"144\" itemprop=\"http:\/\/schema.org\/image\" title=\"Aleyna Nur Sungur Katar\u2019a gidiyor\" alt=\"Aleyna Nur Sungur Katar\u2019a gidiyor\" style=\"width: 276px; height: 144px;\" \/> <\/a> <\/div> <\/div> <!-- close group --> <\/div> <!-- close row --> <\/div><\/p>\n","protected":false},"excerpt":{"rendered":"<p>Y\u00dcZME M\u0130LL\u0130 TAKIM VE KAYSER\u0130 TOHM SPORCUSU ALEYNA NUR SUNGUR VE ANTREN\u00d6R\u00dc AL\u0130 \u00d6ZMEN KATAR\u2019IN DOHA \u015eEHR\u0130NDE YAPILACAK OLAN F\u0130NA MARATHON SW\u0130M WORLD SER\u0130ES \u0130\u00c7\u0130N YOLA \u00c7IKTI.<\/p>\n","protected":false},"author":1,"featured_media":36790,"comment_status":"closed","ping_status":"open","sticky":false,"template":"","format":"standard","meta":{"jetpack_post_was_ever_published":false,"_jetpack_newsletter_access":"","_jetpack_dont_email_post_to_subs":false,"_jetpack_newsletter_tier_id":0,"_jetpack_memberships_contains_paywalled_content":false,"_jetpack_memberships_contains_paid_content":false,"footnotes":"","jetpack_publicize_message":"","jetpack_publicize_feature_enabled":true,"jetpack_social_post_already_shared":false,"jetpack_social_options":{"image_generator_settings":{"template":"highway","default_image_id":0,"font":"","enabled":false},"version":2}},"categories":[657],"tags":[13284,458,13720,13718,13719],"class_list":["post-36789","post","type-post","status-publish","format-standard","has-post-thumbnail","hentry","category-spor","tag-aleyna","tag-gidiyor","tag-katara","tag-nur","tag-sungur"],"jetpack_publicize_connections":[],"jetpack_featured_media_url":"https:\/\/i0.wp.com\/www.tvturk.com\/wp-content\/uploads\/2019\/02\/aleyna-nur-sungur-katara-gidiyor_d53b59e.jpg?fit=680%2C451","jetpack_sharing_enabled":true,"jetpack_shortlink":"https:\/\/wp.me\/paKIfm-9zn","_links":{"self":[{"href":"http:\/\/www.tvturk.com\/index.php\/wp-json\/wp\/v2\/posts\/36789","targetHints":{"allow":["GET"]}}],"collection":[{"href":"http:\/\/www.tvturk.com\/index.php\/wp-json\/wp\/v2\/posts"}],"about":[{"href":"http:\/\/www.tvturk.com\/index.php\/wp-json\/wp\/v2\/types\/post"}],"author":[{"embeddable":true,"href":"http:\/\/www.tvturk.com\/index.php\/wp-json\/wp\/v2\/users\/1"}],"replies":[{"embeddable":true,"href":"http:\/\/www.tvturk.com\/index.php\/wp-json\/wp\/v2\/comments?post=36789"}],"version-history":[{"count":1,"href":"http:\/\/www.tvturk.com\/index.php\/wp-json\/wp\/v2\/posts\/36789\/revisions"}],"predecessor-version":[{"id":36793,"href":"http:\/\/www.tvturk.com\/index.php\/wp-json\/wp\/v2\/posts\/36789\/revisions\/36793"}],"wp:featuredmedia":[{"embeddable":true,"href":"http:\/\/www.tvturk.com\/index.php\/wp-json\/wp\/v2\/media\/36790"}],"wp:attachment":[{"href":"http:\/\/www.tvturk.com\/index.php\/wp-json\/wp\/v2\/media?parent=36789"}],"wp:term":[{"taxonomy":"category","embeddable":true,"href":"http:\/\/www.tvturk.com\/index.php\/wp-json\/wp\/v2\/categories?post=36789"},{"taxonomy":"post_tag","embeddable":true,"href":"http:\/\/www.tvturk.com\/index.php\/wp-json\/wp\/v2\/tags?post=36789"}],"curies":[{"name":"wp","href":"https:\/\/api.w.org\/{rel}","templated":true}]}}