{"id":36842,"date":"2019-02-15T17:45:25","date_gmt":"2019-02-15T14:45:25","guid":{"rendered":"http:\/\/www.tvturk.com\/index.php\/erenler-gures-kulubu-turkiye-sampiyonasinda-sakaryayi-temsil-edecek\/"},"modified":"2019-02-15T17:45:25","modified_gmt":"2019-02-15T14:45:25","slug":"erenler-gures-kulubu-turkiye-sampiyonasinda-sakaryayi-temsil-edecek","status":"publish","type":"post","link":"http:\/\/www.tvturk.com\/index.php\/erenler-gures-kulubu-turkiye-sampiyonasinda-sakaryayi-temsil-edecek\/","title":{"rendered":"Erenler G\u00fcre\u015f Kul\u00fcb\u00fc, T\u00fcrkiye \u015eampiyonas\u0131nda Sakarya\u2019y\u0131 temsil edecek"},"content":{"rendered":"<p>Gen\u00e7ler G\u00fcre\u015f Grup M\u00fcsabakalar\u0131 T\u00fcrkiye \u015eampiyonas\u0131nda Sakarya\u2019y\u0131 temsil edecek Erenler G\u00fcre\u015f Kulub\u00fc sporcular\u0131 Bursa\u2019ya u\u011furland\u0131.<\/p>\n<p>Erenler G\u00fcre\u015f Spor Kul\u00fcb\u00fc, Antren\u00f6rleri \u0130smail Hakk\u0131 Pehlivan nezaretinde 16-17 \u015eubat tarihlerinde Bursa\u2019da yap\u0131lan liseler aras\u0131 gen\u00e7ler g\u00fcre\u015f grup m\u00fcsabakalar\u0131nda Sakarya\u2019y\u0131 temsil edecek sporcular Erenler Belediyesinden Bursa\u2019ya u\u011furland\u0131. T\u00fcrkiye \u015eampiyonas\u0131na kat\u0131lmaya hak kazanan Erenler G\u00fcre\u015f Kul\u00fcb\u00fc Antren\u00f6r\u00fc \u0130smail Hakk\u0131 Pehlivan e\u015fli\u011finde Muhammet Ak\u00e7ay, \u0130brahim Ethem Akb\u0131y\u0131k, Abdurrahim Mutlu, Emirhan Yal\u00e7\u0131nkaya, Semih Karag\u00f6z 16-17 \u015eubat tarihleri aras\u0131nda Bursa\u2019da yap\u0131lacak olan Gen\u00e7ler G\u00fcre\u015f Grup M\u00fcsabakalar\u0131na kat\u0131larak m\u00fcsabakalarda Sakarya\u2019y\u0131 temsil edecekler.<\/p>\n<p>M\u00fcsabakalarda, iyi dereceler ile d\u00f6neceklerini hedeflediklerini s\u00f6yleyen Antren\u00f6r Pehlivan, \u201cG\u00fcre\u015f\u00e7ilerimizle birlikte \u00e7ok s\u0131k\u0131 \u00e7al\u0131\u015ft\u0131k. Sporcular\u0131m\u0131zla birlikte \u00e7al\u0131\u015fmalar\u0131m\u0131z\u0131n temposunu art\u0131rarak s\u00fcrd\u00fcrd\u00fck. \u0130limizi ba\u015far\u0131yla temsil edece\u011fimize inan\u0131yorum. Desteklerini bizlerden esirgemeyen Erenler Belediye Ba\u015fkan\u0131 Cavit \u00d6zt\u00fcrk\u2019e te\u015fekk\u00fcrlerimizi iletiyorum\u201d dedi.<\/p>\n","protected":false},"excerpt":{"rendered":"<p>ERENLER G\u00dcRE\u015e SPOR KUL\u00dcB\u00dc, ANTREN\u00d6RLER\u0130 \u0130SMA\u0130L HAKKI PEHL\u0130VAN NEZARET\u0130NDE 16-17 \u015eUBAT TAR\u0130HLER\u0130NDE BURSA\u2019DA YAPILAN L\u0130SELER ARASI GEN\u00c7LER G\u00dcRE\u015e GRUP M\u00dcSABAKALARINDA SAKARYA\u2019YI TEMS\u0130L EDECEK SPORCULAR ERENLER BELED\u0130YES\u0130NDEN BURSA\u2019YA U\u011eURLANDI.<\/p>\n","protected":false},"author":1,"featured_media":36843,"comment_status":"closed","ping_status":"open","sticky":false,"template":"","format":"standard","meta":{"jetpack_post_was_ever_published":false,"_jetpack_newsletter_access":"","_jetpack_dont_email_post_to_subs":false,"_jetpack_newsletter_tier_id":0,"_jetpack_memberships_contains_paywalled_content":false,"_jetpack_memberships_contains_paid_content":false,"footnotes":"","jetpack_publicize_message":"","jetpack_publicize_feature_enabled":true,"jetpack_social_post_already_shared":false,"jetpack_social_options":{"image_generator_settings":{"template":"highway","default_image_id":0,"font":"","enabled":false},"version":2}},"categories":[657],"tags":[4253,4972,8355,4029,13737,13384,2671,453],"class_list":["post-36842","post","type-post","status-publish","format-standard","has-post-thumbnail","hentry","category-spor","tag-edecek","tag-erenler","tag-gures","tag-kulubu","tag-sakaryayi","tag-sampiyonasinda","tag-temsil","tag-turkiye"],"jetpack_publicize_connections":[],"jetpack_featured_media_url":"https:\/\/i0.wp.com\/www.tvturk.com\/wp-content\/uploads\/2019\/02\/erenler-gures-kulubu-turkiye-sampiyonasinda-sakaryayi-temsil-edecek_c6e4c80.jpg?fit=1000%2C801","jetpack_sharing_enabled":true,"jetpack_shortlink":"https:\/\/wp.me\/paKIfm-9Ae","_links":{"self":[{"href":"http:\/\/www.tvturk.com\/index.php\/wp-json\/wp\/v2\/posts\/36842","targetHints":{"allow":["GET"]}}],"collection":[{"href":"http:\/\/www.tvturk.com\/index.php\/wp-json\/wp\/v2\/posts"}],"about":[{"href":"http:\/\/www.tvturk.com\/index.php\/wp-json\/wp\/v2\/types\/post"}],"author":[{"embeddable":true,"href":"http:\/\/www.tvturk.com\/index.php\/wp-json\/wp\/v2\/users\/1"}],"replies":[{"embeddable":true,"href":"http:\/\/www.tvturk.com\/index.php\/wp-json\/wp\/v2\/comments?post=36842"}],"version-history":[{"count":0,"href":"http:\/\/www.tvturk.com\/index.php\/wp-json\/wp\/v2\/posts\/36842\/revisions"}],"wp:featuredmedia":[{"embeddable":true,"href":"http:\/\/www.tvturk.com\/index.php\/wp-json\/wp\/v2\/media\/36843"}],"wp:attachment":[{"href":"http:\/\/www.tvturk.com\/index.php\/wp-json\/wp\/v2\/media?parent=36842"}],"wp:term":[{"taxonomy":"category","embeddable":true,"href":"http:\/\/www.tvturk.com\/index.php\/wp-json\/wp\/v2\/categories?post=36842"},{"taxonomy":"post_tag","embeddable":true,"href":"http:\/\/www.tvturk.com\/index.php\/wp-json\/wp\/v2\/tags?post=36842"}],"curies":[{"name":"wp","href":"https:\/\/api.w.org\/{rel}","templated":true}]}}